{"id":2012,"date":"2018-07-05T18:41:07","date_gmt":"2018-07-05T18:41:07","guid":{"rendered":"http:\/\/volcanes.net\/?p=2012"},"modified":"2018-07-05T18:41:07","modified_gmt":"2018-07-05T18:41:07","slug":"el-fenomeno-migratorio-debe-ser-parte-de-una-agenda-de-desarrollo-integral-entre-los-paises-de-nuestra-region-ernesto-cordero","status":"publish","type":"post","link":"https:\/\/volcanes.net\/?p=2012","title":{"rendered":"El fen\u00f3meno migratorio debe ser parte de una agenda de desarrollo integral entre los pa\u00edses de nuestra regi\u00f3n: Ernesto Cordero"},"content":{"rendered":"<div style=\"margin-top: 0px; margin-bottom: 0px;\" class=\"sharethis-inline-share-buttons\" ><\/div><p>&nbsp;<\/p>\n<p>\u00a7\u00a0\u00a0Debemos garantizar una migraci\u00f3n segura y con estricto apego a los derechos humanos.<\/p>\n<p>\u00a7\u00a0\u00a0Las c\u00e1maras legislativas est\u00e1n obligadas a responder a la actual crisis humanitaria.<\/p>\n<p style=\"font-weight: 400\">\n<p style=\"font-weight: 400\">La actual coyuntura del fen\u00f3meno migratorio, en la cual ni\u00f1as y ni\u00f1os son separados de sus padres, es un llamado de atenci\u00f3n para que los pa\u00edses de la regi\u00f3n atendamos esta problem\u00e1tica de manera integral y garanticemos que la migraci\u00f3n sea segura y con estricto respeto a los derechos humanos, asegur\u00f3 el senador Ernesto Cordero.<\/p>\n<p style=\"font-weight: 400\">\n<p style=\"font-weight: 400\">Durante la inauguraci\u00f3n del \u201cEncuentro interparlamentario de los pa\u00edses del Tri\u00e1ngulo Norte, ante la coyuntura migratoria hacia Estados Unidos\u201d, el presidente de la Comisi\u00f3n Permanente del Congreso de la Uni\u00f3n se\u00f1al\u00f3 que hace unos d\u00edas un grupo plural de senadores y diputados se reunieron con congresistas estadounidenses para abordar esta problem\u00e1tica.<\/p>\n<p style=\"font-weight: 400\">\n<p style=\"font-weight: 400\">Cordero Arroyo afirm\u00f3 que los congresistas estadounidenses no est\u00e1n c\u00f3modos y se sienten \u201cavergonzados\u201d con la situaci\u00f3n que se est\u00e1 generando a partir de la decisi\u00f3n de su gobierno\u00a0\u00a0de separar a los ni\u00f1os de sus padres. \u201cMe manifestaron total apertura para poder contribuir a resolver esto, que es a todas luces una crisis humanitaria\u201d, acot\u00f3.<\/p>\n<p style=\"font-weight: 400\">\n<p style=\"font-weight: 400\">\u201cNo debemos tampoco pasar por alto que las acciones de Donald Trump no son compartidas por el pueblo estadounidense. El pueblo estadounidense tambi\u00e9n condena los actos de su Presidente y, hay que decirlo, se averg\u00fcenzan de tener un Presidente como \u00e9l\u201d, sostuvo.<\/p>\n<p style=\"font-weight: 400\">\n<p style=\"font-weight: 400\">Se\u00f1al\u00f3 que las im\u00e1genes de ni\u00f1as y ni\u00f1os enjaulados son vergonzosas para cualquier pa\u00eds civilizado y dem\u00f3crata. \u201cDonald Trump se siente l\u00edder del mundo libre, pues deber\u00eda demostrarlo\u201d.<\/p>\n<p style=\"font-weight: 400\">\n<p style=\"font-weight: 400\">Dijo que las familias a\u00fan permanecen separadas y dif\u00edcilmente podr\u00e1n volver a ser reunidas, pues se enfrentan a problemas log\u00edsticos fundamentales, por ejemplo, el demostrar que un ni\u00f1o es parte de una familia, cuando no llevan papeles, pasaporte o actas de nacimiento.<\/p>\n<p style=\"font-weight: 400\">\n<p style=\"font-weight: 400\">\u201cEs imposible demostrar que son parte de una familia, y eso es lo que enfrenta hoy el gobierno de Estados Unidos al tratar de reunir a estas familias, y eso va a generar una crisis humanitaria en los pr\u00f3ximos d\u00edas y en las pr\u00f3ximas semanas\u201d, indic\u00f3.<\/p>\n<p style=\"font-weight: 400\">\n<p style=\"font-weight: 400\">El senador Ernesto Cordero reiter\u00f3 que frente a esta crisis los pa\u00edses de nuestra regi\u00f3n no pueden estar al margen de ese se\u00f1alamiento y del debate internacional sobre esta coyuntura.<\/p>\n<p style=\"font-weight: 400\">\n<p style=\"font-weight: 400\">No debemos ver esto como un problema particular, sino como parte de una agenda de desarrollo integral que se debe resolver, y en la cual hay problemas espec\u00edficos que tienen que ser se\u00f1alados con fuerza y con dureza, apunt\u00f3.<\/p>\n<p style=\"font-weight: 400\">\n<p style=\"font-weight: 400\">Dijo que nuestro pa\u00eds est\u00e1 trabajando para garantizar que los migrantes que cruzan por territorio nacional sean respetados, y que la migraci\u00f3n sea segura y en estricto respeto a los derechos humanos.<\/p>\n<p style=\"font-weight: 400\">\n<p style=\"font-weight: 400\">V\u00edctor Manuel Giorgana Jim\u00e9nez, presidente de la Comisi\u00f3n de Relaciones Exteriores de la C\u00e1mara de Diputados, se\u00f1al\u00f3 que existe un alt\u00edsimo nivel de rechazo a la pol\u00edtica migratoria de Donald Trump, dentro y fuera de Estados Unidos.<\/p>\n<p style=\"font-weight: 400\">\n<p style=\"font-weight: 400\">El diputado dijo que es muy importante lo que pueden hacer los tres pa\u00edses del Tri\u00e1ngulo del Norte y M\u00e9xico, por lo que es necesario buscar soluciones al problema y que se impulse una participaci\u00f3n mucha m\u00e1s ampl\u00eda de los gobiernos nacionales.<\/p>\n<p style=\"font-weight: 400\">\n<p style=\"font-weight: 400\">Mauricio Oliva Herrera, presidente del Congreso Nacional de Honduras, expres\u00f3 que este encuentro es oportuno y necesario, pues ayudar\u00e1 a concretar acuerdos de una visi\u00f3n conjunta ante la emergencia humanitaria que supone la angustiosa realidad de miles de migrantes procedentes de M\u00e9xico y Centroam\u00e9rica.<\/p>\n<p style=\"font-weight: 400\">\n<p style=\"font-weight: 400\">Las c\u00e1maras legislativas, agreg\u00f3, estamos obligadas, legal y moralmente, a mantenernos de frente a la realidad y responder ante ella con decisiones firmes e inmediatas que contribuyan a prevenir, disminuir y resolver las crisis sociales.<\/p>\n<p style=\"font-weight: 400\">\n<p style=\"font-weight: 400\">En el encuentro participan legisladores centroamericanos de El Salvador, Honduras, Guatemala y mexicanos, as\u00ed como los embajadores de esas naciones en M\u00e9xico.<\/p>\n","protected":false},"excerpt":{"rendered":"<p>&nbsp; \u00a7\u00a0\u00a0Debemos garantizar una migraci\u00f3n segura y con estricto apego a los derechos humanos. \u00a7\u00a0\u00a0Las<\/p>\n","protected":false},"author":1,"featured_media":2013,"comment_status":"open","ping_status":"open","sticky":false,"template":"","format":"standard","meta":{"footnotes":""},"categories":[1],"tags":[72],"class_list":["post-2012","post","type-post","status-publish","format-standard","has-post-thumbnail","hentry","category-municipales","tag-senado-de-la-republica"],"yoast_head":"<!-- This site is optimized with the Yoast SEO plugin v25.3 - https:\/\/yoast.com\/wordpress\/plugins\/seo\/ -->\n<title>El fen\u00f3meno migratorio debe ser parte de una agenda de desarrollo integral entre los pa\u00edses de nuestra regi\u00f3n: Ernesto Cordero - Volcanes<\/title>\n<meta name=\"robots\" content=\"index, follow, max-snippet:-1, max-image-preview:large, max-video-preview:-1\" \/>\n<link rel=\"canonical\" href=\"https:\/\/volcanes.net\/?p=2012\" \/>\n<meta property=\"og:locale\" content=\"es_MX\" \/>\n<meta property=\"og:type\" content=\"article\" \/>\n<meta property=\"og:title\" content=\"El fen\u00f3meno migratorio debe ser parte de una agenda de desarrollo integral entre los pa\u00edses de nuestra regi\u00f3n: Ernesto Cordero - Volcanes\" \/>\n<meta property=\"og:description\" content=\"&nbsp; \u00a7\u00a0\u00a0Debemos garantizar una migraci\u00f3n segura y con estricto apego a los derechos humanos. \u00a7\u00a0\u00a0Las\" \/>\n<meta property=\"og:url\" content=\"https:\/\/volcanes.net\/?p=2012\" \/>\n<meta property=\"og:site_name\" content=\"Volcanes\" \/>\n<meta property=\"article:publisher\" content=\"https:\/\/www.facebook.com\/volcanes.net\/\" \/>\n<meta property=\"article:published_time\" content=\"2018-07-05T18:41:07+00:00\" \/>\n<meta property=\"og:image\" content=\"https:\/\/volcanes.net\/wp-content\/uploads\/2018\/07\/BO5I1685.jpg\" \/>\n\t<meta property=\"og:image:width\" content=\"448\" \/>\n\t<meta property=\"og:image:height\" content=\"299\" \/>\n\t<meta property=\"og:image:type\" content=\"image\/jpeg\" \/>\n<meta name=\"author\" content=\"admin\" \/>\n<meta name=\"twitter:card\" content=\"summary_large_image\" \/>\n<meta name=\"twitter:label1\" content=\"Escrito por\" \/>\n\t<meta name=\"twitter:data1\" content=\"admin\" \/>\n\t<meta name=\"twitter:label2\" content=\"Tiempo de lectura\" \/>\n\t<meta name=\"twitter:data2\" content=\"3 minutos\" \/>\n<script type=\"application\/ld+json\" class=\"yoast-schema-graph\">{\"@context\":\"https:\/\/schema.org\",\"@graph\":[{\"@type\":\"Article\",\"@id\":\"https:\/\/volcanes.net\/?p=2012#article\",\"isPartOf\":{\"@id\":\"https:\/\/volcanes.net\/?p=2012\"},\"author\":{\"name\":\"admin\",\"@id\":\"https:\/\/volcanes.net\/#\/schema\/person\/4bf0f383940966a4abd53f5048c0e6b9\"},\"headline\":\"El fen\u00f3meno migratorio debe ser parte de una agenda de desarrollo integral entre los pa\u00edses de nuestra regi\u00f3n: Ernesto Cordero\",\"datePublished\":\"2018-07-05T18:41:07+00:00\",\"mainEntityOfPage\":{\"@id\":\"https:\/\/volcanes.net\/?p=2012\"},\"wordCount\":717,\"commentCount\":0,\"publisher\":{\"@id\":\"https:\/\/volcanes.net\/#organization\"},\"image\":{\"@id\":\"https:\/\/volcanes.net\/?p=2012#primaryimage\"},\"thumbnailUrl\":\"https:\/\/volcanes.net\/wp-content\/uploads\/2018\/07\/BO5I1685.jpg\",\"keywords\":[\"Senado de la Rep\u00fablica\"],\"articleSection\":[\"Municipales\"],\"inLanguage\":\"es\",\"potentialAction\":[{\"@type\":\"CommentAction\",\"name\":\"Comment\",\"target\":[\"https:\/\/volcanes.net\/?p=2012#respond\"]}]},{\"@type\":\"WebPage\",\"@id\":\"https:\/\/volcanes.net\/?p=2012\",\"url\":\"https:\/\/volcanes.net\/?p=2012\",\"name\":\"El fen\u00f3meno migratorio debe ser parte de una agenda de desarrollo integral entre los pa\u00edses de nuestra regi\u00f3n: Ernesto Cordero - Volcanes\",\"isPartOf\":{\"@id\":\"https:\/\/volcanes.net\/#website\"},\"primaryImageOfPage\":{\"@id\":\"https:\/\/volcanes.net\/?p=2012#primaryimage\"},\"image\":{\"@id\":\"https:\/\/volcanes.net\/?p=2012#primaryimage\"},\"thumbnailUrl\":\"https:\/\/volcanes.net\/wp-content\/uploads\/2018\/07\/BO5I1685.jpg\",\"datePublished\":\"2018-07-05T18:41:07+00:00\",\"breadcrumb\":{\"@id\":\"https:\/\/volcanes.net\/?p=2012#breadcrumb\"},\"inLanguage\":\"es\",\"potentialAction\":[{\"@type\":\"ReadAction\",\"target\":[\"https:\/\/volcanes.net\/?p=2012\"]}]},{\"@type\":\"ImageObject\",\"inLanguage\":\"es\",\"@id\":\"https:\/\/volcanes.net\/?p=2012#primaryimage\",\"url\":\"https:\/\/volcanes.net\/wp-content\/uploads\/2018\/07\/BO5I1685.jpg\",\"contentUrl\":\"https:\/\/volcanes.net\/wp-content\/uploads\/2018\/07\/BO5I1685.jpg\",\"width\":448,\"height\":299},{\"@type\":\"BreadcrumbList\",\"@id\":\"https:\/\/volcanes.net\/?p=2012#breadcrumb\",\"itemListElement\":[{\"@type\":\"ListItem\",\"position\":1,\"name\":\"Portada\",\"item\":\"https:\/\/volcanes.net\/\"},{\"@type\":\"ListItem\",\"position\":2,\"name\":\"El fen\u00f3meno migratorio debe ser parte de una agenda de desarrollo integral entre los pa\u00edses de nuestra regi\u00f3n: Ernesto Cordero\"}]},{\"@type\":\"WebSite\",\"@id\":\"https:\/\/volcanes.net\/#website\",\"url\":\"https:\/\/volcanes.net\/\",\"name\":\"Volcanes.Net\",\"description\":\"Periodismo Profesional\",\"publisher\":{\"@id\":\"https:\/\/volcanes.net\/#organization\"},\"potentialAction\":[{\"@type\":\"SearchAction\",\"target\":{\"@type\":\"EntryPoint\",\"urlTemplate\":\"https:\/\/volcanes.net\/?s={search_term_string}\"},\"query-input\":{\"@type\":\"PropertyValueSpecification\",\"valueRequired\":true,\"valueName\":\"search_term_string\"}}],\"inLanguage\":\"es\"},{\"@type\":\"Organization\",\"@id\":\"https:\/\/volcanes.net\/#organization\",\"name\":\"Grupo Volcanes\",\"url\":\"https:\/\/volcanes.net\/\",\"logo\":{\"@type\":\"ImageObject\",\"inLanguage\":\"es\",\"@id\":\"https:\/\/volcanes.net\/#\/schema\/logo\/image\/\",\"url\":\"http:\/\/volcanes.net\/wp-content\/uploads\/2017\/12\/Avatar2.jpg\",\"contentUrl\":\"http:\/\/volcanes.net\/wp-content\/uploads\/2017\/12\/Avatar2.jpg\",\"width\":378,\"height\":378,\"caption\":\"Grupo Volcanes\"},\"image\":{\"@id\":\"https:\/\/volcanes.net\/#\/schema\/logo\/image\/\"},\"sameAs\":[\"https:\/\/www.facebook.com\/volcanes.net\/\"]},{\"@type\":\"Person\",\"@id\":\"https:\/\/volcanes.net\/#\/schema\/person\/4bf0f383940966a4abd53f5048c0e6b9\",\"name\":\"admin\",\"image\":{\"@type\":\"ImageObject\",\"inLanguage\":\"es\",\"@id\":\"https:\/\/volcanes.net\/#\/schema\/person\/image\/\",\"url\":\"https:\/\/secure.gravatar.com\/avatar\/ca004e6cba8462b8cb7abc86e382930c?s=96&d=mm&r=g\",\"contentUrl\":\"https:\/\/secure.gravatar.com\/avatar\/ca004e6cba8462b8cb7abc86e382930c?s=96&d=mm&r=g\",\"caption\":\"admin\"}}]}<\/script>\n<!-- \/ Yoast SEO plugin. -->","yoast_head_json":{"title":"El fen\u00f3meno migratorio debe ser parte de una agenda de desarrollo integral entre los pa\u00edses de nuestra regi\u00f3n: Ernesto Cordero - Volcanes","robots":{"index":"index","follow":"follow","max-snippet":"max-snippet:-1","max-image-preview":"max-image-preview:large","max-video-preview":"max-video-preview:-1"},"canonical":"https:\/\/volcanes.net\/?p=2012","og_locale":"es_MX","og_type":"article","og_title":"El fen\u00f3meno migratorio debe ser parte de una agenda de desarrollo integral entre los pa\u00edses de nuestra regi\u00f3n: Ernesto Cordero - Volcanes","og_description":"&nbsp; \u00a7\u00a0\u00a0Debemos garantizar una migraci\u00f3n segura y con estricto apego a los derechos humanos. \u00a7\u00a0\u00a0Las","og_url":"https:\/\/volcanes.net\/?p=2012","og_site_name":"Volcanes","article_publisher":"https:\/\/www.facebook.com\/volcanes.net\/","article_published_time":"2018-07-05T18:41:07+00:00","og_image":[{"width":448,"height":299,"url":"https:\/\/volcanes.net\/wp-content\/uploads\/2018\/07\/BO5I1685.jpg","type":"image\/jpeg"}],"author":"admin","twitter_card":"summary_large_image","twitter_misc":{"Escrito por":"admin","Tiempo de lectura":"3 minutos"},"schema":{"@context":"https:\/\/schema.org","@graph":[{"@type":"Article","@id":"https:\/\/volcanes.net\/?p=2012#article","isPartOf":{"@id":"https:\/\/volcanes.net\/?p=2012"},"author":{"name":"admin","@id":"https:\/\/volcanes.net\/#\/schema\/person\/4bf0f383940966a4abd53f5048c0e6b9"},"headline":"El fen\u00f3meno migratorio debe ser parte de una agenda de desarrollo integral entre los pa\u00edses de nuestra regi\u00f3n: Ernesto Cordero","datePublished":"2018-07-05T18:41:07+00:00","mainEntityOfPage":{"@id":"https:\/\/volcanes.net\/?p=2012"},"wordCount":717,"commentCount":0,"publisher":{"@id":"https:\/\/volcanes.net\/#organization"},"image":{"@id":"https:\/\/volcanes.net\/?p=2012#primaryimage"},"thumbnailUrl":"https:\/\/volcanes.net\/wp-content\/uploads\/2018\/07\/BO5I1685.jpg","keywords":["Senado de la Rep\u00fablica"],"articleSection":["Municipales"],"inLanguage":"es","potentialAction":[{"@type":"CommentAction","name":"Comment","target":["https:\/\/volcanes.net\/?p=2012#respond"]}]},{"@type":"WebPage","@id":"https:\/\/volcanes.net\/?p=2012","url":"https:\/\/volcanes.net\/?p=2012","name":"El fen\u00f3meno migratorio debe ser parte de una agenda de desarrollo integral entre los pa\u00edses de nuestra regi\u00f3n: Ernesto Cordero - Volcanes","isPartOf":{"@id":"https:\/\/volcanes.net\/#website"},"primaryImageOfPage":{"@id":"https:\/\/volcanes.net\/?p=2012#primaryimage"},"image":{"@id":"https:\/\/volcanes.net\/?p=2012#primaryimage"},"thumbnailUrl":"https:\/\/volcanes.net\/wp-content\/uploads\/2018\/07\/BO5I1685.jpg","datePublished":"2018-07-05T18:41:07+00:00","breadcrumb":{"@id":"https:\/\/volcanes.net\/?p=2012#breadcrumb"},"inLanguage":"es","potentialAction":[{"@type":"ReadAction","target":["https:\/\/volcanes.net\/?p=2012"]}]},{"@type":"ImageObject","inLanguage":"es","@id":"https:\/\/volcanes.net\/?p=2012#primaryimage","url":"https:\/\/volcanes.net\/wp-content\/uploads\/2018\/07\/BO5I1685.jpg","contentUrl":"https:\/\/volcanes.net\/wp-content\/uploads\/2018\/07\/BO5I1685.jpg","width":448,"height":299},{"@type":"BreadcrumbList","@id":"https:\/\/volcanes.net\/?p=2012#breadcrumb","itemListElement":[{"@type":"ListItem","position":1,"name":"Portada","item":"https:\/\/volcanes.net\/"},{"@type":"ListItem","position":2,"name":"El fen\u00f3meno migratorio debe ser parte de una agenda de desarrollo integral entre los pa\u00edses de nuestra regi\u00f3n: Ernesto Cordero"}]},{"@type":"WebSite","@id":"https:\/\/volcanes.net\/#website","url":"https:\/\/volcanes.net\/","name":"Volcanes.Net","description":"Periodismo Profesional","publisher":{"@id":"https:\/\/volcanes.net\/#organization"},"potentialAction":[{"@type":"SearchAction","target":{"@type":"EntryPoint","urlTemplate":"https:\/\/volcanes.net\/?s={search_term_string}"},"query-input":{"@type":"PropertyValueSpecification","valueRequired":true,"valueName":"search_term_string"}}],"inLanguage":"es"},{"@type":"Organization","@id":"https:\/\/volcanes.net\/#organization","name":"Grupo Volcanes","url":"https:\/\/volcanes.net\/","logo":{"@type":"ImageObject","inLanguage":"es","@id":"https:\/\/volcanes.net\/#\/schema\/logo\/image\/","url":"http:\/\/volcanes.net\/wp-content\/uploads\/2017\/12\/Avatar2.jpg","contentUrl":"http:\/\/volcanes.net\/wp-content\/uploads\/2017\/12\/Avatar2.jpg","width":378,"height":378,"caption":"Grupo Volcanes"},"image":{"@id":"https:\/\/volcanes.net\/#\/schema\/logo\/image\/"},"sameAs":["https:\/\/www.facebook.com\/volcanes.net\/"]},{"@type":"Person","@id":"https:\/\/volcanes.net\/#\/schema\/person\/4bf0f383940966a4abd53f5048c0e6b9","name":"admin","image":{"@type":"ImageObject","inLanguage":"es","@id":"https:\/\/volcanes.net\/#\/schema\/person\/image\/","url":"https:\/\/secure.gravatar.com\/avatar\/ca004e6cba8462b8cb7abc86e382930c?s=96&d=mm&r=g","contentUrl":"https:\/\/secure.gravatar.com\/avatar\/ca004e6cba8462b8cb7abc86e382930c?s=96&d=mm&r=g","caption":"admin"}}]}},"_links":{"self":[{"href":"https:\/\/volcanes.net\/index.php?rest_route=\/wp\/v2\/posts\/2012"}],"collection":[{"href":"https:\/\/volcanes.net\/index.php?rest_route=\/wp\/v2\/posts"}],"about":[{"href":"https:\/\/volcanes.net\/index.php?rest_route=\/wp\/v2\/types\/post"}],"author":[{"embeddable":true,"href":"https:\/\/volcanes.net\/index.php?rest_route=\/wp\/v2\/users\/1"}],"replies":[{"embeddable":true,"href":"https:\/\/volcanes.net\/index.php?rest_route=%2Fwp%2Fv2%2Fcomments&post=2012"}],"version-history":[{"count":1,"href":"https:\/\/volcanes.net\/index.php?rest_route=\/wp\/v2\/posts\/2012\/revisions"}],"predecessor-version":[{"id":2014,"href":"https:\/\/volcanes.net\/index.php?rest_route=\/wp\/v2\/posts\/2012\/revisions\/2014"}],"wp:featuredmedia":[{"embeddable":true,"href":"https:\/\/volcanes.net\/index.php?rest_route=\/wp\/v2\/media\/2013"}],"wp:attachment":[{"href":"https:\/\/volcanes.net\/index.php?rest_route=%2Fwp%2Fv2%2Fmedia&parent=2012"}],"wp:term":[{"taxonomy":"category","embeddable":true,"href":"https:\/\/volcanes.net\/index.php?rest_route=%2Fwp%2Fv2%2Fcategories&post=2012"},{"taxonomy":"post_tag","embeddable":true,"href":"https:\/\/volcanes.net\/index.php?rest_route=%2Fwp%2Fv2%2Ftags&post=2012"}],"curies":[{"name":"wp","href":"https:\/\/api.w.org\/{rel}","templated":true}]}}