{"id":2015,"date":"2018-07-05T19:02:36","date_gmt":"2018-07-05T19:02:36","guid":{"rendered":"http:\/\/volcanes.net\/?p=2015"},"modified":"2018-07-05T19:02:36","modified_gmt":"2018-07-05T19:02:36","slug":"aventaja-pri-en-conteo-voto-por-voto-en-san-mateo-atenco","status":"publish","type":"post","link":"https:\/\/volcanes.net\/?p=2015","title":{"rendered":"Aventaja PRI en conteo voto por voto en San Mateo Atenco"},"content":{"rendered":"<div style=\"margin-top: 0px; margin-bottom: 0px;\" class=\"sharethis-inline-share-buttons\" ><\/div><p>\u00b7 Al concluir el conteo voto por voto, el Revolucionario Institucional mantuvo su ventaja en sufragios, incluso mayor a la reflejada en el PREP, respecto a su m\u00e1s cercano competidor.<br \/>\n\u00b7 Llama el abanderado tricolor a procurar un clima de paz y civilidad pol\u00edtica.<\/p>\n<p>San Mateo Atenco, M\u00e9xico; 5 de julio de 2018.- El candidato del PRI a la presidencia municipal, Julio C\u00e9sar Serrano Gonz\u00e1lez, llam\u00f3 a sus competidores a ser respetuosos de las reglas de la democracia y a reconocer la clara ventaja del Partido Revolucionario Institucional (PRI) en la preferencia electoral para el cargo de ayuntamiento, de acuerdo al conteo de voto por voto realizado en la Junta Local del Instituto Electoral del Estado de M\u00e9xico (IEEM).<\/p>\n<p>En la democracia, indic\u00f3, se gana por mayor\u00eda de votos, circunstancia que beneficia a su candidatura, como fue registrado a trav\u00e9s del sitio web del IEEM, en su apartado dedicado al Programa de Resultados Electorales Preliminares y ahora en el conteo de voto por voto, realizado a petici\u00f3n de los actores pol\u00edticos participantes, para darle certeza a la jornada electoral.<\/p>\n<p>\u201cYo invito a los actores pol\u00edticos, a que no quieran madrugar a la opini\u00f3n p\u00fablica, autoproclam\u00e1ndose ganadores, corresponde a las autoridades electorales generar esa informaci\u00f3n y a nosotros abonar a la paz y civilidad de nuestro municipio\u201d, agreg\u00f3.<\/p>\n<p>Afirm\u00f3 que ante una jornada caracterizada por una elevada participaci\u00f3n ciudadana, los contendientes deben demostrar madurez pol\u00edtica, para que sea una elecci\u00f3n hist\u00f3rica a San Mateo Atenco.<\/p>\n<p>&#8220;Conf\u00edo en que se respeten los resultados, darles el voto de confianza a nuestras autoridades electorales, porque en sus manos est\u00e1 el desenlace de esta jornada electoral&#8221;, apunt\u00f3.<\/p>\n","protected":false},"excerpt":{"rendered":"<p>\u00b7 Al concluir el conteo voto por voto, el Revolucionario Institucional mantuvo su ventaja en<\/p>\n","protected":false},"author":1,"featured_media":2016,"comment_status":"open","ping_status":"open","sticky":false,"template":"","format":"standard","meta":{"footnotes":""},"categories":[1],"tags":[125],"class_list":["post-2015","post","type-post","status-publish","format-standard","has-post-thumbnail","hentry","category-municipales","tag-san-mateo-atenco"],"yoast_head":"<!-- This site is optimized with the Yoast SEO plugin v25.3 - https:\/\/yoast.com\/wordpress\/plugins\/seo\/ -->\n<title>Aventaja PRI en conteo voto por voto en San Mateo Atenco - Volcanes<\/title>\n<meta name=\"robots\" content=\"index, follow, max-snippet:-1, max-image-preview:large, max-video-preview:-1\" \/>\n<link rel=\"canonical\" href=\"https:\/\/volcanes.net\/?p=2015\" \/>\n<meta property=\"og:locale\" content=\"es_MX\" \/>\n<meta property=\"og:type\" content=\"article\" \/>\n<meta property=\"og:title\" content=\"Aventaja PRI en conteo voto por voto en San Mateo Atenco - Volcanes\" \/>\n<meta property=\"og:description\" content=\"\u00b7 Al concluir el conteo voto por voto, el Revolucionario Institucional mantuvo su ventaja en\" \/>\n<meta property=\"og:url\" content=\"https:\/\/volcanes.net\/?p=2015\" \/>\n<meta property=\"og:site_name\" content=\"Volcanes\" \/>\n<meta property=\"article:publisher\" content=\"https:\/\/www.facebook.com\/volcanes.net\/\" \/>\n<meta property=\"article:published_time\" content=\"2018-07-05T19:02:36+00:00\" \/>\n<meta property=\"og:image\" content=\"https:\/\/volcanes.net\/wp-content\/uploads\/2018\/07\/votos-san-mateo.jpg\" \/>\n\t<meta property=\"og:image:width\" content=\"448\" \/>\n\t<meta property=\"og:image:height\" content=\"279\" \/>\n\t<meta property=\"og:image:type\" content=\"image\/jpeg\" \/>\n<meta name=\"author\" content=\"admin\" \/>\n<meta name=\"twitter:card\" content=\"summary_large_image\" \/>\n<meta name=\"twitter:label1\" content=\"Escrito por\" \/>\n\t<meta name=\"twitter:data1\" content=\"admin\" \/>\n\t<meta name=\"twitter:label2\" content=\"Tiempo de lectura\" \/>\n\t<meta name=\"twitter:data2\" content=\"1 minuto\" \/>\n<script type=\"application\/ld+json\" class=\"yoast-schema-graph\">{\"@context\":\"https:\/\/schema.org\",\"@graph\":[{\"@type\":\"Article\",\"@id\":\"https:\/\/volcanes.net\/?p=2015#article\",\"isPartOf\":{\"@id\":\"https:\/\/volcanes.net\/?p=2015\"},\"author\":{\"name\":\"admin\",\"@id\":\"https:\/\/volcanes.net\/#\/schema\/person\/4bf0f383940966a4abd53f5048c0e6b9\"},\"headline\":\"Aventaja PRI en conteo voto por voto en San Mateo Atenco\",\"datePublished\":\"2018-07-05T19:02:36+00:00\",\"mainEntityOfPage\":{\"@id\":\"https:\/\/volcanes.net\/?p=2015\"},\"wordCount\":300,\"commentCount\":0,\"publisher\":{\"@id\":\"https:\/\/volcanes.net\/#organization\"},\"image\":{\"@id\":\"https:\/\/volcanes.net\/?p=2015#primaryimage\"},\"thumbnailUrl\":\"https:\/\/volcanes.net\/wp-content\/uploads\/2018\/07\/votos-san-mateo.jpg\",\"keywords\":[\"San Mateo Atenco\"],\"articleSection\":[\"Municipales\"],\"inLanguage\":\"es\",\"potentialAction\":[{\"@type\":\"CommentAction\",\"name\":\"Comment\",\"target\":[\"https:\/\/volcanes.net\/?p=2015#respond\"]}]},{\"@type\":\"WebPage\",\"@id\":\"https:\/\/volcanes.net\/?p=2015\",\"url\":\"https:\/\/volcanes.net\/?p=2015\",\"name\":\"Aventaja PRI en conteo voto por voto en San Mateo Atenco - Volcanes\",\"isPartOf\":{\"@id\":\"https:\/\/volcanes.net\/#website\"},\"primaryImageOfPage\":{\"@id\":\"https:\/\/volcanes.net\/?p=2015#primaryimage\"},\"image\":{\"@id\":\"https:\/\/volcanes.net\/?p=2015#primaryimage\"},\"thumbnailUrl\":\"https:\/\/volcanes.net\/wp-content\/uploads\/2018\/07\/votos-san-mateo.jpg\",\"datePublished\":\"2018-07-05T19:02:36+00:00\",\"breadcrumb\":{\"@id\":\"https:\/\/volcanes.net\/?p=2015#breadcrumb\"},\"inLanguage\":\"es\",\"potentialAction\":[{\"@type\":\"ReadAction\",\"target\":[\"https:\/\/volcanes.net\/?p=2015\"]}]},{\"@type\":\"ImageObject\",\"inLanguage\":\"es\",\"@id\":\"https:\/\/volcanes.net\/?p=2015#primaryimage\",\"url\":\"https:\/\/volcanes.net\/wp-content\/uploads\/2018\/07\/votos-san-mateo.jpg\",\"contentUrl\":\"https:\/\/volcanes.net\/wp-content\/uploads\/2018\/07\/votos-san-mateo.jpg\",\"width\":448,\"height\":279},{\"@type\":\"BreadcrumbList\",\"@id\":\"https:\/\/volcanes.net\/?p=2015#breadcrumb\",\"itemListElement\":[{\"@type\":\"ListItem\",\"position\":1,\"name\":\"Portada\",\"item\":\"https:\/\/volcanes.net\/\"},{\"@type\":\"ListItem\",\"position\":2,\"name\":\"Aventaja PRI en conteo voto por voto en San Mateo Atenco\"}]},{\"@type\":\"WebSite\",\"@id\":\"https:\/\/volcanes.net\/#website\",\"url\":\"https:\/\/volcanes.net\/\",\"name\":\"Volcanes.Net\",\"description\":\"Periodismo Profesional\",\"publisher\":{\"@id\":\"https:\/\/volcanes.net\/#organization\"},\"potentialAction\":[{\"@type\":\"SearchAction\",\"target\":{\"@type\":\"EntryPoint\",\"urlTemplate\":\"https:\/\/volcanes.net\/?s={search_term_string}\"},\"query-input\":{\"@type\":\"PropertyValueSpecification\",\"valueRequired\":true,\"valueName\":\"search_term_string\"}}],\"inLanguage\":\"es\"},{\"@type\":\"Organization\",\"@id\":\"https:\/\/volcanes.net\/#organization\",\"name\":\"Grupo Volcanes\",\"url\":\"https:\/\/volcanes.net\/\",\"logo\":{\"@type\":\"ImageObject\",\"inLanguage\":\"es\",\"@id\":\"https:\/\/volcanes.net\/#\/schema\/logo\/image\/\",\"url\":\"http:\/\/volcanes.net\/wp-content\/uploads\/2017\/12\/Avatar2.jpg\",\"contentUrl\":\"http:\/\/volcanes.net\/wp-content\/uploads\/2017\/12\/Avatar2.jpg\",\"width\":378,\"height\":378,\"caption\":\"Grupo Volcanes\"},\"image\":{\"@id\":\"https:\/\/volcanes.net\/#\/schema\/logo\/image\/\"},\"sameAs\":[\"https:\/\/www.facebook.com\/volcanes.net\/\"]},{\"@type\":\"Person\",\"@id\":\"https:\/\/volcanes.net\/#\/schema\/person\/4bf0f383940966a4abd53f5048c0e6b9\",\"name\":\"admin\",\"image\":{\"@type\":\"ImageObject\",\"inLanguage\":\"es\",\"@id\":\"https:\/\/volcanes.net\/#\/schema\/person\/image\/\",\"url\":\"https:\/\/secure.gravatar.com\/avatar\/ca004e6cba8462b8cb7abc86e382930c?s=96&d=mm&r=g\",\"contentUrl\":\"https:\/\/secure.gravatar.com\/avatar\/ca004e6cba8462b8cb7abc86e382930c?s=96&d=mm&r=g\",\"caption\":\"admin\"}}]}<\/script>\n<!-- \/ Yoast SEO plugin. -->","yoast_head_json":{"title":"Aventaja PRI en conteo voto por voto en San Mateo Atenco - Volcanes","robots":{"index":"index","follow":"follow","max-snippet":"max-snippet:-1","max-image-preview":"max-image-preview:large","max-video-preview":"max-video-preview:-1"},"canonical":"https:\/\/volcanes.net\/?p=2015","og_locale":"es_MX","og_type":"article","og_title":"Aventaja PRI en conteo voto por voto en San Mateo Atenco - Volcanes","og_description":"\u00b7 Al concluir el conteo voto por voto, el Revolucionario Institucional mantuvo su ventaja en","og_url":"https:\/\/volcanes.net\/?p=2015","og_site_name":"Volcanes","article_publisher":"https:\/\/www.facebook.com\/volcanes.net\/","article_published_time":"2018-07-05T19:02:36+00:00","og_image":[{"width":448,"height":279,"url":"https:\/\/volcanes.net\/wp-content\/uploads\/2018\/07\/votos-san-mateo.jpg","type":"image\/jpeg"}],"author":"admin","twitter_card":"summary_large_image","twitter_misc":{"Escrito por":"admin","Tiempo de lectura":"1 minuto"},"schema":{"@context":"https:\/\/schema.org","@graph":[{"@type":"Article","@id":"https:\/\/volcanes.net\/?p=2015#article","isPartOf":{"@id":"https:\/\/volcanes.net\/?p=2015"},"author":{"name":"admin","@id":"https:\/\/volcanes.net\/#\/schema\/person\/4bf0f383940966a4abd53f5048c0e6b9"},"headline":"Aventaja PRI en conteo voto por voto en San Mateo Atenco","datePublished":"2018-07-05T19:02:36+00:00","mainEntityOfPage":{"@id":"https:\/\/volcanes.net\/?p=2015"},"wordCount":300,"commentCount":0,"publisher":{"@id":"https:\/\/volcanes.net\/#organization"},"image":{"@id":"https:\/\/volcanes.net\/?p=2015#primaryimage"},"thumbnailUrl":"https:\/\/volcanes.net\/wp-content\/uploads\/2018\/07\/votos-san-mateo.jpg","keywords":["San Mateo Atenco"],"articleSection":["Municipales"],"inLanguage":"es","potentialAction":[{"@type":"CommentAction","name":"Comment","target":["https:\/\/volcanes.net\/?p=2015#respond"]}]},{"@type":"WebPage","@id":"https:\/\/volcanes.net\/?p=2015","url":"https:\/\/volcanes.net\/?p=2015","name":"Aventaja PRI en conteo voto por voto en San Mateo Atenco - Volcanes","isPartOf":{"@id":"https:\/\/volcanes.net\/#website"},"primaryImageOfPage":{"@id":"https:\/\/volcanes.net\/?p=2015#primaryimage"},"image":{"@id":"https:\/\/volcanes.net\/?p=2015#primaryimage"},"thumbnailUrl":"https:\/\/volcanes.net\/wp-content\/uploads\/2018\/07\/votos-san-mateo.jpg","datePublished":"2018-07-05T19:02:36+00:00","breadcrumb":{"@id":"https:\/\/volcanes.net\/?p=2015#breadcrumb"},"inLanguage":"es","potentialAction":[{"@type":"ReadAction","target":["https:\/\/volcanes.net\/?p=2015"]}]},{"@type":"ImageObject","inLanguage":"es","@id":"https:\/\/volcanes.net\/?p=2015#primaryimage","url":"https:\/\/volcanes.net\/wp-content\/uploads\/2018\/07\/votos-san-mateo.jpg","contentUrl":"https:\/\/volcanes.net\/wp-content\/uploads\/2018\/07\/votos-san-mateo.jpg","width":448,"height":279},{"@type":"BreadcrumbList","@id":"https:\/\/volcanes.net\/?p=2015#breadcrumb","itemListElement":[{"@type":"ListItem","position":1,"name":"Portada","item":"https:\/\/volcanes.net\/"},{"@type":"ListItem","position":2,"name":"Aventaja PRI en conteo voto por voto en San Mateo Atenco"}]},{"@type":"WebSite","@id":"https:\/\/volcanes.net\/#website","url":"https:\/\/volcanes.net\/","name":"Volcanes.Net","description":"Periodismo Profesional","publisher":{"@id":"https:\/\/volcanes.net\/#organization"},"potentialAction":[{"@type":"SearchAction","target":{"@type":"EntryPoint","urlTemplate":"https:\/\/volcanes.net\/?s={search_term_string}"},"query-input":{"@type":"PropertyValueSpecification","valueRequired":true,"valueName":"search_term_string"}}],"inLanguage":"es"},{"@type":"Organization","@id":"https:\/\/volcanes.net\/#organization","name":"Grupo Volcanes","url":"https:\/\/volcanes.net\/","logo":{"@type":"ImageObject","inLanguage":"es","@id":"https:\/\/volcanes.net\/#\/schema\/logo\/image\/","url":"http:\/\/volcanes.net\/wp-content\/uploads\/2017\/12\/Avatar2.jpg","contentUrl":"http:\/\/volcanes.net\/wp-content\/uploads\/2017\/12\/Avatar2.jpg","width":378,"height":378,"caption":"Grupo Volcanes"},"image":{"@id":"https:\/\/volcanes.net\/#\/schema\/logo\/image\/"},"sameAs":["https:\/\/www.facebook.com\/volcanes.net\/"]},{"@type":"Person","@id":"https:\/\/volcanes.net\/#\/schema\/person\/4bf0f383940966a4abd53f5048c0e6b9","name":"admin","image":{"@type":"ImageObject","inLanguage":"es","@id":"https:\/\/volcanes.net\/#\/schema\/person\/image\/","url":"https:\/\/secure.gravatar.com\/avatar\/ca004e6cba8462b8cb7abc86e382930c?s=96&d=mm&r=g","contentUrl":"https:\/\/secure.gravatar.com\/avatar\/ca004e6cba8462b8cb7abc86e382930c?s=96&d=mm&r=g","caption":"admin"}}]}},"_links":{"self":[{"href":"https:\/\/volcanes.net\/index.php?rest_route=\/wp\/v2\/posts\/2015"}],"collection":[{"href":"https:\/\/volcanes.net\/index.php?rest_route=\/wp\/v2\/posts"}],"about":[{"href":"https:\/\/volcanes.net\/index.php?rest_route=\/wp\/v2\/types\/post"}],"author":[{"embeddable":true,"href":"https:\/\/volcanes.net\/index.php?rest_route=\/wp\/v2\/users\/1"}],"replies":[{"embeddable":true,"href":"https:\/\/volcanes.net\/index.php?rest_route=%2Fwp%2Fv2%2Fcomments&post=2015"}],"version-history":[{"count":1,"href":"https:\/\/volcanes.net\/index.php?rest_route=\/wp\/v2\/posts\/2015\/revisions"}],"predecessor-version":[{"id":2017,"href":"https:\/\/volcanes.net\/index.php?rest_route=\/wp\/v2\/posts\/2015\/revisions\/2017"}],"wp:featuredmedia":[{"embeddable":true,"href":"https:\/\/volcanes.net\/index.php?rest_route=\/wp\/v2\/media\/2016"}],"wp:attachment":[{"href":"https:\/\/volcanes.net\/index.php?rest_route=%2Fwp%2Fv2%2Fmedia&parent=2015"}],"wp:term":[{"taxonomy":"category","embeddable":true,"href":"https:\/\/volcanes.net\/index.php?rest_route=%2Fwp%2Fv2%2Fcategories&post=2015"},{"taxonomy":"post_tag","embeddable":true,"href":"https:\/\/volcanes.net\/index.php?rest_route=%2Fwp%2Fv2%2Ftags&post=2015"}],"curies":[{"name":"wp","href":"https:\/\/api.w.org\/{rel}","templated":true}]}}