{"id":2037,"date":"2018-07-06T16:19:39","date_gmt":"2018-07-06T16:19:39","guid":{"rendered":"http:\/\/volcanes.net\/?p=2037"},"modified":"2018-07-06T16:19:39","modified_gmt":"2018-07-06T16:19:39","slug":"el-pvem-gobernara-el-municipio-de-amecameca","status":"publish","type":"post","link":"https:\/\/volcanes.net\/?p=2037","title":{"rendered":"El PVEM gobernar\u00e1 el municipio de Amecameca"},"content":{"rendered":"<div style=\"margin-top: 0px; margin-bottom: 0px;\" class=\"sharethis-inline-share-buttons\" ><\/div><ul>\n<li>El Presidente Municipal electo Miguel \u00c1ngel Salom\u00f3n recibi\u00f3 su constancia de mayor\u00eda de manos de funcionarios del IEEM.<\/li>\n<li>Dijo que los habitantes no s\u00f3lo le abrieron las puertas de sus casas, sino de su coraz\u00f3n y rechaz\u00f3 que hubiera compra de votos y acarreados.<\/li>\n<\/ul>\n<p>Amecameca, M\u00e9x.&#8212;- \u201cNos ganamos la confianza de la gente, nos abrieron no s\u00f3lo las puertas de su casa sino de su coraz\u00f3n, no hubo compra de votos ni acarreados\u201d, dijo Miguel \u00c1ngel Salom\u00f3n despu\u00e9s de que la planilla triunfadora que \u00e9l encabeza tuvo en sus manos la constancia de mayor\u00eda que les acredita como triunfadores de la contienda electoral por la presidencia municipal de Amecameca.<\/p>\n<p>Ante simpatizantes que por horas aguantaron, primero el calor y despu\u00e9s una intensa lluvia, el presidente electo sumamente emocionado recibi\u00f3 de manos del presidente de la Junta Municipal 09 del Instituto Electoral del Estado de M\u00e9xico (IEEM) su constancia de mayor\u00eda y que lo convierte en Presidente Municipal Electo para el periodo 2019-2021.<\/p>\n<p>Luego de reunirse con medios de comunicaci\u00f3n en una concurrida conferencia de prensa, Salom\u00f3n \u00a0reiter\u00f3, \u201cgan\u00f3 Amecameca y ganaron los adultos mayores, los empresarios, las nuevas generaciones, los campesinos, las amas de casa, los comerciantes, los profesionistas, la ciudadan\u00eda se decidi\u00f3 por un gobierno honesto y transparente\u201d.<\/p>\n<p>La gente nos dio su confianza, los convencimos de que nuestro proyecto es aut\u00e9ntico, porque somos ciudadanos igual que ellos y queremos para Amecameca un rumbo nuevo, por eso superamos con m\u00e1s de nueve mil votos al segundo lugar, casi al dos por uno.<\/p>\n<p>\u201cNuestro triunfo fue contundente, fue de propuestas no de descalificaciones ni promesas incumplibles, con humildad recorrimos todo el municipio a pie y casa por casa, nos alent\u00f3 el apoyo de nuestra gente que se sum\u00f3 en la defensa de la dignidad y de nuestros recursos naturales, votaron por la honestidad y un buen gobierno\u201d, a\u00f1adi\u00f3.<\/p>\n<p>Lo que nos obliga a trabajar desde ma\u00f1ana mismo hombro con hombro, para cumplir con todos los compromisos adquiridos durante la campa\u00f1a. Augur\u00f3 que ser\u00e1 un presidente gestor, el mejor que haya habido en Amecameca.<\/p>\n<p>A pregunta expresa de cu\u00e1l es el principal compromiso asumido, el presidente electo dijo que es devolver la tranquilidad a la ciudadan\u00eda, as\u00ed como generar empleos mejor remunerados en donde sean tomados en cuenta los j\u00f3venes, los adultos mayores, las amas de casa, por eso insisti\u00f3, trabajar\u00e1 en la integraci\u00f3n de empresas cooperativas<\/p>\n<p>Salom\u00f3n dijo que Amecameca ser\u00e1 el mejor municipio de la zona oriente, el mejor alumbrado, el m\u00e1s bello y con m\u00e1s seguridad, habr\u00e1 orden en la ciudad y en el transporte, vamos a organizarnos, estamos muy comprometidos con la ciudadan\u00eda y desde hoy estamos realizando mesas de an\u00e1lisis para generar un gran equipo en beneficio de la comunidad, vamos a recuperar el relleno sanitario y lo vamos a sanear para generar fuente de empleo ah\u00ed mismo.<\/p>\n<p>Tambi\u00e9n abund\u00f3, rescatar\u00e1 el turismo, llam\u00f3 a sus adversarios pol\u00edticos a la unidad y a trabajar en beneficio de la comunidad de Amecameca que los necesita a todos juntos, fue enf\u00e1tico en se\u00f1alar que no trabajar\u00e1 s\u00f3lo para un color, que lo har\u00e1 para toda la ciudadan\u00eda.<\/p>\n<p>Tengo, asegur\u00f3, un proyecto en beneficio de los campesinos con quienes voy a trabajar hombro con hombro para que sus cosechas mejoren y gestionar\u00e9 recursos para ellos en todos los niveles de gobierno.<\/p>\n<p>Dej\u00f3 en claro que su relaci\u00f3n con el gobierno estatal ser\u00e1 institucional, de respeto y compromiso. En materia de seguridad precis\u00f3 que tiene proyectado crear un centro de mando de acci\u00f3n y reacci\u00f3n inmediata, equipar a los elementos de la polic\u00eda municipal e incentivarlos para que entreguen su mejor esfuerzo para la protecci\u00f3n de la comunidad.<\/p>\n<p>Por ultimo en un mensaje a los ciudadanos les agradeci\u00f3 la confianza que depositaron en \u00e9l y garantiz\u00f3 transformar Amecameca, trabajar en orden y con seguridad, sobre todo con desarrollo y progreso, con una pol\u00edtica de puertas abiertas, con cabildos participativos y p\u00fablicos en cada comunidad, en suma dijo que har\u00e1 de Amecameca un municipio del que todos los habitantes se sientan orgullosos.<\/p>\n","protected":false},"excerpt":{"rendered":"<p>El Presidente Municipal electo Miguel \u00c1ngel Salom\u00f3n recibi\u00f3 su constancia de mayor\u00eda de manos de<\/p>\n","protected":false},"author":1,"featured_media":2038,"comment_status":"open","ping_status":"open","sticky":false,"template":"","format":"standard","meta":{"footnotes":""},"categories":[1],"tags":[7,80,57,9,15,6,14,16,81,46],"class_list":["post-2037","post","type-post","status-publish","format-standard","has-post-thumbnail","hentry","category-municipales","tag-amecameca","tag-atlautla","tag-ayapango","tag-chalco","tag-ecatzingo","tag-ixtapaluca","tag-ozumba","tag-tepetlixpa","tag-tlalmanalco","tag-volcanes"],"yoast_head":"<!-- This site is optimized with the Yoast SEO plugin v25.3 - https:\/\/yoast.com\/wordpress\/plugins\/seo\/ -->\n<title>El PVEM gobernar\u00e1 el municipio de Amecameca - Volcanes<\/title>\n<meta name=\"robots\" content=\"index, follow, max-snippet:-1, max-image-preview:large, max-video-preview:-1\" \/>\n<link rel=\"canonical\" href=\"https:\/\/volcanes.net\/?p=2037\" \/>\n<meta property=\"og:locale\" content=\"es_MX\" \/>\n<meta property=\"og:type\" content=\"article\" \/>\n<meta property=\"og:title\" content=\"El PVEM gobernar\u00e1 el municipio de Amecameca - Volcanes\" \/>\n<meta property=\"og:description\" content=\"El Presidente Municipal electo Miguel \u00c1ngel Salom\u00f3n recibi\u00f3 su constancia de mayor\u00eda de manos de\" \/>\n<meta property=\"og:url\" content=\"https:\/\/volcanes.net\/?p=2037\" \/>\n<meta property=\"og:site_name\" content=\"Volcanes\" \/>\n<meta property=\"article:publisher\" content=\"https:\/\/www.facebook.com\/volcanes.net\/\" \/>\n<meta property=\"article:published_time\" content=\"2018-07-06T16:19:39+00:00\" \/>\n<meta property=\"og:image\" content=\"https:\/\/volcanes.net\/wp-content\/uploads\/2018\/07\/DSC1599.jpg\" \/>\n\t<meta property=\"og:image:width\" content=\"448\" \/>\n\t<meta property=\"og:image:height\" content=\"320\" \/>\n\t<meta property=\"og:image:type\" content=\"image\/jpeg\" \/>\n<meta name=\"author\" content=\"admin\" \/>\n<meta name=\"twitter:card\" content=\"summary_large_image\" \/>\n<meta name=\"twitter:label1\" content=\"Escrito por\" \/>\n\t<meta name=\"twitter:data1\" content=\"admin\" \/>\n\t<meta name=\"twitter:label2\" content=\"Tiempo de lectura\" \/>\n\t<meta name=\"twitter:data2\" content=\"4 minutos\" \/>\n<script type=\"application\/ld+json\" class=\"yoast-schema-graph\">{\"@context\":\"https:\/\/schema.org\",\"@graph\":[{\"@type\":\"Article\",\"@id\":\"https:\/\/volcanes.net\/?p=2037#article\",\"isPartOf\":{\"@id\":\"https:\/\/volcanes.net\/?p=2037\"},\"author\":{\"name\":\"admin\",\"@id\":\"https:\/\/volcanes.net\/#\/schema\/person\/4bf0f383940966a4abd53f5048c0e6b9\"},\"headline\":\"El PVEM gobernar\u00e1 el municipio de Amecameca\",\"datePublished\":\"2018-07-06T16:19:39+00:00\",\"mainEntityOfPage\":{\"@id\":\"https:\/\/volcanes.net\/?p=2037\"},\"wordCount\":721,\"commentCount\":0,\"publisher\":{\"@id\":\"https:\/\/volcanes.net\/#organization\"},\"image\":{\"@id\":\"https:\/\/volcanes.net\/?p=2037#primaryimage\"},\"thumbnailUrl\":\"https:\/\/volcanes.net\/wp-content\/uploads\/2018\/07\/DSC1599.jpg\",\"keywords\":[\"Amecameca\",\"Atlautla\",\"Ayapango\",\"Chalco\",\"Ecatzingo\",\"Ixtapaluca\",\"Ozumba\",\"Tepetlixpa\",\"Tlalmanalco\",\"Volcanes\"],\"articleSection\":[\"Municipales\"],\"inLanguage\":\"es\",\"potentialAction\":[{\"@type\":\"CommentAction\",\"name\":\"Comment\",\"target\":[\"https:\/\/volcanes.net\/?p=2037#respond\"]}]},{\"@type\":\"WebPage\",\"@id\":\"https:\/\/volcanes.net\/?p=2037\",\"url\":\"https:\/\/volcanes.net\/?p=2037\",\"name\":\"El PVEM gobernar\u00e1 el municipio de Amecameca - Volcanes\",\"isPartOf\":{\"@id\":\"https:\/\/volcanes.net\/#website\"},\"primaryImageOfPage\":{\"@id\":\"https:\/\/volcanes.net\/?p=2037#primaryimage\"},\"image\":{\"@id\":\"https:\/\/volcanes.net\/?p=2037#primaryimage\"},\"thumbnailUrl\":\"https:\/\/volcanes.net\/wp-content\/uploads\/2018\/07\/DSC1599.jpg\",\"datePublished\":\"2018-07-06T16:19:39+00:00\",\"breadcrumb\":{\"@id\":\"https:\/\/volcanes.net\/?p=2037#breadcrumb\"},\"inLanguage\":\"es\",\"potentialAction\":[{\"@type\":\"ReadAction\",\"target\":[\"https:\/\/volcanes.net\/?p=2037\"]}]},{\"@type\":\"ImageObject\",\"inLanguage\":\"es\",\"@id\":\"https:\/\/volcanes.net\/?p=2037#primaryimage\",\"url\":\"https:\/\/volcanes.net\/wp-content\/uploads\/2018\/07\/DSC1599.jpg\",\"contentUrl\":\"https:\/\/volcanes.net\/wp-content\/uploads\/2018\/07\/DSC1599.jpg\",\"width\":448,\"height\":320},{\"@type\":\"BreadcrumbList\",\"@id\":\"https:\/\/volcanes.net\/?p=2037#breadcrumb\",\"itemListElement\":[{\"@type\":\"ListItem\",\"position\":1,\"name\":\"Portada\",\"item\":\"https:\/\/volcanes.net\/\"},{\"@type\":\"ListItem\",\"position\":2,\"name\":\"El PVEM gobernar\u00e1 el municipio de Amecameca\"}]},{\"@type\":\"WebSite\",\"@id\":\"https:\/\/volcanes.net\/#website\",\"url\":\"https:\/\/volcanes.net\/\",\"name\":\"Volcanes.Net\",\"description\":\"Periodismo Profesional\",\"publisher\":{\"@id\":\"https:\/\/volcanes.net\/#organization\"},\"potentialAction\":[{\"@type\":\"SearchAction\",\"target\":{\"@type\":\"EntryPoint\",\"urlTemplate\":\"https:\/\/volcanes.net\/?s={search_term_string}\"},\"query-input\":{\"@type\":\"PropertyValueSpecification\",\"valueRequired\":true,\"valueName\":\"search_term_string\"}}],\"inLanguage\":\"es\"},{\"@type\":\"Organization\",\"@id\":\"https:\/\/volcanes.net\/#organization\",\"name\":\"Grupo Volcanes\",\"url\":\"https:\/\/volcanes.net\/\",\"logo\":{\"@type\":\"ImageObject\",\"inLanguage\":\"es\",\"@id\":\"https:\/\/volcanes.net\/#\/schema\/logo\/image\/\",\"url\":\"http:\/\/volcanes.net\/wp-content\/uploads\/2017\/12\/Avatar2.jpg\",\"contentUrl\":\"http:\/\/volcanes.net\/wp-content\/uploads\/2017\/12\/Avatar2.jpg\",\"width\":378,\"height\":378,\"caption\":\"Grupo Volcanes\"},\"image\":{\"@id\":\"https:\/\/volcanes.net\/#\/schema\/logo\/image\/\"},\"sameAs\":[\"https:\/\/www.facebook.com\/volcanes.net\/\"]},{\"@type\":\"Person\",\"@id\":\"https:\/\/volcanes.net\/#\/schema\/person\/4bf0f383940966a4abd53f5048c0e6b9\",\"name\":\"admin\",\"image\":{\"@type\":\"ImageObject\",\"inLanguage\":\"es\",\"@id\":\"https:\/\/volcanes.net\/#\/schema\/person\/image\/\",\"url\":\"https:\/\/secure.gravatar.com\/avatar\/ca004e6cba8462b8cb7abc86e382930c?s=96&d=mm&r=g\",\"contentUrl\":\"https:\/\/secure.gravatar.com\/avatar\/ca004e6cba8462b8cb7abc86e382930c?s=96&d=mm&r=g\",\"caption\":\"admin\"}}]}<\/script>\n<!-- \/ Yoast SEO plugin. -->","yoast_head_json":{"title":"El PVEM gobernar\u00e1 el municipio de Amecameca - Volcanes","robots":{"index":"index","follow":"follow","max-snippet":"max-snippet:-1","max-image-preview":"max-image-preview:large","max-video-preview":"max-video-preview:-1"},"canonical":"https:\/\/volcanes.net\/?p=2037","og_locale":"es_MX","og_type":"article","og_title":"El PVEM gobernar\u00e1 el municipio de Amecameca - Volcanes","og_description":"El Presidente Municipal electo Miguel \u00c1ngel Salom\u00f3n recibi\u00f3 su constancia de mayor\u00eda de manos de","og_url":"https:\/\/volcanes.net\/?p=2037","og_site_name":"Volcanes","article_publisher":"https:\/\/www.facebook.com\/volcanes.net\/","article_published_time":"2018-07-06T16:19:39+00:00","og_image":[{"width":448,"height":320,"url":"https:\/\/volcanes.net\/wp-content\/uploads\/2018\/07\/DSC1599.jpg","type":"image\/jpeg"}],"author":"admin","twitter_card":"summary_large_image","twitter_misc":{"Escrito por":"admin","Tiempo de lectura":"4 minutos"},"schema":{"@context":"https:\/\/schema.org","@graph":[{"@type":"Article","@id":"https:\/\/volcanes.net\/?p=2037#article","isPartOf":{"@id":"https:\/\/volcanes.net\/?p=2037"},"author":{"name":"admin","@id":"https:\/\/volcanes.net\/#\/schema\/person\/4bf0f383940966a4abd53f5048c0e6b9"},"headline":"El PVEM gobernar\u00e1 el municipio de Amecameca","datePublished":"2018-07-06T16:19:39+00:00","mainEntityOfPage":{"@id":"https:\/\/volcanes.net\/?p=2037"},"wordCount":721,"commentCount":0,"publisher":{"@id":"https:\/\/volcanes.net\/#organization"},"image":{"@id":"https:\/\/volcanes.net\/?p=2037#primaryimage"},"thumbnailUrl":"https:\/\/volcanes.net\/wp-content\/uploads\/2018\/07\/DSC1599.jpg","keywords":["Amecameca","Atlautla","Ayapango","Chalco","Ecatzingo","Ixtapaluca","Ozumba","Tepetlixpa","Tlalmanalco","Volcanes"],"articleSection":["Municipales"],"inLanguage":"es","potentialAction":[{"@type":"CommentAction","name":"Comment","target":["https:\/\/volcanes.net\/?p=2037#respond"]}]},{"@type":"WebPage","@id":"https:\/\/volcanes.net\/?p=2037","url":"https:\/\/volcanes.net\/?p=2037","name":"El PVEM gobernar\u00e1 el municipio de Amecameca - Volcanes","isPartOf":{"@id":"https:\/\/volcanes.net\/#website"},"primaryImageOfPage":{"@id":"https:\/\/volcanes.net\/?p=2037#primaryimage"},"image":{"@id":"https:\/\/volcanes.net\/?p=2037#primaryimage"},"thumbnailUrl":"https:\/\/volcanes.net\/wp-content\/uploads\/2018\/07\/DSC1599.jpg","datePublished":"2018-07-06T16:19:39+00:00","breadcrumb":{"@id":"https:\/\/volcanes.net\/?p=2037#breadcrumb"},"inLanguage":"es","potentialAction":[{"@type":"ReadAction","target":["https:\/\/volcanes.net\/?p=2037"]}]},{"@type":"ImageObject","inLanguage":"es","@id":"https:\/\/volcanes.net\/?p=2037#primaryimage","url":"https:\/\/volcanes.net\/wp-content\/uploads\/2018\/07\/DSC1599.jpg","contentUrl":"https:\/\/volcanes.net\/wp-content\/uploads\/2018\/07\/DSC1599.jpg","width":448,"height":320},{"@type":"BreadcrumbList","@id":"https:\/\/volcanes.net\/?p=2037#breadcrumb","itemListElement":[{"@type":"ListItem","position":1,"name":"Portada","item":"https:\/\/volcanes.net\/"},{"@type":"ListItem","position":2,"name":"El PVEM gobernar\u00e1 el municipio de Amecameca"}]},{"@type":"WebSite","@id":"https:\/\/volcanes.net\/#website","url":"https:\/\/volcanes.net\/","name":"Volcanes.Net","description":"Periodismo Profesional","publisher":{"@id":"https:\/\/volcanes.net\/#organization"},"potentialAction":[{"@type":"SearchAction","target":{"@type":"EntryPoint","urlTemplate":"https:\/\/volcanes.net\/?s={search_term_string}"},"query-input":{"@type":"PropertyValueSpecification","valueRequired":true,"valueName":"search_term_string"}}],"inLanguage":"es"},{"@type":"Organization","@id":"https:\/\/volcanes.net\/#organization","name":"Grupo Volcanes","url":"https:\/\/volcanes.net\/","logo":{"@type":"ImageObject","inLanguage":"es","@id":"https:\/\/volcanes.net\/#\/schema\/logo\/image\/","url":"http:\/\/volcanes.net\/wp-content\/uploads\/2017\/12\/Avatar2.jpg","contentUrl":"http:\/\/volcanes.net\/wp-content\/uploads\/2017\/12\/Avatar2.jpg","width":378,"height":378,"caption":"Grupo Volcanes"},"image":{"@id":"https:\/\/volcanes.net\/#\/schema\/logo\/image\/"},"sameAs":["https:\/\/www.facebook.com\/volcanes.net\/"]},{"@type":"Person","@id":"https:\/\/volcanes.net\/#\/schema\/person\/4bf0f383940966a4abd53f5048c0e6b9","name":"admin","image":{"@type":"ImageObject","inLanguage":"es","@id":"https:\/\/volcanes.net\/#\/schema\/person\/image\/","url":"https:\/\/secure.gravatar.com\/avatar\/ca004e6cba8462b8cb7abc86e382930c?s=96&d=mm&r=g","contentUrl":"https:\/\/secure.gravatar.com\/avatar\/ca004e6cba8462b8cb7abc86e382930c?s=96&d=mm&r=g","caption":"admin"}}]}},"_links":{"self":[{"href":"https:\/\/volcanes.net\/index.php?rest_route=\/wp\/v2\/posts\/2037"}],"collection":[{"href":"https:\/\/volcanes.net\/index.php?rest_route=\/wp\/v2\/posts"}],"about":[{"href":"https:\/\/volcanes.net\/index.php?rest_route=\/wp\/v2\/types\/post"}],"author":[{"embeddable":true,"href":"https:\/\/volcanes.net\/index.php?rest_route=\/wp\/v2\/users\/1"}],"replies":[{"embeddable":true,"href":"https:\/\/volcanes.net\/index.php?rest_route=%2Fwp%2Fv2%2Fcomments&post=2037"}],"version-history":[{"count":1,"href":"https:\/\/volcanes.net\/index.php?rest_route=\/wp\/v2\/posts\/2037\/revisions"}],"predecessor-version":[{"id":2039,"href":"https:\/\/volcanes.net\/index.php?rest_route=\/wp\/v2\/posts\/2037\/revisions\/2039"}],"wp:featuredmedia":[{"embeddable":true,"href":"https:\/\/volcanes.net\/index.php?rest_route=\/wp\/v2\/media\/2038"}],"wp:attachment":[{"href":"https:\/\/volcanes.net\/index.php?rest_route=%2Fwp%2Fv2%2Fmedia&parent=2037"}],"wp:term":[{"taxonomy":"category","embeddable":true,"href":"https:\/\/volcanes.net\/index.php?rest_route=%2Fwp%2Fv2%2Fcategories&post=2037"},{"taxonomy":"post_tag","embeddable":true,"href":"https:\/\/volcanes.net\/index.php?rest_route=%2Fwp%2Fv2%2Ftags&post=2037"}],"curies":[{"name":"wp","href":"https:\/\/api.w.org\/{rel}","templated":true}]}}