{"id":2052,"date":"2018-07-06T16:56:47","date_gmt":"2018-07-06T16:56:47","guid":{"rendered":"http:\/\/volcanes.net\/?p=2052"},"modified":"2018-07-06T16:56:47","modified_gmt":"2018-07-06T16:56:47","slug":"difem-invita-a-los-pequenos-a-disfrutar-de-musica-danza-y-teatro-en-el-primer-curso-de-verano-2018","status":"publish","type":"post","link":"https:\/\/volcanes.net\/?p=2052","title":{"rendered":"DIFEM invita a los peque\u00f1os a disfrutar de m\u00fasica, danza y teatro en el Primer Curso de Verano 2018"},"content":{"rendered":"<div style=\"margin-top: 0px; margin-bottom: 0px;\" class=\"sharethis-inline-share-buttons\" ><\/div><p>Para disfrutar de actividades culturales, educativas y recreativas en este periodo vacacional, la Biblioteca Infantil y Juvenil del Sistema para el Desarrollo Integral de la Familia del Estado de M\u00e9xico (DIFEM) invita a participar en el Primer Curso de Verano 2018.<\/p>\n<p>Para los talleres de julio, las inscripciones estar\u00e1n abiertas hasta el d\u00eda 7 del mismo mes; mientras que para las actividades de agosto, las inscripciones ser\u00e1n del 17 al 21 de julio.<\/p>\n<p>En este mes, los talleres son Juego, me muevo y me divierto, para ni\u00f1os de 3 a 4 a\u00f1os de edad; Manos a la obra, de 5 a 6 a\u00f1os de edad; Y qu\u00e9 pasa si actuamos\u2026, de 7 a 12 a\u00f1os de edad. Los tres se realizar\u00e1n durante los d\u00edas 17, 18, 19, 20, 24, 25, 26, 27 y 31 de julio, de 10:30 a 14:00 horas.<\/p>\n<p>En tanto que La marcha de las vocales, de 3 a 4 a\u00f1os de edad; Las letras cuentan, de 5 a 6 a\u00f1os de edad, y Las palabras hablar\u00e1n, de 7 a 12 a\u00f1os de edad, se realizar\u00e1n los d\u00edas 17, 18, 19, 20, 24, 25, 26, 27 y 31 de julio, en un horario de 15:00 a 18:00 horas.<\/p>\n<p>Para el mes de agosto, las actividades son De la nada a una forma, de 3 a 4 a\u00f1os de edad; Lee, imagina y crea, de 5 a 6 a\u00f1os de edad, y Sombras chinescas, de 7 a 12 a\u00f1os de edad, los d\u00edas 1, 2, 3, 7, 8, 9 y 10, de 10:30 a 14:00 horas.<\/p>\n<p>Alicia en el pa\u00eds de las maravillas, de 3 a 4 a\u00f1os de edad; Pinocho, de 5 a 6 a\u00f1os de edad, y La bella y la bestia, de 7 a 12 a\u00f1os de edad, se efectuar\u00e1n los d\u00edas 1, 2, 3, 7, 8, 9 y 10, de 15:00 a 18:00 horas.<\/p>\n<p>Para mayor informaci\u00f3n los interesados pueden acudir a Andr\u00e9s Quintana Roo, esquina con Ezequiel Ord\u00f3\u00f1ez, sin n\u00famero, Toluca, Estado de M\u00e9xico, en la Alameda Central, de martes a s\u00e1bado de 10:00 a 18:30 horas, o bien llamar al n\u00famero telef\u00f3nico 01722-213-0633.<\/p>\n","protected":false},"excerpt":{"rendered":"<p>Para disfrutar de actividades culturales, educativas y recreativas en este periodo vacacional, la Biblioteca Infantil<\/p>\n","protected":false},"author":1,"featured_media":2053,"comment_status":"open","ping_status":"open","sticky":false,"template":"","format":"standard","meta":{"footnotes":""},"categories":[3],"tags":[7,89,9,73,77,120,63,91,6,85,90,75,21,76,71,22,92,41,43],"class_list":["post-2052","post","type-post","status-publish","format-standard","has-post-thumbnail","hentry","category-estatales","tag-amecameca","tag-atizapan","tag-chalco","tag-chimalhuacan","tag-coacalco","tag-difem","tag-ecatepec","tag-huixquilucan","tag-ixtapaluca","tag-izcalli","tag-la-paz","tag-naucalpan","tag-nezahualcoyotl","tag-nicolas-romero","tag-tecamac","tag-texcoco","tag-tlalnepantla","tag-toluca","tag-tultitlan"],"yoast_head":"<!-- This site is optimized with the Yoast SEO plugin v25.3 - https:\/\/yoast.com\/wordpress\/plugins\/seo\/ -->\n<title>DIFEM invita a los peque\u00f1os a disfrutar de m\u00fasica, danza y teatro en el Primer Curso de Verano 2018 - Volcanes<\/title>\n<meta name=\"robots\" content=\"index, follow, max-snippet:-1, max-image-preview:large, max-video-preview:-1\" \/>\n<link rel=\"canonical\" href=\"https:\/\/volcanes.net\/?p=2052\" \/>\n<meta property=\"og:locale\" content=\"es_MX\" \/>\n<meta property=\"og:type\" content=\"article\" \/>\n<meta property=\"og:title\" content=\"DIFEM invita a los peque\u00f1os a disfrutar de m\u00fasica, danza y teatro en el Primer Curso de Verano 2018 - Volcanes\" \/>\n<meta property=\"og:description\" content=\"Para disfrutar de actividades culturales, educativas y recreativas en este periodo vacacional, la Biblioteca Infantil\" \/>\n<meta property=\"og:url\" content=\"https:\/\/volcanes.net\/?p=2052\" \/>\n<meta property=\"og:site_name\" content=\"Volcanes\" \/>\n<meta property=\"article:publisher\" content=\"https:\/\/www.facebook.com\/volcanes.net\/\" \/>\n<meta property=\"article:published_time\" content=\"2018-07-06T16:56:47+00:00\" \/>\n<meta property=\"og:image\" content=\"https:\/\/volcanes.net\/wp-content\/uploads\/2018\/07\/curso-de-verano-e1530896187677.jpeg\" \/>\n\t<meta property=\"og:image:width\" content=\"400\" \/>\n\t<meta property=\"og:image:height\" content=\"267\" \/>\n\t<meta property=\"og:image:type\" content=\"image\/jpeg\" \/>\n<meta name=\"author\" content=\"admin\" \/>\n<meta name=\"twitter:card\" content=\"summary_large_image\" \/>\n<meta name=\"twitter:label1\" content=\"Escrito por\" \/>\n\t<meta name=\"twitter:data1\" content=\"admin\" \/>\n\t<meta name=\"twitter:label2\" content=\"Tiempo de lectura\" \/>\n\t<meta name=\"twitter:data2\" content=\"2 minutos\" \/>\n<script type=\"application\/ld+json\" class=\"yoast-schema-graph\">{\"@context\":\"https:\/\/schema.org\",\"@graph\":[{\"@type\":\"Article\",\"@id\":\"https:\/\/volcanes.net\/?p=2052#article\",\"isPartOf\":{\"@id\":\"https:\/\/volcanes.net\/?p=2052\"},\"author\":{\"name\":\"admin\",\"@id\":\"https:\/\/volcanes.net\/#\/schema\/person\/4bf0f383940966a4abd53f5048c0e6b9\"},\"headline\":\"DIFEM invita a los peque\u00f1os a disfrutar de m\u00fasica, danza y teatro en el Primer Curso de Verano 2018\",\"datePublished\":\"2018-07-06T16:56:47+00:00\",\"mainEntityOfPage\":{\"@id\":\"https:\/\/volcanes.net\/?p=2052\"},\"wordCount\":336,\"commentCount\":0,\"publisher\":{\"@id\":\"https:\/\/volcanes.net\/#organization\"},\"image\":{\"@id\":\"https:\/\/volcanes.net\/?p=2052#primaryimage\"},\"thumbnailUrl\":\"https:\/\/volcanes.net\/wp-content\/uploads\/2018\/07\/curso-de-verano-e1530896187677.jpeg\",\"keywords\":[\"Amecameca\",\"Atizap\u00e1n\",\"Chalco\",\"Chimalhuac\u00e1n\",\"Coacalco\",\"DIFEM\",\"Ecatepec\",\"Huixquilucan\",\"Ixtapaluca\",\"Izcalli\",\"La Paz\",\"Naucalpan\",\"Nezahualc\u00f3yotl\",\"Nicol\u00e1s Romero\",\"Tec\u00e1mac\",\"Texcoco\",\"Tlalnepantla\",\"Toluca\",\"Tultitl\u00e1n\"],\"articleSection\":[\"Estatales\"],\"inLanguage\":\"es\",\"potentialAction\":[{\"@type\":\"CommentAction\",\"name\":\"Comment\",\"target\":[\"https:\/\/volcanes.net\/?p=2052#respond\"]}]},{\"@type\":\"WebPage\",\"@id\":\"https:\/\/volcanes.net\/?p=2052\",\"url\":\"https:\/\/volcanes.net\/?p=2052\",\"name\":\"DIFEM invita a los peque\u00f1os a disfrutar de m\u00fasica, danza y teatro en el Primer Curso de Verano 2018 - Volcanes\",\"isPartOf\":{\"@id\":\"https:\/\/volcanes.net\/#website\"},\"primaryImageOfPage\":{\"@id\":\"https:\/\/volcanes.net\/?p=2052#primaryimage\"},\"image\":{\"@id\":\"https:\/\/volcanes.net\/?p=2052#primaryimage\"},\"thumbnailUrl\":\"https:\/\/volcanes.net\/wp-content\/uploads\/2018\/07\/curso-de-verano-e1530896187677.jpeg\",\"datePublished\":\"2018-07-06T16:56:47+00:00\",\"breadcrumb\":{\"@id\":\"https:\/\/volcanes.net\/?p=2052#breadcrumb\"},\"inLanguage\":\"es\",\"potentialAction\":[{\"@type\":\"ReadAction\",\"target\":[\"https:\/\/volcanes.net\/?p=2052\"]}]},{\"@type\":\"ImageObject\",\"inLanguage\":\"es\",\"@id\":\"https:\/\/volcanes.net\/?p=2052#primaryimage\",\"url\":\"https:\/\/volcanes.net\/wp-content\/uploads\/2018\/07\/curso-de-verano-e1530896187677.jpeg\",\"contentUrl\":\"https:\/\/volcanes.net\/wp-content\/uploads\/2018\/07\/curso-de-verano-e1530896187677.jpeg\",\"width\":400,\"height\":267},{\"@type\":\"BreadcrumbList\",\"@id\":\"https:\/\/volcanes.net\/?p=2052#breadcrumb\",\"itemListElement\":[{\"@type\":\"ListItem\",\"position\":1,\"name\":\"Portada\",\"item\":\"https:\/\/volcanes.net\/\"},{\"@type\":\"ListItem\",\"position\":2,\"name\":\"DIFEM invita a los peque\u00f1os a disfrutar de m\u00fasica, danza y teatro en el Primer Curso de Verano 2018\"}]},{\"@type\":\"WebSite\",\"@id\":\"https:\/\/volcanes.net\/#website\",\"url\":\"https:\/\/volcanes.net\/\",\"name\":\"Volcanes.Net\",\"description\":\"Periodismo Profesional\",\"publisher\":{\"@id\":\"https:\/\/volcanes.net\/#organization\"},\"potentialAction\":[{\"@type\":\"SearchAction\",\"target\":{\"@type\":\"EntryPoint\",\"urlTemplate\":\"https:\/\/volcanes.net\/?s={search_term_string}\"},\"query-input\":{\"@type\":\"PropertyValueSpecification\",\"valueRequired\":true,\"valueName\":\"search_term_string\"}}],\"inLanguage\":\"es\"},{\"@type\":\"Organization\",\"@id\":\"https:\/\/volcanes.net\/#organization\",\"name\":\"Grupo Volcanes\",\"url\":\"https:\/\/volcanes.net\/\",\"logo\":{\"@type\":\"ImageObject\",\"inLanguage\":\"es\",\"@id\":\"https:\/\/volcanes.net\/#\/schema\/logo\/image\/\",\"url\":\"http:\/\/volcanes.net\/wp-content\/uploads\/2017\/12\/Avatar2.jpg\",\"contentUrl\":\"http:\/\/volcanes.net\/wp-content\/uploads\/2017\/12\/Avatar2.jpg\",\"width\":378,\"height\":378,\"caption\":\"Grupo Volcanes\"},\"image\":{\"@id\":\"https:\/\/volcanes.net\/#\/schema\/logo\/image\/\"},\"sameAs\":[\"https:\/\/www.facebook.com\/volcanes.net\/\"]},{\"@type\":\"Person\",\"@id\":\"https:\/\/volcanes.net\/#\/schema\/person\/4bf0f383940966a4abd53f5048c0e6b9\",\"name\":\"admin\",\"image\":{\"@type\":\"ImageObject\",\"inLanguage\":\"es\",\"@id\":\"https:\/\/volcanes.net\/#\/schema\/person\/image\/\",\"url\":\"https:\/\/secure.gravatar.com\/avatar\/ca004e6cba8462b8cb7abc86e382930c?s=96&d=mm&r=g\",\"contentUrl\":\"https:\/\/secure.gravatar.com\/avatar\/ca004e6cba8462b8cb7abc86e382930c?s=96&d=mm&r=g\",\"caption\":\"admin\"}}]}<\/script>\n<!-- \/ Yoast SEO plugin. -->","yoast_head_json":{"title":"DIFEM invita a los peque\u00f1os a disfrutar de m\u00fasica, danza y teatro en el Primer Curso de Verano 2018 - Volcanes","robots":{"index":"index","follow":"follow","max-snippet":"max-snippet:-1","max-image-preview":"max-image-preview:large","max-video-preview":"max-video-preview:-1"},"canonical":"https:\/\/volcanes.net\/?p=2052","og_locale":"es_MX","og_type":"article","og_title":"DIFEM invita a los peque\u00f1os a disfrutar de m\u00fasica, danza y teatro en el Primer Curso de Verano 2018 - Volcanes","og_description":"Para disfrutar de actividades culturales, educativas y recreativas en este periodo vacacional, la Biblioteca Infantil","og_url":"https:\/\/volcanes.net\/?p=2052","og_site_name":"Volcanes","article_publisher":"https:\/\/www.facebook.com\/volcanes.net\/","article_published_time":"2018-07-06T16:56:47+00:00","og_image":[{"width":400,"height":267,"url":"https:\/\/volcanes.net\/wp-content\/uploads\/2018\/07\/curso-de-verano-e1530896187677.jpeg","type":"image\/jpeg"}],"author":"admin","twitter_card":"summary_large_image","twitter_misc":{"Escrito por":"admin","Tiempo de lectura":"2 minutos"},"schema":{"@context":"https:\/\/schema.org","@graph":[{"@type":"Article","@id":"https:\/\/volcanes.net\/?p=2052#article","isPartOf":{"@id":"https:\/\/volcanes.net\/?p=2052"},"author":{"name":"admin","@id":"https:\/\/volcanes.net\/#\/schema\/person\/4bf0f383940966a4abd53f5048c0e6b9"},"headline":"DIFEM invita a los peque\u00f1os a disfrutar de m\u00fasica, danza y teatro en el Primer Curso de Verano 2018","datePublished":"2018-07-06T16:56:47+00:00","mainEntityOfPage":{"@id":"https:\/\/volcanes.net\/?p=2052"},"wordCount":336,"commentCount":0,"publisher":{"@id":"https:\/\/volcanes.net\/#organization"},"image":{"@id":"https:\/\/volcanes.net\/?p=2052#primaryimage"},"thumbnailUrl":"https:\/\/volcanes.net\/wp-content\/uploads\/2018\/07\/curso-de-verano-e1530896187677.jpeg","keywords":["Amecameca","Atizap\u00e1n","Chalco","Chimalhuac\u00e1n","Coacalco","DIFEM","Ecatepec","Huixquilucan","Ixtapaluca","Izcalli","La Paz","Naucalpan","Nezahualc\u00f3yotl","Nicol\u00e1s Romero","Tec\u00e1mac","Texcoco","Tlalnepantla","Toluca","Tultitl\u00e1n"],"articleSection":["Estatales"],"inLanguage":"es","potentialAction":[{"@type":"CommentAction","name":"Comment","target":["https:\/\/volcanes.net\/?p=2052#respond"]}]},{"@type":"WebPage","@id":"https:\/\/volcanes.net\/?p=2052","url":"https:\/\/volcanes.net\/?p=2052","name":"DIFEM invita a los peque\u00f1os a disfrutar de m\u00fasica, danza y teatro en el Primer Curso de Verano 2018 - Volcanes","isPartOf":{"@id":"https:\/\/volcanes.net\/#website"},"primaryImageOfPage":{"@id":"https:\/\/volcanes.net\/?p=2052#primaryimage"},"image":{"@id":"https:\/\/volcanes.net\/?p=2052#primaryimage"},"thumbnailUrl":"https:\/\/volcanes.net\/wp-content\/uploads\/2018\/07\/curso-de-verano-e1530896187677.jpeg","datePublished":"2018-07-06T16:56:47+00:00","breadcrumb":{"@id":"https:\/\/volcanes.net\/?p=2052#breadcrumb"},"inLanguage":"es","potentialAction":[{"@type":"ReadAction","target":["https:\/\/volcanes.net\/?p=2052"]}]},{"@type":"ImageObject","inLanguage":"es","@id":"https:\/\/volcanes.net\/?p=2052#primaryimage","url":"https:\/\/volcanes.net\/wp-content\/uploads\/2018\/07\/curso-de-verano-e1530896187677.jpeg","contentUrl":"https:\/\/volcanes.net\/wp-content\/uploads\/2018\/07\/curso-de-verano-e1530896187677.jpeg","width":400,"height":267},{"@type":"BreadcrumbList","@id":"https:\/\/volcanes.net\/?p=2052#breadcrumb","itemListElement":[{"@type":"ListItem","position":1,"name":"Portada","item":"https:\/\/volcanes.net\/"},{"@type":"ListItem","position":2,"name":"DIFEM invita a los peque\u00f1os a disfrutar de m\u00fasica, danza y teatro en el Primer Curso de Verano 2018"}]},{"@type":"WebSite","@id":"https:\/\/volcanes.net\/#website","url":"https:\/\/volcanes.net\/","name":"Volcanes.Net","description":"Periodismo Profesional","publisher":{"@id":"https:\/\/volcanes.net\/#organization"},"potentialAction":[{"@type":"SearchAction","target":{"@type":"EntryPoint","urlTemplate":"https:\/\/volcanes.net\/?s={search_term_string}"},"query-input":{"@type":"PropertyValueSpecification","valueRequired":true,"valueName":"search_term_string"}}],"inLanguage":"es"},{"@type":"Organization","@id":"https:\/\/volcanes.net\/#organization","name":"Grupo Volcanes","url":"https:\/\/volcanes.net\/","logo":{"@type":"ImageObject","inLanguage":"es","@id":"https:\/\/volcanes.net\/#\/schema\/logo\/image\/","url":"http:\/\/volcanes.net\/wp-content\/uploads\/2017\/12\/Avatar2.jpg","contentUrl":"http:\/\/volcanes.net\/wp-content\/uploads\/2017\/12\/Avatar2.jpg","width":378,"height":378,"caption":"Grupo Volcanes"},"image":{"@id":"https:\/\/volcanes.net\/#\/schema\/logo\/image\/"},"sameAs":["https:\/\/www.facebook.com\/volcanes.net\/"]},{"@type":"Person","@id":"https:\/\/volcanes.net\/#\/schema\/person\/4bf0f383940966a4abd53f5048c0e6b9","name":"admin","image":{"@type":"ImageObject","inLanguage":"es","@id":"https:\/\/volcanes.net\/#\/schema\/person\/image\/","url":"https:\/\/secure.gravatar.com\/avatar\/ca004e6cba8462b8cb7abc86e382930c?s=96&d=mm&r=g","contentUrl":"https:\/\/secure.gravatar.com\/avatar\/ca004e6cba8462b8cb7abc86e382930c?s=96&d=mm&r=g","caption":"admin"}}]}},"_links":{"self":[{"href":"https:\/\/volcanes.net\/index.php?rest_route=\/wp\/v2\/posts\/2052"}],"collection":[{"href":"https:\/\/volcanes.net\/index.php?rest_route=\/wp\/v2\/posts"}],"about":[{"href":"https:\/\/volcanes.net\/index.php?rest_route=\/wp\/v2\/types\/post"}],"author":[{"embeddable":true,"href":"https:\/\/volcanes.net\/index.php?rest_route=\/wp\/v2\/users\/1"}],"replies":[{"embeddable":true,"href":"https:\/\/volcanes.net\/index.php?rest_route=%2Fwp%2Fv2%2Fcomments&post=2052"}],"version-history":[{"count":1,"href":"https:\/\/volcanes.net\/index.php?rest_route=\/wp\/v2\/posts\/2052\/revisions"}],"predecessor-version":[{"id":2054,"href":"https:\/\/volcanes.net\/index.php?rest_route=\/wp\/v2\/posts\/2052\/revisions\/2054"}],"wp:featuredmedia":[{"embeddable":true,"href":"https:\/\/volcanes.net\/index.php?rest_route=\/wp\/v2\/media\/2053"}],"wp:attachment":[{"href":"https:\/\/volcanes.net\/index.php?rest_route=%2Fwp%2Fv2%2Fmedia&parent=2052"}],"wp:term":[{"taxonomy":"category","embeddable":true,"href":"https:\/\/volcanes.net\/index.php?rest_route=%2Fwp%2Fv2%2Fcategories&post=2052"},{"taxonomy":"post_tag","embeddable":true,"href":"https:\/\/volcanes.net\/index.php?rest_route=%2Fwp%2Fv2%2Ftags&post=2052"}],"curies":[{"name":"wp","href":"https:\/\/api.w.org\/{rel}","templated":true}]}}