{"id":2055,"date":"2018-07-06T16:59:12","date_gmt":"2018-07-06T16:59:12","guid":{"rendered":"http:\/\/volcanes.net\/?p=2055"},"modified":"2018-07-06T16:59:12","modified_gmt":"2018-07-06T16:59:12","slug":"pena-nieto-celebra-conviccion-democratica-de-meade-y-le-desea-exito","status":"publish","type":"post","link":"https:\/\/volcanes.net\/?p=2055","title":{"rendered":"Pe\u00f1a Nieto celebra convicci\u00f3n democr\u00e1tica de Meade y le desea \u00e9xito"},"content":{"rendered":"<div style=\"margin-top: 0px; margin-bottom: 0px;\" class=\"sharethis-inline-share-buttons\" ><\/div><p>El presidente Enrique Pe\u00f1a Nieto celebr\u00f3 la convicci\u00f3n democr\u00e1tica de Jos\u00e9 Antonio Meade, candidato presidencial de la coalici\u00f3n Todos por M\u00e9xico, a quien tambi\u00e9n le dese\u00f3 \u00e9xito en los proyectos personales y profesionales que emprenda junto a su familia.<\/p>\n<p>Durante un encuentro que sostuvieron la tarde de este jueves en la residencia oficial de Los Pinos, ambos coincidieron en la importancia de mantener la unidad de los mexicanos, as\u00ed como de seguir mejorando a las instituciones.<\/p>\n<p>\u201cEn unidad, los mexicanos hemos construido un pa\u00eds m\u00e1s fuerte y con m\u00e1s oportunidades para todos\u201d, subray\u00f3 el titular del Ejecutivo Federal al representante de la coalici\u00f3n integrada por los partidos Revolucionario Institucional (PRI), Verde Ecologista de M\u00e9xico (PVEM) y Nueva Alianza.<\/p>\n<p>En ese se sentido, Pe\u00f1a Nieto agradeci\u00f3 a Meade la colaboraci\u00f3n que brind\u00f3 durante su administraci\u00f3n. Asimismo reconoci\u00f3 la convicci\u00f3n democr\u00e1tica que Meade Kuribre\u00f1a mostr\u00f3 a lo largo de su campa\u00f1a en las elecciones federales de 2018 y durante la jornada electoral del 1 de julio.<\/p>\n<p>Por otro lado, mediante su cuenta en Twitter, Pe\u00f1a Nieto escribi\u00f3: \u201cHoy convers\u00e9 con Jos\u00e9 Antonio Meade. Celebro su convicci\u00f3n democr\u00e1tica. Coincidimos en que, en unidad, los mexicanos hemos construido un pa\u00eds m\u00e1s fuerte y con m\u00e1s oportunidades para todos.<\/p>\n<p>\u201cLe agradec\u00ed su colaboraci\u00f3n en mi administraci\u00f3n; s\u00e9 que seguir\u00e1 trabajando por un M\u00e9xico mejor\u201d, indic\u00f3 el jefe del Ejecutivo federal a trav\u00e9s de la red social en la que public\u00f3 fotos del encuentro en la residencia oficial de Los Pinos.<\/p>\n","protected":false},"excerpt":{"rendered":"<p>El presidente Enrique Pe\u00f1a Nieto celebr\u00f3 la convicci\u00f3n democr\u00e1tica de Jos\u00e9 Antonio Meade, candidato presidencial<\/p>\n","protected":false},"author":1,"featured_media":2056,"comment_status":"open","ping_status":"open","sticky":false,"template":"","format":"standard","meta":{"footnotes":""},"categories":[1],"tags":[44],"class_list":["post-2055","post","type-post","status-publish","format-standard","has-post-thumbnail","hentry","category-municipales","tag-gobierno-de-la-republica"],"yoast_head":"<!-- This site is optimized with the Yoast SEO plugin v25.3 - https:\/\/yoast.com\/wordpress\/plugins\/seo\/ -->\n<title>Pe\u00f1a Nieto celebra convicci\u00f3n democr\u00e1tica de Meade y le desea \u00e9xito - Volcanes<\/title>\n<meta name=\"robots\" content=\"index, follow, max-snippet:-1, max-image-preview:large, max-video-preview:-1\" \/>\n<link rel=\"canonical\" href=\"https:\/\/volcanes.net\/?p=2055\" \/>\n<meta property=\"og:locale\" content=\"es_MX\" \/>\n<meta property=\"og:type\" content=\"article\" \/>\n<meta property=\"og:title\" content=\"Pe\u00f1a Nieto celebra convicci\u00f3n democr\u00e1tica de Meade y le desea \u00e9xito - Volcanes\" \/>\n<meta property=\"og:description\" content=\"El presidente Enrique Pe\u00f1a Nieto celebr\u00f3 la convicci\u00f3n democr\u00e1tica de Jos\u00e9 Antonio Meade, candidato presidencial\" \/>\n<meta property=\"og:url\" content=\"https:\/\/volcanes.net\/?p=2055\" \/>\n<meta property=\"og:site_name\" content=\"Volcanes\" \/>\n<meta property=\"article:publisher\" content=\"https:\/\/www.facebook.com\/volcanes.net\/\" \/>\n<meta property=\"article:published_time\" content=\"2018-07-06T16:59:12+00:00\" \/>\n<meta property=\"og:image\" content=\"https:\/\/volcanes.net\/wp-content\/uploads\/2018\/07\/epn-meade.jpg\" \/>\n\t<meta property=\"og:image:width\" content=\"400\" \/>\n\t<meta property=\"og:image:height\" content=\"200\" \/>\n\t<meta property=\"og:image:type\" content=\"image\/jpeg\" \/>\n<meta name=\"author\" content=\"admin\" \/>\n<meta name=\"twitter:card\" content=\"summary_large_image\" \/>\n<meta name=\"twitter:label1\" content=\"Escrito por\" \/>\n\t<meta name=\"twitter:data1\" content=\"admin\" \/>\n\t<meta name=\"twitter:label2\" content=\"Tiempo de lectura\" \/>\n\t<meta name=\"twitter:data2\" content=\"1 minuto\" \/>\n<script type=\"application\/ld+json\" class=\"yoast-schema-graph\">{\"@context\":\"https:\/\/schema.org\",\"@graph\":[{\"@type\":\"Article\",\"@id\":\"https:\/\/volcanes.net\/?p=2055#article\",\"isPartOf\":{\"@id\":\"https:\/\/volcanes.net\/?p=2055\"},\"author\":{\"name\":\"admin\",\"@id\":\"https:\/\/volcanes.net\/#\/schema\/person\/4bf0f383940966a4abd53f5048c0e6b9\"},\"headline\":\"Pe\u00f1a Nieto celebra convicci\u00f3n democr\u00e1tica de Meade y le desea \u00e9xito\",\"datePublished\":\"2018-07-06T16:59:12+00:00\",\"mainEntityOfPage\":{\"@id\":\"https:\/\/volcanes.net\/?p=2055\"},\"wordCount\":285,\"commentCount\":0,\"publisher\":{\"@id\":\"https:\/\/volcanes.net\/#organization\"},\"image\":{\"@id\":\"https:\/\/volcanes.net\/?p=2055#primaryimage\"},\"thumbnailUrl\":\"https:\/\/volcanes.net\/wp-content\/uploads\/2018\/07\/epn-meade.jpg\",\"keywords\":[\"Gobierno de la Rep\u00fablica\"],\"articleSection\":[\"Municipales\"],\"inLanguage\":\"es\",\"potentialAction\":[{\"@type\":\"CommentAction\",\"name\":\"Comment\",\"target\":[\"https:\/\/volcanes.net\/?p=2055#respond\"]}]},{\"@type\":\"WebPage\",\"@id\":\"https:\/\/volcanes.net\/?p=2055\",\"url\":\"https:\/\/volcanes.net\/?p=2055\",\"name\":\"Pe\u00f1a Nieto celebra convicci\u00f3n democr\u00e1tica de Meade y le desea \u00e9xito - Volcanes\",\"isPartOf\":{\"@id\":\"https:\/\/volcanes.net\/#website\"},\"primaryImageOfPage\":{\"@id\":\"https:\/\/volcanes.net\/?p=2055#primaryimage\"},\"image\":{\"@id\":\"https:\/\/volcanes.net\/?p=2055#primaryimage\"},\"thumbnailUrl\":\"https:\/\/volcanes.net\/wp-content\/uploads\/2018\/07\/epn-meade.jpg\",\"datePublished\":\"2018-07-06T16:59:12+00:00\",\"breadcrumb\":{\"@id\":\"https:\/\/volcanes.net\/?p=2055#breadcrumb\"},\"inLanguage\":\"es\",\"potentialAction\":[{\"@type\":\"ReadAction\",\"target\":[\"https:\/\/volcanes.net\/?p=2055\"]}]},{\"@type\":\"ImageObject\",\"inLanguage\":\"es\",\"@id\":\"https:\/\/volcanes.net\/?p=2055#primaryimage\",\"url\":\"https:\/\/volcanes.net\/wp-content\/uploads\/2018\/07\/epn-meade.jpg\",\"contentUrl\":\"https:\/\/volcanes.net\/wp-content\/uploads\/2018\/07\/epn-meade.jpg\",\"width\":400,\"height\":200},{\"@type\":\"BreadcrumbList\",\"@id\":\"https:\/\/volcanes.net\/?p=2055#breadcrumb\",\"itemListElement\":[{\"@type\":\"ListItem\",\"position\":1,\"name\":\"Portada\",\"item\":\"https:\/\/volcanes.net\/\"},{\"@type\":\"ListItem\",\"position\":2,\"name\":\"Pe\u00f1a Nieto celebra convicci\u00f3n democr\u00e1tica de Meade y le desea \u00e9xito\"}]},{\"@type\":\"WebSite\",\"@id\":\"https:\/\/volcanes.net\/#website\",\"url\":\"https:\/\/volcanes.net\/\",\"name\":\"Volcanes.Net\",\"description\":\"Periodismo Profesional\",\"publisher\":{\"@id\":\"https:\/\/volcanes.net\/#organization\"},\"potentialAction\":[{\"@type\":\"SearchAction\",\"target\":{\"@type\":\"EntryPoint\",\"urlTemplate\":\"https:\/\/volcanes.net\/?s={search_term_string}\"},\"query-input\":{\"@type\":\"PropertyValueSpecification\",\"valueRequired\":true,\"valueName\":\"search_term_string\"}}],\"inLanguage\":\"es\"},{\"@type\":\"Organization\",\"@id\":\"https:\/\/volcanes.net\/#organization\",\"name\":\"Grupo Volcanes\",\"url\":\"https:\/\/volcanes.net\/\",\"logo\":{\"@type\":\"ImageObject\",\"inLanguage\":\"es\",\"@id\":\"https:\/\/volcanes.net\/#\/schema\/logo\/image\/\",\"url\":\"http:\/\/volcanes.net\/wp-content\/uploads\/2017\/12\/Avatar2.jpg\",\"contentUrl\":\"http:\/\/volcanes.net\/wp-content\/uploads\/2017\/12\/Avatar2.jpg\",\"width\":378,\"height\":378,\"caption\":\"Grupo Volcanes\"},\"image\":{\"@id\":\"https:\/\/volcanes.net\/#\/schema\/logo\/image\/\"},\"sameAs\":[\"https:\/\/www.facebook.com\/volcanes.net\/\"]},{\"@type\":\"Person\",\"@id\":\"https:\/\/volcanes.net\/#\/schema\/person\/4bf0f383940966a4abd53f5048c0e6b9\",\"name\":\"admin\",\"image\":{\"@type\":\"ImageObject\",\"inLanguage\":\"es\",\"@id\":\"https:\/\/volcanes.net\/#\/schema\/person\/image\/\",\"url\":\"https:\/\/secure.gravatar.com\/avatar\/ca004e6cba8462b8cb7abc86e382930c?s=96&d=mm&r=g\",\"contentUrl\":\"https:\/\/secure.gravatar.com\/avatar\/ca004e6cba8462b8cb7abc86e382930c?s=96&d=mm&r=g\",\"caption\":\"admin\"}}]}<\/script>\n<!-- \/ Yoast SEO plugin. -->","yoast_head_json":{"title":"Pe\u00f1a Nieto celebra convicci\u00f3n democr\u00e1tica de Meade y le desea \u00e9xito - Volcanes","robots":{"index":"index","follow":"follow","max-snippet":"max-snippet:-1","max-image-preview":"max-image-preview:large","max-video-preview":"max-video-preview:-1"},"canonical":"https:\/\/volcanes.net\/?p=2055","og_locale":"es_MX","og_type":"article","og_title":"Pe\u00f1a Nieto celebra convicci\u00f3n democr\u00e1tica de Meade y le desea \u00e9xito - Volcanes","og_description":"El presidente Enrique Pe\u00f1a Nieto celebr\u00f3 la convicci\u00f3n democr\u00e1tica de Jos\u00e9 Antonio Meade, candidato presidencial","og_url":"https:\/\/volcanes.net\/?p=2055","og_site_name":"Volcanes","article_publisher":"https:\/\/www.facebook.com\/volcanes.net\/","article_published_time":"2018-07-06T16:59:12+00:00","og_image":[{"width":400,"height":200,"url":"https:\/\/volcanes.net\/wp-content\/uploads\/2018\/07\/epn-meade.jpg","type":"image\/jpeg"}],"author":"admin","twitter_card":"summary_large_image","twitter_misc":{"Escrito por":"admin","Tiempo de lectura":"1 minuto"},"schema":{"@context":"https:\/\/schema.org","@graph":[{"@type":"Article","@id":"https:\/\/volcanes.net\/?p=2055#article","isPartOf":{"@id":"https:\/\/volcanes.net\/?p=2055"},"author":{"name":"admin","@id":"https:\/\/volcanes.net\/#\/schema\/person\/4bf0f383940966a4abd53f5048c0e6b9"},"headline":"Pe\u00f1a Nieto celebra convicci\u00f3n democr\u00e1tica de Meade y le desea \u00e9xito","datePublished":"2018-07-06T16:59:12+00:00","mainEntityOfPage":{"@id":"https:\/\/volcanes.net\/?p=2055"},"wordCount":285,"commentCount":0,"publisher":{"@id":"https:\/\/volcanes.net\/#organization"},"image":{"@id":"https:\/\/volcanes.net\/?p=2055#primaryimage"},"thumbnailUrl":"https:\/\/volcanes.net\/wp-content\/uploads\/2018\/07\/epn-meade.jpg","keywords":["Gobierno de la Rep\u00fablica"],"articleSection":["Municipales"],"inLanguage":"es","potentialAction":[{"@type":"CommentAction","name":"Comment","target":["https:\/\/volcanes.net\/?p=2055#respond"]}]},{"@type":"WebPage","@id":"https:\/\/volcanes.net\/?p=2055","url":"https:\/\/volcanes.net\/?p=2055","name":"Pe\u00f1a Nieto celebra convicci\u00f3n democr\u00e1tica de Meade y le desea \u00e9xito - Volcanes","isPartOf":{"@id":"https:\/\/volcanes.net\/#website"},"primaryImageOfPage":{"@id":"https:\/\/volcanes.net\/?p=2055#primaryimage"},"image":{"@id":"https:\/\/volcanes.net\/?p=2055#primaryimage"},"thumbnailUrl":"https:\/\/volcanes.net\/wp-content\/uploads\/2018\/07\/epn-meade.jpg","datePublished":"2018-07-06T16:59:12+00:00","breadcrumb":{"@id":"https:\/\/volcanes.net\/?p=2055#breadcrumb"},"inLanguage":"es","potentialAction":[{"@type":"ReadAction","target":["https:\/\/volcanes.net\/?p=2055"]}]},{"@type":"ImageObject","inLanguage":"es","@id":"https:\/\/volcanes.net\/?p=2055#primaryimage","url":"https:\/\/volcanes.net\/wp-content\/uploads\/2018\/07\/epn-meade.jpg","contentUrl":"https:\/\/volcanes.net\/wp-content\/uploads\/2018\/07\/epn-meade.jpg","width":400,"height":200},{"@type":"BreadcrumbList","@id":"https:\/\/volcanes.net\/?p=2055#breadcrumb","itemListElement":[{"@type":"ListItem","position":1,"name":"Portada","item":"https:\/\/volcanes.net\/"},{"@type":"ListItem","position":2,"name":"Pe\u00f1a Nieto celebra convicci\u00f3n democr\u00e1tica de Meade y le desea \u00e9xito"}]},{"@type":"WebSite","@id":"https:\/\/volcanes.net\/#website","url":"https:\/\/volcanes.net\/","name":"Volcanes.Net","description":"Periodismo Profesional","publisher":{"@id":"https:\/\/volcanes.net\/#organization"},"potentialAction":[{"@type":"SearchAction","target":{"@type":"EntryPoint","urlTemplate":"https:\/\/volcanes.net\/?s={search_term_string}"},"query-input":{"@type":"PropertyValueSpecification","valueRequired":true,"valueName":"search_term_string"}}],"inLanguage":"es"},{"@type":"Organization","@id":"https:\/\/volcanes.net\/#organization","name":"Grupo Volcanes","url":"https:\/\/volcanes.net\/","logo":{"@type":"ImageObject","inLanguage":"es","@id":"https:\/\/volcanes.net\/#\/schema\/logo\/image\/","url":"http:\/\/volcanes.net\/wp-content\/uploads\/2017\/12\/Avatar2.jpg","contentUrl":"http:\/\/volcanes.net\/wp-content\/uploads\/2017\/12\/Avatar2.jpg","width":378,"height":378,"caption":"Grupo Volcanes"},"image":{"@id":"https:\/\/volcanes.net\/#\/schema\/logo\/image\/"},"sameAs":["https:\/\/www.facebook.com\/volcanes.net\/"]},{"@type":"Person","@id":"https:\/\/volcanes.net\/#\/schema\/person\/4bf0f383940966a4abd53f5048c0e6b9","name":"admin","image":{"@type":"ImageObject","inLanguage":"es","@id":"https:\/\/volcanes.net\/#\/schema\/person\/image\/","url":"https:\/\/secure.gravatar.com\/avatar\/ca004e6cba8462b8cb7abc86e382930c?s=96&d=mm&r=g","contentUrl":"https:\/\/secure.gravatar.com\/avatar\/ca004e6cba8462b8cb7abc86e382930c?s=96&d=mm&r=g","caption":"admin"}}]}},"_links":{"self":[{"href":"https:\/\/volcanes.net\/index.php?rest_route=\/wp\/v2\/posts\/2055"}],"collection":[{"href":"https:\/\/volcanes.net\/index.php?rest_route=\/wp\/v2\/posts"}],"about":[{"href":"https:\/\/volcanes.net\/index.php?rest_route=\/wp\/v2\/types\/post"}],"author":[{"embeddable":true,"href":"https:\/\/volcanes.net\/index.php?rest_route=\/wp\/v2\/users\/1"}],"replies":[{"embeddable":true,"href":"https:\/\/volcanes.net\/index.php?rest_route=%2Fwp%2Fv2%2Fcomments&post=2055"}],"version-history":[{"count":1,"href":"https:\/\/volcanes.net\/index.php?rest_route=\/wp\/v2\/posts\/2055\/revisions"}],"predecessor-version":[{"id":2057,"href":"https:\/\/volcanes.net\/index.php?rest_route=\/wp\/v2\/posts\/2055\/revisions\/2057"}],"wp:featuredmedia":[{"embeddable":true,"href":"https:\/\/volcanes.net\/index.php?rest_route=\/wp\/v2\/media\/2056"}],"wp:attachment":[{"href":"https:\/\/volcanes.net\/index.php?rest_route=%2Fwp%2Fv2%2Fmedia&parent=2055"}],"wp:term":[{"taxonomy":"category","embeddable":true,"href":"https:\/\/volcanes.net\/index.php?rest_route=%2Fwp%2Fv2%2Fcategories&post=2055"},{"taxonomy":"post_tag","embeddable":true,"href":"https:\/\/volcanes.net\/index.php?rest_route=%2Fwp%2Fv2%2Ftags&post=2055"}],"curies":[{"name":"wp","href":"https:\/\/api.w.org\/{rel}","templated":true}]}}