{"id":2085,"date":"2018-07-08T23:30:29","date_gmt":"2018-07-08T23:30:29","guid":{"rendered":"http:\/\/volcanes.net\/?p=2085"},"modified":"2018-07-08T23:30:29","modified_gmt":"2018-07-08T23:30:29","slug":"cinco-sujetos-fueron-vinculados-a-proceso-por-los-delitos-de-robo-de-vehiculo","status":"publish","type":"post","link":"https:\/\/volcanes.net\/?p=2085","title":{"rendered":"Cinco sujetos fueron vinculados a proceso por los delitos de robo de veh\u00edculo"},"content":{"rendered":"<div style=\"margin-top: 0px; margin-bottom: 0px;\" class=\"sharethis-inline-share-buttons\" ><\/div><p style=\"font-weight: 400\"><strong>Toluca, M\u00e9xico,\u00a0\u00a08 de julio de 2018.-<\/strong>\u00a0Cinco sujetos, detenidos mediante distintos operativos, fueron vinculados a proceso por los delitos de robo de veh\u00edculo con violencia y robo con violencia, luego de que personal de la Fiscal\u00eda Especializada en la Investigaci\u00f3n del Delito de Robo de Veh\u00edculo Zona Oriente, de esta Fiscal\u00eda General de Justicia mexiquense (FGJEM), acredit\u00f3 su probable participaci\u00f3n en estos hechos.<\/p>\n<p style=\"font-weight: 400\">\u00a0\u00a0\u00a0\u00a0\u00a0\u00a0\u00a0\u00a0\u00a0\u00a0\u00a0\u00a0En un primer caso, un Juez del Distrito Judicial de Ecatepec determin\u00f3 iniciar un proceso legal en contra de Hermenegildo \u201cN\u201d y Kevin \u201cN\u201d, despu\u00e9s de que el Ministerio P\u00fablico acredit\u00f3 su probable participaci\u00f3n en el delito de robo de veh\u00edculo.<\/p>\n<p style=\"font-weight: 400\">\u00a0\u00a0\u00a0\u00a0\u00a0\u00a0\u00a0\u00a0\u00a0\u00a0\u00a0\u00a0Estos sujetos fueron detenidos momentos despu\u00e9s de que al parecer amagaron con un arma de fuego al conductor de un veh\u00edculo marca Mitsubishi, para despojarlo de \u00e9ste. Hechos acontecidos en la colonia Nuevo Laredo, en el municipio de Ecatepec.<\/p>\n<p style=\"font-weight: 400\">\u00a0\u00a0\u00a0\u00a0\u00a0\u00a0\u00a0\u00a0\u00a0\u00a0\u00a0\u00a0Tras cometer el robo, estos sujetos pretendieron huir, pero fueron detenidos, por lo que fueron presentados ante el Agente del Ministerio P\u00fablico, autoridad que los remiti\u00f3 ante un Juez para que fuera determinada su situaci\u00f3n legal.<\/p>\n<p style=\"font-weight: 400\">\u00a0\u00a0\u00a0\u00a0\u00a0\u00a0\u00a0\u00a0\u00a0\u00a0\u00a0\u00a0Cabe mencionar que estos sujetos aceptaron dedicarse al robo de veh\u00edculos en la regi\u00f3n oriente de la entidad mexiquense, desde hace aproximadamente seis meses, adem\u00e1s dijeron que los veh\u00edculos posteriormente son trasladados al estado de Guanajuato para que sean comercializados.<\/p>\n<p style=\"font-weight: 400\">\u00a0\u00a0\u00a0\u00a0\u00a0\u00a0\u00a0\u00a0\u00a0\u00a0\u00a0\u00a0Por otro lado, el Representante Social de la FGJEM acredit\u00f3 tambi\u00e9n la probable participaci\u00f3n de Ram\u00f3n \u201cN\u201d, en el delito de robo de veh\u00edculo con violencia, il\u00edcito por el que un Juez determin\u00f3 vincularlo a proceso.<\/p>\n<p style=\"font-weight: 400\">\u00a0\u00a0\u00a0\u00a0\u00a0\u00a0\u00a0\u00a0\u00a0\u00a0\u00a0\u00a0El il\u00edcito se registr\u00f3 en calles de la colonia Ciudad Azteca, en el municipio de Ecatepec, donde este sujeto en complicidad con otro individuo le habr\u00eda cerrado el paso a la v\u00edctima quien conduc\u00eda su autom\u00f3vil, y despu\u00e9s lo despoj\u00f3 del mismo.<\/p>\n<p style=\"font-weight: 400\">\u00a0\u00a0\u00a0\u00a0\u00a0\u00a0\u00a0\u00a0\u00a0\u00a0\u00a0\u00a0Momentos despu\u00e9s fue detenido este individuo, a quien le fue asegurada un arma de fuego tipo revolver, la cual fue utilizada para cometer el asalto.<\/p>\n<p style=\"font-weight: 400\">\u00a0\u00a0\u00a0\u00a0\u00a0\u00a0\u00a0\u00a0\u00a0\u00a0\u00a0\u00a0En tanto que, el Representante Social de la FGJEM acredit\u00f3 adem\u00e1s la probable participaci\u00f3n de Juan Pablo \u201cN\u201d, en el delito de robo con violencia, por lo que un Juez del Distrito Judicial de Ecatepec inici\u00f3 un proceso legal en su contra.<\/p>\n<p style=\"font-weight: 400\">\u00a0\u00a0\u00a0\u00a0\u00a0\u00a0\u00a0\u00a0\u00a0\u00a0\u00a0\u00a0Este sujeto enfrenta cargos por el asalto a un peat\u00f3n acontecido en la Avenida Primero de Mayo, en la colonia Gustavo Baz Prada, en el mencionado municipio, por ello fueron detenidos e ingresados al Penal de la zona.<\/p>\n<p style=\"font-weight: 400\">\u00a0\u00a0\u00a0\u00a0\u00a0\u00a0\u00a0\u00a0\u00a0\u00a0\u00a0\u00a0Finalmente, la Autoridad Judicial con sede en Ecatepec vincul\u00f3 a proceso tambi\u00e9n a Germ\u00e1n \u201cN\u201d ya que el Ministerio P\u00fablico acredit\u00f3 su probable participaci\u00f3n en un robo de veh\u00edculo, ocurrido en la regi\u00f3n oriente de la entidad.<\/p>\n<p style=\"font-weight: 400\">\u00a0\u00a0\u00a0\u00a0\u00a0\u00a0\u00a0\u00a0\u00a0\u00a0\u00a0\u00a0A los detenidos se les debe considerar inocentes hasta que sea dictada una sentencia condenatoria en su contra.<\/p>\n<p style=\"font-weight: 400\">\u00a0\u00a0\u00a0\u00a0\u00a0\u00a0\u00a0\u00a0\u00a0\u00a0\u00a0\u00a0La Fiscal\u00eda General de Justicia estatal hace un llamado a la ciudadan\u00eda para que en caso de que reconozca a estos individuos como probables part\u00edcipes de alg\u00fan otro il\u00edcito, sean denunciados a trav\u00e9s del correo electr\u00f3nico\u00a0<a href=\"mailto:cerotolerancia@edomex.gob.mx\">cerotolerancia@edomex.gob.mx<\/a>, al n\u00famero telef\u00f3nico 01 800 7028770, o bien, por medio de la aplicaci\u00f3n FGJEdomex, la cual est\u00e1 disponible de manera gratuita para todos los tel\u00e9fonos inteligentes de los sistemas iOS y Android.<\/p>\n","protected":false},"excerpt":{"rendered":"<p>Toluca, M\u00e9xico,\u00a0\u00a08 de julio de 2018.-\u00a0Cinco sujetos, detenidos mediante distintos operativos, fueron vinculados a proceso<\/p>\n","protected":false},"author":1,"featured_media":2086,"comment_status":"open","ping_status":"open","sticky":false,"template":"","format":"standard","meta":{"footnotes":""},"categories":[1],"tags":[63],"class_list":["post-2085","post","type-post","status-publish","format-standard","has-post-thumbnail","hentry","category-municipales","tag-ecatepec"],"yoast_head":"<!-- This site is optimized with the Yoast SEO plugin v25.3 - https:\/\/yoast.com\/wordpress\/plugins\/seo\/ -->\n<title>Cinco sujetos fueron vinculados a proceso por los delitos de robo de veh\u00edculo - Volcanes<\/title>\n<meta name=\"robots\" content=\"index, follow, max-snippet:-1, max-image-preview:large, max-video-preview:-1\" \/>\n<link rel=\"canonical\" href=\"https:\/\/volcanes.net\/?p=2085\" \/>\n<meta property=\"og:locale\" content=\"es_MX\" \/>\n<meta property=\"og:type\" content=\"article\" \/>\n<meta property=\"og:title\" content=\"Cinco sujetos fueron vinculados a proceso por los delitos de robo de veh\u00edculo - Volcanes\" \/>\n<meta property=\"og:description\" content=\"Toluca, M\u00e9xico,\u00a0\u00a08 de julio de 2018.-\u00a0Cinco sujetos, detenidos mediante distintos operativos, fueron vinculados a proceso\" \/>\n<meta property=\"og:url\" content=\"https:\/\/volcanes.net\/?p=2085\" \/>\n<meta property=\"og:site_name\" content=\"Volcanes\" \/>\n<meta property=\"article:publisher\" content=\"https:\/\/www.facebook.com\/volcanes.net\/\" \/>\n<meta property=\"article:published_time\" content=\"2018-07-08T23:30:29+00:00\" \/>\n<meta property=\"og:image\" content=\"https:\/\/volcanes.net\/wp-content\/uploads\/2018\/07\/5-probables.jpg\" \/>\n\t<meta property=\"og:image:width\" content=\"448\" \/>\n\t<meta property=\"og:image:height\" content=\"299\" \/>\n\t<meta property=\"og:image:type\" content=\"image\/jpeg\" \/>\n<meta name=\"author\" content=\"admin\" \/>\n<meta name=\"twitter:card\" content=\"summary_large_image\" \/>\n<meta name=\"twitter:label1\" content=\"Escrito por\" \/>\n\t<meta name=\"twitter:data1\" content=\"admin\" \/>\n\t<meta name=\"twitter:label2\" content=\"Tiempo de lectura\" \/>\n\t<meta name=\"twitter:data2\" content=\"3 minutos\" \/>\n<script type=\"application\/ld+json\" class=\"yoast-schema-graph\">{\"@context\":\"https:\/\/schema.org\",\"@graph\":[{\"@type\":\"Article\",\"@id\":\"https:\/\/volcanes.net\/?p=2085#article\",\"isPartOf\":{\"@id\":\"https:\/\/volcanes.net\/?p=2085\"},\"author\":{\"name\":\"admin\",\"@id\":\"https:\/\/volcanes.net\/#\/schema\/person\/4bf0f383940966a4abd53f5048c0e6b9\"},\"headline\":\"Cinco sujetos fueron vinculados a proceso por los delitos de robo de veh\u00edculo\",\"datePublished\":\"2018-07-08T23:30:29+00:00\",\"mainEntityOfPage\":{\"@id\":\"https:\/\/volcanes.net\/?p=2085\"},\"wordCount\":591,\"commentCount\":0,\"publisher\":{\"@id\":\"https:\/\/volcanes.net\/#organization\"},\"image\":{\"@id\":\"https:\/\/volcanes.net\/?p=2085#primaryimage\"},\"thumbnailUrl\":\"https:\/\/volcanes.net\/wp-content\/uploads\/2018\/07\/5-probables.jpg\",\"keywords\":[\"Ecatepec\"],\"articleSection\":[\"Municipales\"],\"inLanguage\":\"es\",\"potentialAction\":[{\"@type\":\"CommentAction\",\"name\":\"Comment\",\"target\":[\"https:\/\/volcanes.net\/?p=2085#respond\"]}]},{\"@type\":\"WebPage\",\"@id\":\"https:\/\/volcanes.net\/?p=2085\",\"url\":\"https:\/\/volcanes.net\/?p=2085\",\"name\":\"Cinco sujetos fueron vinculados a proceso por los delitos de robo de veh\u00edculo - Volcanes\",\"isPartOf\":{\"@id\":\"https:\/\/volcanes.net\/#website\"},\"primaryImageOfPage\":{\"@id\":\"https:\/\/volcanes.net\/?p=2085#primaryimage\"},\"image\":{\"@id\":\"https:\/\/volcanes.net\/?p=2085#primaryimage\"},\"thumbnailUrl\":\"https:\/\/volcanes.net\/wp-content\/uploads\/2018\/07\/5-probables.jpg\",\"datePublished\":\"2018-07-08T23:30:29+00:00\",\"breadcrumb\":{\"@id\":\"https:\/\/volcanes.net\/?p=2085#breadcrumb\"},\"inLanguage\":\"es\",\"potentialAction\":[{\"@type\":\"ReadAction\",\"target\":[\"https:\/\/volcanes.net\/?p=2085\"]}]},{\"@type\":\"ImageObject\",\"inLanguage\":\"es\",\"@id\":\"https:\/\/volcanes.net\/?p=2085#primaryimage\",\"url\":\"https:\/\/volcanes.net\/wp-content\/uploads\/2018\/07\/5-probables.jpg\",\"contentUrl\":\"https:\/\/volcanes.net\/wp-content\/uploads\/2018\/07\/5-probables.jpg\",\"width\":448,\"height\":299},{\"@type\":\"BreadcrumbList\",\"@id\":\"https:\/\/volcanes.net\/?p=2085#breadcrumb\",\"itemListElement\":[{\"@type\":\"ListItem\",\"position\":1,\"name\":\"Portada\",\"item\":\"https:\/\/volcanes.net\/\"},{\"@type\":\"ListItem\",\"position\":2,\"name\":\"Cinco sujetos fueron vinculados a proceso por los delitos de robo de veh\u00edculo\"}]},{\"@type\":\"WebSite\",\"@id\":\"https:\/\/volcanes.net\/#website\",\"url\":\"https:\/\/volcanes.net\/\",\"name\":\"Volcanes.Net\",\"description\":\"Periodismo Profesional\",\"publisher\":{\"@id\":\"https:\/\/volcanes.net\/#organization\"},\"potentialAction\":[{\"@type\":\"SearchAction\",\"target\":{\"@type\":\"EntryPoint\",\"urlTemplate\":\"https:\/\/volcanes.net\/?s={search_term_string}\"},\"query-input\":{\"@type\":\"PropertyValueSpecification\",\"valueRequired\":true,\"valueName\":\"search_term_string\"}}],\"inLanguage\":\"es\"},{\"@type\":\"Organization\",\"@id\":\"https:\/\/volcanes.net\/#organization\",\"name\":\"Grupo Volcanes\",\"url\":\"https:\/\/volcanes.net\/\",\"logo\":{\"@type\":\"ImageObject\",\"inLanguage\":\"es\",\"@id\":\"https:\/\/volcanes.net\/#\/schema\/logo\/image\/\",\"url\":\"http:\/\/volcanes.net\/wp-content\/uploads\/2017\/12\/Avatar2.jpg\",\"contentUrl\":\"http:\/\/volcanes.net\/wp-content\/uploads\/2017\/12\/Avatar2.jpg\",\"width\":378,\"height\":378,\"caption\":\"Grupo Volcanes\"},\"image\":{\"@id\":\"https:\/\/volcanes.net\/#\/schema\/logo\/image\/\"},\"sameAs\":[\"https:\/\/www.facebook.com\/volcanes.net\/\"]},{\"@type\":\"Person\",\"@id\":\"https:\/\/volcanes.net\/#\/schema\/person\/4bf0f383940966a4abd53f5048c0e6b9\",\"name\":\"admin\",\"image\":{\"@type\":\"ImageObject\",\"inLanguage\":\"es\",\"@id\":\"https:\/\/volcanes.net\/#\/schema\/person\/image\/\",\"url\":\"https:\/\/secure.gravatar.com\/avatar\/ca004e6cba8462b8cb7abc86e382930c?s=96&d=mm&r=g\",\"contentUrl\":\"https:\/\/secure.gravatar.com\/avatar\/ca004e6cba8462b8cb7abc86e382930c?s=96&d=mm&r=g\",\"caption\":\"admin\"}}]}<\/script>\n<!-- \/ Yoast SEO plugin. -->","yoast_head_json":{"title":"Cinco sujetos fueron vinculados a proceso por los delitos de robo de veh\u00edculo - Volcanes","robots":{"index":"index","follow":"follow","max-snippet":"max-snippet:-1","max-image-preview":"max-image-preview:large","max-video-preview":"max-video-preview:-1"},"canonical":"https:\/\/volcanes.net\/?p=2085","og_locale":"es_MX","og_type":"article","og_title":"Cinco sujetos fueron vinculados a proceso por los delitos de robo de veh\u00edculo - Volcanes","og_description":"Toluca, M\u00e9xico,\u00a0\u00a08 de julio de 2018.-\u00a0Cinco sujetos, detenidos mediante distintos operativos, fueron vinculados a proceso","og_url":"https:\/\/volcanes.net\/?p=2085","og_site_name":"Volcanes","article_publisher":"https:\/\/www.facebook.com\/volcanes.net\/","article_published_time":"2018-07-08T23:30:29+00:00","og_image":[{"width":448,"height":299,"url":"https:\/\/volcanes.net\/wp-content\/uploads\/2018\/07\/5-probables.jpg","type":"image\/jpeg"}],"author":"admin","twitter_card":"summary_large_image","twitter_misc":{"Escrito por":"admin","Tiempo de lectura":"3 minutos"},"schema":{"@context":"https:\/\/schema.org","@graph":[{"@type":"Article","@id":"https:\/\/volcanes.net\/?p=2085#article","isPartOf":{"@id":"https:\/\/volcanes.net\/?p=2085"},"author":{"name":"admin","@id":"https:\/\/volcanes.net\/#\/schema\/person\/4bf0f383940966a4abd53f5048c0e6b9"},"headline":"Cinco sujetos fueron vinculados a proceso por los delitos de robo de veh\u00edculo","datePublished":"2018-07-08T23:30:29+00:00","mainEntityOfPage":{"@id":"https:\/\/volcanes.net\/?p=2085"},"wordCount":591,"commentCount":0,"publisher":{"@id":"https:\/\/volcanes.net\/#organization"},"image":{"@id":"https:\/\/volcanes.net\/?p=2085#primaryimage"},"thumbnailUrl":"https:\/\/volcanes.net\/wp-content\/uploads\/2018\/07\/5-probables.jpg","keywords":["Ecatepec"],"articleSection":["Municipales"],"inLanguage":"es","potentialAction":[{"@type":"CommentAction","name":"Comment","target":["https:\/\/volcanes.net\/?p=2085#respond"]}]},{"@type":"WebPage","@id":"https:\/\/volcanes.net\/?p=2085","url":"https:\/\/volcanes.net\/?p=2085","name":"Cinco sujetos fueron vinculados a proceso por los delitos de robo de veh\u00edculo - Volcanes","isPartOf":{"@id":"https:\/\/volcanes.net\/#website"},"primaryImageOfPage":{"@id":"https:\/\/volcanes.net\/?p=2085#primaryimage"},"image":{"@id":"https:\/\/volcanes.net\/?p=2085#primaryimage"},"thumbnailUrl":"https:\/\/volcanes.net\/wp-content\/uploads\/2018\/07\/5-probables.jpg","datePublished":"2018-07-08T23:30:29+00:00","breadcrumb":{"@id":"https:\/\/volcanes.net\/?p=2085#breadcrumb"},"inLanguage":"es","potentialAction":[{"@type":"ReadAction","target":["https:\/\/volcanes.net\/?p=2085"]}]},{"@type":"ImageObject","inLanguage":"es","@id":"https:\/\/volcanes.net\/?p=2085#primaryimage","url":"https:\/\/volcanes.net\/wp-content\/uploads\/2018\/07\/5-probables.jpg","contentUrl":"https:\/\/volcanes.net\/wp-content\/uploads\/2018\/07\/5-probables.jpg","width":448,"height":299},{"@type":"BreadcrumbList","@id":"https:\/\/volcanes.net\/?p=2085#breadcrumb","itemListElement":[{"@type":"ListItem","position":1,"name":"Portada","item":"https:\/\/volcanes.net\/"},{"@type":"ListItem","position":2,"name":"Cinco sujetos fueron vinculados a proceso por los delitos de robo de veh\u00edculo"}]},{"@type":"WebSite","@id":"https:\/\/volcanes.net\/#website","url":"https:\/\/volcanes.net\/","name":"Volcanes.Net","description":"Periodismo Profesional","publisher":{"@id":"https:\/\/volcanes.net\/#organization"},"potentialAction":[{"@type":"SearchAction","target":{"@type":"EntryPoint","urlTemplate":"https:\/\/volcanes.net\/?s={search_term_string}"},"query-input":{"@type":"PropertyValueSpecification","valueRequired":true,"valueName":"search_term_string"}}],"inLanguage":"es"},{"@type":"Organization","@id":"https:\/\/volcanes.net\/#organization","name":"Grupo Volcanes","url":"https:\/\/volcanes.net\/","logo":{"@type":"ImageObject","inLanguage":"es","@id":"https:\/\/volcanes.net\/#\/schema\/logo\/image\/","url":"http:\/\/volcanes.net\/wp-content\/uploads\/2017\/12\/Avatar2.jpg","contentUrl":"http:\/\/volcanes.net\/wp-content\/uploads\/2017\/12\/Avatar2.jpg","width":378,"height":378,"caption":"Grupo Volcanes"},"image":{"@id":"https:\/\/volcanes.net\/#\/schema\/logo\/image\/"},"sameAs":["https:\/\/www.facebook.com\/volcanes.net\/"]},{"@type":"Person","@id":"https:\/\/volcanes.net\/#\/schema\/person\/4bf0f383940966a4abd53f5048c0e6b9","name":"admin","image":{"@type":"ImageObject","inLanguage":"es","@id":"https:\/\/volcanes.net\/#\/schema\/person\/image\/","url":"https:\/\/secure.gravatar.com\/avatar\/ca004e6cba8462b8cb7abc86e382930c?s=96&d=mm&r=g","contentUrl":"https:\/\/secure.gravatar.com\/avatar\/ca004e6cba8462b8cb7abc86e382930c?s=96&d=mm&r=g","caption":"admin"}}]}},"_links":{"self":[{"href":"https:\/\/volcanes.net\/index.php?rest_route=\/wp\/v2\/posts\/2085"}],"collection":[{"href":"https:\/\/volcanes.net\/index.php?rest_route=\/wp\/v2\/posts"}],"about":[{"href":"https:\/\/volcanes.net\/index.php?rest_route=\/wp\/v2\/types\/post"}],"author":[{"embeddable":true,"href":"https:\/\/volcanes.net\/index.php?rest_route=\/wp\/v2\/users\/1"}],"replies":[{"embeddable":true,"href":"https:\/\/volcanes.net\/index.php?rest_route=%2Fwp%2Fv2%2Fcomments&post=2085"}],"version-history":[{"count":1,"href":"https:\/\/volcanes.net\/index.php?rest_route=\/wp\/v2\/posts\/2085\/revisions"}],"predecessor-version":[{"id":2087,"href":"https:\/\/volcanes.net\/index.php?rest_route=\/wp\/v2\/posts\/2085\/revisions\/2087"}],"wp:featuredmedia":[{"embeddable":true,"href":"https:\/\/volcanes.net\/index.php?rest_route=\/wp\/v2\/media\/2086"}],"wp:attachment":[{"href":"https:\/\/volcanes.net\/index.php?rest_route=%2Fwp%2Fv2%2Fmedia&parent=2085"}],"wp:term":[{"taxonomy":"category","embeddable":true,"href":"https:\/\/volcanes.net\/index.php?rest_route=%2Fwp%2Fv2%2Fcategories&post=2085"},{"taxonomy":"post_tag","embeddable":true,"href":"https:\/\/volcanes.net\/index.php?rest_route=%2Fwp%2Fv2%2Ftags&post=2085"}],"curies":[{"name":"wp","href":"https:\/\/api.w.org\/{rel}","templated":true}]}}