{"id":2091,"date":"2018-07-08T23:36:04","date_gmt":"2018-07-08T23:36:04","guid":{"rendered":"http:\/\/volcanes.net\/?p=2091"},"modified":"2018-07-08T23:36:04","modified_gmt":"2018-07-08T23:36:04","slug":"docentes-federalizados-reciben-reconocimiento-por-anos-de-servicio-educativo","status":"publish","type":"post","link":"https:\/\/volcanes.net\/?p=2091","title":{"rendered":"Docentes Federalizados reciben reconocimiento por a\u00f1os de servicio educativo"},"content":{"rendered":"<div style=\"margin-top: 0px; margin-bottom: 0px;\" class=\"sharethis-inline-share-buttons\" ><\/div><div dir=\"auto\"><strong>Zinacantepec, Estado de M\u00e9xico, 8 de julio de 2018.<\/strong>\u00a0Para reconocer la destacada trayectoria y contribuci\u00f3n en la ense\u00f1anza acad\u00e9mica de la ni\u00f1ez y juventud del Estado de M\u00e9xico, 646 docentes del sistema educativo federalizado recibieron el reconocimiento \u201cMaestro Rafael Ram\u00edrez\u201d y la condecoraci\u00f3n \u201cMaestro Ignacio Manuel Altamirano\u201d por 30 y 40 a\u00f1os de servicio.<\/div>\n<div dir=\"auto\"><\/div>\n<div dir=\"auto\">Ante docentes, directores y supervisores escolares, el Director General de los Servicios Educativos Integrados al Estado de M\u00e9xico, Gerardo Monroy Serrano, refiri\u00f3 que estas preseas patentizan el agradecimiento del Gobierno a los maestros que con su experiencia y sabidur\u00eda son ejemplo para las nuevas generaciones de profesores.<\/div>\n<div dir=\"auto\"><\/div>\n<div dir=\"auto\">Por su parte, Eluid Terrazas Ceballos, Secretario General de la Secci\u00f3n 17 del Sindicato Nacional de Trabajadores de la Educaci\u00f3n (SNTE), acompa\u00f1ado del representante del Comit\u00e9 Ejecutivo Nacional, Jos\u00e9 de Jes\u00fas Serrano Aguilera, refrend\u00f3 el compromiso del Gobierno del Estado de M\u00e9xico y del SNTE de formar a m\u00e1s generaciones de ni\u00f1as, ni\u00f1os y j\u00f3venes mexiquenses.<\/div>\n<div dir=\"auto\"><\/div>\n<div dir=\"auto\">En representaci\u00f3n de los homenajeados, el Profesor Fortunato Montesino Leana refiri\u00f3 que la mayor satisfacci\u00f3n durante sus a\u00f1os de servicio fue poder moldear y construir conciencias de los ni\u00f1os y j\u00f3venes para que en el presente sean los hombres y las mujeres que den certeza al Estado de M\u00e9xico y la patria.<\/div>\n<div dir=\"auto\"><\/div>\n<div dir=\"auto\">El reconocimiento \u201cMaestro Rafael Ram\u00edrez\u201d se otorga anualmente a quienes hayan prestado 30 a\u00f1os de servicio a la educaci\u00f3n, mientras que la condecoraci\u00f3n \u201cMaestro Ignacio Manuel Altamirano\u201d reconoce a docentes nacionales o extranjeros con 40 a\u00f1os de servicio; ambos galardones incluyen una medalla, un diploma, as\u00ed como un est\u00edmulo econ\u00f3mico.<\/div>\n","protected":false},"excerpt":{"rendered":"<p>Zinacantepec, Estado de M\u00e9xico, 8 de julio de 2018.\u00a0Para reconocer la destacada trayectoria y contribuci\u00f3n<\/p>\n","protected":false},"author":1,"featured_media":2092,"comment_status":"open","ping_status":"open","sticky":false,"template":"","format":"standard","meta":{"footnotes":""},"categories":[3],"tags":[4],"class_list":["post-2091","post","type-post","status-publish","format-standard","has-post-thumbnail","hentry","category-estatales","tag-gobierno-del-estado-de-mexico"],"yoast_head":"<!-- This site is optimized with the Yoast SEO plugin v25.3 - https:\/\/yoast.com\/wordpress\/plugins\/seo\/ -->\n<title>Docentes Federalizados reciben reconocimiento por a\u00f1os de servicio educativo - Volcanes<\/title>\n<meta name=\"robots\" content=\"index, follow, max-snippet:-1, max-image-preview:large, max-video-preview:-1\" \/>\n<link rel=\"canonical\" href=\"https:\/\/volcanes.net\/?p=2091\" \/>\n<meta property=\"og:locale\" content=\"es_MX\" \/>\n<meta property=\"og:type\" content=\"article\" \/>\n<meta property=\"og:title\" content=\"Docentes Federalizados reciben reconocimiento por a\u00f1os de servicio educativo - Volcanes\" \/>\n<meta property=\"og:description\" content=\"Zinacantepec, Estado de M\u00e9xico, 8 de julio de 2018.\u00a0Para reconocer la destacada trayectoria y contribuci\u00f3n\" \/>\n<meta property=\"og:url\" content=\"https:\/\/volcanes.net\/?p=2091\" \/>\n<meta property=\"og:site_name\" content=\"Volcanes\" \/>\n<meta property=\"article:publisher\" content=\"https:\/\/www.facebook.com\/volcanes.net\/\" \/>\n<meta property=\"article:published_time\" content=\"2018-07-08T23:36:04+00:00\" \/>\n<meta property=\"og:image\" content=\"https:\/\/volcanes.net\/wp-content\/uploads\/2018\/07\/IMG-20180708-WA0023-325x217.jpg\" \/>\n\t<meta property=\"og:image:width\" content=\"325\" \/>\n\t<meta property=\"og:image:height\" content=\"217\" \/>\n\t<meta property=\"og:image:type\" content=\"image\/jpeg\" \/>\n<meta name=\"author\" content=\"admin\" \/>\n<meta name=\"twitter:card\" content=\"summary_large_image\" \/>\n<meta name=\"twitter:label1\" content=\"Escrito por\" \/>\n\t<meta name=\"twitter:data1\" content=\"admin\" \/>\n\t<meta name=\"twitter:label2\" content=\"Tiempo de lectura\" \/>\n\t<meta name=\"twitter:data2\" content=\"1 minuto\" \/>\n<script type=\"application\/ld+json\" class=\"yoast-schema-graph\">{\"@context\":\"https:\/\/schema.org\",\"@graph\":[{\"@type\":\"Article\",\"@id\":\"https:\/\/volcanes.net\/?p=2091#article\",\"isPartOf\":{\"@id\":\"https:\/\/volcanes.net\/?p=2091\"},\"author\":{\"name\":\"admin\",\"@id\":\"https:\/\/volcanes.net\/#\/schema\/person\/4bf0f383940966a4abd53f5048c0e6b9\"},\"headline\":\"Docentes Federalizados reciben reconocimiento por a\u00f1os de servicio educativo\",\"datePublished\":\"2018-07-08T23:36:04+00:00\",\"mainEntityOfPage\":{\"@id\":\"https:\/\/volcanes.net\/?p=2091\"},\"wordCount\":295,\"commentCount\":0,\"publisher\":{\"@id\":\"https:\/\/volcanes.net\/#organization\"},\"image\":{\"@id\":\"https:\/\/volcanes.net\/?p=2091#primaryimage\"},\"thumbnailUrl\":\"https:\/\/volcanes.net\/wp-content\/uploads\/2018\/07\/IMG-20180708-WA0023-325x217.jpg\",\"keywords\":[\"Gobierno del Estado de M\u00e9xico\"],\"articleSection\":[\"Estatales\"],\"inLanguage\":\"es\",\"potentialAction\":[{\"@type\":\"CommentAction\",\"name\":\"Comment\",\"target\":[\"https:\/\/volcanes.net\/?p=2091#respond\"]}]},{\"@type\":\"WebPage\",\"@id\":\"https:\/\/volcanes.net\/?p=2091\",\"url\":\"https:\/\/volcanes.net\/?p=2091\",\"name\":\"Docentes Federalizados reciben reconocimiento por a\u00f1os de servicio educativo - Volcanes\",\"isPartOf\":{\"@id\":\"https:\/\/volcanes.net\/#website\"},\"primaryImageOfPage\":{\"@id\":\"https:\/\/volcanes.net\/?p=2091#primaryimage\"},\"image\":{\"@id\":\"https:\/\/volcanes.net\/?p=2091#primaryimage\"},\"thumbnailUrl\":\"https:\/\/volcanes.net\/wp-content\/uploads\/2018\/07\/IMG-20180708-WA0023-325x217.jpg\",\"datePublished\":\"2018-07-08T23:36:04+00:00\",\"breadcrumb\":{\"@id\":\"https:\/\/volcanes.net\/?p=2091#breadcrumb\"},\"inLanguage\":\"es\",\"potentialAction\":[{\"@type\":\"ReadAction\",\"target\":[\"https:\/\/volcanes.net\/?p=2091\"]}]},{\"@type\":\"ImageObject\",\"inLanguage\":\"es\",\"@id\":\"https:\/\/volcanes.net\/?p=2091#primaryimage\",\"url\":\"https:\/\/volcanes.net\/wp-content\/uploads\/2018\/07\/IMG-20180708-WA0023-325x217.jpg\",\"contentUrl\":\"https:\/\/volcanes.net\/wp-content\/uploads\/2018\/07\/IMG-20180708-WA0023-325x217.jpg\",\"width\":325,\"height\":217},{\"@type\":\"BreadcrumbList\",\"@id\":\"https:\/\/volcanes.net\/?p=2091#breadcrumb\",\"itemListElement\":[{\"@type\":\"ListItem\",\"position\":1,\"name\":\"Portada\",\"item\":\"https:\/\/volcanes.net\/\"},{\"@type\":\"ListItem\",\"position\":2,\"name\":\"Docentes Federalizados reciben reconocimiento por a\u00f1os de servicio educativo\"}]},{\"@type\":\"WebSite\",\"@id\":\"https:\/\/volcanes.net\/#website\",\"url\":\"https:\/\/volcanes.net\/\",\"name\":\"Volcanes.Net\",\"description\":\"Periodismo Profesional\",\"publisher\":{\"@id\":\"https:\/\/volcanes.net\/#organization\"},\"potentialAction\":[{\"@type\":\"SearchAction\",\"target\":{\"@type\":\"EntryPoint\",\"urlTemplate\":\"https:\/\/volcanes.net\/?s={search_term_string}\"},\"query-input\":{\"@type\":\"PropertyValueSpecification\",\"valueRequired\":true,\"valueName\":\"search_term_string\"}}],\"inLanguage\":\"es\"},{\"@type\":\"Organization\",\"@id\":\"https:\/\/volcanes.net\/#organization\",\"name\":\"Grupo Volcanes\",\"url\":\"https:\/\/volcanes.net\/\",\"logo\":{\"@type\":\"ImageObject\",\"inLanguage\":\"es\",\"@id\":\"https:\/\/volcanes.net\/#\/schema\/logo\/image\/\",\"url\":\"http:\/\/volcanes.net\/wp-content\/uploads\/2017\/12\/Avatar2.jpg\",\"contentUrl\":\"http:\/\/volcanes.net\/wp-content\/uploads\/2017\/12\/Avatar2.jpg\",\"width\":378,\"height\":378,\"caption\":\"Grupo Volcanes\"},\"image\":{\"@id\":\"https:\/\/volcanes.net\/#\/schema\/logo\/image\/\"},\"sameAs\":[\"https:\/\/www.facebook.com\/volcanes.net\/\"]},{\"@type\":\"Person\",\"@id\":\"https:\/\/volcanes.net\/#\/schema\/person\/4bf0f383940966a4abd53f5048c0e6b9\",\"name\":\"admin\",\"image\":{\"@type\":\"ImageObject\",\"inLanguage\":\"es\",\"@id\":\"https:\/\/volcanes.net\/#\/schema\/person\/image\/\",\"url\":\"https:\/\/secure.gravatar.com\/avatar\/ca004e6cba8462b8cb7abc86e382930c?s=96&d=mm&r=g\",\"contentUrl\":\"https:\/\/secure.gravatar.com\/avatar\/ca004e6cba8462b8cb7abc86e382930c?s=96&d=mm&r=g\",\"caption\":\"admin\"}}]}<\/script>\n<!-- \/ Yoast SEO plugin. -->","yoast_head_json":{"title":"Docentes Federalizados reciben reconocimiento por a\u00f1os de servicio educativo - Volcanes","robots":{"index":"index","follow":"follow","max-snippet":"max-snippet:-1","max-image-preview":"max-image-preview:large","max-video-preview":"max-video-preview:-1"},"canonical":"https:\/\/volcanes.net\/?p=2091","og_locale":"es_MX","og_type":"article","og_title":"Docentes Federalizados reciben reconocimiento por a\u00f1os de servicio educativo - Volcanes","og_description":"Zinacantepec, Estado de M\u00e9xico, 8 de julio de 2018.\u00a0Para reconocer la destacada trayectoria y contribuci\u00f3n","og_url":"https:\/\/volcanes.net\/?p=2091","og_site_name":"Volcanes","article_publisher":"https:\/\/www.facebook.com\/volcanes.net\/","article_published_time":"2018-07-08T23:36:04+00:00","og_image":[{"width":325,"height":217,"url":"https:\/\/volcanes.net\/wp-content\/uploads\/2018\/07\/IMG-20180708-WA0023-325x217.jpg","type":"image\/jpeg"}],"author":"admin","twitter_card":"summary_large_image","twitter_misc":{"Escrito por":"admin","Tiempo de lectura":"1 minuto"},"schema":{"@context":"https:\/\/schema.org","@graph":[{"@type":"Article","@id":"https:\/\/volcanes.net\/?p=2091#article","isPartOf":{"@id":"https:\/\/volcanes.net\/?p=2091"},"author":{"name":"admin","@id":"https:\/\/volcanes.net\/#\/schema\/person\/4bf0f383940966a4abd53f5048c0e6b9"},"headline":"Docentes Federalizados reciben reconocimiento por a\u00f1os de servicio educativo","datePublished":"2018-07-08T23:36:04+00:00","mainEntityOfPage":{"@id":"https:\/\/volcanes.net\/?p=2091"},"wordCount":295,"commentCount":0,"publisher":{"@id":"https:\/\/volcanes.net\/#organization"},"image":{"@id":"https:\/\/volcanes.net\/?p=2091#primaryimage"},"thumbnailUrl":"https:\/\/volcanes.net\/wp-content\/uploads\/2018\/07\/IMG-20180708-WA0023-325x217.jpg","keywords":["Gobierno del Estado de M\u00e9xico"],"articleSection":["Estatales"],"inLanguage":"es","potentialAction":[{"@type":"CommentAction","name":"Comment","target":["https:\/\/volcanes.net\/?p=2091#respond"]}]},{"@type":"WebPage","@id":"https:\/\/volcanes.net\/?p=2091","url":"https:\/\/volcanes.net\/?p=2091","name":"Docentes Federalizados reciben reconocimiento por a\u00f1os de servicio educativo - Volcanes","isPartOf":{"@id":"https:\/\/volcanes.net\/#website"},"primaryImageOfPage":{"@id":"https:\/\/volcanes.net\/?p=2091#primaryimage"},"image":{"@id":"https:\/\/volcanes.net\/?p=2091#primaryimage"},"thumbnailUrl":"https:\/\/volcanes.net\/wp-content\/uploads\/2018\/07\/IMG-20180708-WA0023-325x217.jpg","datePublished":"2018-07-08T23:36:04+00:00","breadcrumb":{"@id":"https:\/\/volcanes.net\/?p=2091#breadcrumb"},"inLanguage":"es","potentialAction":[{"@type":"ReadAction","target":["https:\/\/volcanes.net\/?p=2091"]}]},{"@type":"ImageObject","inLanguage":"es","@id":"https:\/\/volcanes.net\/?p=2091#primaryimage","url":"https:\/\/volcanes.net\/wp-content\/uploads\/2018\/07\/IMG-20180708-WA0023-325x217.jpg","contentUrl":"https:\/\/volcanes.net\/wp-content\/uploads\/2018\/07\/IMG-20180708-WA0023-325x217.jpg","width":325,"height":217},{"@type":"BreadcrumbList","@id":"https:\/\/volcanes.net\/?p=2091#breadcrumb","itemListElement":[{"@type":"ListItem","position":1,"name":"Portada","item":"https:\/\/volcanes.net\/"},{"@type":"ListItem","position":2,"name":"Docentes Federalizados reciben reconocimiento por a\u00f1os de servicio educativo"}]},{"@type":"WebSite","@id":"https:\/\/volcanes.net\/#website","url":"https:\/\/volcanes.net\/","name":"Volcanes.Net","description":"Periodismo Profesional","publisher":{"@id":"https:\/\/volcanes.net\/#organization"},"potentialAction":[{"@type":"SearchAction","target":{"@type":"EntryPoint","urlTemplate":"https:\/\/volcanes.net\/?s={search_term_string}"},"query-input":{"@type":"PropertyValueSpecification","valueRequired":true,"valueName":"search_term_string"}}],"inLanguage":"es"},{"@type":"Organization","@id":"https:\/\/volcanes.net\/#organization","name":"Grupo Volcanes","url":"https:\/\/volcanes.net\/","logo":{"@type":"ImageObject","inLanguage":"es","@id":"https:\/\/volcanes.net\/#\/schema\/logo\/image\/","url":"http:\/\/volcanes.net\/wp-content\/uploads\/2017\/12\/Avatar2.jpg","contentUrl":"http:\/\/volcanes.net\/wp-content\/uploads\/2017\/12\/Avatar2.jpg","width":378,"height":378,"caption":"Grupo Volcanes"},"image":{"@id":"https:\/\/volcanes.net\/#\/schema\/logo\/image\/"},"sameAs":["https:\/\/www.facebook.com\/volcanes.net\/"]},{"@type":"Person","@id":"https:\/\/volcanes.net\/#\/schema\/person\/4bf0f383940966a4abd53f5048c0e6b9","name":"admin","image":{"@type":"ImageObject","inLanguage":"es","@id":"https:\/\/volcanes.net\/#\/schema\/person\/image\/","url":"https:\/\/secure.gravatar.com\/avatar\/ca004e6cba8462b8cb7abc86e382930c?s=96&d=mm&r=g","contentUrl":"https:\/\/secure.gravatar.com\/avatar\/ca004e6cba8462b8cb7abc86e382930c?s=96&d=mm&r=g","caption":"admin"}}]}},"_links":{"self":[{"href":"https:\/\/volcanes.net\/index.php?rest_route=\/wp\/v2\/posts\/2091"}],"collection":[{"href":"https:\/\/volcanes.net\/index.php?rest_route=\/wp\/v2\/posts"}],"about":[{"href":"https:\/\/volcanes.net\/index.php?rest_route=\/wp\/v2\/types\/post"}],"author":[{"embeddable":true,"href":"https:\/\/volcanes.net\/index.php?rest_route=\/wp\/v2\/users\/1"}],"replies":[{"embeddable":true,"href":"https:\/\/volcanes.net\/index.php?rest_route=%2Fwp%2Fv2%2Fcomments&post=2091"}],"version-history":[{"count":1,"href":"https:\/\/volcanes.net\/index.php?rest_route=\/wp\/v2\/posts\/2091\/revisions"}],"predecessor-version":[{"id":2093,"href":"https:\/\/volcanes.net\/index.php?rest_route=\/wp\/v2\/posts\/2091\/revisions\/2093"}],"wp:featuredmedia":[{"embeddable":true,"href":"https:\/\/volcanes.net\/index.php?rest_route=\/wp\/v2\/media\/2092"}],"wp:attachment":[{"href":"https:\/\/volcanes.net\/index.php?rest_route=%2Fwp%2Fv2%2Fmedia&parent=2091"}],"wp:term":[{"taxonomy":"category","embeddable":true,"href":"https:\/\/volcanes.net\/index.php?rest_route=%2Fwp%2Fv2%2Fcategories&post=2091"},{"taxonomy":"post_tag","embeddable":true,"href":"https:\/\/volcanes.net\/index.php?rest_route=%2Fwp%2Fv2%2Ftags&post=2091"}],"curies":[{"name":"wp","href":"https:\/\/api.w.org\/{rel}","templated":true}]}}