{"id":210,"date":"2017-12-18T15:55:13","date_gmt":"2017-12-18T15:55:13","guid":{"rendered":"http:\/\/volcanes.net\/?p=210"},"modified":"2017-12-18T15:55:13","modified_gmt":"2017-12-18T15:55:13","slug":"mancera-reitera-que-no-retirara-fotomultas-porque-salvan-vidas","status":"publish","type":"post","link":"https:\/\/volcanes.net\/?p=210","title":{"rendered":"Mancera reitera que no retirar\u00e1 fotomultas porque salvan vidas"},"content":{"rendered":"<div style=\"margin-top: 0px; margin-bottom: 0px;\" class=\"sharethis-inline-share-buttons\" ><\/div><p>El jefe de Gobierno de la Ciudad de M\u00e9xico, Miguel \u00c1ngel Mancera Espinosa, reiter\u00f3 que durante su gobierno no se retirar\u00e1n las fotomultas, porque han reducido de manera dr\u00e1stica los accidentes viales en la capital del pa\u00eds.<\/p>\n<p>De acuerdo con un comunicado, para inhibir los accidentes por exceso de velocidad combinada con la conducci\u00f3n de veh\u00edculo bajo la influencia de alcohol o narc\u00f3ticos, el gobierno capitalino implement\u00f3 hace dos a\u00f1os sanciones administrativas derivadas de fotomultas por transgredir el Reglamento de Tr\u00e1nsito de la Ciudad de M\u00e9xico, lo que forma parte de los programas de prevenci\u00f3n del delito.<\/p>\n<p>Hay menos muertes, se trata de proteger la vida de la gente, de los j\u00f3venes, sobre todo, que son de los que m\u00e1s hay fallecimientos por accidentes de tr\u00e1nsito en Perif\u00e9rico, en Viaducto, destac\u00f3 Mancera.<\/p>\n<p>En conferencia de prensa, el mandatario local explic\u00f3 que de acuerdo con datos de la Procuradur\u00eda General de Justicia capitalina, de 2012 a 2015 los delitos por tr\u00e1nsito vehicular, que son lesiones y homicidios, daban un total de 15 mil 810, sin embargo, de 2015 a 2017 bajaron a ocho mil 697.<\/p>\n<p>Abund\u00f3 que antes de las fotomultas se registraba un promedio diario de 14.4 delitos por tr\u00e1nsito vehicular, y con la implementaci\u00f3n de \u00e9stas, de 2015 a 2017\u00a0 la incidencia se redujo a 11.9, es decir, hubo una disminuci\u00f3n general de 17.6 por ciento en esos dos delitos.<\/p>\n<p>En una ciudad en la que circulan casi 4.7 millones de veh\u00edculos diariamente, esas cifras han sido alentadoras, pues son resultado de la reducci\u00f3n de la mortalidad y la alteraci\u00f3n en la salud (lesiones) derivadas de hechos de tr\u00e1nsito, por lo que asever\u00f3 que no quitar\u00e1 las fotomultas.<\/p>\n<p>\u201cYo no voy a cargar con una sola muerte por quitar las fotomultas. Yo no voy a cargar con eso. Estoy seguro, que ha habido reducci\u00f3n, las cifras no mienten, ah\u00ed est\u00e1n. Y con una sola persona que se hubiera salvado, una sola, se deja de enlutar a una familia\u201d, enfatiz\u00f3.<\/p>\n<p>Subray\u00f3 que la Ciudad de M\u00e9xico debe ir con orden, como todas las ciudades globales que lo hacen, y cuestion\u00f3 por qu\u00e9 la Ciudad de M\u00e9xico no deber\u00eda tener orden.<\/p>\n<p>Record\u00f3 que desde las primeras implementaciones de fotomultas se ha mejorado y avanzado en otros gobiernos, donde se cobraba 100 por ciento de la multa, pero aqu\u00ed y ahora \u201csi t\u00fa vas en el momento en que llegue, es 80 por ciento de descuento, lo importante es que sepas, que tomes conciencia de las velocidades a las que circulas en la ciudad\u201d.<\/p>\n<p>El jefe de Gobierno agradeci\u00f3 los comentarios de madres de familia a ra\u00edz de las medidas implementadas para evitar lesiones y muertes por accidentes vehiculares en las que pudieran estar involucrados sus hijos.<\/p>\n<p>Mancera Espinosa llam\u00f3 a la poblaci\u00f3n a hacer conciencia de la importancia de la seguridad vial en la capital del pa\u00eds, y heredar ese pensamiento a las futuras generaciones.<\/p>\n","protected":false},"excerpt":{"rendered":"<p>El jefe de Gobierno de la Ciudad de M\u00e9xico, Miguel \u00c1ngel Mancera Espinosa, reiter\u00f3 que<\/p>\n","protected":false},"author":1,"featured_media":198,"comment_status":"open","ping_status":"open","sticky":false,"template":"","format":"standard","meta":{"footnotes":""},"categories":[1],"tags":[28],"class_list":["post-210","post","type-post","status-publish","format-standard","has-post-thumbnail","hentry","category-municipales","tag-cdmx"],"yoast_head":"<!-- This site is optimized with the Yoast SEO plugin v25.3 - https:\/\/yoast.com\/wordpress\/plugins\/seo\/ -->\n<title>Mancera reitera que no retirar\u00e1 fotomultas porque salvan vidas - Volcanes<\/title>\n<meta name=\"robots\" content=\"index, follow, max-snippet:-1, max-image-preview:large, max-video-preview:-1\" \/>\n<link rel=\"canonical\" href=\"https:\/\/volcanes.net\/?p=210\" \/>\n<meta property=\"og:locale\" content=\"es_MX\" \/>\n<meta property=\"og:type\" content=\"article\" \/>\n<meta property=\"og:title\" content=\"Mancera reitera que no retirar\u00e1 fotomultas porque salvan vidas - Volcanes\" \/>\n<meta property=\"og:description\" content=\"El jefe de Gobierno de la Ciudad de M\u00e9xico, Miguel \u00c1ngel Mancera Espinosa, reiter\u00f3 que\" \/>\n<meta property=\"og:url\" content=\"https:\/\/volcanes.net\/?p=210\" \/>\n<meta property=\"og:site_name\" content=\"Volcanes\" \/>\n<meta property=\"article:publisher\" content=\"https:\/\/www.facebook.com\/volcanes.net\/\" \/>\n<meta property=\"article:published_time\" content=\"2017-12-18T15:55:13+00:00\" \/>\n<meta property=\"og:image\" content=\"https:\/\/volcanes.net\/wp-content\/uploads\/2017\/12\/mancera9.jpg\" \/>\n\t<meta property=\"og:image:width\" content=\"400\" \/>\n\t<meta property=\"og:image:height\" content=\"200\" \/>\n\t<meta property=\"og:image:type\" content=\"image\/jpeg\" \/>\n<meta name=\"author\" content=\"admin\" \/>\n<meta name=\"twitter:card\" content=\"summary_large_image\" \/>\n<meta name=\"twitter:label1\" content=\"Escrito por\" \/>\n\t<meta name=\"twitter:data1\" content=\"admin\" \/>\n\t<meta name=\"twitter:label2\" content=\"Tiempo de lectura\" \/>\n\t<meta name=\"twitter:data2\" content=\"3 minutos\" \/>\n<script type=\"application\/ld+json\" class=\"yoast-schema-graph\">{\"@context\":\"https:\/\/schema.org\",\"@graph\":[{\"@type\":\"Article\",\"@id\":\"https:\/\/volcanes.net\/?p=210#article\",\"isPartOf\":{\"@id\":\"https:\/\/volcanes.net\/?p=210\"},\"author\":{\"name\":\"admin\",\"@id\":\"https:\/\/volcanes.net\/#\/schema\/person\/4bf0f383940966a4abd53f5048c0e6b9\"},\"headline\":\"Mancera reitera que no retirar\u00e1 fotomultas porque salvan vidas\",\"datePublished\":\"2017-12-18T15:55:13+00:00\",\"mainEntityOfPage\":{\"@id\":\"https:\/\/volcanes.net\/?p=210\"},\"wordCount\":510,\"commentCount\":0,\"publisher\":{\"@id\":\"https:\/\/volcanes.net\/#organization\"},\"image\":{\"@id\":\"https:\/\/volcanes.net\/?p=210#primaryimage\"},\"thumbnailUrl\":\"https:\/\/volcanes.net\/wp-content\/uploads\/2017\/12\/mancera9.jpg\",\"keywords\":[\"CDMX\"],\"articleSection\":[\"Municipales\"],\"inLanguage\":\"es\",\"potentialAction\":[{\"@type\":\"CommentAction\",\"name\":\"Comment\",\"target\":[\"https:\/\/volcanes.net\/?p=210#respond\"]}]},{\"@type\":\"WebPage\",\"@id\":\"https:\/\/volcanes.net\/?p=210\",\"url\":\"https:\/\/volcanes.net\/?p=210\",\"name\":\"Mancera reitera que no retirar\u00e1 fotomultas porque salvan vidas - Volcanes\",\"isPartOf\":{\"@id\":\"https:\/\/volcanes.net\/#website\"},\"primaryImageOfPage\":{\"@id\":\"https:\/\/volcanes.net\/?p=210#primaryimage\"},\"image\":{\"@id\":\"https:\/\/volcanes.net\/?p=210#primaryimage\"},\"thumbnailUrl\":\"https:\/\/volcanes.net\/wp-content\/uploads\/2017\/12\/mancera9.jpg\",\"datePublished\":\"2017-12-18T15:55:13+00:00\",\"breadcrumb\":{\"@id\":\"https:\/\/volcanes.net\/?p=210#breadcrumb\"},\"inLanguage\":\"es\",\"potentialAction\":[{\"@type\":\"ReadAction\",\"target\":[\"https:\/\/volcanes.net\/?p=210\"]}]},{\"@type\":\"ImageObject\",\"inLanguage\":\"es\",\"@id\":\"https:\/\/volcanes.net\/?p=210#primaryimage\",\"url\":\"https:\/\/volcanes.net\/wp-content\/uploads\/2017\/12\/mancera9.jpg\",\"contentUrl\":\"https:\/\/volcanes.net\/wp-content\/uploads\/2017\/12\/mancera9.jpg\",\"width\":400,\"height\":200},{\"@type\":\"BreadcrumbList\",\"@id\":\"https:\/\/volcanes.net\/?p=210#breadcrumb\",\"itemListElement\":[{\"@type\":\"ListItem\",\"position\":1,\"name\":\"Portada\",\"item\":\"https:\/\/volcanes.net\/\"},{\"@type\":\"ListItem\",\"position\":2,\"name\":\"Mancera reitera que no retirar\u00e1 fotomultas porque salvan vidas\"}]},{\"@type\":\"WebSite\",\"@id\":\"https:\/\/volcanes.net\/#website\",\"url\":\"https:\/\/volcanes.net\/\",\"name\":\"Volcanes.Net\",\"description\":\"Periodismo Profesional\",\"publisher\":{\"@id\":\"https:\/\/volcanes.net\/#organization\"},\"potentialAction\":[{\"@type\":\"SearchAction\",\"target\":{\"@type\":\"EntryPoint\",\"urlTemplate\":\"https:\/\/volcanes.net\/?s={search_term_string}\"},\"query-input\":{\"@type\":\"PropertyValueSpecification\",\"valueRequired\":true,\"valueName\":\"search_term_string\"}}],\"inLanguage\":\"es\"},{\"@type\":\"Organization\",\"@id\":\"https:\/\/volcanes.net\/#organization\",\"name\":\"Grupo Volcanes\",\"url\":\"https:\/\/volcanes.net\/\",\"logo\":{\"@type\":\"ImageObject\",\"inLanguage\":\"es\",\"@id\":\"https:\/\/volcanes.net\/#\/schema\/logo\/image\/\",\"url\":\"http:\/\/volcanes.net\/wp-content\/uploads\/2017\/12\/Avatar2.jpg\",\"contentUrl\":\"http:\/\/volcanes.net\/wp-content\/uploads\/2017\/12\/Avatar2.jpg\",\"width\":378,\"height\":378,\"caption\":\"Grupo Volcanes\"},\"image\":{\"@id\":\"https:\/\/volcanes.net\/#\/schema\/logo\/image\/\"},\"sameAs\":[\"https:\/\/www.facebook.com\/volcanes.net\/\"]},{\"@type\":\"Person\",\"@id\":\"https:\/\/volcanes.net\/#\/schema\/person\/4bf0f383940966a4abd53f5048c0e6b9\",\"name\":\"admin\",\"image\":{\"@type\":\"ImageObject\",\"inLanguage\":\"es\",\"@id\":\"https:\/\/volcanes.net\/#\/schema\/person\/image\/\",\"url\":\"https:\/\/secure.gravatar.com\/avatar\/ca004e6cba8462b8cb7abc86e382930c?s=96&d=mm&r=g\",\"contentUrl\":\"https:\/\/secure.gravatar.com\/avatar\/ca004e6cba8462b8cb7abc86e382930c?s=96&d=mm&r=g\",\"caption\":\"admin\"}}]}<\/script>\n<!-- \/ Yoast SEO plugin. -->","yoast_head_json":{"title":"Mancera reitera que no retirar\u00e1 fotomultas porque salvan vidas - Volcanes","robots":{"index":"index","follow":"follow","max-snippet":"max-snippet:-1","max-image-preview":"max-image-preview:large","max-video-preview":"max-video-preview:-1"},"canonical":"https:\/\/volcanes.net\/?p=210","og_locale":"es_MX","og_type":"article","og_title":"Mancera reitera que no retirar\u00e1 fotomultas porque salvan vidas - Volcanes","og_description":"El jefe de Gobierno de la Ciudad de M\u00e9xico, Miguel \u00c1ngel Mancera Espinosa, reiter\u00f3 que","og_url":"https:\/\/volcanes.net\/?p=210","og_site_name":"Volcanes","article_publisher":"https:\/\/www.facebook.com\/volcanes.net\/","article_published_time":"2017-12-18T15:55:13+00:00","og_image":[{"width":400,"height":200,"url":"https:\/\/volcanes.net\/wp-content\/uploads\/2017\/12\/mancera9.jpg","type":"image\/jpeg"}],"author":"admin","twitter_card":"summary_large_image","twitter_misc":{"Escrito por":"admin","Tiempo de lectura":"3 minutos"},"schema":{"@context":"https:\/\/schema.org","@graph":[{"@type":"Article","@id":"https:\/\/volcanes.net\/?p=210#article","isPartOf":{"@id":"https:\/\/volcanes.net\/?p=210"},"author":{"name":"admin","@id":"https:\/\/volcanes.net\/#\/schema\/person\/4bf0f383940966a4abd53f5048c0e6b9"},"headline":"Mancera reitera que no retirar\u00e1 fotomultas porque salvan vidas","datePublished":"2017-12-18T15:55:13+00:00","mainEntityOfPage":{"@id":"https:\/\/volcanes.net\/?p=210"},"wordCount":510,"commentCount":0,"publisher":{"@id":"https:\/\/volcanes.net\/#organization"},"image":{"@id":"https:\/\/volcanes.net\/?p=210#primaryimage"},"thumbnailUrl":"https:\/\/volcanes.net\/wp-content\/uploads\/2017\/12\/mancera9.jpg","keywords":["CDMX"],"articleSection":["Municipales"],"inLanguage":"es","potentialAction":[{"@type":"CommentAction","name":"Comment","target":["https:\/\/volcanes.net\/?p=210#respond"]}]},{"@type":"WebPage","@id":"https:\/\/volcanes.net\/?p=210","url":"https:\/\/volcanes.net\/?p=210","name":"Mancera reitera que no retirar\u00e1 fotomultas porque salvan vidas - Volcanes","isPartOf":{"@id":"https:\/\/volcanes.net\/#website"},"primaryImageOfPage":{"@id":"https:\/\/volcanes.net\/?p=210#primaryimage"},"image":{"@id":"https:\/\/volcanes.net\/?p=210#primaryimage"},"thumbnailUrl":"https:\/\/volcanes.net\/wp-content\/uploads\/2017\/12\/mancera9.jpg","datePublished":"2017-12-18T15:55:13+00:00","breadcrumb":{"@id":"https:\/\/volcanes.net\/?p=210#breadcrumb"},"inLanguage":"es","potentialAction":[{"@type":"ReadAction","target":["https:\/\/volcanes.net\/?p=210"]}]},{"@type":"ImageObject","inLanguage":"es","@id":"https:\/\/volcanes.net\/?p=210#primaryimage","url":"https:\/\/volcanes.net\/wp-content\/uploads\/2017\/12\/mancera9.jpg","contentUrl":"https:\/\/volcanes.net\/wp-content\/uploads\/2017\/12\/mancera9.jpg","width":400,"height":200},{"@type":"BreadcrumbList","@id":"https:\/\/volcanes.net\/?p=210#breadcrumb","itemListElement":[{"@type":"ListItem","position":1,"name":"Portada","item":"https:\/\/volcanes.net\/"},{"@type":"ListItem","position":2,"name":"Mancera reitera que no retirar\u00e1 fotomultas porque salvan vidas"}]},{"@type":"WebSite","@id":"https:\/\/volcanes.net\/#website","url":"https:\/\/volcanes.net\/","name":"Volcanes.Net","description":"Periodismo Profesional","publisher":{"@id":"https:\/\/volcanes.net\/#organization"},"potentialAction":[{"@type":"SearchAction","target":{"@type":"EntryPoint","urlTemplate":"https:\/\/volcanes.net\/?s={search_term_string}"},"query-input":{"@type":"PropertyValueSpecification","valueRequired":true,"valueName":"search_term_string"}}],"inLanguage":"es"},{"@type":"Organization","@id":"https:\/\/volcanes.net\/#organization","name":"Grupo Volcanes","url":"https:\/\/volcanes.net\/","logo":{"@type":"ImageObject","inLanguage":"es","@id":"https:\/\/volcanes.net\/#\/schema\/logo\/image\/","url":"http:\/\/volcanes.net\/wp-content\/uploads\/2017\/12\/Avatar2.jpg","contentUrl":"http:\/\/volcanes.net\/wp-content\/uploads\/2017\/12\/Avatar2.jpg","width":378,"height":378,"caption":"Grupo Volcanes"},"image":{"@id":"https:\/\/volcanes.net\/#\/schema\/logo\/image\/"},"sameAs":["https:\/\/www.facebook.com\/volcanes.net\/"]},{"@type":"Person","@id":"https:\/\/volcanes.net\/#\/schema\/person\/4bf0f383940966a4abd53f5048c0e6b9","name":"admin","image":{"@type":"ImageObject","inLanguage":"es","@id":"https:\/\/volcanes.net\/#\/schema\/person\/image\/","url":"https:\/\/secure.gravatar.com\/avatar\/ca004e6cba8462b8cb7abc86e382930c?s=96&d=mm&r=g","contentUrl":"https:\/\/secure.gravatar.com\/avatar\/ca004e6cba8462b8cb7abc86e382930c?s=96&d=mm&r=g","caption":"admin"}}]}},"_links":{"self":[{"href":"https:\/\/volcanes.net\/index.php?rest_route=\/wp\/v2\/posts\/210"}],"collection":[{"href":"https:\/\/volcanes.net\/index.php?rest_route=\/wp\/v2\/posts"}],"about":[{"href":"https:\/\/volcanes.net\/index.php?rest_route=\/wp\/v2\/types\/post"}],"author":[{"embeddable":true,"href":"https:\/\/volcanes.net\/index.php?rest_route=\/wp\/v2\/users\/1"}],"replies":[{"embeddable":true,"href":"https:\/\/volcanes.net\/index.php?rest_route=%2Fwp%2Fv2%2Fcomments&post=210"}],"version-history":[{"count":1,"href":"https:\/\/volcanes.net\/index.php?rest_route=\/wp\/v2\/posts\/210\/revisions"}],"predecessor-version":[{"id":211,"href":"https:\/\/volcanes.net\/index.php?rest_route=\/wp\/v2\/posts\/210\/revisions\/211"}],"wp:featuredmedia":[{"embeddable":true,"href":"https:\/\/volcanes.net\/index.php?rest_route=\/wp\/v2\/media\/198"}],"wp:attachment":[{"href":"https:\/\/volcanes.net\/index.php?rest_route=%2Fwp%2Fv2%2Fmedia&parent=210"}],"wp:term":[{"taxonomy":"category","embeddable":true,"href":"https:\/\/volcanes.net\/index.php?rest_route=%2Fwp%2Fv2%2Fcategories&post=210"},{"taxonomy":"post_tag","embeddable":true,"href":"https:\/\/volcanes.net\/index.php?rest_route=%2Fwp%2Fv2%2Ftags&post=210"}],"curies":[{"name":"wp","href":"https:\/\/api.w.org\/{rel}","templated":true}]}}