{"id":2103,"date":"2018-07-08T23:49:13","date_gmt":"2018-07-08T23:49:13","guid":{"rendered":"http:\/\/volcanes.net\/?p=2103"},"modified":"2018-07-08T23:49:13","modified_gmt":"2018-07-08T23:49:13","slug":"otorgan-constancia-a-erika-alonso-como-gobernadora-electa-de-puebla","status":"publish","type":"post","link":"https:\/\/volcanes.net\/?p=2103","title":{"rendered":"Otorgan constancia a Erika Alonso como gobernadora electa de Puebla"},"content":{"rendered":"<div style=\"margin-top: 0px; margin-bottom: 0px;\" class=\"sharethis-inline-share-buttons\" ><\/div><p>El consejero presidente del Instituto Electoral del Estado (IEE), Jacinto Herrera Serrallonga, dijo que en el Proceso Electoral 2017-2018,\u00a0se expide la constancia de mayor\u00eda y validez de la elecci\u00f3n a Martha Erika Alonso Hidalgo, como gobernadora electa de Puebla.<\/p>\n<p>Acto seguido, Alonso Hidalgo sign\u00f3 el documento que le fue entregado por parte del consejero presidente del IEE, y en presencia de los integrantes del Consejo General as\u00ed como de familiares, y dirigentes estatales, adem\u00e1s de representantes nacionales.<\/p>\n<p>Por su parte, Martha Erika Alonso agradeci\u00f3 al \u00f3rgano electoral y sus integrantes por organizar una jornada electoral libre, equitativa y en total apego a la ley.<\/p>\n<p>\u201cSu compromiso con la democracia y profesionalismo permitieron que las poblanas y poblanos expresaran su voluntad a trav\u00e9s del voto\u201d, destac\u00f3.<\/p>\n<p>Subray\u00f3 que el 1 de julio se registr\u00f3 una alta participaci\u00f3n ciudadana, as\u00ed como hizo un llamado a todas las fuerzas pol\u00edticas, incluso a Morena para que se respete la voluntad de los ciudadanos expresados en las urnas.<\/p>\n<p>\u201cAgotemos siempre nuestras diferencias a trav\u00e9s de los caminos institucionales, porque estoy convencida que la violencia jam\u00e1s ser\u00e1 el camino\u201d, precis\u00f3.<\/p>\n<p>Alonso Hidalgo a\u00f1adi\u00f3 que se debe dejar que la intolerancia siga su camino. Y dijo sentirse honrada de que los ciudadanos optaran por el proyecto que representa la coalici\u00f3n Por Puebla al Frente representada para gobernar el estado.<\/p>\n<p>\u201cEsta alta distinci\u00f3n me compromete a encabezar un gobierno capaz, confiable y que de resultados, trabajar\u00e9 de manera coordinada con el Ejecutivo federal, bajo el mando de Andr\u00e9s Manuel L\u00f3pez Obrador. Los retos que tenemos por delante exigen la colaboraci\u00f3n de todos los actores de la vida p\u00fablica\u201d, manifest\u00f3.<\/p>\n","protected":false},"excerpt":{"rendered":"<p>El consejero presidente del Instituto Electoral del Estado (IEE), Jacinto Herrera Serrallonga, dijo que en<\/p>\n","protected":false},"author":1,"featured_media":2100,"comment_status":"open","ping_status":"open","sticky":false,"template":"","format":"standard","meta":{"footnotes":""},"categories":[1],"tags":[170],"class_list":["post-2103","post","type-post","status-publish","format-standard","has-post-thumbnail","hentry","category-municipales","tag-puebla"],"yoast_head":"<!-- This site is optimized with the Yoast SEO plugin v25.3 - https:\/\/yoast.com\/wordpress\/plugins\/seo\/ -->\n<title>Otorgan constancia a Erika Alonso como gobernadora electa de Puebla - Volcanes<\/title>\n<meta name=\"robots\" content=\"index, follow, max-snippet:-1, max-image-preview:large, max-video-preview:-1\" \/>\n<link rel=\"canonical\" href=\"https:\/\/volcanes.net\/?p=2103\" \/>\n<meta property=\"og:locale\" content=\"es_MX\" \/>\n<meta property=\"og:type\" content=\"article\" \/>\n<meta property=\"og:title\" content=\"Otorgan constancia a Erika Alonso como gobernadora electa de Puebla - Volcanes\" \/>\n<meta property=\"og:description\" content=\"El consejero presidente del Instituto Electoral del Estado (IEE), Jacinto Herrera Serrallonga, dijo que en\" \/>\n<meta property=\"og:url\" content=\"https:\/\/volcanes.net\/?p=2103\" \/>\n<meta property=\"og:site_name\" content=\"Volcanes\" \/>\n<meta property=\"article:publisher\" content=\"https:\/\/www.facebook.com\/volcanes.net\/\" \/>\n<meta property=\"article:published_time\" content=\"2018-07-08T23:49:13+00:00\" \/>\n<meta property=\"og:image\" content=\"https:\/\/volcanes.net\/wp-content\/uploads\/2018\/07\/martha-erika-alonso.jpg\" \/>\n\t<meta property=\"og:image:width\" content=\"400\" \/>\n\t<meta property=\"og:image:height\" content=\"200\" \/>\n\t<meta property=\"og:image:type\" content=\"image\/jpeg\" \/>\n<meta name=\"author\" content=\"admin\" \/>\n<meta name=\"twitter:card\" content=\"summary_large_image\" \/>\n<meta name=\"twitter:label1\" content=\"Escrito por\" \/>\n\t<meta name=\"twitter:data1\" content=\"admin\" \/>\n\t<meta name=\"twitter:label2\" content=\"Tiempo de lectura\" \/>\n\t<meta name=\"twitter:data2\" content=\"1 minuto\" \/>\n<script type=\"application\/ld+json\" class=\"yoast-schema-graph\">{\"@context\":\"https:\/\/schema.org\",\"@graph\":[{\"@type\":\"Article\",\"@id\":\"https:\/\/volcanes.net\/?p=2103#article\",\"isPartOf\":{\"@id\":\"https:\/\/volcanes.net\/?p=2103\"},\"author\":{\"name\":\"admin\",\"@id\":\"https:\/\/volcanes.net\/#\/schema\/person\/4bf0f383940966a4abd53f5048c0e6b9\"},\"headline\":\"Otorgan constancia a Erika Alonso como gobernadora electa de Puebla\",\"datePublished\":\"2018-07-08T23:49:13+00:00\",\"mainEntityOfPage\":{\"@id\":\"https:\/\/volcanes.net\/?p=2103\"},\"wordCount\":296,\"commentCount\":0,\"publisher\":{\"@id\":\"https:\/\/volcanes.net\/#organization\"},\"image\":{\"@id\":\"https:\/\/volcanes.net\/?p=2103#primaryimage\"},\"thumbnailUrl\":\"https:\/\/volcanes.net\/wp-content\/uploads\/2018\/07\/martha-erika-alonso.jpg\",\"keywords\":[\"Puebla\"],\"articleSection\":[\"Municipales\"],\"inLanguage\":\"es\",\"potentialAction\":[{\"@type\":\"CommentAction\",\"name\":\"Comment\",\"target\":[\"https:\/\/volcanes.net\/?p=2103#respond\"]}]},{\"@type\":\"WebPage\",\"@id\":\"https:\/\/volcanes.net\/?p=2103\",\"url\":\"https:\/\/volcanes.net\/?p=2103\",\"name\":\"Otorgan constancia a Erika Alonso como gobernadora electa de Puebla - Volcanes\",\"isPartOf\":{\"@id\":\"https:\/\/volcanes.net\/#website\"},\"primaryImageOfPage\":{\"@id\":\"https:\/\/volcanes.net\/?p=2103#primaryimage\"},\"image\":{\"@id\":\"https:\/\/volcanes.net\/?p=2103#primaryimage\"},\"thumbnailUrl\":\"https:\/\/volcanes.net\/wp-content\/uploads\/2018\/07\/martha-erika-alonso.jpg\",\"datePublished\":\"2018-07-08T23:49:13+00:00\",\"breadcrumb\":{\"@id\":\"https:\/\/volcanes.net\/?p=2103#breadcrumb\"},\"inLanguage\":\"es\",\"potentialAction\":[{\"@type\":\"ReadAction\",\"target\":[\"https:\/\/volcanes.net\/?p=2103\"]}]},{\"@type\":\"ImageObject\",\"inLanguage\":\"es\",\"@id\":\"https:\/\/volcanes.net\/?p=2103#primaryimage\",\"url\":\"https:\/\/volcanes.net\/wp-content\/uploads\/2018\/07\/martha-erika-alonso.jpg\",\"contentUrl\":\"https:\/\/volcanes.net\/wp-content\/uploads\/2018\/07\/martha-erika-alonso.jpg\",\"width\":400,\"height\":200},{\"@type\":\"BreadcrumbList\",\"@id\":\"https:\/\/volcanes.net\/?p=2103#breadcrumb\",\"itemListElement\":[{\"@type\":\"ListItem\",\"position\":1,\"name\":\"Portada\",\"item\":\"https:\/\/volcanes.net\/\"},{\"@type\":\"ListItem\",\"position\":2,\"name\":\"Otorgan constancia a Erika Alonso como gobernadora electa de Puebla\"}]},{\"@type\":\"WebSite\",\"@id\":\"https:\/\/volcanes.net\/#website\",\"url\":\"https:\/\/volcanes.net\/\",\"name\":\"Volcanes.Net\",\"description\":\"Periodismo Profesional\",\"publisher\":{\"@id\":\"https:\/\/volcanes.net\/#organization\"},\"potentialAction\":[{\"@type\":\"SearchAction\",\"target\":{\"@type\":\"EntryPoint\",\"urlTemplate\":\"https:\/\/volcanes.net\/?s={search_term_string}\"},\"query-input\":{\"@type\":\"PropertyValueSpecification\",\"valueRequired\":true,\"valueName\":\"search_term_string\"}}],\"inLanguage\":\"es\"},{\"@type\":\"Organization\",\"@id\":\"https:\/\/volcanes.net\/#organization\",\"name\":\"Grupo Volcanes\",\"url\":\"https:\/\/volcanes.net\/\",\"logo\":{\"@type\":\"ImageObject\",\"inLanguage\":\"es\",\"@id\":\"https:\/\/volcanes.net\/#\/schema\/logo\/image\/\",\"url\":\"http:\/\/volcanes.net\/wp-content\/uploads\/2017\/12\/Avatar2.jpg\",\"contentUrl\":\"http:\/\/volcanes.net\/wp-content\/uploads\/2017\/12\/Avatar2.jpg\",\"width\":378,\"height\":378,\"caption\":\"Grupo Volcanes\"},\"image\":{\"@id\":\"https:\/\/volcanes.net\/#\/schema\/logo\/image\/\"},\"sameAs\":[\"https:\/\/www.facebook.com\/volcanes.net\/\"]},{\"@type\":\"Person\",\"@id\":\"https:\/\/volcanes.net\/#\/schema\/person\/4bf0f383940966a4abd53f5048c0e6b9\",\"name\":\"admin\",\"image\":{\"@type\":\"ImageObject\",\"inLanguage\":\"es\",\"@id\":\"https:\/\/volcanes.net\/#\/schema\/person\/image\/\",\"url\":\"https:\/\/secure.gravatar.com\/avatar\/ca004e6cba8462b8cb7abc86e382930c?s=96&d=mm&r=g\",\"contentUrl\":\"https:\/\/secure.gravatar.com\/avatar\/ca004e6cba8462b8cb7abc86e382930c?s=96&d=mm&r=g\",\"caption\":\"admin\"}}]}<\/script>\n<!-- \/ Yoast SEO plugin. -->","yoast_head_json":{"title":"Otorgan constancia a Erika Alonso como gobernadora electa de Puebla - Volcanes","robots":{"index":"index","follow":"follow","max-snippet":"max-snippet:-1","max-image-preview":"max-image-preview:large","max-video-preview":"max-video-preview:-1"},"canonical":"https:\/\/volcanes.net\/?p=2103","og_locale":"es_MX","og_type":"article","og_title":"Otorgan constancia a Erika Alonso como gobernadora electa de Puebla - Volcanes","og_description":"El consejero presidente del Instituto Electoral del Estado (IEE), Jacinto Herrera Serrallonga, dijo que en","og_url":"https:\/\/volcanes.net\/?p=2103","og_site_name":"Volcanes","article_publisher":"https:\/\/www.facebook.com\/volcanes.net\/","article_published_time":"2018-07-08T23:49:13+00:00","og_image":[{"width":400,"height":200,"url":"https:\/\/volcanes.net\/wp-content\/uploads\/2018\/07\/martha-erika-alonso.jpg","type":"image\/jpeg"}],"author":"admin","twitter_card":"summary_large_image","twitter_misc":{"Escrito por":"admin","Tiempo de lectura":"1 minuto"},"schema":{"@context":"https:\/\/schema.org","@graph":[{"@type":"Article","@id":"https:\/\/volcanes.net\/?p=2103#article","isPartOf":{"@id":"https:\/\/volcanes.net\/?p=2103"},"author":{"name":"admin","@id":"https:\/\/volcanes.net\/#\/schema\/person\/4bf0f383940966a4abd53f5048c0e6b9"},"headline":"Otorgan constancia a Erika Alonso como gobernadora electa de Puebla","datePublished":"2018-07-08T23:49:13+00:00","mainEntityOfPage":{"@id":"https:\/\/volcanes.net\/?p=2103"},"wordCount":296,"commentCount":0,"publisher":{"@id":"https:\/\/volcanes.net\/#organization"},"image":{"@id":"https:\/\/volcanes.net\/?p=2103#primaryimage"},"thumbnailUrl":"https:\/\/volcanes.net\/wp-content\/uploads\/2018\/07\/martha-erika-alonso.jpg","keywords":["Puebla"],"articleSection":["Municipales"],"inLanguage":"es","potentialAction":[{"@type":"CommentAction","name":"Comment","target":["https:\/\/volcanes.net\/?p=2103#respond"]}]},{"@type":"WebPage","@id":"https:\/\/volcanes.net\/?p=2103","url":"https:\/\/volcanes.net\/?p=2103","name":"Otorgan constancia a Erika Alonso como gobernadora electa de Puebla - Volcanes","isPartOf":{"@id":"https:\/\/volcanes.net\/#website"},"primaryImageOfPage":{"@id":"https:\/\/volcanes.net\/?p=2103#primaryimage"},"image":{"@id":"https:\/\/volcanes.net\/?p=2103#primaryimage"},"thumbnailUrl":"https:\/\/volcanes.net\/wp-content\/uploads\/2018\/07\/martha-erika-alonso.jpg","datePublished":"2018-07-08T23:49:13+00:00","breadcrumb":{"@id":"https:\/\/volcanes.net\/?p=2103#breadcrumb"},"inLanguage":"es","potentialAction":[{"@type":"ReadAction","target":["https:\/\/volcanes.net\/?p=2103"]}]},{"@type":"ImageObject","inLanguage":"es","@id":"https:\/\/volcanes.net\/?p=2103#primaryimage","url":"https:\/\/volcanes.net\/wp-content\/uploads\/2018\/07\/martha-erika-alonso.jpg","contentUrl":"https:\/\/volcanes.net\/wp-content\/uploads\/2018\/07\/martha-erika-alonso.jpg","width":400,"height":200},{"@type":"BreadcrumbList","@id":"https:\/\/volcanes.net\/?p=2103#breadcrumb","itemListElement":[{"@type":"ListItem","position":1,"name":"Portada","item":"https:\/\/volcanes.net\/"},{"@type":"ListItem","position":2,"name":"Otorgan constancia a Erika Alonso como gobernadora electa de Puebla"}]},{"@type":"WebSite","@id":"https:\/\/volcanes.net\/#website","url":"https:\/\/volcanes.net\/","name":"Volcanes.Net","description":"Periodismo Profesional","publisher":{"@id":"https:\/\/volcanes.net\/#organization"},"potentialAction":[{"@type":"SearchAction","target":{"@type":"EntryPoint","urlTemplate":"https:\/\/volcanes.net\/?s={search_term_string}"},"query-input":{"@type":"PropertyValueSpecification","valueRequired":true,"valueName":"search_term_string"}}],"inLanguage":"es"},{"@type":"Organization","@id":"https:\/\/volcanes.net\/#organization","name":"Grupo Volcanes","url":"https:\/\/volcanes.net\/","logo":{"@type":"ImageObject","inLanguage":"es","@id":"https:\/\/volcanes.net\/#\/schema\/logo\/image\/","url":"http:\/\/volcanes.net\/wp-content\/uploads\/2017\/12\/Avatar2.jpg","contentUrl":"http:\/\/volcanes.net\/wp-content\/uploads\/2017\/12\/Avatar2.jpg","width":378,"height":378,"caption":"Grupo Volcanes"},"image":{"@id":"https:\/\/volcanes.net\/#\/schema\/logo\/image\/"},"sameAs":["https:\/\/www.facebook.com\/volcanes.net\/"]},{"@type":"Person","@id":"https:\/\/volcanes.net\/#\/schema\/person\/4bf0f383940966a4abd53f5048c0e6b9","name":"admin","image":{"@type":"ImageObject","inLanguage":"es","@id":"https:\/\/volcanes.net\/#\/schema\/person\/image\/","url":"https:\/\/secure.gravatar.com\/avatar\/ca004e6cba8462b8cb7abc86e382930c?s=96&d=mm&r=g","contentUrl":"https:\/\/secure.gravatar.com\/avatar\/ca004e6cba8462b8cb7abc86e382930c?s=96&d=mm&r=g","caption":"admin"}}]}},"_links":{"self":[{"href":"https:\/\/volcanes.net\/index.php?rest_route=\/wp\/v2\/posts\/2103"}],"collection":[{"href":"https:\/\/volcanes.net\/index.php?rest_route=\/wp\/v2\/posts"}],"about":[{"href":"https:\/\/volcanes.net\/index.php?rest_route=\/wp\/v2\/types\/post"}],"author":[{"embeddable":true,"href":"https:\/\/volcanes.net\/index.php?rest_route=\/wp\/v2\/users\/1"}],"replies":[{"embeddable":true,"href":"https:\/\/volcanes.net\/index.php?rest_route=%2Fwp%2Fv2%2Fcomments&post=2103"}],"version-history":[{"count":1,"href":"https:\/\/volcanes.net\/index.php?rest_route=\/wp\/v2\/posts\/2103\/revisions"}],"predecessor-version":[{"id":2104,"href":"https:\/\/volcanes.net\/index.php?rest_route=\/wp\/v2\/posts\/2103\/revisions\/2104"}],"wp:featuredmedia":[{"embeddable":true,"href":"https:\/\/volcanes.net\/index.php?rest_route=\/wp\/v2\/media\/2100"}],"wp:attachment":[{"href":"https:\/\/volcanes.net\/index.php?rest_route=%2Fwp%2Fv2%2Fmedia&parent=2103"}],"wp:term":[{"taxonomy":"category","embeddable":true,"href":"https:\/\/volcanes.net\/index.php?rest_route=%2Fwp%2Fv2%2Fcategories&post=2103"},{"taxonomy":"post_tag","embeddable":true,"href":"https:\/\/volcanes.net\/index.php?rest_route=%2Fwp%2Fv2%2Ftags&post=2103"}],"curies":[{"name":"wp","href":"https:\/\/api.w.org\/{rel}","templated":true}]}}