{"id":2107,"date":"2018-07-08T23:52:42","date_gmt":"2018-07-08T23:52:42","guid":{"rendered":"http:\/\/volcanes.net\/?p=2107"},"modified":"2018-07-08T23:52:42","modified_gmt":"2018-07-08T23:52:42","slug":"lopez-obrador-se-reunira-con-dirigentes-industriales-y-de-comercio","status":"publish","type":"post","link":"https:\/\/volcanes.net\/?p=2107","title":{"rendered":"L\u00f3pez Obrador se reunir\u00e1 con dirigentes industriales y de comercio"},"content":{"rendered":"<div style=\"margin-top: 0px; margin-bottom: 0px;\" class=\"sharethis-inline-share-buttons\" ><\/div><p>El virtual ganador de la elecci\u00f3n presidencial, Andr\u00e9s Manuel L\u00f3pez Obrador, se reunir\u00e1 este lunes por separado con los presidentes de la Concamin y la Concanaco-Servytur, Francisco Cervantes D\u00edaz y Jos\u00e9 Manuel L\u00f3pez Campos, respectivamente, de acuerdo con las invitaciones correspondientes de los organismos privados.<\/p>\n<p>En su labor de acercamiento con el sector privado del pa\u00eds, el triunfador de la contienda del 1 de julio se ver\u00e1 por la ma\u00f1ana con el dirigente de la Confederaci\u00f3n de C\u00e1maras Industriales (Concamin), por lo que ambos tendr\u00e1n un desayuno en un hotel de la zona de Polanco.<\/p>\n<p>Se prev\u00e9 que despu\u00e9s haya una conferencia de prensa en un sal\u00f3n contiguo al lugar, a fin de infomar sobre el encuentro entre ambas partes.<\/p>\n<p>M\u00e1s tarde, a las 14:00 horas, L\u00f3pez Obrador llegar\u00e1 a las instalaciones de la Confederaci\u00f3n de C\u00e1maras Nacionales de Comercio, Servicio y Turismo (Concanaco Servitur), para sostener un encuentro privado con L\u00f3pez Campos.<\/p>\n<p>Seg\u00fan las invitaciones, se espera que L\u00f3pez Obrador sea acompa\u00f1ado de Alfonso Romo, quien ser\u00e1 el coordinador de la Oficina de la Presidencia de la Rep\u00fablica, y Graciela M\u00e1rquez, designada para estar al frente de la Secretar\u00eda de Econom\u00eda (SE).<\/p>\n","protected":false},"excerpt":{"rendered":"<p>El virtual ganador de la elecci\u00f3n presidencial, Andr\u00e9s Manuel L\u00f3pez Obrador, se reunir\u00e1 este lunes<\/p>\n","protected":false},"author":1,"featured_media":2108,"comment_status":"open","ping_status":"open","sticky":false,"template":"","format":"standard","meta":{"footnotes":""},"categories":[1],"tags":[163],"class_list":["post-2107","post","type-post","status-publish","format-standard","has-post-thumbnail","hentry","category-municipales","tag-amlo"],"yoast_head":"<!-- This site is optimized with the Yoast SEO plugin v25.3 - https:\/\/yoast.com\/wordpress\/plugins\/seo\/ -->\n<title>L\u00f3pez Obrador se reunir\u00e1 con dirigentes industriales y de comercio - Volcanes<\/title>\n<meta name=\"robots\" content=\"index, follow, max-snippet:-1, max-image-preview:large, max-video-preview:-1\" \/>\n<link rel=\"canonical\" href=\"https:\/\/volcanes.net\/?p=2107\" \/>\n<meta property=\"og:locale\" content=\"es_MX\" \/>\n<meta property=\"og:type\" content=\"article\" \/>\n<meta property=\"og:title\" content=\"L\u00f3pez Obrador se reunir\u00e1 con dirigentes industriales y de comercio - Volcanes\" \/>\n<meta property=\"og:description\" content=\"El virtual ganador de la elecci\u00f3n presidencial, Andr\u00e9s Manuel L\u00f3pez Obrador, se reunir\u00e1 este lunes\" \/>\n<meta property=\"og:url\" content=\"https:\/\/volcanes.net\/?p=2107\" \/>\n<meta property=\"og:site_name\" content=\"Volcanes\" \/>\n<meta property=\"article:publisher\" content=\"https:\/\/www.facebook.com\/volcanes.net\/\" \/>\n<meta property=\"article:published_time\" content=\"2018-07-08T23:52:42+00:00\" \/>\n<meta property=\"og:image\" content=\"https:\/\/volcanes.net\/wp-content\/uploads\/2018\/07\/amlo8-1.jpg\" \/>\n\t<meta property=\"og:image:width\" content=\"554\" \/>\n\t<meta property=\"og:image:height\" content=\"367\" \/>\n\t<meta property=\"og:image:type\" content=\"image\/jpeg\" \/>\n<meta name=\"author\" content=\"admin\" \/>\n<meta name=\"twitter:card\" content=\"summary_large_image\" \/>\n<meta name=\"twitter:label1\" content=\"Escrito por\" \/>\n\t<meta name=\"twitter:data1\" content=\"admin\" \/>\n\t<meta name=\"twitter:label2\" content=\"Tiempo de lectura\" \/>\n\t<meta name=\"twitter:data2\" content=\"1 minuto\" \/>\n<script type=\"application\/ld+json\" class=\"yoast-schema-graph\">{\"@context\":\"https:\/\/schema.org\",\"@graph\":[{\"@type\":\"Article\",\"@id\":\"https:\/\/volcanes.net\/?p=2107#article\",\"isPartOf\":{\"@id\":\"https:\/\/volcanes.net\/?p=2107\"},\"author\":{\"name\":\"admin\",\"@id\":\"https:\/\/volcanes.net\/#\/schema\/person\/4bf0f383940966a4abd53f5048c0e6b9\"},\"headline\":\"L\u00f3pez Obrador se reunir\u00e1 con dirigentes industriales y de comercio\",\"datePublished\":\"2018-07-08T23:52:42+00:00\",\"mainEntityOfPage\":{\"@id\":\"https:\/\/volcanes.net\/?p=2107\"},\"wordCount\":226,\"commentCount\":0,\"publisher\":{\"@id\":\"https:\/\/volcanes.net\/#organization\"},\"image\":{\"@id\":\"https:\/\/volcanes.net\/?p=2107#primaryimage\"},\"thumbnailUrl\":\"https:\/\/volcanes.net\/wp-content\/uploads\/2018\/07\/amlo8-1.jpg\",\"keywords\":[\"AMLO\"],\"articleSection\":[\"Municipales\"],\"inLanguage\":\"es\",\"potentialAction\":[{\"@type\":\"CommentAction\",\"name\":\"Comment\",\"target\":[\"https:\/\/volcanes.net\/?p=2107#respond\"]}]},{\"@type\":\"WebPage\",\"@id\":\"https:\/\/volcanes.net\/?p=2107\",\"url\":\"https:\/\/volcanes.net\/?p=2107\",\"name\":\"L\u00f3pez Obrador se reunir\u00e1 con dirigentes industriales y de comercio - Volcanes\",\"isPartOf\":{\"@id\":\"https:\/\/volcanes.net\/#website\"},\"primaryImageOfPage\":{\"@id\":\"https:\/\/volcanes.net\/?p=2107#primaryimage\"},\"image\":{\"@id\":\"https:\/\/volcanes.net\/?p=2107#primaryimage\"},\"thumbnailUrl\":\"https:\/\/volcanes.net\/wp-content\/uploads\/2018\/07\/amlo8-1.jpg\",\"datePublished\":\"2018-07-08T23:52:42+00:00\",\"breadcrumb\":{\"@id\":\"https:\/\/volcanes.net\/?p=2107#breadcrumb\"},\"inLanguage\":\"es\",\"potentialAction\":[{\"@type\":\"ReadAction\",\"target\":[\"https:\/\/volcanes.net\/?p=2107\"]}]},{\"@type\":\"ImageObject\",\"inLanguage\":\"es\",\"@id\":\"https:\/\/volcanes.net\/?p=2107#primaryimage\",\"url\":\"https:\/\/volcanes.net\/wp-content\/uploads\/2018\/07\/amlo8-1.jpg\",\"contentUrl\":\"https:\/\/volcanes.net\/wp-content\/uploads\/2018\/07\/amlo8-1.jpg\",\"width\":554,\"height\":367},{\"@type\":\"BreadcrumbList\",\"@id\":\"https:\/\/volcanes.net\/?p=2107#breadcrumb\",\"itemListElement\":[{\"@type\":\"ListItem\",\"position\":1,\"name\":\"Portada\",\"item\":\"https:\/\/volcanes.net\/\"},{\"@type\":\"ListItem\",\"position\":2,\"name\":\"L\u00f3pez Obrador se reunir\u00e1 con dirigentes industriales y de comercio\"}]},{\"@type\":\"WebSite\",\"@id\":\"https:\/\/volcanes.net\/#website\",\"url\":\"https:\/\/volcanes.net\/\",\"name\":\"Volcanes.Net\",\"description\":\"Periodismo Profesional\",\"publisher\":{\"@id\":\"https:\/\/volcanes.net\/#organization\"},\"potentialAction\":[{\"@type\":\"SearchAction\",\"target\":{\"@type\":\"EntryPoint\",\"urlTemplate\":\"https:\/\/volcanes.net\/?s={search_term_string}\"},\"query-input\":{\"@type\":\"PropertyValueSpecification\",\"valueRequired\":true,\"valueName\":\"search_term_string\"}}],\"inLanguage\":\"es\"},{\"@type\":\"Organization\",\"@id\":\"https:\/\/volcanes.net\/#organization\",\"name\":\"Grupo Volcanes\",\"url\":\"https:\/\/volcanes.net\/\",\"logo\":{\"@type\":\"ImageObject\",\"inLanguage\":\"es\",\"@id\":\"https:\/\/volcanes.net\/#\/schema\/logo\/image\/\",\"url\":\"http:\/\/volcanes.net\/wp-content\/uploads\/2017\/12\/Avatar2.jpg\",\"contentUrl\":\"http:\/\/volcanes.net\/wp-content\/uploads\/2017\/12\/Avatar2.jpg\",\"width\":378,\"height\":378,\"caption\":\"Grupo Volcanes\"},\"image\":{\"@id\":\"https:\/\/volcanes.net\/#\/schema\/logo\/image\/\"},\"sameAs\":[\"https:\/\/www.facebook.com\/volcanes.net\/\"]},{\"@type\":\"Person\",\"@id\":\"https:\/\/volcanes.net\/#\/schema\/person\/4bf0f383940966a4abd53f5048c0e6b9\",\"name\":\"admin\",\"image\":{\"@type\":\"ImageObject\",\"inLanguage\":\"es\",\"@id\":\"https:\/\/volcanes.net\/#\/schema\/person\/image\/\",\"url\":\"https:\/\/secure.gravatar.com\/avatar\/ca004e6cba8462b8cb7abc86e382930c?s=96&d=mm&r=g\",\"contentUrl\":\"https:\/\/secure.gravatar.com\/avatar\/ca004e6cba8462b8cb7abc86e382930c?s=96&d=mm&r=g\",\"caption\":\"admin\"}}]}<\/script>\n<!-- \/ Yoast SEO plugin. -->","yoast_head_json":{"title":"L\u00f3pez Obrador se reunir\u00e1 con dirigentes industriales y de comercio - Volcanes","robots":{"index":"index","follow":"follow","max-snippet":"max-snippet:-1","max-image-preview":"max-image-preview:large","max-video-preview":"max-video-preview:-1"},"canonical":"https:\/\/volcanes.net\/?p=2107","og_locale":"es_MX","og_type":"article","og_title":"L\u00f3pez Obrador se reunir\u00e1 con dirigentes industriales y de comercio - Volcanes","og_description":"El virtual ganador de la elecci\u00f3n presidencial, Andr\u00e9s Manuel L\u00f3pez Obrador, se reunir\u00e1 este lunes","og_url":"https:\/\/volcanes.net\/?p=2107","og_site_name":"Volcanes","article_publisher":"https:\/\/www.facebook.com\/volcanes.net\/","article_published_time":"2018-07-08T23:52:42+00:00","og_image":[{"width":554,"height":367,"url":"https:\/\/volcanes.net\/wp-content\/uploads\/2018\/07\/amlo8-1.jpg","type":"image\/jpeg"}],"author":"admin","twitter_card":"summary_large_image","twitter_misc":{"Escrito por":"admin","Tiempo de lectura":"1 minuto"},"schema":{"@context":"https:\/\/schema.org","@graph":[{"@type":"Article","@id":"https:\/\/volcanes.net\/?p=2107#article","isPartOf":{"@id":"https:\/\/volcanes.net\/?p=2107"},"author":{"name":"admin","@id":"https:\/\/volcanes.net\/#\/schema\/person\/4bf0f383940966a4abd53f5048c0e6b9"},"headline":"L\u00f3pez Obrador se reunir\u00e1 con dirigentes industriales y de comercio","datePublished":"2018-07-08T23:52:42+00:00","mainEntityOfPage":{"@id":"https:\/\/volcanes.net\/?p=2107"},"wordCount":226,"commentCount":0,"publisher":{"@id":"https:\/\/volcanes.net\/#organization"},"image":{"@id":"https:\/\/volcanes.net\/?p=2107#primaryimage"},"thumbnailUrl":"https:\/\/volcanes.net\/wp-content\/uploads\/2018\/07\/amlo8-1.jpg","keywords":["AMLO"],"articleSection":["Municipales"],"inLanguage":"es","potentialAction":[{"@type":"CommentAction","name":"Comment","target":["https:\/\/volcanes.net\/?p=2107#respond"]}]},{"@type":"WebPage","@id":"https:\/\/volcanes.net\/?p=2107","url":"https:\/\/volcanes.net\/?p=2107","name":"L\u00f3pez Obrador se reunir\u00e1 con dirigentes industriales y de comercio - Volcanes","isPartOf":{"@id":"https:\/\/volcanes.net\/#website"},"primaryImageOfPage":{"@id":"https:\/\/volcanes.net\/?p=2107#primaryimage"},"image":{"@id":"https:\/\/volcanes.net\/?p=2107#primaryimage"},"thumbnailUrl":"https:\/\/volcanes.net\/wp-content\/uploads\/2018\/07\/amlo8-1.jpg","datePublished":"2018-07-08T23:52:42+00:00","breadcrumb":{"@id":"https:\/\/volcanes.net\/?p=2107#breadcrumb"},"inLanguage":"es","potentialAction":[{"@type":"ReadAction","target":["https:\/\/volcanes.net\/?p=2107"]}]},{"@type":"ImageObject","inLanguage":"es","@id":"https:\/\/volcanes.net\/?p=2107#primaryimage","url":"https:\/\/volcanes.net\/wp-content\/uploads\/2018\/07\/amlo8-1.jpg","contentUrl":"https:\/\/volcanes.net\/wp-content\/uploads\/2018\/07\/amlo8-1.jpg","width":554,"height":367},{"@type":"BreadcrumbList","@id":"https:\/\/volcanes.net\/?p=2107#breadcrumb","itemListElement":[{"@type":"ListItem","position":1,"name":"Portada","item":"https:\/\/volcanes.net\/"},{"@type":"ListItem","position":2,"name":"L\u00f3pez Obrador se reunir\u00e1 con dirigentes industriales y de comercio"}]},{"@type":"WebSite","@id":"https:\/\/volcanes.net\/#website","url":"https:\/\/volcanes.net\/","name":"Volcanes.Net","description":"Periodismo Profesional","publisher":{"@id":"https:\/\/volcanes.net\/#organization"},"potentialAction":[{"@type":"SearchAction","target":{"@type":"EntryPoint","urlTemplate":"https:\/\/volcanes.net\/?s={search_term_string}"},"query-input":{"@type":"PropertyValueSpecification","valueRequired":true,"valueName":"search_term_string"}}],"inLanguage":"es"},{"@type":"Organization","@id":"https:\/\/volcanes.net\/#organization","name":"Grupo Volcanes","url":"https:\/\/volcanes.net\/","logo":{"@type":"ImageObject","inLanguage":"es","@id":"https:\/\/volcanes.net\/#\/schema\/logo\/image\/","url":"http:\/\/volcanes.net\/wp-content\/uploads\/2017\/12\/Avatar2.jpg","contentUrl":"http:\/\/volcanes.net\/wp-content\/uploads\/2017\/12\/Avatar2.jpg","width":378,"height":378,"caption":"Grupo Volcanes"},"image":{"@id":"https:\/\/volcanes.net\/#\/schema\/logo\/image\/"},"sameAs":["https:\/\/www.facebook.com\/volcanes.net\/"]},{"@type":"Person","@id":"https:\/\/volcanes.net\/#\/schema\/person\/4bf0f383940966a4abd53f5048c0e6b9","name":"admin","image":{"@type":"ImageObject","inLanguage":"es","@id":"https:\/\/volcanes.net\/#\/schema\/person\/image\/","url":"https:\/\/secure.gravatar.com\/avatar\/ca004e6cba8462b8cb7abc86e382930c?s=96&d=mm&r=g","contentUrl":"https:\/\/secure.gravatar.com\/avatar\/ca004e6cba8462b8cb7abc86e382930c?s=96&d=mm&r=g","caption":"admin"}}]}},"_links":{"self":[{"href":"https:\/\/volcanes.net\/index.php?rest_route=\/wp\/v2\/posts\/2107"}],"collection":[{"href":"https:\/\/volcanes.net\/index.php?rest_route=\/wp\/v2\/posts"}],"about":[{"href":"https:\/\/volcanes.net\/index.php?rest_route=\/wp\/v2\/types\/post"}],"author":[{"embeddable":true,"href":"https:\/\/volcanes.net\/index.php?rest_route=\/wp\/v2\/users\/1"}],"replies":[{"embeddable":true,"href":"https:\/\/volcanes.net\/index.php?rest_route=%2Fwp%2Fv2%2Fcomments&post=2107"}],"version-history":[{"count":1,"href":"https:\/\/volcanes.net\/index.php?rest_route=\/wp\/v2\/posts\/2107\/revisions"}],"predecessor-version":[{"id":2109,"href":"https:\/\/volcanes.net\/index.php?rest_route=\/wp\/v2\/posts\/2107\/revisions\/2109"}],"wp:featuredmedia":[{"embeddable":true,"href":"https:\/\/volcanes.net\/index.php?rest_route=\/wp\/v2\/media\/2108"}],"wp:attachment":[{"href":"https:\/\/volcanes.net\/index.php?rest_route=%2Fwp%2Fv2%2Fmedia&parent=2107"}],"wp:term":[{"taxonomy":"category","embeddable":true,"href":"https:\/\/volcanes.net\/index.php?rest_route=%2Fwp%2Fv2%2Fcategories&post=2107"},{"taxonomy":"post_tag","embeddable":true,"href":"https:\/\/volcanes.net\/index.php?rest_route=%2Fwp%2Fv2%2Ftags&post=2107"}],"curies":[{"name":"wp","href":"https:\/\/api.w.org\/{rel}","templated":true}]}}