{"id":2116,"date":"2018-07-11T04:07:29","date_gmt":"2018-07-11T04:07:29","guid":{"rendered":"http:\/\/volcanes.net\/?p=2116"},"modified":"2018-07-11T04:21:45","modified_gmt":"2018-07-11T04:21:45","slug":"joven-emprendedor-mexiquense-crea-compania-de-titeres-los-monomanos","status":"publish","type":"post","link":"https:\/\/volcanes.net\/?p=2116","title":{"rendered":"JOVEN EMPRENDEDOR MEXIQUENSE CREA COMPA\u00d1\u00cdA DE T\u00cdTERES \u201cLOS MONOMANOS\u201d"},"content":{"rendered":"<div style=\"margin-top: 0px; margin-bottom: 0px;\" class=\"sharethis-inline-share-buttons\" ><\/div><p>Por: Jennifer Trejo<\/p>\n<p style=\"text-align: justify;\"><strong>Naucalpan de Ju\u00e1rez, Edo. M\u00e9x<\/strong>. Isaac Meza un joven de tan solo 20 a\u00f1os de edad, dio inicio a lo que ser\u00eda uno de los mejores proyectos \u00fanicos y originales en su tipo no solo en la entidad mexiquense, sino en M\u00e9xico y Am\u00e9rica Latina, hace 8 a\u00f1os.<\/p>\n<p style=\"text-align: justify;\">La compa\u00f1\u00eda de t\u00edteres <strong>\u201cLOS MONOMANOS\u201d<\/strong> comenzar\u00eda cuando Isaac \u00a0con un trozo de tela verde pusiera manos a la obra en la intimidad de su hogar para realizar lo que ser\u00eda su primer personaje:<em> Kermit the Frog<\/em> o la <em>Rana Rene<\/em> como es conocido en LatinoAm\u00e9rica, creado originalmente por el\u00a0titiritero y productor de televisi\u00f3n\u00a0Jim Henson\u00a0.<\/p>\n<p style=\"text-align: justify;\">En sus propias palabras expresa: <em>\u201cBueno, pues esta empresa fue fundada hace 8 a\u00f1os y empec\u00e9 a hacerlo un d\u00eda que una de mis compa\u00f1eras de la secundaria hizo un convivi\u00f3\u00a0e invito a todos los de mi sal\u00f3n menos a m\u00ed; entonces muy triste\u00a0 de regreso a casa, deprimido en mi cuarto entre todas mis cosas encontr\u00e9 un cacho de tela verde y empec\u00e9 a coser una rana Rene, un poco mal hecha; pero ah\u00ed fue donde me di cuenta que esto era realmente mi pasi\u00f3n\u201d<\/em><\/p>\n<p style=\"text-align: justify;\">Lo que en un momento era dif\u00edcil dentro de la vida de un adolescente, lo impuls\u00f3 para que posteriormente comenzaran a surgir m\u00e1s ideas, por lo que empez\u00f3 a llevar esto m\u00e1s\u00a0 all\u00e1 de solo coser tela y hacer t\u00edteres; sino que realiz\u00f3 sus primeras presentaciones en escuelas y la iglesia\u00a0 de su colonia.<\/p>\n<p style=\"text-align: justify;\">Cabe mencionar que es un fiel seguidor y fan de la serie Chilena \u201c31 Minutos\u201d, tambi\u00e9n presidente del club de fans de esta serie, por lo que surgi\u00f3 la idea de realizar un Tributo \u00fanico en M\u00e9xico, el cual m\u00e1s tarde tendr\u00eda la aprobaci\u00f3n de sus creadores originales: Pedro Peirano\u00a0y\u00a0\u00c1lvaro D\u00edaz, convirtiendo a este Tributo en todo un show original llevado a todos los fans de M\u00e9xico, los cuales han quedado maravillados al ser testigos de una presentaci\u00f3n y en momentos llegar a confundirlos con los originales.<\/p>\n<p style=\"text-align: justify;\">Adem\u00e1s de este tributo, ha creado y \u00a0elaborando \u00a0propios personajes que representan directamente a la empresa, por lo que hasta el momento ya cuenta con m\u00e1s de 200 t\u00edteres, los cuales est\u00e1n hechos para divertir, entretener , hacer cantar y disfrutar a todos, sin importar edades, en pocas palabras, los shows est\u00e1n pensados para toda la familia.<\/p>\n<p style=\"text-align: justify;\">\u00a0<em>\u201cEs muy satisfactorio el poder observar el tipo de reacciones que hacen las personas mientras un show est\u00e1 en curso o escuchar las opiniones al final de cada uno\u201d<\/em> Expresa.<\/p>\n<p style=\"text-align: justify;\">A lo largo de estos 8 a\u00f1os, han realizado presentaciones en diferentes puntos de la Rep\u00fablica Mexicana, participaciones en televisi\u00f3n y radio, apariciones en prensa escrita y digital, los que han dejado huella imborrable a la trayectoria personal y de la empresa.<\/p>\n<p style=\"text-align: justify;\"><em>\u201cNunca pens\u00e9 que la idea de hacer un t\u00edtere mal cosido me llevara a tener entrevistas en la televisi\u00f3n y mucho menos conocer a personas famosas y compartir el mismo lugar de convivencia, estoy muy contento porque los logros obtenidos \u00a0junto con mi equipo de trabajo y mi familia me tienen muy satisfecho y con las suficientes ganas de seguir adelante\u201d.\u00a0\u00a0<\/em><\/p>\n<p style=\"text-align: justify;\">Los Monomanos est\u00e1n pr\u00f3ximos a estrenar una serie original y \u00fanica en M\u00e9xico realizada con t\u00edteres propios de la compa\u00f1\u00eda y lanzada para redes sociales de una forma independiente, la cual tendr\u00e1 muchas sorpresas.<\/p>\n<p style=\"text-align: justify;\">Te invitamos a visitar sus redes sociales, conocerlos y disfrutar de sus presentaciones, las cuales sin duda te har\u00e1n pasar un momento agradable.<\/p>\n<p><a href=\"http:\/\/www.facebook.com\/LosMonomanos\" target=\"_blank\" rel=\"noopener\">www.facebook.com\/LosMonomanos<\/a><\/p>\n<p><a href=\"https:\/\/www.youtube.com\/user\/AGBIAED\" target=\"_blank\" rel=\"noopener\">https:\/\/www.youtube.com\/user\/AGBIAED<\/a><\/p>\n<p><img loading=\"lazy\" decoding=\"async\" class=\"wp-image-2120 size-large aligncenter\" src=\"http:\/\/volcanes.net\/wp-content\/uploads\/2018\/07\/redes-monomanos-1024x174.png\" alt=\"\" width=\"800\" height=\"136\" srcset=\"https:\/\/volcanes.net\/wp-content\/uploads\/2018\/07\/redes-monomanos-1024x174.png 1024w, https:\/\/volcanes.net\/wp-content\/uploads\/2018\/07\/redes-monomanos-300x51.png 300w, https:\/\/volcanes.net\/wp-content\/uploads\/2018\/07\/redes-monomanos-768x130.png 768w, https:\/\/volcanes.net\/wp-content\/uploads\/2018\/07\/redes-monomanos-550x93.png 550w, https:\/\/volcanes.net\/wp-content\/uploads\/2018\/07\/redes-monomanos.png 1502w\" sizes=\"(max-width: 800px) 100vw, 800px\" \/><\/p>\n","protected":false},"excerpt":{"rendered":"<p>Por: Jennifer Trejo Naucalpan de Ju\u00e1rez, Edo. M\u00e9x. Isaac Meza un joven de tan solo<\/p>\n","protected":false},"author":1,"featured_media":2117,"comment_status":"open","ping_status":"open","sticky":false,"template":"","format":"standard","meta":{"footnotes":""},"categories":[1],"tags":[175,176,60,178,174,172,173,75,177],"class_list":["post-2116","post","type-post","status-publish","format-standard","has-post-thumbnail","hentry","category-municipales","tag-31-minutos","tag-beatles","tag-edomex","tag-emprendedores","tag-estado-de-mexico","tag-los-monomanos","tag-monomanos","tag-naucalpan","tag-titeres"],"yoast_head":"<!-- This site is optimized with the Yoast SEO plugin v25.3 - https:\/\/yoast.com\/wordpress\/plugins\/seo\/ -->\n<title>JOVEN EMPRENDEDOR MEXIQUENSE CREA COMPA\u00d1\u00cdA DE T\u00cdTERES \u201cLOS MONOMANOS\u201d - Volcanes<\/title>\n<meta name=\"robots\" content=\"index, follow, max-snippet:-1, max-image-preview:large, max-video-preview:-1\" \/>\n<link rel=\"canonical\" href=\"https:\/\/volcanes.net\/?p=2116\" \/>\n<meta property=\"og:locale\" content=\"es_MX\" \/>\n<meta property=\"og:type\" content=\"article\" \/>\n<meta property=\"og:title\" content=\"JOVEN EMPRENDEDOR MEXIQUENSE CREA COMPA\u00d1\u00cdA DE T\u00cdTERES \u201cLOS MONOMANOS\u201d - Volcanes\" \/>\n<meta property=\"og:description\" content=\"Por: Jennifer Trejo Naucalpan de Ju\u00e1rez, Edo. M\u00e9x. Isaac Meza un joven de tan solo\" \/>\n<meta property=\"og:url\" content=\"https:\/\/volcanes.net\/?p=2116\" \/>\n<meta property=\"og:site_name\" content=\"Volcanes\" \/>\n<meta property=\"article:publisher\" content=\"https:\/\/www.facebook.com\/volcanes.net\/\" \/>\n<meta property=\"article:published_time\" content=\"2018-07-11T04:07:29+00:00\" \/>\n<meta property=\"article:modified_time\" content=\"2018-07-11T04:21:45+00:00\" \/>\n<meta property=\"og:image\" content=\"https:\/\/volcanes.net\/wp-content\/uploads\/2018\/07\/monomanos-e1531282119311.jpg\" \/>\n\t<meta property=\"og:image:width\" content=\"400\" \/>\n\t<meta property=\"og:image:height\" content=\"400\" \/>\n\t<meta property=\"og:image:type\" content=\"image\/jpeg\" \/>\n<meta name=\"author\" content=\"admin\" \/>\n<meta name=\"twitter:card\" content=\"summary_large_image\" \/>\n<meta name=\"twitter:label1\" content=\"Escrito por\" \/>\n\t<meta name=\"twitter:data1\" content=\"admin\" \/>\n\t<meta name=\"twitter:label2\" content=\"Tiempo de lectura\" \/>\n\t<meta name=\"twitter:data2\" content=\"3 minutos\" \/>\n<script type=\"application\/ld+json\" class=\"yoast-schema-graph\">{\"@context\":\"https:\/\/schema.org\",\"@graph\":[{\"@type\":\"Article\",\"@id\":\"https:\/\/volcanes.net\/?p=2116#article\",\"isPartOf\":{\"@id\":\"https:\/\/volcanes.net\/?p=2116\"},\"author\":{\"name\":\"admin\",\"@id\":\"https:\/\/volcanes.net\/#\/schema\/person\/4bf0f383940966a4abd53f5048c0e6b9\"},\"headline\":\"JOVEN EMPRENDEDOR MEXIQUENSE CREA COMPA\u00d1\u00cdA DE T\u00cdTERES \u201cLOS MONOMANOS\u201d\",\"datePublished\":\"2018-07-11T04:07:29+00:00\",\"dateModified\":\"2018-07-11T04:21:45+00:00\",\"mainEntityOfPage\":{\"@id\":\"https:\/\/volcanes.net\/?p=2116\"},\"wordCount\":645,\"commentCount\":0,\"publisher\":{\"@id\":\"https:\/\/volcanes.net\/#organization\"},\"image\":{\"@id\":\"https:\/\/volcanes.net\/?p=2116#primaryimage\"},\"thumbnailUrl\":\"https:\/\/volcanes.net\/wp-content\/uploads\/2018\/07\/monomanos-e1531282119311.jpg\",\"keywords\":[\"31 Minutos\",\"Beatles\",\"EdoM\u00e9x\",\"emprendedores\",\"Estado de M\u00e9xico\",\"los monomanos\",\"Monomanos\",\"Naucalpan\",\"T\u00edteres\"],\"articleSection\":[\"Municipales\"],\"inLanguage\":\"es\",\"potentialAction\":[{\"@type\":\"CommentAction\",\"name\":\"Comment\",\"target\":[\"https:\/\/volcanes.net\/?p=2116#respond\"]}]},{\"@type\":\"WebPage\",\"@id\":\"https:\/\/volcanes.net\/?p=2116\",\"url\":\"https:\/\/volcanes.net\/?p=2116\",\"name\":\"JOVEN EMPRENDEDOR MEXIQUENSE CREA COMPA\u00d1\u00cdA DE T\u00cdTERES \u201cLOS MONOMANOS\u201d - Volcanes\",\"isPartOf\":{\"@id\":\"https:\/\/volcanes.net\/#website\"},\"primaryImageOfPage\":{\"@id\":\"https:\/\/volcanes.net\/?p=2116#primaryimage\"},\"image\":{\"@id\":\"https:\/\/volcanes.net\/?p=2116#primaryimage\"},\"thumbnailUrl\":\"https:\/\/volcanes.net\/wp-content\/uploads\/2018\/07\/monomanos-e1531282119311.jpg\",\"datePublished\":\"2018-07-11T04:07:29+00:00\",\"dateModified\":\"2018-07-11T04:21:45+00:00\",\"breadcrumb\":{\"@id\":\"https:\/\/volcanes.net\/?p=2116#breadcrumb\"},\"inLanguage\":\"es\",\"potentialAction\":[{\"@type\":\"ReadAction\",\"target\":[\"https:\/\/volcanes.net\/?p=2116\"]}]},{\"@type\":\"ImageObject\",\"inLanguage\":\"es\",\"@id\":\"https:\/\/volcanes.net\/?p=2116#primaryimage\",\"url\":\"https:\/\/volcanes.net\/wp-content\/uploads\/2018\/07\/monomanos-e1531282119311.jpg\",\"contentUrl\":\"https:\/\/volcanes.net\/wp-content\/uploads\/2018\/07\/monomanos-e1531282119311.jpg\",\"width\":400,\"height\":400},{\"@type\":\"BreadcrumbList\",\"@id\":\"https:\/\/volcanes.net\/?p=2116#breadcrumb\",\"itemListElement\":[{\"@type\":\"ListItem\",\"position\":1,\"name\":\"Portada\",\"item\":\"https:\/\/volcanes.net\/\"},{\"@type\":\"ListItem\",\"position\":2,\"name\":\"JOVEN EMPRENDEDOR MEXIQUENSE CREA COMPA\u00d1\u00cdA DE T\u00cdTERES \u201cLOS MONOMANOS\u201d\"}]},{\"@type\":\"WebSite\",\"@id\":\"https:\/\/volcanes.net\/#website\",\"url\":\"https:\/\/volcanes.net\/\",\"name\":\"Volcanes.Net\",\"description\":\"Periodismo Profesional\",\"publisher\":{\"@id\":\"https:\/\/volcanes.net\/#organization\"},\"potentialAction\":[{\"@type\":\"SearchAction\",\"target\":{\"@type\":\"EntryPoint\",\"urlTemplate\":\"https:\/\/volcanes.net\/?s={search_term_string}\"},\"query-input\":{\"@type\":\"PropertyValueSpecification\",\"valueRequired\":true,\"valueName\":\"search_term_string\"}}],\"inLanguage\":\"es\"},{\"@type\":\"Organization\",\"@id\":\"https:\/\/volcanes.net\/#organization\",\"name\":\"Grupo Volcanes\",\"url\":\"https:\/\/volcanes.net\/\",\"logo\":{\"@type\":\"ImageObject\",\"inLanguage\":\"es\",\"@id\":\"https:\/\/volcanes.net\/#\/schema\/logo\/image\/\",\"url\":\"http:\/\/volcanes.net\/wp-content\/uploads\/2017\/12\/Avatar2.jpg\",\"contentUrl\":\"http:\/\/volcanes.net\/wp-content\/uploads\/2017\/12\/Avatar2.jpg\",\"width\":378,\"height\":378,\"caption\":\"Grupo Volcanes\"},\"image\":{\"@id\":\"https:\/\/volcanes.net\/#\/schema\/logo\/image\/\"},\"sameAs\":[\"https:\/\/www.facebook.com\/volcanes.net\/\"]},{\"@type\":\"Person\",\"@id\":\"https:\/\/volcanes.net\/#\/schema\/person\/4bf0f383940966a4abd53f5048c0e6b9\",\"name\":\"admin\",\"image\":{\"@type\":\"ImageObject\",\"inLanguage\":\"es\",\"@id\":\"https:\/\/volcanes.net\/#\/schema\/person\/image\/\",\"url\":\"https:\/\/secure.gravatar.com\/avatar\/ca004e6cba8462b8cb7abc86e382930c?s=96&d=mm&r=g\",\"contentUrl\":\"https:\/\/secure.gravatar.com\/avatar\/ca004e6cba8462b8cb7abc86e382930c?s=96&d=mm&r=g\",\"caption\":\"admin\"}}]}<\/script>\n<!-- \/ Yoast SEO plugin. -->","yoast_head_json":{"title":"JOVEN EMPRENDEDOR MEXIQUENSE CREA COMPA\u00d1\u00cdA DE T\u00cdTERES \u201cLOS MONOMANOS\u201d - Volcanes","robots":{"index":"index","follow":"follow","max-snippet":"max-snippet:-1","max-image-preview":"max-image-preview:large","max-video-preview":"max-video-preview:-1"},"canonical":"https:\/\/volcanes.net\/?p=2116","og_locale":"es_MX","og_type":"article","og_title":"JOVEN EMPRENDEDOR MEXIQUENSE CREA COMPA\u00d1\u00cdA DE T\u00cdTERES \u201cLOS MONOMANOS\u201d - Volcanes","og_description":"Por: Jennifer Trejo Naucalpan de Ju\u00e1rez, Edo. M\u00e9x. Isaac Meza un joven de tan solo","og_url":"https:\/\/volcanes.net\/?p=2116","og_site_name":"Volcanes","article_publisher":"https:\/\/www.facebook.com\/volcanes.net\/","article_published_time":"2018-07-11T04:07:29+00:00","article_modified_time":"2018-07-11T04:21:45+00:00","og_image":[{"width":400,"height":400,"url":"https:\/\/volcanes.net\/wp-content\/uploads\/2018\/07\/monomanos-e1531282119311.jpg","type":"image\/jpeg"}],"author":"admin","twitter_card":"summary_large_image","twitter_misc":{"Escrito por":"admin","Tiempo de lectura":"3 minutos"},"schema":{"@context":"https:\/\/schema.org","@graph":[{"@type":"Article","@id":"https:\/\/volcanes.net\/?p=2116#article","isPartOf":{"@id":"https:\/\/volcanes.net\/?p=2116"},"author":{"name":"admin","@id":"https:\/\/volcanes.net\/#\/schema\/person\/4bf0f383940966a4abd53f5048c0e6b9"},"headline":"JOVEN EMPRENDEDOR MEXIQUENSE CREA COMPA\u00d1\u00cdA DE T\u00cdTERES \u201cLOS MONOMANOS\u201d","datePublished":"2018-07-11T04:07:29+00:00","dateModified":"2018-07-11T04:21:45+00:00","mainEntityOfPage":{"@id":"https:\/\/volcanes.net\/?p=2116"},"wordCount":645,"commentCount":0,"publisher":{"@id":"https:\/\/volcanes.net\/#organization"},"image":{"@id":"https:\/\/volcanes.net\/?p=2116#primaryimage"},"thumbnailUrl":"https:\/\/volcanes.net\/wp-content\/uploads\/2018\/07\/monomanos-e1531282119311.jpg","keywords":["31 Minutos","Beatles","EdoM\u00e9x","emprendedores","Estado de M\u00e9xico","los monomanos","Monomanos","Naucalpan","T\u00edteres"],"articleSection":["Municipales"],"inLanguage":"es","potentialAction":[{"@type":"CommentAction","name":"Comment","target":["https:\/\/volcanes.net\/?p=2116#respond"]}]},{"@type":"WebPage","@id":"https:\/\/volcanes.net\/?p=2116","url":"https:\/\/volcanes.net\/?p=2116","name":"JOVEN EMPRENDEDOR MEXIQUENSE CREA COMPA\u00d1\u00cdA DE T\u00cdTERES \u201cLOS MONOMANOS\u201d - Volcanes","isPartOf":{"@id":"https:\/\/volcanes.net\/#website"},"primaryImageOfPage":{"@id":"https:\/\/volcanes.net\/?p=2116#primaryimage"},"image":{"@id":"https:\/\/volcanes.net\/?p=2116#primaryimage"},"thumbnailUrl":"https:\/\/volcanes.net\/wp-content\/uploads\/2018\/07\/monomanos-e1531282119311.jpg","datePublished":"2018-07-11T04:07:29+00:00","dateModified":"2018-07-11T04:21:45+00:00","breadcrumb":{"@id":"https:\/\/volcanes.net\/?p=2116#breadcrumb"},"inLanguage":"es","potentialAction":[{"@type":"ReadAction","target":["https:\/\/volcanes.net\/?p=2116"]}]},{"@type":"ImageObject","inLanguage":"es","@id":"https:\/\/volcanes.net\/?p=2116#primaryimage","url":"https:\/\/volcanes.net\/wp-content\/uploads\/2018\/07\/monomanos-e1531282119311.jpg","contentUrl":"https:\/\/volcanes.net\/wp-content\/uploads\/2018\/07\/monomanos-e1531282119311.jpg","width":400,"height":400},{"@type":"BreadcrumbList","@id":"https:\/\/volcanes.net\/?p=2116#breadcrumb","itemListElement":[{"@type":"ListItem","position":1,"name":"Portada","item":"https:\/\/volcanes.net\/"},{"@type":"ListItem","position":2,"name":"JOVEN EMPRENDEDOR MEXIQUENSE CREA COMPA\u00d1\u00cdA DE T\u00cdTERES \u201cLOS MONOMANOS\u201d"}]},{"@type":"WebSite","@id":"https:\/\/volcanes.net\/#website","url":"https:\/\/volcanes.net\/","name":"Volcanes.Net","description":"Periodismo Profesional","publisher":{"@id":"https:\/\/volcanes.net\/#organization"},"potentialAction":[{"@type":"SearchAction","target":{"@type":"EntryPoint","urlTemplate":"https:\/\/volcanes.net\/?s={search_term_string}"},"query-input":{"@type":"PropertyValueSpecification","valueRequired":true,"valueName":"search_term_string"}}],"inLanguage":"es"},{"@type":"Organization","@id":"https:\/\/volcanes.net\/#organization","name":"Grupo Volcanes","url":"https:\/\/volcanes.net\/","logo":{"@type":"ImageObject","inLanguage":"es","@id":"https:\/\/volcanes.net\/#\/schema\/logo\/image\/","url":"http:\/\/volcanes.net\/wp-content\/uploads\/2017\/12\/Avatar2.jpg","contentUrl":"http:\/\/volcanes.net\/wp-content\/uploads\/2017\/12\/Avatar2.jpg","width":378,"height":378,"caption":"Grupo Volcanes"},"image":{"@id":"https:\/\/volcanes.net\/#\/schema\/logo\/image\/"},"sameAs":["https:\/\/www.facebook.com\/volcanes.net\/"]},{"@type":"Person","@id":"https:\/\/volcanes.net\/#\/schema\/person\/4bf0f383940966a4abd53f5048c0e6b9","name":"admin","image":{"@type":"ImageObject","inLanguage":"es","@id":"https:\/\/volcanes.net\/#\/schema\/person\/image\/","url":"https:\/\/secure.gravatar.com\/avatar\/ca004e6cba8462b8cb7abc86e382930c?s=96&d=mm&r=g","contentUrl":"https:\/\/secure.gravatar.com\/avatar\/ca004e6cba8462b8cb7abc86e382930c?s=96&d=mm&r=g","caption":"admin"}}]}},"_links":{"self":[{"href":"https:\/\/volcanes.net\/index.php?rest_route=\/wp\/v2\/posts\/2116"}],"collection":[{"href":"https:\/\/volcanes.net\/index.php?rest_route=\/wp\/v2\/posts"}],"about":[{"href":"https:\/\/volcanes.net\/index.php?rest_route=\/wp\/v2\/types\/post"}],"author":[{"embeddable":true,"href":"https:\/\/volcanes.net\/index.php?rest_route=\/wp\/v2\/users\/1"}],"replies":[{"embeddable":true,"href":"https:\/\/volcanes.net\/index.php?rest_route=%2Fwp%2Fv2%2Fcomments&post=2116"}],"version-history":[{"count":6,"href":"https:\/\/volcanes.net\/index.php?rest_route=\/wp\/v2\/posts\/2116\/revisions"}],"predecessor-version":[{"id":2124,"href":"https:\/\/volcanes.net\/index.php?rest_route=\/wp\/v2\/posts\/2116\/revisions\/2124"}],"wp:featuredmedia":[{"embeddable":true,"href":"https:\/\/volcanes.net\/index.php?rest_route=\/wp\/v2\/media\/2117"}],"wp:attachment":[{"href":"https:\/\/volcanes.net\/index.php?rest_route=%2Fwp%2Fv2%2Fmedia&parent=2116"}],"wp:term":[{"taxonomy":"category","embeddable":true,"href":"https:\/\/volcanes.net\/index.php?rest_route=%2Fwp%2Fv2%2Fcategories&post=2116"},{"taxonomy":"post_tag","embeddable":true,"href":"https:\/\/volcanes.net\/index.php?rest_route=%2Fwp%2Fv2%2Ftags&post=2116"}],"curies":[{"name":"wp","href":"https:\/\/api.w.org\/{rel}","templated":true}]}}