{"id":2126,"date":"2018-07-15T20:26:50","date_gmt":"2018-07-15T20:26:50","guid":{"rendered":"http:\/\/volcanes.net\/?p=2126"},"modified":"2018-07-15T20:38:23","modified_gmt":"2018-07-15T20:38:23","slug":"cuauhtemoc-garcia-ortega-buscara-la-presidencia-del-pri-en-el-edomex","status":"publish","type":"post","link":"https:\/\/volcanes.net\/?p=2126","title":{"rendered":"CUAUHTEMOC GARC\u00cdA ORTEGA BUSCAR\u00c1 LA PRESIDENCIA DEL PRI EN EL EDOMEX"},"content":{"rendered":"<div style=\"margin-top: 0px; margin-bottom: 0px;\" class=\"sharethis-inline-share-buttons\" ><\/div><p style=\"text-align: justify;\">Cuauht\u00e9moc Garc\u00eda Ortega expres\u00f3 su intenci\u00f3n de participar en la renovaci\u00f3n de la presidencia del CDE PRI,\u00a0 y es que \u00a0no es un hombre improvisado, Garc\u00eda Ortega conoce todo el\u00a0 estado de M\u00e9xico, cuenta con una amplia experiencia pues lleva varios a\u00f1os recorriendo el\u00a0 estado,\u00a0 conoce a los l\u00edderes sociales y\u00a0 nunca ha militado en otro instituto pol\u00edtico, ha participado en la coordinaci\u00f3n estatal\u00a0 y\u00a0 nacional de diversas\u00a0 campa\u00f1as, fue secretario de organizaci\u00f3n en el\u00a0 CDE,\u00a0 l\u00edder estudiantil en el movimiento de 68, as\u00ed\u00a0 como\u00a0 precandidato a la\u00a0 gubernatura, y diversos cargos en la secretaria de gobernaci\u00f3n y la secretar\u00eda de econom\u00eda.<\/p>\n<p style=\"text-align: justify;\">Cuauht\u00e9moc Garc\u00eda siempre ha expresado que el da\u00f1o al PRI es el\u00a0 cacicazgo, el amiguismo y el\u00a0 compadrazgo, as\u00ed\u00a0 como la urgencia de reconocer \u00a0el\u00a0 trabajo de los verdaderos militantes, \u00a0sin duda es urgente una\u00a0 democratizaci\u00f3n de este partido si quiere recobrar los\u00a0 municipios que ha perdido, y retomar el liderazgo en el\u00a0 EDOMEX y es que el\u00a0 PRI es un partido\u00a0 fuerte, pero\u00a0 que se fue contaminando con no\u00a0 ser democr\u00e1tico, por ello diversos l\u00edderes sociales, militantes y simpatizantes mostraron su intenci\u00f3n\u00a0 de apoyar a Garc\u00eda Ortega para ocupar la dirigencia de ese partido\u00a0 en el Estado de M\u00e9xico.<\/p>\n<p style=\"text-align: justify;\">A lo largo de su trayectoria pol\u00edtica Cuauht\u00e9moc Garc\u00eda ha buscado que el PRI de paso \u00a0\u00a0a todas las expresiones pol\u00edticas, por ello es que una de las mejores cartas para dirigir al Priismo en el EDOMEX es Cuauht\u00e9moc Garc\u00eda.<\/p>\n<p style=\"text-align: justify;\">Garc\u00eda Ortega hizo un llamado a todo el Priismo\u00a0 a cohesionarse y trabajar unidos, con respeto a\u00a0 la militancia,\u00a0 democratizaci\u00f3n del PRI\u00a0 y la inclusi\u00f3n de nuevos cuadros en este instituto pol\u00edtico, coment\u00f3\u00a0 que hace falta una dirigencia cercana a la\u00a0 gente y con total inclusi\u00f3n.<\/p>\n<p>Participar\u00e1\u00a0 siempre respetando los t\u00e9rminos de la\u00a0 convocatoria y\u00a0Sujet\u00e1ndose tal aspiraci\u00f3n a lo que establecen los estatutos y en su oportunidad lo que fije la convocatoria.<\/p>\n","protected":false},"excerpt":{"rendered":"<p>Cuauht\u00e9moc Garc\u00eda Ortega expres\u00f3 su intenci\u00f3n de participar en la renovaci\u00f3n de la presidencia del<\/p>\n","protected":false},"author":1,"featured_media":2128,"comment_status":"open","ping_status":"open","sticky":false,"template":"","format":"standard","meta":{"footnotes":""},"categories":[3,1],"tags":[],"class_list":["post-2126","post","type-post","status-publish","format-standard","has-post-thumbnail","hentry","category-estatales","category-municipales"],"yoast_head":"<!-- This site is optimized with the Yoast SEO plugin v25.3 - https:\/\/yoast.com\/wordpress\/plugins\/seo\/ -->\n<title>CUAUHTEMOC GARC\u00cdA ORTEGA BUSCAR\u00c1 LA PRESIDENCIA DEL PRI EN EL EDOMEX - Volcanes<\/title>\n<meta name=\"robots\" content=\"index, follow, max-snippet:-1, max-image-preview:large, max-video-preview:-1\" \/>\n<link rel=\"canonical\" href=\"https:\/\/volcanes.net\/?p=2126\" \/>\n<meta property=\"og:locale\" content=\"es_MX\" \/>\n<meta property=\"og:type\" content=\"article\" \/>\n<meta property=\"og:title\" content=\"CUAUHTEMOC GARC\u00cdA ORTEGA BUSCAR\u00c1 LA PRESIDENCIA DEL PRI EN EL EDOMEX - Volcanes\" \/>\n<meta property=\"og:description\" content=\"Cuauht\u00e9moc Garc\u00eda Ortega expres\u00f3 su intenci\u00f3n de participar en la renovaci\u00f3n de la presidencia del\" \/>\n<meta property=\"og:url\" content=\"https:\/\/volcanes.net\/?p=2126\" \/>\n<meta property=\"og:site_name\" content=\"Volcanes\" \/>\n<meta property=\"article:publisher\" content=\"https:\/\/www.facebook.com\/volcanes.net\/\" \/>\n<meta property=\"article:published_time\" content=\"2018-07-15T20:26:50+00:00\" \/>\n<meta property=\"article:modified_time\" content=\"2018-07-15T20:38:23+00:00\" \/>\n<meta property=\"og:image\" content=\"https:\/\/volcanes.net\/wp-content\/uploads\/2018\/07\/garcia.jpg\" \/>\n\t<meta property=\"og:image:width\" content=\"558\" \/>\n\t<meta property=\"og:image:height\" content=\"476\" \/>\n\t<meta property=\"og:image:type\" content=\"image\/jpeg\" \/>\n<meta name=\"author\" content=\"admin\" \/>\n<meta name=\"twitter:card\" content=\"summary_large_image\" \/>\n<meta name=\"twitter:label1\" content=\"Escrito por\" \/>\n\t<meta name=\"twitter:data1\" content=\"admin\" \/>\n\t<meta name=\"twitter:label2\" content=\"Tiempo de lectura\" \/>\n\t<meta name=\"twitter:data2\" content=\"2 minutos\" \/>\n<script type=\"application\/ld+json\" class=\"yoast-schema-graph\">{\"@context\":\"https:\/\/schema.org\",\"@graph\":[{\"@type\":\"Article\",\"@id\":\"https:\/\/volcanes.net\/?p=2126#article\",\"isPartOf\":{\"@id\":\"https:\/\/volcanes.net\/?p=2126\"},\"author\":{\"name\":\"admin\",\"@id\":\"https:\/\/volcanes.net\/#\/schema\/person\/4bf0f383940966a4abd53f5048c0e6b9\"},\"headline\":\"CUAUHTEMOC GARC\u00cdA ORTEGA BUSCAR\u00c1 LA PRESIDENCIA DEL PRI EN EL EDOMEX\",\"datePublished\":\"2018-07-15T20:26:50+00:00\",\"dateModified\":\"2018-07-15T20:38:23+00:00\",\"mainEntityOfPage\":{\"@id\":\"https:\/\/volcanes.net\/?p=2126\"},\"wordCount\":365,\"commentCount\":0,\"publisher\":{\"@id\":\"https:\/\/volcanes.net\/#organization\"},\"image\":{\"@id\":\"https:\/\/volcanes.net\/?p=2126#primaryimage\"},\"thumbnailUrl\":\"https:\/\/volcanes.net\/wp-content\/uploads\/2018\/07\/garcia.jpg\",\"articleSection\":[\"Estatales\",\"Municipales\"],\"inLanguage\":\"es\",\"potentialAction\":[{\"@type\":\"CommentAction\",\"name\":\"Comment\",\"target\":[\"https:\/\/volcanes.net\/?p=2126#respond\"]}]},{\"@type\":\"WebPage\",\"@id\":\"https:\/\/volcanes.net\/?p=2126\",\"url\":\"https:\/\/volcanes.net\/?p=2126\",\"name\":\"CUAUHTEMOC GARC\u00cdA ORTEGA BUSCAR\u00c1 LA PRESIDENCIA DEL PRI EN EL EDOMEX - Volcanes\",\"isPartOf\":{\"@id\":\"https:\/\/volcanes.net\/#website\"},\"primaryImageOfPage\":{\"@id\":\"https:\/\/volcanes.net\/?p=2126#primaryimage\"},\"image\":{\"@id\":\"https:\/\/volcanes.net\/?p=2126#primaryimage\"},\"thumbnailUrl\":\"https:\/\/volcanes.net\/wp-content\/uploads\/2018\/07\/garcia.jpg\",\"datePublished\":\"2018-07-15T20:26:50+00:00\",\"dateModified\":\"2018-07-15T20:38:23+00:00\",\"breadcrumb\":{\"@id\":\"https:\/\/volcanes.net\/?p=2126#breadcrumb\"},\"inLanguage\":\"es\",\"potentialAction\":[{\"@type\":\"ReadAction\",\"target\":[\"https:\/\/volcanes.net\/?p=2126\"]}]},{\"@type\":\"ImageObject\",\"inLanguage\":\"es\",\"@id\":\"https:\/\/volcanes.net\/?p=2126#primaryimage\",\"url\":\"https:\/\/volcanes.net\/wp-content\/uploads\/2018\/07\/garcia.jpg\",\"contentUrl\":\"https:\/\/volcanes.net\/wp-content\/uploads\/2018\/07\/garcia.jpg\",\"width\":558,\"height\":476},{\"@type\":\"BreadcrumbList\",\"@id\":\"https:\/\/volcanes.net\/?p=2126#breadcrumb\",\"itemListElement\":[{\"@type\":\"ListItem\",\"position\":1,\"name\":\"Portada\",\"item\":\"https:\/\/volcanes.net\/\"},{\"@type\":\"ListItem\",\"position\":2,\"name\":\"CUAUHTEMOC GARC\u00cdA ORTEGA BUSCAR\u00c1 LA PRESIDENCIA DEL PRI EN EL EDOMEX\"}]},{\"@type\":\"WebSite\",\"@id\":\"https:\/\/volcanes.net\/#website\",\"url\":\"https:\/\/volcanes.net\/\",\"name\":\"Volcanes.Net\",\"description\":\"Periodismo Profesional\",\"publisher\":{\"@id\":\"https:\/\/volcanes.net\/#organization\"},\"potentialAction\":[{\"@type\":\"SearchAction\",\"target\":{\"@type\":\"EntryPoint\",\"urlTemplate\":\"https:\/\/volcanes.net\/?s={search_term_string}\"},\"query-input\":{\"@type\":\"PropertyValueSpecification\",\"valueRequired\":true,\"valueName\":\"search_term_string\"}}],\"inLanguage\":\"es\"},{\"@type\":\"Organization\",\"@id\":\"https:\/\/volcanes.net\/#organization\",\"name\":\"Grupo Volcanes\",\"url\":\"https:\/\/volcanes.net\/\",\"logo\":{\"@type\":\"ImageObject\",\"inLanguage\":\"es\",\"@id\":\"https:\/\/volcanes.net\/#\/schema\/logo\/image\/\",\"url\":\"http:\/\/volcanes.net\/wp-content\/uploads\/2017\/12\/Avatar2.jpg\",\"contentUrl\":\"http:\/\/volcanes.net\/wp-content\/uploads\/2017\/12\/Avatar2.jpg\",\"width\":378,\"height\":378,\"caption\":\"Grupo Volcanes\"},\"image\":{\"@id\":\"https:\/\/volcanes.net\/#\/schema\/logo\/image\/\"},\"sameAs\":[\"https:\/\/www.facebook.com\/volcanes.net\/\"]},{\"@type\":\"Person\",\"@id\":\"https:\/\/volcanes.net\/#\/schema\/person\/4bf0f383940966a4abd53f5048c0e6b9\",\"name\":\"admin\",\"image\":{\"@type\":\"ImageObject\",\"inLanguage\":\"es\",\"@id\":\"https:\/\/volcanes.net\/#\/schema\/person\/image\/\",\"url\":\"https:\/\/secure.gravatar.com\/avatar\/ca004e6cba8462b8cb7abc86e382930c?s=96&d=mm&r=g\",\"contentUrl\":\"https:\/\/secure.gravatar.com\/avatar\/ca004e6cba8462b8cb7abc86e382930c?s=96&d=mm&r=g\",\"caption\":\"admin\"}}]}<\/script>\n<!-- \/ Yoast SEO plugin. -->","yoast_head_json":{"title":"CUAUHTEMOC GARC\u00cdA ORTEGA BUSCAR\u00c1 LA PRESIDENCIA DEL PRI EN EL EDOMEX - Volcanes","robots":{"index":"index","follow":"follow","max-snippet":"max-snippet:-1","max-image-preview":"max-image-preview:large","max-video-preview":"max-video-preview:-1"},"canonical":"https:\/\/volcanes.net\/?p=2126","og_locale":"es_MX","og_type":"article","og_title":"CUAUHTEMOC GARC\u00cdA ORTEGA BUSCAR\u00c1 LA PRESIDENCIA DEL PRI EN EL EDOMEX - Volcanes","og_description":"Cuauht\u00e9moc Garc\u00eda Ortega expres\u00f3 su intenci\u00f3n de participar en la renovaci\u00f3n de la presidencia del","og_url":"https:\/\/volcanes.net\/?p=2126","og_site_name":"Volcanes","article_publisher":"https:\/\/www.facebook.com\/volcanes.net\/","article_published_time":"2018-07-15T20:26:50+00:00","article_modified_time":"2018-07-15T20:38:23+00:00","og_image":[{"width":558,"height":476,"url":"https:\/\/volcanes.net\/wp-content\/uploads\/2018\/07\/garcia.jpg","type":"image\/jpeg"}],"author":"admin","twitter_card":"summary_large_image","twitter_misc":{"Escrito por":"admin","Tiempo de lectura":"2 minutos"},"schema":{"@context":"https:\/\/schema.org","@graph":[{"@type":"Article","@id":"https:\/\/volcanes.net\/?p=2126#article","isPartOf":{"@id":"https:\/\/volcanes.net\/?p=2126"},"author":{"name":"admin","@id":"https:\/\/volcanes.net\/#\/schema\/person\/4bf0f383940966a4abd53f5048c0e6b9"},"headline":"CUAUHTEMOC GARC\u00cdA ORTEGA BUSCAR\u00c1 LA PRESIDENCIA DEL PRI EN EL EDOMEX","datePublished":"2018-07-15T20:26:50+00:00","dateModified":"2018-07-15T20:38:23+00:00","mainEntityOfPage":{"@id":"https:\/\/volcanes.net\/?p=2126"},"wordCount":365,"commentCount":0,"publisher":{"@id":"https:\/\/volcanes.net\/#organization"},"image":{"@id":"https:\/\/volcanes.net\/?p=2126#primaryimage"},"thumbnailUrl":"https:\/\/volcanes.net\/wp-content\/uploads\/2018\/07\/garcia.jpg","articleSection":["Estatales","Municipales"],"inLanguage":"es","potentialAction":[{"@type":"CommentAction","name":"Comment","target":["https:\/\/volcanes.net\/?p=2126#respond"]}]},{"@type":"WebPage","@id":"https:\/\/volcanes.net\/?p=2126","url":"https:\/\/volcanes.net\/?p=2126","name":"CUAUHTEMOC GARC\u00cdA ORTEGA BUSCAR\u00c1 LA PRESIDENCIA DEL PRI EN EL EDOMEX - Volcanes","isPartOf":{"@id":"https:\/\/volcanes.net\/#website"},"primaryImageOfPage":{"@id":"https:\/\/volcanes.net\/?p=2126#primaryimage"},"image":{"@id":"https:\/\/volcanes.net\/?p=2126#primaryimage"},"thumbnailUrl":"https:\/\/volcanes.net\/wp-content\/uploads\/2018\/07\/garcia.jpg","datePublished":"2018-07-15T20:26:50+00:00","dateModified":"2018-07-15T20:38:23+00:00","breadcrumb":{"@id":"https:\/\/volcanes.net\/?p=2126#breadcrumb"},"inLanguage":"es","potentialAction":[{"@type":"ReadAction","target":["https:\/\/volcanes.net\/?p=2126"]}]},{"@type":"ImageObject","inLanguage":"es","@id":"https:\/\/volcanes.net\/?p=2126#primaryimage","url":"https:\/\/volcanes.net\/wp-content\/uploads\/2018\/07\/garcia.jpg","contentUrl":"https:\/\/volcanes.net\/wp-content\/uploads\/2018\/07\/garcia.jpg","width":558,"height":476},{"@type":"BreadcrumbList","@id":"https:\/\/volcanes.net\/?p=2126#breadcrumb","itemListElement":[{"@type":"ListItem","position":1,"name":"Portada","item":"https:\/\/volcanes.net\/"},{"@type":"ListItem","position":2,"name":"CUAUHTEMOC GARC\u00cdA ORTEGA BUSCAR\u00c1 LA PRESIDENCIA DEL PRI EN EL EDOMEX"}]},{"@type":"WebSite","@id":"https:\/\/volcanes.net\/#website","url":"https:\/\/volcanes.net\/","name":"Volcanes.Net","description":"Periodismo Profesional","publisher":{"@id":"https:\/\/volcanes.net\/#organization"},"potentialAction":[{"@type":"SearchAction","target":{"@type":"EntryPoint","urlTemplate":"https:\/\/volcanes.net\/?s={search_term_string}"},"query-input":{"@type":"PropertyValueSpecification","valueRequired":true,"valueName":"search_term_string"}}],"inLanguage":"es"},{"@type":"Organization","@id":"https:\/\/volcanes.net\/#organization","name":"Grupo Volcanes","url":"https:\/\/volcanes.net\/","logo":{"@type":"ImageObject","inLanguage":"es","@id":"https:\/\/volcanes.net\/#\/schema\/logo\/image\/","url":"http:\/\/volcanes.net\/wp-content\/uploads\/2017\/12\/Avatar2.jpg","contentUrl":"http:\/\/volcanes.net\/wp-content\/uploads\/2017\/12\/Avatar2.jpg","width":378,"height":378,"caption":"Grupo Volcanes"},"image":{"@id":"https:\/\/volcanes.net\/#\/schema\/logo\/image\/"},"sameAs":["https:\/\/www.facebook.com\/volcanes.net\/"]},{"@type":"Person","@id":"https:\/\/volcanes.net\/#\/schema\/person\/4bf0f383940966a4abd53f5048c0e6b9","name":"admin","image":{"@type":"ImageObject","inLanguage":"es","@id":"https:\/\/volcanes.net\/#\/schema\/person\/image\/","url":"https:\/\/secure.gravatar.com\/avatar\/ca004e6cba8462b8cb7abc86e382930c?s=96&d=mm&r=g","contentUrl":"https:\/\/secure.gravatar.com\/avatar\/ca004e6cba8462b8cb7abc86e382930c?s=96&d=mm&r=g","caption":"admin"}}]}},"_links":{"self":[{"href":"https:\/\/volcanes.net\/index.php?rest_route=\/wp\/v2\/posts\/2126"}],"collection":[{"href":"https:\/\/volcanes.net\/index.php?rest_route=\/wp\/v2\/posts"}],"about":[{"href":"https:\/\/volcanes.net\/index.php?rest_route=\/wp\/v2\/types\/post"}],"author":[{"embeddable":true,"href":"https:\/\/volcanes.net\/index.php?rest_route=\/wp\/v2\/users\/1"}],"replies":[{"embeddable":true,"href":"https:\/\/volcanes.net\/index.php?rest_route=%2Fwp%2Fv2%2Fcomments&post=2126"}],"version-history":[{"count":3,"href":"https:\/\/volcanes.net\/index.php?rest_route=\/wp\/v2\/posts\/2126\/revisions"}],"predecessor-version":[{"id":2131,"href":"https:\/\/volcanes.net\/index.php?rest_route=\/wp\/v2\/posts\/2126\/revisions\/2131"}],"wp:featuredmedia":[{"embeddable":true,"href":"https:\/\/volcanes.net\/index.php?rest_route=\/wp\/v2\/media\/2128"}],"wp:attachment":[{"href":"https:\/\/volcanes.net\/index.php?rest_route=%2Fwp%2Fv2%2Fmedia&parent=2126"}],"wp:term":[{"taxonomy":"category","embeddable":true,"href":"https:\/\/volcanes.net\/index.php?rest_route=%2Fwp%2Fv2%2Fcategories&post=2126"},{"taxonomy":"post_tag","embeddable":true,"href":"https:\/\/volcanes.net\/index.php?rest_route=%2Fwp%2Fv2%2Ftags&post=2126"}],"curies":[{"name":"wp","href":"https:\/\/api.w.org\/{rel}","templated":true}]}}