{"id":2146,"date":"2018-08-23T02:49:32","date_gmt":"2018-08-23T02:49:32","guid":{"rendered":"http:\/\/volcanes.net\/?p=2146"},"modified":"2018-08-23T02:49:32","modified_gmt":"2018-08-23T02:49:32","slug":"academico-uaem-ingreso-a-la-amc","status":"publish","type":"post","link":"https:\/\/volcanes.net\/?p=2146","title":{"rendered":"Acad\u00e9mico UAEM ingres\u00f3 a la AMC"},"content":{"rendered":"<div style=\"margin-top: 0px; margin-bottom: 0px;\" class=\"sharethis-inline-share-buttons\" ><\/div><p style=\"font-weight: 400;\">\n<ul>\n<li style=\"font-weight: 400;\"><em>De esta manera, la Academia Mexicana de Ciencias reconoce la calidad del trabajo de investigaci\u00f3n de Rodrigo Sandoval Almaz\u00e1n, catedr\u00e1tico e investigador de la Facultad de Ciencias Pol\u00edticas y Sociales.<\/em><\/li>\n<\/ul>\n<p style=\"font-weight: 400;\"><em>\u00a0<\/em><\/p>\n<p style=\"font-weight: 400;\"><strong>Toluca, M\u00e9x. \u2013 22 de agosto de 2018.<\/strong>\u00a0Rodrigo Sandoval Almaz\u00e1n, acad\u00e9mico de la Facultad de Ciencias Pol\u00edticas y Sociales de la Universidad Aut\u00f3noma del Estado de M\u00e9xico, ingres\u00f3 a la Academia Mexicana de Ciencias (AMC), en reconocimiento a la calidad de su trabajo de investigaci\u00f3n.<\/p>\n<p style=\"font-weight: 400;\">Con una trayectoria de m\u00e1s de 18 a\u00f1os en el \u00e1mbito de la investigaci\u00f3n, el universitario afirm\u00f3 que \u201cformar parte de la AMC es un gran honor. Es un reconocimiento a mi trayectoria y el esfuerzo que realiza la UAEM para respaldar a sus investigadores\u201d.<\/p>\n<p style=\"font-weight: 400;\">Refiri\u00f3 que el a\u00f1o pasado fue postulado por la propia Academia que aprob\u00f3 su ingreso, luego de revisar la documentaci\u00f3n que avala su trayectoria.<\/p>\n<p style=\"font-weight: 400;\">Detall\u00f3 que el eje de su trabajo de investigaci\u00f3n es el uso de las tecnolog\u00edas de la informaci\u00f3n y comunicaciones en el servicio p\u00fablico, bajo tres l\u00edneas generales de an\u00e1lisis: Medici\u00f3n del gobierno electr\u00f3nico a trav\u00e9s de los sitios web y de la tecnolog\u00eda que se utiliza para la administraci\u00f3n p\u00fablica; Gobierno abierto, transparencia y rendici\u00f3n de cuentas y Redes sociales y gobierno, c\u00f3mo \u00e9stas pueden impactar en la toma de decisiones p\u00fablicas.<\/p>\n<p style=\"font-weight: 400;\">El investigador manifest\u00f3 que la tecnolog\u00eda no es un elemento distractor y s\u00ed de apoyo para tomar mejores decisiones, puntal de la soluci\u00f3n de problemas que afectan a la sociedad.<\/p>\n<p style=\"font-weight: 400;\">Luego de se\u00f1alar que su trabajo de investigaci\u00f3n est\u00e1 abierto a la participaci\u00f3n de estudiantes y acad\u00e9micos, indic\u00f3 que es parte de un proyecto internacional sobre gobierno abierto.<\/p>\n<p style=\"font-weight: 400;\">Rodrigo Sandoval Almaz\u00e1n puntualiz\u00f3 que ante el cambio de administraci\u00f3n en el \u00e1mbito federal y en el poder legislativo estatal el uso de la tecnolog\u00eda puede contribuir de manera importante para tener un pa\u00eds m\u00e1s eficiente y competitivo.<\/p>\n","protected":false},"excerpt":{"rendered":"<p>De esta manera, la Academia Mexicana de Ciencias reconoce la calidad del trabajo de investigaci\u00f3n<\/p>\n","protected":false},"author":1,"featured_media":2147,"comment_status":"open","ping_status":"open","sticky":false,"template":"","format":"standard","meta":{"footnotes":""},"categories":[1],"tags":[25,24],"class_list":["post-2146","post","type-post","status-publish","format-standard","has-post-thumbnail","hentry","category-municipales","tag-uaem","tag-uaemex"],"yoast_head":"<!-- This site is optimized with the Yoast SEO plugin v25.3 - https:\/\/yoast.com\/wordpress\/plugins\/seo\/ -->\n<title>Acad\u00e9mico UAEM ingres\u00f3 a la AMC - Volcanes<\/title>\n<meta name=\"robots\" content=\"index, follow, max-snippet:-1, max-image-preview:large, max-video-preview:-1\" \/>\n<link rel=\"canonical\" href=\"https:\/\/volcanes.net\/?p=2146\" \/>\n<meta property=\"og:locale\" content=\"es_MX\" \/>\n<meta property=\"og:type\" content=\"article\" \/>\n<meta property=\"og:title\" content=\"Acad\u00e9mico UAEM ingres\u00f3 a la AMC - Volcanes\" \/>\n<meta property=\"og:description\" content=\"De esta manera, la Academia Mexicana de Ciencias reconoce la calidad del trabajo de investigaci\u00f3n\" \/>\n<meta property=\"og:url\" content=\"https:\/\/volcanes.net\/?p=2146\" \/>\n<meta property=\"og:site_name\" content=\"Volcanes\" \/>\n<meta property=\"article:publisher\" content=\"https:\/\/www.facebook.com\/volcanes.net\/\" \/>\n<meta property=\"article:published_time\" content=\"2018-08-23T02:49:32+00:00\" \/>\n<meta property=\"og:image\" content=\"https:\/\/volcanes.net\/wp-content\/uploads\/2018\/08\/Comun-706-12.jpg\" \/>\n\t<meta property=\"og:image:width\" content=\"400\" \/>\n\t<meta property=\"og:image:height\" content=\"266\" \/>\n\t<meta property=\"og:image:type\" content=\"image\/jpeg\" \/>\n<meta name=\"author\" content=\"admin\" \/>\n<meta name=\"twitter:card\" content=\"summary_large_image\" \/>\n<meta name=\"twitter:label1\" content=\"Escrito por\" \/>\n\t<meta name=\"twitter:data1\" content=\"admin\" \/>\n\t<meta name=\"twitter:label2\" content=\"Tiempo de lectura\" \/>\n\t<meta name=\"twitter:data2\" content=\"2 minutos\" \/>\n<script type=\"application\/ld+json\" class=\"yoast-schema-graph\">{\"@context\":\"https:\/\/schema.org\",\"@graph\":[{\"@type\":\"Article\",\"@id\":\"https:\/\/volcanes.net\/?p=2146#article\",\"isPartOf\":{\"@id\":\"https:\/\/volcanes.net\/?p=2146\"},\"author\":{\"name\":\"admin\",\"@id\":\"https:\/\/volcanes.net\/#\/schema\/person\/4bf0f383940966a4abd53f5048c0e6b9\"},\"headline\":\"Acad\u00e9mico UAEM ingres\u00f3 a la AMC\",\"datePublished\":\"2018-08-23T02:49:32+00:00\",\"mainEntityOfPage\":{\"@id\":\"https:\/\/volcanes.net\/?p=2146\"},\"wordCount\":359,\"commentCount\":0,\"publisher\":{\"@id\":\"https:\/\/volcanes.net\/#organization\"},\"image\":{\"@id\":\"https:\/\/volcanes.net\/?p=2146#primaryimage\"},\"thumbnailUrl\":\"https:\/\/volcanes.net\/wp-content\/uploads\/2018\/08\/Comun-706-12.jpg\",\"keywords\":[\"UAEM\",\"UAEMEX\"],\"articleSection\":[\"Municipales\"],\"inLanguage\":\"es\",\"potentialAction\":[{\"@type\":\"CommentAction\",\"name\":\"Comment\",\"target\":[\"https:\/\/volcanes.net\/?p=2146#respond\"]}]},{\"@type\":\"WebPage\",\"@id\":\"https:\/\/volcanes.net\/?p=2146\",\"url\":\"https:\/\/volcanes.net\/?p=2146\",\"name\":\"Acad\u00e9mico UAEM ingres\u00f3 a la AMC - Volcanes\",\"isPartOf\":{\"@id\":\"https:\/\/volcanes.net\/#website\"},\"primaryImageOfPage\":{\"@id\":\"https:\/\/volcanes.net\/?p=2146#primaryimage\"},\"image\":{\"@id\":\"https:\/\/volcanes.net\/?p=2146#primaryimage\"},\"thumbnailUrl\":\"https:\/\/volcanes.net\/wp-content\/uploads\/2018\/08\/Comun-706-12.jpg\",\"datePublished\":\"2018-08-23T02:49:32+00:00\",\"breadcrumb\":{\"@id\":\"https:\/\/volcanes.net\/?p=2146#breadcrumb\"},\"inLanguage\":\"es\",\"potentialAction\":[{\"@type\":\"ReadAction\",\"target\":[\"https:\/\/volcanes.net\/?p=2146\"]}]},{\"@type\":\"ImageObject\",\"inLanguage\":\"es\",\"@id\":\"https:\/\/volcanes.net\/?p=2146#primaryimage\",\"url\":\"https:\/\/volcanes.net\/wp-content\/uploads\/2018\/08\/Comun-706-12.jpg\",\"contentUrl\":\"https:\/\/volcanes.net\/wp-content\/uploads\/2018\/08\/Comun-706-12.jpg\",\"width\":400,\"height\":266},{\"@type\":\"BreadcrumbList\",\"@id\":\"https:\/\/volcanes.net\/?p=2146#breadcrumb\",\"itemListElement\":[{\"@type\":\"ListItem\",\"position\":1,\"name\":\"Portada\",\"item\":\"https:\/\/volcanes.net\/\"},{\"@type\":\"ListItem\",\"position\":2,\"name\":\"Acad\u00e9mico UAEM ingres\u00f3 a la AMC\"}]},{\"@type\":\"WebSite\",\"@id\":\"https:\/\/volcanes.net\/#website\",\"url\":\"https:\/\/volcanes.net\/\",\"name\":\"Volcanes.Net\",\"description\":\"Periodismo Profesional\",\"publisher\":{\"@id\":\"https:\/\/volcanes.net\/#organization\"},\"potentialAction\":[{\"@type\":\"SearchAction\",\"target\":{\"@type\":\"EntryPoint\",\"urlTemplate\":\"https:\/\/volcanes.net\/?s={search_term_string}\"},\"query-input\":{\"@type\":\"PropertyValueSpecification\",\"valueRequired\":true,\"valueName\":\"search_term_string\"}}],\"inLanguage\":\"es\"},{\"@type\":\"Organization\",\"@id\":\"https:\/\/volcanes.net\/#organization\",\"name\":\"Grupo Volcanes\",\"url\":\"https:\/\/volcanes.net\/\",\"logo\":{\"@type\":\"ImageObject\",\"inLanguage\":\"es\",\"@id\":\"https:\/\/volcanes.net\/#\/schema\/logo\/image\/\",\"url\":\"http:\/\/volcanes.net\/wp-content\/uploads\/2017\/12\/Avatar2.jpg\",\"contentUrl\":\"http:\/\/volcanes.net\/wp-content\/uploads\/2017\/12\/Avatar2.jpg\",\"width\":378,\"height\":378,\"caption\":\"Grupo Volcanes\"},\"image\":{\"@id\":\"https:\/\/volcanes.net\/#\/schema\/logo\/image\/\"},\"sameAs\":[\"https:\/\/www.facebook.com\/volcanes.net\/\"]},{\"@type\":\"Person\",\"@id\":\"https:\/\/volcanes.net\/#\/schema\/person\/4bf0f383940966a4abd53f5048c0e6b9\",\"name\":\"admin\",\"image\":{\"@type\":\"ImageObject\",\"inLanguage\":\"es\",\"@id\":\"https:\/\/volcanes.net\/#\/schema\/person\/image\/\",\"url\":\"https:\/\/secure.gravatar.com\/avatar\/ca004e6cba8462b8cb7abc86e382930c?s=96&d=mm&r=g\",\"contentUrl\":\"https:\/\/secure.gravatar.com\/avatar\/ca004e6cba8462b8cb7abc86e382930c?s=96&d=mm&r=g\",\"caption\":\"admin\"}}]}<\/script>\n<!-- \/ Yoast SEO plugin. -->","yoast_head_json":{"title":"Acad\u00e9mico UAEM ingres\u00f3 a la AMC - Volcanes","robots":{"index":"index","follow":"follow","max-snippet":"max-snippet:-1","max-image-preview":"max-image-preview:large","max-video-preview":"max-video-preview:-1"},"canonical":"https:\/\/volcanes.net\/?p=2146","og_locale":"es_MX","og_type":"article","og_title":"Acad\u00e9mico UAEM ingres\u00f3 a la AMC - Volcanes","og_description":"De esta manera, la Academia Mexicana de Ciencias reconoce la calidad del trabajo de investigaci\u00f3n","og_url":"https:\/\/volcanes.net\/?p=2146","og_site_name":"Volcanes","article_publisher":"https:\/\/www.facebook.com\/volcanes.net\/","article_published_time":"2018-08-23T02:49:32+00:00","og_image":[{"width":400,"height":266,"url":"https:\/\/volcanes.net\/wp-content\/uploads\/2018\/08\/Comun-706-12.jpg","type":"image\/jpeg"}],"author":"admin","twitter_card":"summary_large_image","twitter_misc":{"Escrito por":"admin","Tiempo de lectura":"2 minutos"},"schema":{"@context":"https:\/\/schema.org","@graph":[{"@type":"Article","@id":"https:\/\/volcanes.net\/?p=2146#article","isPartOf":{"@id":"https:\/\/volcanes.net\/?p=2146"},"author":{"name":"admin","@id":"https:\/\/volcanes.net\/#\/schema\/person\/4bf0f383940966a4abd53f5048c0e6b9"},"headline":"Acad\u00e9mico UAEM ingres\u00f3 a la AMC","datePublished":"2018-08-23T02:49:32+00:00","mainEntityOfPage":{"@id":"https:\/\/volcanes.net\/?p=2146"},"wordCount":359,"commentCount":0,"publisher":{"@id":"https:\/\/volcanes.net\/#organization"},"image":{"@id":"https:\/\/volcanes.net\/?p=2146#primaryimage"},"thumbnailUrl":"https:\/\/volcanes.net\/wp-content\/uploads\/2018\/08\/Comun-706-12.jpg","keywords":["UAEM","UAEMEX"],"articleSection":["Municipales"],"inLanguage":"es","potentialAction":[{"@type":"CommentAction","name":"Comment","target":["https:\/\/volcanes.net\/?p=2146#respond"]}]},{"@type":"WebPage","@id":"https:\/\/volcanes.net\/?p=2146","url":"https:\/\/volcanes.net\/?p=2146","name":"Acad\u00e9mico UAEM ingres\u00f3 a la AMC - Volcanes","isPartOf":{"@id":"https:\/\/volcanes.net\/#website"},"primaryImageOfPage":{"@id":"https:\/\/volcanes.net\/?p=2146#primaryimage"},"image":{"@id":"https:\/\/volcanes.net\/?p=2146#primaryimage"},"thumbnailUrl":"https:\/\/volcanes.net\/wp-content\/uploads\/2018\/08\/Comun-706-12.jpg","datePublished":"2018-08-23T02:49:32+00:00","breadcrumb":{"@id":"https:\/\/volcanes.net\/?p=2146#breadcrumb"},"inLanguage":"es","potentialAction":[{"@type":"ReadAction","target":["https:\/\/volcanes.net\/?p=2146"]}]},{"@type":"ImageObject","inLanguage":"es","@id":"https:\/\/volcanes.net\/?p=2146#primaryimage","url":"https:\/\/volcanes.net\/wp-content\/uploads\/2018\/08\/Comun-706-12.jpg","contentUrl":"https:\/\/volcanes.net\/wp-content\/uploads\/2018\/08\/Comun-706-12.jpg","width":400,"height":266},{"@type":"BreadcrumbList","@id":"https:\/\/volcanes.net\/?p=2146#breadcrumb","itemListElement":[{"@type":"ListItem","position":1,"name":"Portada","item":"https:\/\/volcanes.net\/"},{"@type":"ListItem","position":2,"name":"Acad\u00e9mico UAEM ingres\u00f3 a la AMC"}]},{"@type":"WebSite","@id":"https:\/\/volcanes.net\/#website","url":"https:\/\/volcanes.net\/","name":"Volcanes.Net","description":"Periodismo Profesional","publisher":{"@id":"https:\/\/volcanes.net\/#organization"},"potentialAction":[{"@type":"SearchAction","target":{"@type":"EntryPoint","urlTemplate":"https:\/\/volcanes.net\/?s={search_term_string}"},"query-input":{"@type":"PropertyValueSpecification","valueRequired":true,"valueName":"search_term_string"}}],"inLanguage":"es"},{"@type":"Organization","@id":"https:\/\/volcanes.net\/#organization","name":"Grupo Volcanes","url":"https:\/\/volcanes.net\/","logo":{"@type":"ImageObject","inLanguage":"es","@id":"https:\/\/volcanes.net\/#\/schema\/logo\/image\/","url":"http:\/\/volcanes.net\/wp-content\/uploads\/2017\/12\/Avatar2.jpg","contentUrl":"http:\/\/volcanes.net\/wp-content\/uploads\/2017\/12\/Avatar2.jpg","width":378,"height":378,"caption":"Grupo Volcanes"},"image":{"@id":"https:\/\/volcanes.net\/#\/schema\/logo\/image\/"},"sameAs":["https:\/\/www.facebook.com\/volcanes.net\/"]},{"@type":"Person","@id":"https:\/\/volcanes.net\/#\/schema\/person\/4bf0f383940966a4abd53f5048c0e6b9","name":"admin","image":{"@type":"ImageObject","inLanguage":"es","@id":"https:\/\/volcanes.net\/#\/schema\/person\/image\/","url":"https:\/\/secure.gravatar.com\/avatar\/ca004e6cba8462b8cb7abc86e382930c?s=96&d=mm&r=g","contentUrl":"https:\/\/secure.gravatar.com\/avatar\/ca004e6cba8462b8cb7abc86e382930c?s=96&d=mm&r=g","caption":"admin"}}]}},"_links":{"self":[{"href":"https:\/\/volcanes.net\/index.php?rest_route=\/wp\/v2\/posts\/2146"}],"collection":[{"href":"https:\/\/volcanes.net\/index.php?rest_route=\/wp\/v2\/posts"}],"about":[{"href":"https:\/\/volcanes.net\/index.php?rest_route=\/wp\/v2\/types\/post"}],"author":[{"embeddable":true,"href":"https:\/\/volcanes.net\/index.php?rest_route=\/wp\/v2\/users\/1"}],"replies":[{"embeddable":true,"href":"https:\/\/volcanes.net\/index.php?rest_route=%2Fwp%2Fv2%2Fcomments&post=2146"}],"version-history":[{"count":1,"href":"https:\/\/volcanes.net\/index.php?rest_route=\/wp\/v2\/posts\/2146\/revisions"}],"predecessor-version":[{"id":2148,"href":"https:\/\/volcanes.net\/index.php?rest_route=\/wp\/v2\/posts\/2146\/revisions\/2148"}],"wp:featuredmedia":[{"embeddable":true,"href":"https:\/\/volcanes.net\/index.php?rest_route=\/wp\/v2\/media\/2147"}],"wp:attachment":[{"href":"https:\/\/volcanes.net\/index.php?rest_route=%2Fwp%2Fv2%2Fmedia&parent=2146"}],"wp:term":[{"taxonomy":"category","embeddable":true,"href":"https:\/\/volcanes.net\/index.php?rest_route=%2Fwp%2Fv2%2Fcategories&post=2146"},{"taxonomy":"post_tag","embeddable":true,"href":"https:\/\/volcanes.net\/index.php?rest_route=%2Fwp%2Fv2%2Ftags&post=2146"}],"curies":[{"name":"wp","href":"https:\/\/api.w.org\/{rel}","templated":true}]}}