{"id":2180,"date":"2018-08-24T02:00:49","date_gmt":"2018-08-24T02:00:49","guid":{"rendered":"http:\/\/volcanes.net\/?p=2180"},"modified":"2018-08-24T02:00:49","modified_gmt":"2018-08-24T02:00:49","slug":"el-issemym-capacita-permanentemente-a-su-personal-para-brindar-una-atencion-de-calidad","status":"publish","type":"post","link":"https:\/\/volcanes.net\/?p=2180","title":{"rendered":"El ISSEMyM capacita permanentemente a su personal para brindar una atenci\u00f3n de calidad"},"content":{"rendered":"<div style=\"margin-top: 0px; margin-bottom: 0px;\" class=\"sharethis-inline-share-buttons\" ><\/div><p><em>\u2022\u00a0\u00a0\u00a0\u00a0\u00a0\u00a0\u00a0\u00a0\u00a0 Llevan a cabo la 26 Jornada Acad\u00e9mica de Aniversario del Hospital Materno Infantil.<\/em><br \/>\n<em>\u2022\u00a0\u00a0\u00a0\u00a0\u00a0\u00a0\u00a0\u00a0\u00a0 Destacan el valor que otorga el ISSEMyM a su personal de salud en el trato integral y eficiente.\u00a0<\/em><\/p>\n<p><strong>Toluca, Estado de M\u00e9xico, 23 de agosto 2018.\u00a0<\/strong>El Hospital Materno Infantil del Instituto de Seguridad Social del Estado de M\u00e9xico y Municipios (ISSEMyM) es referente en la prestaci\u00f3n de servicios ginecol\u00f3gicos, obst\u00e9tricos y pedi\u00e1tricos para sus derechohabientes, pues atiende a una poblaci\u00f3n de casi 800 mil personas con calidad y calidez humana, asegur\u00f3 el Director General del Instituto, Alberto Peredo Jim\u00e9nez, al inaugurar la 26 Jornada Acad\u00e9mica de Aniversario de este nosocomio.<\/p>\n<p>El objetivo general de la Jornada Acad\u00e9mica es la actualizaci\u00f3n m\u00e9dica continua, basada en la evidencia, adem\u00e1s de la promoci\u00f3n de la prevenci\u00f3n de enfermedades del \u00e1rea materno infantil y la impartici\u00f3n de conocimientos especializados.<\/p>\n<p>Peredo Jim\u00e9nez destac\u00f3 el valor que le otorga el ISSEMyM a su personal de salud, sobre todo en esta unidad m\u00e9dica donde lo primordial es el trato integral y eficiente a la poblaci\u00f3n materno infantil mexiquense, ya que este hospital se ha convertido en centro de referencia en la salud ginecol\u00f3gica, obst\u00e9trica y pedi\u00e1trica dentro del territorio estatal, con atenci\u00f3n en todas las regiones de la entidad mexiquense.<\/p>\n<p>El titular de la tercera Instituci\u00f3n de Seguridad Social m\u00e1s importante de todo el pa\u00eds explic\u00f3 que fortalecer\u00e1n la capacitaci\u00f3n permanente del personal m\u00e9dico y de enfermer\u00eda a trav\u00e9s de cursos, talleres, congresos y jornadas acad\u00e9micas con la finalidad de compartir experiencias cl\u00ednicas relevantes que actualicen los conocimientos y habilidades de los participantes.<\/p>\n<p>Durante las 26 jornadas de aniversario del Hospital Materno Infantil se realiz\u00f3 el Foro \u201cCompartiendo experiencias en la implementaci\u00f3n del modelo del cuidado de enfermer\u00eda en sus entidades federativas\u201d, en el que participaron Rosa Mar\u00eda Islas Mares, de los Servicios de Salud de Puebla, Mar\u00eda Elizabeth Pin Guti\u00e9rrez, de los Servicios de Salud de Oaxaca, Elena Maricela Mart\u00ednez Jim\u00e9nez y Mar\u00eda Isabel Romero Ochoa, tambi\u00e9n de Oaxaca.<\/p>\n<p>Durante los tres d\u00edas de duraci\u00f3n fueron presentadas conferencias, como \u201cAbordaje de la Polineuropat\u00eda Amiloidi\u00f3tica Familia por TTR\u201d, impartida por Edwin Vargas Ca\u00f1as, del Instituto Nacional de Neurolog\u00eda, \u201cPatolog\u00eda mamaria benigna, abordaje inicial\u201d, dictada por Carolina Gonz\u00e1lez Vergara, del Hospital \u00c1ngeles Mocel.<\/p>\n<p>De igual forma, Mayela G\u00f3mez Jaimes, del Instituto Nacional de Perinatolog\u00eda, habl\u00f3 de \u201cManejo del hipotiroidismo en el embarazo\u201d, Mario Ulibarri Vidales, del Instituto Nacional de Ciencias M\u00e9dicas y Nutrici\u00f3n \u201cSalvador Zubir\u00e1n\u201d, imparti\u00f3 \u201cProtocolo de hemorragia masiva en cirug\u00eda y anestesia\u201d y Sim\u00f3n Ojeda Dur\u00e1n, del Centro M\u00e9dico de Occidente IMSS-Jalisco, ofreci\u00f3 el taller \u201cManejo integral de la enfermedad renal cr\u00f3nica\u201d.<\/p>\n<p>El Director del ISSEMyM se\u00f1al\u00f3 que el desarrollo de procedimientos de calidad le ha permitido al nosocomio Materno Infantil ser reconocido en el \u00e1mbito nacional con la certificaci\u00f3n \u201cHospital Amigo del Ni\u00f1o y de la Ni\u00f1a\u201d que otorga la Secretar\u00eda de Salud federal y la Organizaci\u00f3n Mundial de la Salud, por su contribuci\u00f3n como promotor de la Lactancia Materna.<\/p>\n<p>Explic\u00f3 que en lo que va del a\u00f1o, se han otorgado m\u00e1s de 56 mil consultas, atendido mil 414 nacimientos y realizado cerca de 3 mil procedimientos quir\u00fargicos en mujeres, ni\u00f1as y ni\u00f1os.<\/p>\n<p>Cuenta con una plantilla de alrededor de mil personas, integrada por 282 administrativos, 316 param\u00e9dicos, 165 m\u00e9dicos, entre otros; de los cuales 30 son especialistas en ginecolog\u00eda y obstetricia, seis cuentan con especialidad en medicina cr\u00edtica materno fetal y biolog\u00eda de la reproducci\u00f3n y 17 son pediatras.<\/p>\n<p>Por \u00faltimo, resalt\u00f3 que el Hospital Materno Infantil atiende a 770 mil pacientes del mill\u00f3n 140 mil derechohabientes con que cuenta el ISSEMyM, durante 2017 otorg\u00f3 un total de 88 mil 236 consultas, registr\u00f3 7 mil 697 egresos hospitalarios, atendi\u00f3 48 mil 722 urgencias, 2 mil 837 nacimientos y mil 278 traslados.<\/p>\n","protected":false},"excerpt":{"rendered":"<p>\u2022\u00a0\u00a0\u00a0\u00a0\u00a0\u00a0\u00a0\u00a0\u00a0 Llevan a cabo la 26 Jornada Acad\u00e9mica de Aniversario del Hospital Materno Infantil. \u2022\u00a0\u00a0\u00a0\u00a0\u00a0\u00a0\u00a0\u00a0\u00a0<\/p>\n","protected":false},"author":1,"featured_media":2181,"comment_status":"open","ping_status":"open","sticky":false,"template":"","format":"standard","meta":{"footnotes":""},"categories":[3],"tags":[4],"class_list":["post-2180","post","type-post","status-publish","format-standard","has-post-thumbnail","hentry","category-estatales","tag-gobierno-del-estado-de-mexico"],"yoast_head":"<!-- This site is optimized with the Yoast SEO plugin v25.3 - https:\/\/yoast.com\/wordpress\/plugins\/seo\/ -->\n<title>El ISSEMyM capacita permanentemente a su personal para brindar una atenci\u00f3n de calidad - Volcanes<\/title>\n<meta name=\"robots\" content=\"index, follow, max-snippet:-1, max-image-preview:large, max-video-preview:-1\" \/>\n<link rel=\"canonical\" href=\"https:\/\/volcanes.net\/?p=2180\" \/>\n<meta property=\"og:locale\" content=\"es_MX\" \/>\n<meta property=\"og:type\" content=\"article\" \/>\n<meta property=\"og:title\" content=\"El ISSEMyM capacita permanentemente a su personal para brindar una atenci\u00f3n de calidad - Volcanes\" \/>\n<meta property=\"og:description\" content=\"\u2022\u00a0\u00a0\u00a0\u00a0\u00a0\u00a0\u00a0\u00a0\u00a0 Llevan a cabo la 26 Jornada Acad\u00e9mica de Aniversario del Hospital Materno Infantil. \u2022\u00a0\u00a0\u00a0\u00a0\u00a0\u00a0\u00a0\u00a0\u00a0\" \/>\n<meta property=\"og:url\" content=\"https:\/\/volcanes.net\/?p=2180\" \/>\n<meta property=\"og:site_name\" content=\"Volcanes\" \/>\n<meta property=\"article:publisher\" content=\"https:\/\/www.facebook.com\/volcanes.net\/\" \/>\n<meta property=\"article:published_time\" content=\"2018-08-24T02:00:49+00:00\" \/>\n<meta property=\"og:image\" content=\"https:\/\/volcanes.net\/wp-content\/uploads\/2018\/08\/unnamed.jpg\" \/>\n\t<meta property=\"og:image:width\" content=\"400\" \/>\n\t<meta property=\"og:image:height\" content=\"225\" \/>\n\t<meta property=\"og:image:type\" content=\"image\/jpeg\" \/>\n<meta name=\"author\" content=\"admin\" \/>\n<meta name=\"twitter:card\" content=\"summary_large_image\" \/>\n<meta name=\"twitter:label1\" content=\"Escrito por\" \/>\n\t<meta name=\"twitter:data1\" content=\"admin\" \/>\n\t<meta name=\"twitter:label2\" content=\"Tiempo de lectura\" \/>\n\t<meta name=\"twitter:data2\" content=\"3 minutos\" \/>\n<script type=\"application\/ld+json\" class=\"yoast-schema-graph\">{\"@context\":\"https:\/\/schema.org\",\"@graph\":[{\"@type\":\"Article\",\"@id\":\"https:\/\/volcanes.net\/?p=2180#article\",\"isPartOf\":{\"@id\":\"https:\/\/volcanes.net\/?p=2180\"},\"author\":{\"name\":\"admin\",\"@id\":\"https:\/\/volcanes.net\/#\/schema\/person\/4bf0f383940966a4abd53f5048c0e6b9\"},\"headline\":\"El ISSEMyM capacita permanentemente a su personal para brindar una atenci\u00f3n de calidad\",\"datePublished\":\"2018-08-24T02:00:49+00:00\",\"mainEntityOfPage\":{\"@id\":\"https:\/\/volcanes.net\/?p=2180\"},\"wordCount\":689,\"commentCount\":0,\"publisher\":{\"@id\":\"https:\/\/volcanes.net\/#organization\"},\"image\":{\"@id\":\"https:\/\/volcanes.net\/?p=2180#primaryimage\"},\"thumbnailUrl\":\"https:\/\/volcanes.net\/wp-content\/uploads\/2018\/08\/unnamed.jpg\",\"keywords\":[\"Gobierno del Estado de M\u00e9xico\"],\"articleSection\":[\"Estatales\"],\"inLanguage\":\"es\",\"potentialAction\":[{\"@type\":\"CommentAction\",\"name\":\"Comment\",\"target\":[\"https:\/\/volcanes.net\/?p=2180#respond\"]}]},{\"@type\":\"WebPage\",\"@id\":\"https:\/\/volcanes.net\/?p=2180\",\"url\":\"https:\/\/volcanes.net\/?p=2180\",\"name\":\"El ISSEMyM capacita permanentemente a su personal para brindar una atenci\u00f3n de calidad - Volcanes\",\"isPartOf\":{\"@id\":\"https:\/\/volcanes.net\/#website\"},\"primaryImageOfPage\":{\"@id\":\"https:\/\/volcanes.net\/?p=2180#primaryimage\"},\"image\":{\"@id\":\"https:\/\/volcanes.net\/?p=2180#primaryimage\"},\"thumbnailUrl\":\"https:\/\/volcanes.net\/wp-content\/uploads\/2018\/08\/unnamed.jpg\",\"datePublished\":\"2018-08-24T02:00:49+00:00\",\"breadcrumb\":{\"@id\":\"https:\/\/volcanes.net\/?p=2180#breadcrumb\"},\"inLanguage\":\"es\",\"potentialAction\":[{\"@type\":\"ReadAction\",\"target\":[\"https:\/\/volcanes.net\/?p=2180\"]}]},{\"@type\":\"ImageObject\",\"inLanguage\":\"es\",\"@id\":\"https:\/\/volcanes.net\/?p=2180#primaryimage\",\"url\":\"https:\/\/volcanes.net\/wp-content\/uploads\/2018\/08\/unnamed.jpg\",\"contentUrl\":\"https:\/\/volcanes.net\/wp-content\/uploads\/2018\/08\/unnamed.jpg\",\"width\":400,\"height\":225},{\"@type\":\"BreadcrumbList\",\"@id\":\"https:\/\/volcanes.net\/?p=2180#breadcrumb\",\"itemListElement\":[{\"@type\":\"ListItem\",\"position\":1,\"name\":\"Portada\",\"item\":\"https:\/\/volcanes.net\/\"},{\"@type\":\"ListItem\",\"position\":2,\"name\":\"El ISSEMyM capacita permanentemente a su personal para brindar una atenci\u00f3n de calidad\"}]},{\"@type\":\"WebSite\",\"@id\":\"https:\/\/volcanes.net\/#website\",\"url\":\"https:\/\/volcanes.net\/\",\"name\":\"Volcanes.Net\",\"description\":\"Periodismo Profesional\",\"publisher\":{\"@id\":\"https:\/\/volcanes.net\/#organization\"},\"potentialAction\":[{\"@type\":\"SearchAction\",\"target\":{\"@type\":\"EntryPoint\",\"urlTemplate\":\"https:\/\/volcanes.net\/?s={search_term_string}\"},\"query-input\":{\"@type\":\"PropertyValueSpecification\",\"valueRequired\":true,\"valueName\":\"search_term_string\"}}],\"inLanguage\":\"es\"},{\"@type\":\"Organization\",\"@id\":\"https:\/\/volcanes.net\/#organization\",\"name\":\"Grupo Volcanes\",\"url\":\"https:\/\/volcanes.net\/\",\"logo\":{\"@type\":\"ImageObject\",\"inLanguage\":\"es\",\"@id\":\"https:\/\/volcanes.net\/#\/schema\/logo\/image\/\",\"url\":\"http:\/\/volcanes.net\/wp-content\/uploads\/2017\/12\/Avatar2.jpg\",\"contentUrl\":\"http:\/\/volcanes.net\/wp-content\/uploads\/2017\/12\/Avatar2.jpg\",\"width\":378,\"height\":378,\"caption\":\"Grupo Volcanes\"},\"image\":{\"@id\":\"https:\/\/volcanes.net\/#\/schema\/logo\/image\/\"},\"sameAs\":[\"https:\/\/www.facebook.com\/volcanes.net\/\"]},{\"@type\":\"Person\",\"@id\":\"https:\/\/volcanes.net\/#\/schema\/person\/4bf0f383940966a4abd53f5048c0e6b9\",\"name\":\"admin\",\"image\":{\"@type\":\"ImageObject\",\"inLanguage\":\"es\",\"@id\":\"https:\/\/volcanes.net\/#\/schema\/person\/image\/\",\"url\":\"https:\/\/secure.gravatar.com\/avatar\/ca004e6cba8462b8cb7abc86e382930c?s=96&d=mm&r=g\",\"contentUrl\":\"https:\/\/secure.gravatar.com\/avatar\/ca004e6cba8462b8cb7abc86e382930c?s=96&d=mm&r=g\",\"caption\":\"admin\"}}]}<\/script>\n<!-- \/ Yoast SEO plugin. -->","yoast_head_json":{"title":"El ISSEMyM capacita permanentemente a su personal para brindar una atenci\u00f3n de calidad - Volcanes","robots":{"index":"index","follow":"follow","max-snippet":"max-snippet:-1","max-image-preview":"max-image-preview:large","max-video-preview":"max-video-preview:-1"},"canonical":"https:\/\/volcanes.net\/?p=2180","og_locale":"es_MX","og_type":"article","og_title":"El ISSEMyM capacita permanentemente a su personal para brindar una atenci\u00f3n de calidad - Volcanes","og_description":"\u2022\u00a0\u00a0\u00a0\u00a0\u00a0\u00a0\u00a0\u00a0\u00a0 Llevan a cabo la 26 Jornada Acad\u00e9mica de Aniversario del Hospital Materno Infantil. \u2022\u00a0\u00a0\u00a0\u00a0\u00a0\u00a0\u00a0\u00a0\u00a0","og_url":"https:\/\/volcanes.net\/?p=2180","og_site_name":"Volcanes","article_publisher":"https:\/\/www.facebook.com\/volcanes.net\/","article_published_time":"2018-08-24T02:00:49+00:00","og_image":[{"width":400,"height":225,"url":"https:\/\/volcanes.net\/wp-content\/uploads\/2018\/08\/unnamed.jpg","type":"image\/jpeg"}],"author":"admin","twitter_card":"summary_large_image","twitter_misc":{"Escrito por":"admin","Tiempo de lectura":"3 minutos"},"schema":{"@context":"https:\/\/schema.org","@graph":[{"@type":"Article","@id":"https:\/\/volcanes.net\/?p=2180#article","isPartOf":{"@id":"https:\/\/volcanes.net\/?p=2180"},"author":{"name":"admin","@id":"https:\/\/volcanes.net\/#\/schema\/person\/4bf0f383940966a4abd53f5048c0e6b9"},"headline":"El ISSEMyM capacita permanentemente a su personal para brindar una atenci\u00f3n de calidad","datePublished":"2018-08-24T02:00:49+00:00","mainEntityOfPage":{"@id":"https:\/\/volcanes.net\/?p=2180"},"wordCount":689,"commentCount":0,"publisher":{"@id":"https:\/\/volcanes.net\/#organization"},"image":{"@id":"https:\/\/volcanes.net\/?p=2180#primaryimage"},"thumbnailUrl":"https:\/\/volcanes.net\/wp-content\/uploads\/2018\/08\/unnamed.jpg","keywords":["Gobierno del Estado de M\u00e9xico"],"articleSection":["Estatales"],"inLanguage":"es","potentialAction":[{"@type":"CommentAction","name":"Comment","target":["https:\/\/volcanes.net\/?p=2180#respond"]}]},{"@type":"WebPage","@id":"https:\/\/volcanes.net\/?p=2180","url":"https:\/\/volcanes.net\/?p=2180","name":"El ISSEMyM capacita permanentemente a su personal para brindar una atenci\u00f3n de calidad - Volcanes","isPartOf":{"@id":"https:\/\/volcanes.net\/#website"},"primaryImageOfPage":{"@id":"https:\/\/volcanes.net\/?p=2180#primaryimage"},"image":{"@id":"https:\/\/volcanes.net\/?p=2180#primaryimage"},"thumbnailUrl":"https:\/\/volcanes.net\/wp-content\/uploads\/2018\/08\/unnamed.jpg","datePublished":"2018-08-24T02:00:49+00:00","breadcrumb":{"@id":"https:\/\/volcanes.net\/?p=2180#breadcrumb"},"inLanguage":"es","potentialAction":[{"@type":"ReadAction","target":["https:\/\/volcanes.net\/?p=2180"]}]},{"@type":"ImageObject","inLanguage":"es","@id":"https:\/\/volcanes.net\/?p=2180#primaryimage","url":"https:\/\/volcanes.net\/wp-content\/uploads\/2018\/08\/unnamed.jpg","contentUrl":"https:\/\/volcanes.net\/wp-content\/uploads\/2018\/08\/unnamed.jpg","width":400,"height":225},{"@type":"BreadcrumbList","@id":"https:\/\/volcanes.net\/?p=2180#breadcrumb","itemListElement":[{"@type":"ListItem","position":1,"name":"Portada","item":"https:\/\/volcanes.net\/"},{"@type":"ListItem","position":2,"name":"El ISSEMyM capacita permanentemente a su personal para brindar una atenci\u00f3n de calidad"}]},{"@type":"WebSite","@id":"https:\/\/volcanes.net\/#website","url":"https:\/\/volcanes.net\/","name":"Volcanes.Net","description":"Periodismo Profesional","publisher":{"@id":"https:\/\/volcanes.net\/#organization"},"potentialAction":[{"@type":"SearchAction","target":{"@type":"EntryPoint","urlTemplate":"https:\/\/volcanes.net\/?s={search_term_string}"},"query-input":{"@type":"PropertyValueSpecification","valueRequired":true,"valueName":"search_term_string"}}],"inLanguage":"es"},{"@type":"Organization","@id":"https:\/\/volcanes.net\/#organization","name":"Grupo Volcanes","url":"https:\/\/volcanes.net\/","logo":{"@type":"ImageObject","inLanguage":"es","@id":"https:\/\/volcanes.net\/#\/schema\/logo\/image\/","url":"http:\/\/volcanes.net\/wp-content\/uploads\/2017\/12\/Avatar2.jpg","contentUrl":"http:\/\/volcanes.net\/wp-content\/uploads\/2017\/12\/Avatar2.jpg","width":378,"height":378,"caption":"Grupo Volcanes"},"image":{"@id":"https:\/\/volcanes.net\/#\/schema\/logo\/image\/"},"sameAs":["https:\/\/www.facebook.com\/volcanes.net\/"]},{"@type":"Person","@id":"https:\/\/volcanes.net\/#\/schema\/person\/4bf0f383940966a4abd53f5048c0e6b9","name":"admin","image":{"@type":"ImageObject","inLanguage":"es","@id":"https:\/\/volcanes.net\/#\/schema\/person\/image\/","url":"https:\/\/secure.gravatar.com\/avatar\/ca004e6cba8462b8cb7abc86e382930c?s=96&d=mm&r=g","contentUrl":"https:\/\/secure.gravatar.com\/avatar\/ca004e6cba8462b8cb7abc86e382930c?s=96&d=mm&r=g","caption":"admin"}}]}},"_links":{"self":[{"href":"https:\/\/volcanes.net\/index.php?rest_route=\/wp\/v2\/posts\/2180"}],"collection":[{"href":"https:\/\/volcanes.net\/index.php?rest_route=\/wp\/v2\/posts"}],"about":[{"href":"https:\/\/volcanes.net\/index.php?rest_route=\/wp\/v2\/types\/post"}],"author":[{"embeddable":true,"href":"https:\/\/volcanes.net\/index.php?rest_route=\/wp\/v2\/users\/1"}],"replies":[{"embeddable":true,"href":"https:\/\/volcanes.net\/index.php?rest_route=%2Fwp%2Fv2%2Fcomments&post=2180"}],"version-history":[{"count":1,"href":"https:\/\/volcanes.net\/index.php?rest_route=\/wp\/v2\/posts\/2180\/revisions"}],"predecessor-version":[{"id":2182,"href":"https:\/\/volcanes.net\/index.php?rest_route=\/wp\/v2\/posts\/2180\/revisions\/2182"}],"wp:featuredmedia":[{"embeddable":true,"href":"https:\/\/volcanes.net\/index.php?rest_route=\/wp\/v2\/media\/2181"}],"wp:attachment":[{"href":"https:\/\/volcanes.net\/index.php?rest_route=%2Fwp%2Fv2%2Fmedia&parent=2180"}],"wp:term":[{"taxonomy":"category","embeddable":true,"href":"https:\/\/volcanes.net\/index.php?rest_route=%2Fwp%2Fv2%2Fcategories&post=2180"},{"taxonomy":"post_tag","embeddable":true,"href":"https:\/\/volcanes.net\/index.php?rest_route=%2Fwp%2Fv2%2Ftags&post=2180"}],"curies":[{"name":"wp","href":"https:\/\/api.w.org\/{rel}","templated":true}]}}