{"id":2183,"date":"2018-08-24T02:05:09","date_gmt":"2018-08-24T02:05:09","guid":{"rendered":"http:\/\/volcanes.net\/?p=2183"},"modified":"2018-08-24T02:05:09","modified_gmt":"2018-08-24T02:05:09","slug":"facilitaran-tramites-del-registro-civil-y-de-migrantes-a-oaxaquenos-radicados-en-neza","status":"publish","type":"post","link":"https:\/\/volcanes.net\/?p=2183","title":{"rendered":"Facilitar\u00e1n tr\u00e1mites del registro civil y de migrantes a oaxaque\u00f1os radicados en Neza"},"content":{"rendered":"<div style=\"margin-top: 0px; margin-bottom: 0px;\" class=\"sharethis-inline-share-buttons\" ><\/div><p style=\"font-weight: 400\">Con el fin de facilitar la regularizaci\u00f3n Civil de las personas originarias de Oaxaca que habitan en Nezahualc\u00f3yotl y que deseen tramitar alg\u00fan documento personal, se instalar\u00e1n m\u00f3dulos de atenci\u00f3n del 28 al 31 de agosto en la explanada del Palacio Municipal donde podr\u00e1n realizarlos, esto gracias al trabajo coordinado del gobierno municipal de Nezahualc\u00f3yotl con el gobierno del estado de Oaxaca, inform\u00f3 el alcalde Juan Hugo de la Rosa Garc\u00eda.<\/p>\n<p style=\"font-weight: 400\">El presidente municipal invit\u00f3 a los paisanos que se encuentran fuera de su estado a aprovechar esta oportunidad para tramitar los documentos personales que les sean necesarios, pues de otro modo en muchos casos tendr\u00edan que trasladarse hasta el propio estado de Oaxaca a tramitarlos, situaci\u00f3n que frecuentemente resulta complicada por el gasto que implica y subray\u00f3 que incluso para respaldar la econom\u00eda familiar se expedir\u00e1n de manera gratuita las primares mil actas solicitadas.<\/p>\n<p style=\"font-weight: 400\">De la Rosa Garc\u00eda record\u00f3 que m\u00e1s de la mitad de la poblaci\u00f3n del municipio es originaria de otros estados y se estima que de los 1.5 millones de oaxaque\u00f1os que viven en el Valle de M\u00e9xico casi el 50 por ciento de ellos reside en Nezahualc\u00f3yotl, dato que evidencia lo importante que resulta la buena coordinaci\u00f3n entre el gobierno local y el estatal de Oaxaca, al cual agradeci\u00f3 la buena voluntad y disposici\u00f3n para lograr estas acciones.<\/p>\n<p style=\"font-weight: 400\">Detall\u00f3 que durante los d\u00edas referidos adem\u00e1s de realizar gestiones de competencia del Registro Civil como la asesor\u00eda en correcci\u00f3n de acta y en registros extempor\u00e1neos entre otros, tambi\u00e9n se brindar\u00e1n diversas atenciones a toda la comunidad migrante como la expedici\u00f3n de constancias de identidad, de origen y vecindad al igual que asesor\u00edas para tr\u00e1mite exitoso de Visas y Pasaportes tanto mexicanos como estadounidenses.<\/p>\n<p style=\"font-weight: 400\">Finalmente, el presidente municipal Juan Hugo de la Rosa dijo sentirse orgulloso de que Neza sea considerada la novena regi\u00f3n de Oaxaca pues sin lugar a dudas sus costumbres y tradiciones conforman un espectro \u00fanico que hace de todos los nezatlanses \u00fanicos en el pa\u00eds y el mundo.<\/p>\n","protected":false},"excerpt":{"rendered":"<p>Con el fin de facilitar la regularizaci\u00f3n Civil de las personas originarias de Oaxaca que<\/p>\n","protected":false},"author":1,"featured_media":2184,"comment_status":"open","ping_status":"open","sticky":false,"template":"","format":"standard","meta":{"footnotes":""},"categories":[1],"tags":[21],"class_list":["post-2183","post","type-post","status-publish","format-standard","has-post-thumbnail","hentry","category-municipales","tag-nezahualcoyotl"],"yoast_head":"<!-- This site is optimized with the Yoast SEO plugin v25.3 - https:\/\/yoast.com\/wordpress\/plugins\/seo\/ -->\n<title>Facilitar\u00e1n tr\u00e1mites del registro civil y de migrantes a oaxaque\u00f1os radicados en Neza - Volcanes<\/title>\n<meta name=\"robots\" content=\"index, follow, max-snippet:-1, max-image-preview:large, max-video-preview:-1\" \/>\n<link rel=\"canonical\" href=\"https:\/\/volcanes.net\/?p=2183\" \/>\n<meta property=\"og:locale\" content=\"es_MX\" \/>\n<meta property=\"og:type\" content=\"article\" \/>\n<meta property=\"og:title\" content=\"Facilitar\u00e1n tr\u00e1mites del registro civil y de migrantes a oaxaque\u00f1os radicados en Neza - Volcanes\" \/>\n<meta property=\"og:description\" content=\"Con el fin de facilitar la regularizaci\u00f3n Civil de las personas originarias de Oaxaca que\" \/>\n<meta property=\"og:url\" content=\"https:\/\/volcanes.net\/?p=2183\" \/>\n<meta property=\"og:site_name\" content=\"Volcanes\" \/>\n<meta property=\"article:publisher\" content=\"https:\/\/www.facebook.com\/volcanes.net\/\" \/>\n<meta property=\"article:published_time\" content=\"2018-08-24T02:05:09+00:00\" \/>\n<meta property=\"og:image\" content=\"https:\/\/volcanes.net\/wp-content\/uploads\/2018\/08\/MG_8135.jpg\" \/>\n\t<meta property=\"og:image:width\" content=\"400\" \/>\n\t<meta property=\"og:image:height\" content=\"266\" \/>\n\t<meta property=\"og:image:type\" content=\"image\/jpeg\" \/>\n<meta name=\"author\" content=\"admin\" \/>\n<meta name=\"twitter:card\" content=\"summary_large_image\" \/>\n<meta name=\"twitter:label1\" content=\"Escrito por\" \/>\n\t<meta name=\"twitter:data1\" content=\"admin\" \/>\n\t<meta name=\"twitter:label2\" content=\"Tiempo de lectura\" \/>\n\t<meta name=\"twitter:data2\" content=\"2 minutos\" \/>\n<script type=\"application\/ld+json\" class=\"yoast-schema-graph\">{\"@context\":\"https:\/\/schema.org\",\"@graph\":[{\"@type\":\"Article\",\"@id\":\"https:\/\/volcanes.net\/?p=2183#article\",\"isPartOf\":{\"@id\":\"https:\/\/volcanes.net\/?p=2183\"},\"author\":{\"name\":\"admin\",\"@id\":\"https:\/\/volcanes.net\/#\/schema\/person\/4bf0f383940966a4abd53f5048c0e6b9\"},\"headline\":\"Facilitar\u00e1n tr\u00e1mites del registro civil y de migrantes a oaxaque\u00f1os radicados en Neza\",\"datePublished\":\"2018-08-24T02:05:09+00:00\",\"mainEntityOfPage\":{\"@id\":\"https:\/\/volcanes.net\/?p=2183\"},\"wordCount\":380,\"commentCount\":0,\"publisher\":{\"@id\":\"https:\/\/volcanes.net\/#organization\"},\"image\":{\"@id\":\"https:\/\/volcanes.net\/?p=2183#primaryimage\"},\"thumbnailUrl\":\"https:\/\/volcanes.net\/wp-content\/uploads\/2018\/08\/MG_8135.jpg\",\"keywords\":[\"Nezahualc\u00f3yotl\"],\"articleSection\":[\"Municipales\"],\"inLanguage\":\"es\",\"potentialAction\":[{\"@type\":\"CommentAction\",\"name\":\"Comment\",\"target\":[\"https:\/\/volcanes.net\/?p=2183#respond\"]}]},{\"@type\":\"WebPage\",\"@id\":\"https:\/\/volcanes.net\/?p=2183\",\"url\":\"https:\/\/volcanes.net\/?p=2183\",\"name\":\"Facilitar\u00e1n tr\u00e1mites del registro civil y de migrantes a oaxaque\u00f1os radicados en Neza - Volcanes\",\"isPartOf\":{\"@id\":\"https:\/\/volcanes.net\/#website\"},\"primaryImageOfPage\":{\"@id\":\"https:\/\/volcanes.net\/?p=2183#primaryimage\"},\"image\":{\"@id\":\"https:\/\/volcanes.net\/?p=2183#primaryimage\"},\"thumbnailUrl\":\"https:\/\/volcanes.net\/wp-content\/uploads\/2018\/08\/MG_8135.jpg\",\"datePublished\":\"2018-08-24T02:05:09+00:00\",\"breadcrumb\":{\"@id\":\"https:\/\/volcanes.net\/?p=2183#breadcrumb\"},\"inLanguage\":\"es\",\"potentialAction\":[{\"@type\":\"ReadAction\",\"target\":[\"https:\/\/volcanes.net\/?p=2183\"]}]},{\"@type\":\"ImageObject\",\"inLanguage\":\"es\",\"@id\":\"https:\/\/volcanes.net\/?p=2183#primaryimage\",\"url\":\"https:\/\/volcanes.net\/wp-content\/uploads\/2018\/08\/MG_8135.jpg\",\"contentUrl\":\"https:\/\/volcanes.net\/wp-content\/uploads\/2018\/08\/MG_8135.jpg\",\"width\":400,\"height\":266},{\"@type\":\"BreadcrumbList\",\"@id\":\"https:\/\/volcanes.net\/?p=2183#breadcrumb\",\"itemListElement\":[{\"@type\":\"ListItem\",\"position\":1,\"name\":\"Portada\",\"item\":\"https:\/\/volcanes.net\/\"},{\"@type\":\"ListItem\",\"position\":2,\"name\":\"Facilitar\u00e1n tr\u00e1mites del registro civil y de migrantes a oaxaque\u00f1os radicados en Neza\"}]},{\"@type\":\"WebSite\",\"@id\":\"https:\/\/volcanes.net\/#website\",\"url\":\"https:\/\/volcanes.net\/\",\"name\":\"Volcanes.Net\",\"description\":\"Periodismo Profesional\",\"publisher\":{\"@id\":\"https:\/\/volcanes.net\/#organization\"},\"potentialAction\":[{\"@type\":\"SearchAction\",\"target\":{\"@type\":\"EntryPoint\",\"urlTemplate\":\"https:\/\/volcanes.net\/?s={search_term_string}\"},\"query-input\":{\"@type\":\"PropertyValueSpecification\",\"valueRequired\":true,\"valueName\":\"search_term_string\"}}],\"inLanguage\":\"es\"},{\"@type\":\"Organization\",\"@id\":\"https:\/\/volcanes.net\/#organization\",\"name\":\"Grupo Volcanes\",\"url\":\"https:\/\/volcanes.net\/\",\"logo\":{\"@type\":\"ImageObject\",\"inLanguage\":\"es\",\"@id\":\"https:\/\/volcanes.net\/#\/schema\/logo\/image\/\",\"url\":\"http:\/\/volcanes.net\/wp-content\/uploads\/2017\/12\/Avatar2.jpg\",\"contentUrl\":\"http:\/\/volcanes.net\/wp-content\/uploads\/2017\/12\/Avatar2.jpg\",\"width\":378,\"height\":378,\"caption\":\"Grupo Volcanes\"},\"image\":{\"@id\":\"https:\/\/volcanes.net\/#\/schema\/logo\/image\/\"},\"sameAs\":[\"https:\/\/www.facebook.com\/volcanes.net\/\"]},{\"@type\":\"Person\",\"@id\":\"https:\/\/volcanes.net\/#\/schema\/person\/4bf0f383940966a4abd53f5048c0e6b9\",\"name\":\"admin\",\"image\":{\"@type\":\"ImageObject\",\"inLanguage\":\"es\",\"@id\":\"https:\/\/volcanes.net\/#\/schema\/person\/image\/\",\"url\":\"https:\/\/secure.gravatar.com\/avatar\/ca004e6cba8462b8cb7abc86e382930c?s=96&d=mm&r=g\",\"contentUrl\":\"https:\/\/secure.gravatar.com\/avatar\/ca004e6cba8462b8cb7abc86e382930c?s=96&d=mm&r=g\",\"caption\":\"admin\"}}]}<\/script>\n<!-- \/ Yoast SEO plugin. -->","yoast_head_json":{"title":"Facilitar\u00e1n tr\u00e1mites del registro civil y de migrantes a oaxaque\u00f1os radicados en Neza - Volcanes","robots":{"index":"index","follow":"follow","max-snippet":"max-snippet:-1","max-image-preview":"max-image-preview:large","max-video-preview":"max-video-preview:-1"},"canonical":"https:\/\/volcanes.net\/?p=2183","og_locale":"es_MX","og_type":"article","og_title":"Facilitar\u00e1n tr\u00e1mites del registro civil y de migrantes a oaxaque\u00f1os radicados en Neza - Volcanes","og_description":"Con el fin de facilitar la regularizaci\u00f3n Civil de las personas originarias de Oaxaca que","og_url":"https:\/\/volcanes.net\/?p=2183","og_site_name":"Volcanes","article_publisher":"https:\/\/www.facebook.com\/volcanes.net\/","article_published_time":"2018-08-24T02:05:09+00:00","og_image":[{"width":400,"height":266,"url":"https:\/\/volcanes.net\/wp-content\/uploads\/2018\/08\/MG_8135.jpg","type":"image\/jpeg"}],"author":"admin","twitter_card":"summary_large_image","twitter_misc":{"Escrito por":"admin","Tiempo de lectura":"2 minutos"},"schema":{"@context":"https:\/\/schema.org","@graph":[{"@type":"Article","@id":"https:\/\/volcanes.net\/?p=2183#article","isPartOf":{"@id":"https:\/\/volcanes.net\/?p=2183"},"author":{"name":"admin","@id":"https:\/\/volcanes.net\/#\/schema\/person\/4bf0f383940966a4abd53f5048c0e6b9"},"headline":"Facilitar\u00e1n tr\u00e1mites del registro civil y de migrantes a oaxaque\u00f1os radicados en Neza","datePublished":"2018-08-24T02:05:09+00:00","mainEntityOfPage":{"@id":"https:\/\/volcanes.net\/?p=2183"},"wordCount":380,"commentCount":0,"publisher":{"@id":"https:\/\/volcanes.net\/#organization"},"image":{"@id":"https:\/\/volcanes.net\/?p=2183#primaryimage"},"thumbnailUrl":"https:\/\/volcanes.net\/wp-content\/uploads\/2018\/08\/MG_8135.jpg","keywords":["Nezahualc\u00f3yotl"],"articleSection":["Municipales"],"inLanguage":"es","potentialAction":[{"@type":"CommentAction","name":"Comment","target":["https:\/\/volcanes.net\/?p=2183#respond"]}]},{"@type":"WebPage","@id":"https:\/\/volcanes.net\/?p=2183","url":"https:\/\/volcanes.net\/?p=2183","name":"Facilitar\u00e1n tr\u00e1mites del registro civil y de migrantes a oaxaque\u00f1os radicados en Neza - Volcanes","isPartOf":{"@id":"https:\/\/volcanes.net\/#website"},"primaryImageOfPage":{"@id":"https:\/\/volcanes.net\/?p=2183#primaryimage"},"image":{"@id":"https:\/\/volcanes.net\/?p=2183#primaryimage"},"thumbnailUrl":"https:\/\/volcanes.net\/wp-content\/uploads\/2018\/08\/MG_8135.jpg","datePublished":"2018-08-24T02:05:09+00:00","breadcrumb":{"@id":"https:\/\/volcanes.net\/?p=2183#breadcrumb"},"inLanguage":"es","potentialAction":[{"@type":"ReadAction","target":["https:\/\/volcanes.net\/?p=2183"]}]},{"@type":"ImageObject","inLanguage":"es","@id":"https:\/\/volcanes.net\/?p=2183#primaryimage","url":"https:\/\/volcanes.net\/wp-content\/uploads\/2018\/08\/MG_8135.jpg","contentUrl":"https:\/\/volcanes.net\/wp-content\/uploads\/2018\/08\/MG_8135.jpg","width":400,"height":266},{"@type":"BreadcrumbList","@id":"https:\/\/volcanes.net\/?p=2183#breadcrumb","itemListElement":[{"@type":"ListItem","position":1,"name":"Portada","item":"https:\/\/volcanes.net\/"},{"@type":"ListItem","position":2,"name":"Facilitar\u00e1n tr\u00e1mites del registro civil y de migrantes a oaxaque\u00f1os radicados en Neza"}]},{"@type":"WebSite","@id":"https:\/\/volcanes.net\/#website","url":"https:\/\/volcanes.net\/","name":"Volcanes.Net","description":"Periodismo Profesional","publisher":{"@id":"https:\/\/volcanes.net\/#organization"},"potentialAction":[{"@type":"SearchAction","target":{"@type":"EntryPoint","urlTemplate":"https:\/\/volcanes.net\/?s={search_term_string}"},"query-input":{"@type":"PropertyValueSpecification","valueRequired":true,"valueName":"search_term_string"}}],"inLanguage":"es"},{"@type":"Organization","@id":"https:\/\/volcanes.net\/#organization","name":"Grupo Volcanes","url":"https:\/\/volcanes.net\/","logo":{"@type":"ImageObject","inLanguage":"es","@id":"https:\/\/volcanes.net\/#\/schema\/logo\/image\/","url":"http:\/\/volcanes.net\/wp-content\/uploads\/2017\/12\/Avatar2.jpg","contentUrl":"http:\/\/volcanes.net\/wp-content\/uploads\/2017\/12\/Avatar2.jpg","width":378,"height":378,"caption":"Grupo Volcanes"},"image":{"@id":"https:\/\/volcanes.net\/#\/schema\/logo\/image\/"},"sameAs":["https:\/\/www.facebook.com\/volcanes.net\/"]},{"@type":"Person","@id":"https:\/\/volcanes.net\/#\/schema\/person\/4bf0f383940966a4abd53f5048c0e6b9","name":"admin","image":{"@type":"ImageObject","inLanguage":"es","@id":"https:\/\/volcanes.net\/#\/schema\/person\/image\/","url":"https:\/\/secure.gravatar.com\/avatar\/ca004e6cba8462b8cb7abc86e382930c?s=96&d=mm&r=g","contentUrl":"https:\/\/secure.gravatar.com\/avatar\/ca004e6cba8462b8cb7abc86e382930c?s=96&d=mm&r=g","caption":"admin"}}]}},"_links":{"self":[{"href":"https:\/\/volcanes.net\/index.php?rest_route=\/wp\/v2\/posts\/2183"}],"collection":[{"href":"https:\/\/volcanes.net\/index.php?rest_route=\/wp\/v2\/posts"}],"about":[{"href":"https:\/\/volcanes.net\/index.php?rest_route=\/wp\/v2\/types\/post"}],"author":[{"embeddable":true,"href":"https:\/\/volcanes.net\/index.php?rest_route=\/wp\/v2\/users\/1"}],"replies":[{"embeddable":true,"href":"https:\/\/volcanes.net\/index.php?rest_route=%2Fwp%2Fv2%2Fcomments&post=2183"}],"version-history":[{"count":1,"href":"https:\/\/volcanes.net\/index.php?rest_route=\/wp\/v2\/posts\/2183\/revisions"}],"predecessor-version":[{"id":2185,"href":"https:\/\/volcanes.net\/index.php?rest_route=\/wp\/v2\/posts\/2183\/revisions\/2185"}],"wp:featuredmedia":[{"embeddable":true,"href":"https:\/\/volcanes.net\/index.php?rest_route=\/wp\/v2\/media\/2184"}],"wp:attachment":[{"href":"https:\/\/volcanes.net\/index.php?rest_route=%2Fwp%2Fv2%2Fmedia&parent=2183"}],"wp:term":[{"taxonomy":"category","embeddable":true,"href":"https:\/\/volcanes.net\/index.php?rest_route=%2Fwp%2Fv2%2Fcategories&post=2183"},{"taxonomy":"post_tag","embeddable":true,"href":"https:\/\/volcanes.net\/index.php?rest_route=%2Fwp%2Fv2%2Ftags&post=2183"}],"curies":[{"name":"wp","href":"https:\/\/api.w.org\/{rel}","templated":true}]}}