{"id":2186,"date":"2018-08-24T02:07:59","date_gmt":"2018-08-24T02:07:59","guid":{"rendered":"http:\/\/volcanes.net\/?p=2186"},"modified":"2018-08-24T02:07:59","modified_gmt":"2018-08-24T02:07:59","slug":"detiene-fiscalia-estatal-a-dos-sujetos-investigados-por-el-secuestro-de-un-menor-en-ecatepec","status":"publish","type":"post","link":"https:\/\/volcanes.net\/?p=2186","title":{"rendered":"Detiene fiscal\u00eda estatal a dos sujetos investigados por el secuestro de un menor en Ecatepec"},"content":{"rendered":"<div style=\"margin-top: 0px; margin-bottom: 0px;\" class=\"sharethis-inline-share-buttons\" ><\/div><ul>\n<li style=\"font-weight: 400\"><em>Uno de los detenidos\u00a0<\/em><em>se desempe\u00f1aba como Polic\u00eda Auxiliar de la Ciudad de M\u00e9xico, en tanto que su c\u00f3mplice es familiar de las v\u00edctimas.<\/em><\/li>\n<li style=\"font-weight: 400\"><em>Hace unos d\u00edas fue detenido otro sujeto, quien se encuentra interno en el Penal de Ecatepec y vinculado a proceso por estos hechos.<\/em><\/li>\n<\/ul>\n<p style=\"font-weight: 400\"><strong>Toluca, M\u00e9xico, 23 de agosto de 2018.-\u00a0<\/strong>Derivado de<strong>\u00a0<\/strong>diversas acciones<strong>\u00a0<\/strong>de investigaci\u00f3n, Agentes de la Fiscal\u00eda General de Justicia del Estado de M\u00e9xico (FGJEM) llevaron a cabo la detenci\u00f3n de dos sujetos, quienes est\u00e1n se\u00f1alados por su probable participaci\u00f3n en el secuestro de un menor de 9 a\u00f1os de edad, en el municipio de Ecatepec.<\/p>\n<p style=\"font-weight: 400\">\u00a0\u00a0\u00a0\u00a0\u00a0\u00a0\u00a0\u00a0\u00a0\u00a0\u00a0 En conferencia de prensa, Alejandro G\u00f3mez S\u00e1nchez, Fiscal General de Justicia mexiquense, inform\u00f3 que en seguimiento a una detenci\u00f3n realizada la semana pasada de una persona que probablemente est\u00e1 involucrada en el secuestro de un menor a quien le habr\u00edan mutilado un dedo, Polic\u00edas de Investigaci\u00f3n detuvieron a dos sujetos m\u00e1s relacionados con este delito.<\/p>\n<p style=\"font-weight: 400\">\u00a0\u00a0\u00a0\u00a0\u00a0\u00a0\u00a0\u00a0\u00a0\u00a0\u00a0 \u201cCon los datos que aport\u00f3 el primero de los detenidos por este asunto, que como recordar\u00e1n, fue asegurado en inmediaciones de la autopista M\u00e9xico-Pachuca, luego de un enfrentamiento con nuestro personal, fue posible identificar al menos a otros dos sujetos los cuales habr\u00edan participado en el secuestro del menor de 9 a\u00f1os y su madre\u201d, dijo el Fiscal estatal.<\/p>\n<p style=\"font-weight: 400\">\u00a0\u00a0\u00a0\u00a0\u00a0\u00a0\u00a0\u00a0\u00a0\u00a0\u00a0 Con la informaci\u00f3n recabada Polic\u00edas de Investigaci\u00f3n se encargaron de recabar datos de prueba para que el Ministerio P\u00fablico solicitara una orden de aprehensi\u00f3n en contra de Eduardo \u201cN\u201d, de 38 a\u00f1os edad, y Efra\u00edn \u201cN\u201d, de 33 a\u00f1os, quien se desempe\u00f1aba como Polic\u00eda Auxiliar de la Ciudad de M\u00e9xico.<\/p>\n<p style=\"font-weight: 400\">\u00a0\u00a0\u00a0\u00a0\u00a0\u00a0\u00a0\u00a0\u00a0\u00a0\u00a0 Cabe mencionar que para la detenci\u00f3n de estos sujetos se cont\u00f3 con la colaboraci\u00f3n de la Fuerza Antisecuestro de la Procuradur\u00eda de Justicia de la Ciudad de M\u00e9xico, ya que, por medio de diversas labores de inteligencia estos dos individuos fueron ubicados en la Delegaci\u00f3n Cuajimalpa, donde fueron asegurados.<\/p>\n<p style=\"font-weight: 400\">\u00a0\u00a0\u00a0\u00a0\u00a0\u00a0\u00a0\u00a0\u00a0\u00a0\u00a0 El avance en la indagatoria ha permitido establecer que Eduardo \u201cN\u201d es familiar de las v\u00edctimas, y \u00e9l habr\u00eda sido clave en aportar la informaci\u00f3n sobre la forma de vida que ten\u00edan, as\u00ed como sus movimientos, rutas y veh\u00edculos que utilizaban con regularidad.<\/p>\n<p style=\"font-weight: 400\">\u00a0\u00a0\u00a0\u00a0\u00a0\u00a0\u00a0\u00a0\u00a0\u00a0\u00a0 Luego de ser detenidos, estos sujetos fueron ingresados al Centro Penitenciario y de Reinserci\u00f3n Social de Ecatepec, donde quedaron a disposici\u00f3n de un Juez, quien determin\u00f3 vincularlos a proceso por el delito de secuestro, sin embargo se les debe considerar inocentes hasta que sea dictada una sentencia condenatoria en su contra.<\/p>\n<p style=\"font-weight: 400\">\u00a0\u00a0\u00a0\u00a0\u00a0\u00a0\u00a0\u00a0\u00a0\u00a0\u00a0 \u201cEn total son ya tres detenidos por el secuestro de este menor de 9 a\u00f1os y su madre en el municipio de Ecatepec y continuamos la indagatoria en caso de que haya m\u00e1s probables part\u00edcipes que deban ser puestos tras las rejas\u201d, indic\u00f3 G\u00f3mez S\u00e1nchez.<\/p>\n<p style=\"font-weight: 400\">\u00a0\u00a0\u00a0\u00a0\u00a0\u00a0\u00a0\u00a0\u00a0\u00a0\u00a0 La Fiscal\u00eda General de Justicia estatal hace un llamado a la ciudadan\u00eda para que en caso de que reconozca a estas personas como probables part\u00edcipes de alg\u00fan otro il\u00edcito, sean denunciadas a trav\u00e9s del correo electr\u00f3nico\u00a0<a href=\"mailto:cerotolerancia@edomex.gob.mx\">cerotolerancia@edomex.gob.mx<\/a>, al n\u00famero telef\u00f3nico 01 800 7028770, o bien, por medio de la aplicaci\u00f3n FGJEdomex, la cual est\u00e1 disponible de manera gratuita para todos los tel\u00e9fonos inteligentes de los sistemas iOS y Android.<\/p>\n","protected":false},"excerpt":{"rendered":"<p>Uno de los detenidos\u00a0se desempe\u00f1aba como Polic\u00eda Auxiliar de la Ciudad de M\u00e9xico, en tanto<\/p>\n","protected":false},"author":1,"featured_media":2187,"comment_status":"open","ping_status":"open","sticky":false,"template":"","format":"standard","meta":{"footnotes":""},"categories":[1],"tags":[63],"class_list":["post-2186","post","type-post","status-publish","format-standard","has-post-thumbnail","hentry","category-municipales","tag-ecatepec"],"yoast_head":"<!-- This site is optimized with the Yoast SEO plugin v25.3 - https:\/\/yoast.com\/wordpress\/plugins\/seo\/ -->\n<title>Detiene fiscal\u00eda estatal a dos sujetos investigados por el secuestro de un menor en Ecatepec - Volcanes<\/title>\n<meta name=\"robots\" content=\"index, follow, max-snippet:-1, max-image-preview:large, max-video-preview:-1\" \/>\n<link rel=\"canonical\" href=\"https:\/\/volcanes.net\/?p=2186\" \/>\n<meta property=\"og:locale\" content=\"es_MX\" \/>\n<meta property=\"og:type\" content=\"article\" \/>\n<meta property=\"og:title\" content=\"Detiene fiscal\u00eda estatal a dos sujetos investigados por el secuestro de un menor en Ecatepec - Volcanes\" \/>\n<meta property=\"og:description\" content=\"Uno de los detenidos\u00a0se desempe\u00f1aba como Polic\u00eda Auxiliar de la Ciudad de M\u00e9xico, en tanto\" \/>\n<meta property=\"og:url\" content=\"https:\/\/volcanes.net\/?p=2186\" \/>\n<meta property=\"og:site_name\" content=\"Volcanes\" \/>\n<meta property=\"article:publisher\" content=\"https:\/\/www.facebook.com\/volcanes.net\/\" \/>\n<meta property=\"article:published_time\" content=\"2018-08-24T02:07:59+00:00\" \/>\n<meta property=\"og:image\" content=\"https:\/\/volcanes.net\/wp-content\/uploads\/2018\/08\/FOTO-2.jpg\" \/>\n\t<meta property=\"og:image:width\" content=\"400\" \/>\n\t<meta property=\"og:image:height\" content=\"206\" \/>\n\t<meta property=\"og:image:type\" content=\"image\/jpeg\" \/>\n<meta name=\"author\" content=\"admin\" \/>\n<meta name=\"twitter:card\" content=\"summary_large_image\" \/>\n<meta name=\"twitter:label1\" content=\"Escrito por\" \/>\n\t<meta name=\"twitter:data1\" content=\"admin\" \/>\n\t<meta name=\"twitter:label2\" content=\"Tiempo de lectura\" \/>\n\t<meta name=\"twitter:data2\" content=\"3 minutos\" \/>\n<script type=\"application\/ld+json\" class=\"yoast-schema-graph\">{\"@context\":\"https:\/\/schema.org\",\"@graph\":[{\"@type\":\"Article\",\"@id\":\"https:\/\/volcanes.net\/?p=2186#article\",\"isPartOf\":{\"@id\":\"https:\/\/volcanes.net\/?p=2186\"},\"author\":{\"name\":\"admin\",\"@id\":\"https:\/\/volcanes.net\/#\/schema\/person\/4bf0f383940966a4abd53f5048c0e6b9\"},\"headline\":\"Detiene fiscal\u00eda estatal a dos sujetos investigados por el secuestro de un menor en Ecatepec\",\"datePublished\":\"2018-08-24T02:07:59+00:00\",\"mainEntityOfPage\":{\"@id\":\"https:\/\/volcanes.net\/?p=2186\"},\"wordCount\":599,\"commentCount\":0,\"publisher\":{\"@id\":\"https:\/\/volcanes.net\/#organization\"},\"image\":{\"@id\":\"https:\/\/volcanes.net\/?p=2186#primaryimage\"},\"thumbnailUrl\":\"https:\/\/volcanes.net\/wp-content\/uploads\/2018\/08\/FOTO-2.jpg\",\"keywords\":[\"Ecatepec\"],\"articleSection\":[\"Municipales\"],\"inLanguage\":\"es\",\"potentialAction\":[{\"@type\":\"CommentAction\",\"name\":\"Comment\",\"target\":[\"https:\/\/volcanes.net\/?p=2186#respond\"]}]},{\"@type\":\"WebPage\",\"@id\":\"https:\/\/volcanes.net\/?p=2186\",\"url\":\"https:\/\/volcanes.net\/?p=2186\",\"name\":\"Detiene fiscal\u00eda estatal a dos sujetos investigados por el secuestro de un menor en Ecatepec - Volcanes\",\"isPartOf\":{\"@id\":\"https:\/\/volcanes.net\/#website\"},\"primaryImageOfPage\":{\"@id\":\"https:\/\/volcanes.net\/?p=2186#primaryimage\"},\"image\":{\"@id\":\"https:\/\/volcanes.net\/?p=2186#primaryimage\"},\"thumbnailUrl\":\"https:\/\/volcanes.net\/wp-content\/uploads\/2018\/08\/FOTO-2.jpg\",\"datePublished\":\"2018-08-24T02:07:59+00:00\",\"breadcrumb\":{\"@id\":\"https:\/\/volcanes.net\/?p=2186#breadcrumb\"},\"inLanguage\":\"es\",\"potentialAction\":[{\"@type\":\"ReadAction\",\"target\":[\"https:\/\/volcanes.net\/?p=2186\"]}]},{\"@type\":\"ImageObject\",\"inLanguage\":\"es\",\"@id\":\"https:\/\/volcanes.net\/?p=2186#primaryimage\",\"url\":\"https:\/\/volcanes.net\/wp-content\/uploads\/2018\/08\/FOTO-2.jpg\",\"contentUrl\":\"https:\/\/volcanes.net\/wp-content\/uploads\/2018\/08\/FOTO-2.jpg\",\"width\":400,\"height\":206},{\"@type\":\"BreadcrumbList\",\"@id\":\"https:\/\/volcanes.net\/?p=2186#breadcrumb\",\"itemListElement\":[{\"@type\":\"ListItem\",\"position\":1,\"name\":\"Portada\",\"item\":\"https:\/\/volcanes.net\/\"},{\"@type\":\"ListItem\",\"position\":2,\"name\":\"Detiene fiscal\u00eda estatal a dos sujetos investigados por el secuestro de un menor en Ecatepec\"}]},{\"@type\":\"WebSite\",\"@id\":\"https:\/\/volcanes.net\/#website\",\"url\":\"https:\/\/volcanes.net\/\",\"name\":\"Volcanes.Net\",\"description\":\"Periodismo Profesional\",\"publisher\":{\"@id\":\"https:\/\/volcanes.net\/#organization\"},\"potentialAction\":[{\"@type\":\"SearchAction\",\"target\":{\"@type\":\"EntryPoint\",\"urlTemplate\":\"https:\/\/volcanes.net\/?s={search_term_string}\"},\"query-input\":{\"@type\":\"PropertyValueSpecification\",\"valueRequired\":true,\"valueName\":\"search_term_string\"}}],\"inLanguage\":\"es\"},{\"@type\":\"Organization\",\"@id\":\"https:\/\/volcanes.net\/#organization\",\"name\":\"Grupo Volcanes\",\"url\":\"https:\/\/volcanes.net\/\",\"logo\":{\"@type\":\"ImageObject\",\"inLanguage\":\"es\",\"@id\":\"https:\/\/volcanes.net\/#\/schema\/logo\/image\/\",\"url\":\"http:\/\/volcanes.net\/wp-content\/uploads\/2017\/12\/Avatar2.jpg\",\"contentUrl\":\"http:\/\/volcanes.net\/wp-content\/uploads\/2017\/12\/Avatar2.jpg\",\"width\":378,\"height\":378,\"caption\":\"Grupo Volcanes\"},\"image\":{\"@id\":\"https:\/\/volcanes.net\/#\/schema\/logo\/image\/\"},\"sameAs\":[\"https:\/\/www.facebook.com\/volcanes.net\/\"]},{\"@type\":\"Person\",\"@id\":\"https:\/\/volcanes.net\/#\/schema\/person\/4bf0f383940966a4abd53f5048c0e6b9\",\"name\":\"admin\",\"image\":{\"@type\":\"ImageObject\",\"inLanguage\":\"es\",\"@id\":\"https:\/\/volcanes.net\/#\/schema\/person\/image\/\",\"url\":\"https:\/\/secure.gravatar.com\/avatar\/ca004e6cba8462b8cb7abc86e382930c?s=96&d=mm&r=g\",\"contentUrl\":\"https:\/\/secure.gravatar.com\/avatar\/ca004e6cba8462b8cb7abc86e382930c?s=96&d=mm&r=g\",\"caption\":\"admin\"}}]}<\/script>\n<!-- \/ Yoast SEO plugin. -->","yoast_head_json":{"title":"Detiene fiscal\u00eda estatal a dos sujetos investigados por el secuestro de un menor en Ecatepec - Volcanes","robots":{"index":"index","follow":"follow","max-snippet":"max-snippet:-1","max-image-preview":"max-image-preview:large","max-video-preview":"max-video-preview:-1"},"canonical":"https:\/\/volcanes.net\/?p=2186","og_locale":"es_MX","og_type":"article","og_title":"Detiene fiscal\u00eda estatal a dos sujetos investigados por el secuestro de un menor en Ecatepec - Volcanes","og_description":"Uno de los detenidos\u00a0se desempe\u00f1aba como Polic\u00eda Auxiliar de la Ciudad de M\u00e9xico, en tanto","og_url":"https:\/\/volcanes.net\/?p=2186","og_site_name":"Volcanes","article_publisher":"https:\/\/www.facebook.com\/volcanes.net\/","article_published_time":"2018-08-24T02:07:59+00:00","og_image":[{"width":400,"height":206,"url":"https:\/\/volcanes.net\/wp-content\/uploads\/2018\/08\/FOTO-2.jpg","type":"image\/jpeg"}],"author":"admin","twitter_card":"summary_large_image","twitter_misc":{"Escrito por":"admin","Tiempo de lectura":"3 minutos"},"schema":{"@context":"https:\/\/schema.org","@graph":[{"@type":"Article","@id":"https:\/\/volcanes.net\/?p=2186#article","isPartOf":{"@id":"https:\/\/volcanes.net\/?p=2186"},"author":{"name":"admin","@id":"https:\/\/volcanes.net\/#\/schema\/person\/4bf0f383940966a4abd53f5048c0e6b9"},"headline":"Detiene fiscal\u00eda estatal a dos sujetos investigados por el secuestro de un menor en Ecatepec","datePublished":"2018-08-24T02:07:59+00:00","mainEntityOfPage":{"@id":"https:\/\/volcanes.net\/?p=2186"},"wordCount":599,"commentCount":0,"publisher":{"@id":"https:\/\/volcanes.net\/#organization"},"image":{"@id":"https:\/\/volcanes.net\/?p=2186#primaryimage"},"thumbnailUrl":"https:\/\/volcanes.net\/wp-content\/uploads\/2018\/08\/FOTO-2.jpg","keywords":["Ecatepec"],"articleSection":["Municipales"],"inLanguage":"es","potentialAction":[{"@type":"CommentAction","name":"Comment","target":["https:\/\/volcanes.net\/?p=2186#respond"]}]},{"@type":"WebPage","@id":"https:\/\/volcanes.net\/?p=2186","url":"https:\/\/volcanes.net\/?p=2186","name":"Detiene fiscal\u00eda estatal a dos sujetos investigados por el secuestro de un menor en Ecatepec - Volcanes","isPartOf":{"@id":"https:\/\/volcanes.net\/#website"},"primaryImageOfPage":{"@id":"https:\/\/volcanes.net\/?p=2186#primaryimage"},"image":{"@id":"https:\/\/volcanes.net\/?p=2186#primaryimage"},"thumbnailUrl":"https:\/\/volcanes.net\/wp-content\/uploads\/2018\/08\/FOTO-2.jpg","datePublished":"2018-08-24T02:07:59+00:00","breadcrumb":{"@id":"https:\/\/volcanes.net\/?p=2186#breadcrumb"},"inLanguage":"es","potentialAction":[{"@type":"ReadAction","target":["https:\/\/volcanes.net\/?p=2186"]}]},{"@type":"ImageObject","inLanguage":"es","@id":"https:\/\/volcanes.net\/?p=2186#primaryimage","url":"https:\/\/volcanes.net\/wp-content\/uploads\/2018\/08\/FOTO-2.jpg","contentUrl":"https:\/\/volcanes.net\/wp-content\/uploads\/2018\/08\/FOTO-2.jpg","width":400,"height":206},{"@type":"BreadcrumbList","@id":"https:\/\/volcanes.net\/?p=2186#breadcrumb","itemListElement":[{"@type":"ListItem","position":1,"name":"Portada","item":"https:\/\/volcanes.net\/"},{"@type":"ListItem","position":2,"name":"Detiene fiscal\u00eda estatal a dos sujetos investigados por el secuestro de un menor en Ecatepec"}]},{"@type":"WebSite","@id":"https:\/\/volcanes.net\/#website","url":"https:\/\/volcanes.net\/","name":"Volcanes.Net","description":"Periodismo Profesional","publisher":{"@id":"https:\/\/volcanes.net\/#organization"},"potentialAction":[{"@type":"SearchAction","target":{"@type":"EntryPoint","urlTemplate":"https:\/\/volcanes.net\/?s={search_term_string}"},"query-input":{"@type":"PropertyValueSpecification","valueRequired":true,"valueName":"search_term_string"}}],"inLanguage":"es"},{"@type":"Organization","@id":"https:\/\/volcanes.net\/#organization","name":"Grupo Volcanes","url":"https:\/\/volcanes.net\/","logo":{"@type":"ImageObject","inLanguage":"es","@id":"https:\/\/volcanes.net\/#\/schema\/logo\/image\/","url":"http:\/\/volcanes.net\/wp-content\/uploads\/2017\/12\/Avatar2.jpg","contentUrl":"http:\/\/volcanes.net\/wp-content\/uploads\/2017\/12\/Avatar2.jpg","width":378,"height":378,"caption":"Grupo Volcanes"},"image":{"@id":"https:\/\/volcanes.net\/#\/schema\/logo\/image\/"},"sameAs":["https:\/\/www.facebook.com\/volcanes.net\/"]},{"@type":"Person","@id":"https:\/\/volcanes.net\/#\/schema\/person\/4bf0f383940966a4abd53f5048c0e6b9","name":"admin","image":{"@type":"ImageObject","inLanguage":"es","@id":"https:\/\/volcanes.net\/#\/schema\/person\/image\/","url":"https:\/\/secure.gravatar.com\/avatar\/ca004e6cba8462b8cb7abc86e382930c?s=96&d=mm&r=g","contentUrl":"https:\/\/secure.gravatar.com\/avatar\/ca004e6cba8462b8cb7abc86e382930c?s=96&d=mm&r=g","caption":"admin"}}]}},"_links":{"self":[{"href":"https:\/\/volcanes.net\/index.php?rest_route=\/wp\/v2\/posts\/2186"}],"collection":[{"href":"https:\/\/volcanes.net\/index.php?rest_route=\/wp\/v2\/posts"}],"about":[{"href":"https:\/\/volcanes.net\/index.php?rest_route=\/wp\/v2\/types\/post"}],"author":[{"embeddable":true,"href":"https:\/\/volcanes.net\/index.php?rest_route=\/wp\/v2\/users\/1"}],"replies":[{"embeddable":true,"href":"https:\/\/volcanes.net\/index.php?rest_route=%2Fwp%2Fv2%2Fcomments&post=2186"}],"version-history":[{"count":1,"href":"https:\/\/volcanes.net\/index.php?rest_route=\/wp\/v2\/posts\/2186\/revisions"}],"predecessor-version":[{"id":2188,"href":"https:\/\/volcanes.net\/index.php?rest_route=\/wp\/v2\/posts\/2186\/revisions\/2188"}],"wp:featuredmedia":[{"embeddable":true,"href":"https:\/\/volcanes.net\/index.php?rest_route=\/wp\/v2\/media\/2187"}],"wp:attachment":[{"href":"https:\/\/volcanes.net\/index.php?rest_route=%2Fwp%2Fv2%2Fmedia&parent=2186"}],"wp:term":[{"taxonomy":"category","embeddable":true,"href":"https:\/\/volcanes.net\/index.php?rest_route=%2Fwp%2Fv2%2Fcategories&post=2186"},{"taxonomy":"post_tag","embeddable":true,"href":"https:\/\/volcanes.net\/index.php?rest_route=%2Fwp%2Fv2%2Ftags&post=2186"}],"curies":[{"name":"wp","href":"https:\/\/api.w.org\/{rel}","templated":true}]}}