{"id":2201,"date":"2018-08-24T02:25:47","date_gmt":"2018-08-24T02:25:47","guid":{"rendered":"http:\/\/volcanes.net\/?p=2201"},"modified":"2018-08-24T02:25:47","modified_gmt":"2018-08-24T02:25:47","slug":"realizara-uaem-segundo-festival-intercultural-de-las-relaciones-checo-mexicanas","status":"publish","type":"post","link":"https:\/\/volcanes.net\/?p=2201","title":{"rendered":"Realizar\u00e1 UAEM\u00a0Segundo Festival Intercultural  de las Relaciones Checo-mexicanas"},"content":{"rendered":"<div style=\"margin-top: 0px; margin-bottom: 0px;\" class=\"sharethis-inline-share-buttons\" ><\/div><p style=\"font-weight: 400\">\n<ul>\n<li style=\"font-weight: 400\"><em>En este evento acad\u00e9mico y cultural, que tiene el apoyo del Ministerio de Relaciones Exteriores de la Rep\u00fablica Checa, participar\u00e1n especialistas de la Universidad de Hradec Kr\u00e1lov\u00e9 y de Ostrava.<\/em><\/li>\n<\/ul>\n<p style=\"font-weight: 400\"><em>\u00a0<\/em><\/p>\n<p style=\"font-weight: 400\"><strong>Toluca, M\u00e9x. \u2013 23 de agosto de 2018.<\/strong>\u00a0Del 3 al 7 de septiembre, la Universidad Aut\u00f3noma del Estado de M\u00e9xico ser\u00e1 sede del Segundo Festival Intercultural de las Relaciones Checo-mexicanas, que tiene como objetivo generar un di\u00e1logo entre M\u00e9xico y la Rep\u00fablica Checa.<\/p>\n<p style=\"font-weight: 400\">La especialista del Centro de Investigaci\u00f3n en Ciencias Sociales y Humanidades (CICSyH) de la UAEM, Zuzana Erdosova, subray\u00f3 que checos y mexicanos comparten rasgos que permiten generar un debate entre culturas.<\/p>\n<p style=\"font-weight: 400\">Indic\u00f3 que como parte del Festival, en las facultades de Lenguas, Ciencias Pol\u00edticas y Sociales y Geograf\u00eda, as\u00ed como la Biblioteca Central \u201cDr. Juan Josafat Pichardo Cruz\u201d, se llevar\u00e1n a cabo conferencias, exposiciones art\u00edsticas, presentaciones de libros, conciertos y proyecci\u00f3n de pel\u00edculas, entre otras actividades.<\/p>\n<p style=\"font-weight: 400\">Destac\u00f3 que en este evento acad\u00e9mico y cultural, que tiene el apoyo del Ministerio de Relaciones Exteriores de la Rep\u00fablica Checa, participar\u00e1n especialistas de la Universidad de Hradec Kr\u00e1lov\u00e9 y de Ostrava, quienes tambi\u00e9n tomar\u00e1n parte del Simposio Checo-Mexicano de Ciencias Sociales y Humanidades, ejercicio acad\u00e9mico que forma parte del Festival.<\/p>\n<p style=\"font-weight: 400\">En el marco de estas actividades, detall\u00f3, se impartir\u00e1 un curso intensivo de checo, a cargo del ling\u00fcista Petr \u0160lechta, de la Universidad de Ostrava. \u201cQueremos establecer un di\u00e1logo entre ambas naciones, reflexionar sobre los aspectos que nos unen y aquellos que nos separan\u201d.<\/p>\n<p style=\"font-weight: 400\">Adem\u00e1s, la Secretar\u00eda de Cooperaci\u00f3n Internacional de la UAEM brindar\u00e1 pl\u00e1ticas informativas dirigidas a alumnos interesados en realizar una estancia acad\u00e9mica o movilidad estudiantil a la Rep\u00fablica Checa.<\/p>\n<p style=\"font-weight: 400\">Zuzana Erdosova precis\u00f3 que para la organizaci\u00f3n de este evento se apoyaron en los convenios que tiene la Aut\u00f3noma mexiquense con universidades checas. \u201cDesde el \u00e1mbito universitario y mediante actividades cient\u00edficas y culturales promovemos la cooperaci\u00f3n internacional\u201d.<\/p>\n<p style=\"font-weight: 400\">Para m\u00e1s informaci\u00f3n, los interesados pueden consultar el perfil de Facebook Festival Intercultural de las Relaciones Checo-Mexicanas.<\/p>\n","protected":false},"excerpt":{"rendered":"<p>En este evento acad\u00e9mico y cultural, que tiene el apoyo del Ministerio de Relaciones Exteriores<\/p>\n","protected":false},"author":1,"featured_media":2202,"comment_status":"open","ping_status":"open","sticky":false,"template":"","format":"standard","meta":{"footnotes":""},"categories":[1],"tags":[25,24],"class_list":["post-2201","post","type-post","status-publish","format-standard","has-post-thumbnail","hentry","category-municipales","tag-uaem","tag-uaemex"],"yoast_head":"<!-- This site is optimized with the Yoast SEO plugin v25.3 - https:\/\/yoast.com\/wordpress\/plugins\/seo\/ -->\n<title>Realizar\u00e1 UAEM\u00a0Segundo Festival Intercultural de las Relaciones Checo-mexicanas - Volcanes<\/title>\n<meta name=\"robots\" content=\"index, follow, max-snippet:-1, max-image-preview:large, max-video-preview:-1\" \/>\n<link rel=\"canonical\" href=\"https:\/\/volcanes.net\/?p=2201\" \/>\n<meta property=\"og:locale\" content=\"es_MX\" \/>\n<meta property=\"og:type\" content=\"article\" \/>\n<meta property=\"og:title\" content=\"Realizar\u00e1 UAEM\u00a0Segundo Festival Intercultural de las Relaciones Checo-mexicanas - Volcanes\" \/>\n<meta property=\"og:description\" content=\"En este evento acad\u00e9mico y cultural, que tiene el apoyo del Ministerio de Relaciones Exteriores\" \/>\n<meta property=\"og:url\" content=\"https:\/\/volcanes.net\/?p=2201\" \/>\n<meta property=\"og:site_name\" content=\"Volcanes\" \/>\n<meta property=\"article:publisher\" content=\"https:\/\/www.facebook.com\/volcanes.net\/\" \/>\n<meta property=\"article:published_time\" content=\"2018-08-24T02:25:47+00:00\" \/>\n<meta property=\"og:image\" content=\"https:\/\/volcanes.net\/wp-content\/uploads\/2018\/08\/Comun-710-12.jpg\" \/>\n\t<meta property=\"og:image:width\" content=\"400\" \/>\n\t<meta property=\"og:image:height\" content=\"266\" \/>\n\t<meta property=\"og:image:type\" content=\"image\/jpeg\" \/>\n<meta name=\"author\" content=\"admin\" \/>\n<meta name=\"twitter:card\" content=\"summary_large_image\" \/>\n<meta name=\"twitter:label1\" content=\"Escrito por\" \/>\n\t<meta name=\"twitter:data1\" content=\"admin\" \/>\n\t<meta name=\"twitter:label2\" content=\"Tiempo de lectura\" \/>\n\t<meta name=\"twitter:data2\" content=\"2 minutos\" \/>\n<script type=\"application\/ld+json\" class=\"yoast-schema-graph\">{\"@context\":\"https:\/\/schema.org\",\"@graph\":[{\"@type\":\"Article\",\"@id\":\"https:\/\/volcanes.net\/?p=2201#article\",\"isPartOf\":{\"@id\":\"https:\/\/volcanes.net\/?p=2201\"},\"author\":{\"name\":\"admin\",\"@id\":\"https:\/\/volcanes.net\/#\/schema\/person\/4bf0f383940966a4abd53f5048c0e6b9\"},\"headline\":\"Realizar\u00e1 UAEM\u00a0Segundo Festival Intercultural de las Relaciones Checo-mexicanas\",\"datePublished\":\"2018-08-24T02:25:47+00:00\",\"mainEntityOfPage\":{\"@id\":\"https:\/\/volcanes.net\/?p=2201\"},\"wordCount\":369,\"commentCount\":0,\"publisher\":{\"@id\":\"https:\/\/volcanes.net\/#organization\"},\"image\":{\"@id\":\"https:\/\/volcanes.net\/?p=2201#primaryimage\"},\"thumbnailUrl\":\"https:\/\/volcanes.net\/wp-content\/uploads\/2018\/08\/Comun-710-12.jpg\",\"keywords\":[\"UAEM\",\"UAEMEX\"],\"articleSection\":[\"Municipales\"],\"inLanguage\":\"es\",\"potentialAction\":[{\"@type\":\"CommentAction\",\"name\":\"Comment\",\"target\":[\"https:\/\/volcanes.net\/?p=2201#respond\"]}]},{\"@type\":\"WebPage\",\"@id\":\"https:\/\/volcanes.net\/?p=2201\",\"url\":\"https:\/\/volcanes.net\/?p=2201\",\"name\":\"Realizar\u00e1 UAEM\u00a0Segundo Festival Intercultural de las Relaciones Checo-mexicanas - Volcanes\",\"isPartOf\":{\"@id\":\"https:\/\/volcanes.net\/#website\"},\"primaryImageOfPage\":{\"@id\":\"https:\/\/volcanes.net\/?p=2201#primaryimage\"},\"image\":{\"@id\":\"https:\/\/volcanes.net\/?p=2201#primaryimage\"},\"thumbnailUrl\":\"https:\/\/volcanes.net\/wp-content\/uploads\/2018\/08\/Comun-710-12.jpg\",\"datePublished\":\"2018-08-24T02:25:47+00:00\",\"breadcrumb\":{\"@id\":\"https:\/\/volcanes.net\/?p=2201#breadcrumb\"},\"inLanguage\":\"es\",\"potentialAction\":[{\"@type\":\"ReadAction\",\"target\":[\"https:\/\/volcanes.net\/?p=2201\"]}]},{\"@type\":\"ImageObject\",\"inLanguage\":\"es\",\"@id\":\"https:\/\/volcanes.net\/?p=2201#primaryimage\",\"url\":\"https:\/\/volcanes.net\/wp-content\/uploads\/2018\/08\/Comun-710-12.jpg\",\"contentUrl\":\"https:\/\/volcanes.net\/wp-content\/uploads\/2018\/08\/Comun-710-12.jpg\",\"width\":400,\"height\":266},{\"@type\":\"BreadcrumbList\",\"@id\":\"https:\/\/volcanes.net\/?p=2201#breadcrumb\",\"itemListElement\":[{\"@type\":\"ListItem\",\"position\":1,\"name\":\"Portada\",\"item\":\"https:\/\/volcanes.net\/\"},{\"@type\":\"ListItem\",\"position\":2,\"name\":\"Realizar\u00e1 UAEM\u00a0Segundo Festival Intercultural de las Relaciones Checo-mexicanas\"}]},{\"@type\":\"WebSite\",\"@id\":\"https:\/\/volcanes.net\/#website\",\"url\":\"https:\/\/volcanes.net\/\",\"name\":\"Volcanes.Net\",\"description\":\"Periodismo Profesional\",\"publisher\":{\"@id\":\"https:\/\/volcanes.net\/#organization\"},\"potentialAction\":[{\"@type\":\"SearchAction\",\"target\":{\"@type\":\"EntryPoint\",\"urlTemplate\":\"https:\/\/volcanes.net\/?s={search_term_string}\"},\"query-input\":{\"@type\":\"PropertyValueSpecification\",\"valueRequired\":true,\"valueName\":\"search_term_string\"}}],\"inLanguage\":\"es\"},{\"@type\":\"Organization\",\"@id\":\"https:\/\/volcanes.net\/#organization\",\"name\":\"Grupo Volcanes\",\"url\":\"https:\/\/volcanes.net\/\",\"logo\":{\"@type\":\"ImageObject\",\"inLanguage\":\"es\",\"@id\":\"https:\/\/volcanes.net\/#\/schema\/logo\/image\/\",\"url\":\"http:\/\/volcanes.net\/wp-content\/uploads\/2017\/12\/Avatar2.jpg\",\"contentUrl\":\"http:\/\/volcanes.net\/wp-content\/uploads\/2017\/12\/Avatar2.jpg\",\"width\":378,\"height\":378,\"caption\":\"Grupo Volcanes\"},\"image\":{\"@id\":\"https:\/\/volcanes.net\/#\/schema\/logo\/image\/\"},\"sameAs\":[\"https:\/\/www.facebook.com\/volcanes.net\/\"]},{\"@type\":\"Person\",\"@id\":\"https:\/\/volcanes.net\/#\/schema\/person\/4bf0f383940966a4abd53f5048c0e6b9\",\"name\":\"admin\",\"image\":{\"@type\":\"ImageObject\",\"inLanguage\":\"es\",\"@id\":\"https:\/\/volcanes.net\/#\/schema\/person\/image\/\",\"url\":\"https:\/\/secure.gravatar.com\/avatar\/ca004e6cba8462b8cb7abc86e382930c?s=96&d=mm&r=g\",\"contentUrl\":\"https:\/\/secure.gravatar.com\/avatar\/ca004e6cba8462b8cb7abc86e382930c?s=96&d=mm&r=g\",\"caption\":\"admin\"}}]}<\/script>\n<!-- \/ Yoast SEO plugin. -->","yoast_head_json":{"title":"Realizar\u00e1 UAEM\u00a0Segundo Festival Intercultural de las Relaciones Checo-mexicanas - Volcanes","robots":{"index":"index","follow":"follow","max-snippet":"max-snippet:-1","max-image-preview":"max-image-preview:large","max-video-preview":"max-video-preview:-1"},"canonical":"https:\/\/volcanes.net\/?p=2201","og_locale":"es_MX","og_type":"article","og_title":"Realizar\u00e1 UAEM\u00a0Segundo Festival Intercultural de las Relaciones Checo-mexicanas - Volcanes","og_description":"En este evento acad\u00e9mico y cultural, que tiene el apoyo del Ministerio de Relaciones Exteriores","og_url":"https:\/\/volcanes.net\/?p=2201","og_site_name":"Volcanes","article_publisher":"https:\/\/www.facebook.com\/volcanes.net\/","article_published_time":"2018-08-24T02:25:47+00:00","og_image":[{"width":400,"height":266,"url":"https:\/\/volcanes.net\/wp-content\/uploads\/2018\/08\/Comun-710-12.jpg","type":"image\/jpeg"}],"author":"admin","twitter_card":"summary_large_image","twitter_misc":{"Escrito por":"admin","Tiempo de lectura":"2 minutos"},"schema":{"@context":"https:\/\/schema.org","@graph":[{"@type":"Article","@id":"https:\/\/volcanes.net\/?p=2201#article","isPartOf":{"@id":"https:\/\/volcanes.net\/?p=2201"},"author":{"name":"admin","@id":"https:\/\/volcanes.net\/#\/schema\/person\/4bf0f383940966a4abd53f5048c0e6b9"},"headline":"Realizar\u00e1 UAEM\u00a0Segundo Festival Intercultural de las Relaciones Checo-mexicanas","datePublished":"2018-08-24T02:25:47+00:00","mainEntityOfPage":{"@id":"https:\/\/volcanes.net\/?p=2201"},"wordCount":369,"commentCount":0,"publisher":{"@id":"https:\/\/volcanes.net\/#organization"},"image":{"@id":"https:\/\/volcanes.net\/?p=2201#primaryimage"},"thumbnailUrl":"https:\/\/volcanes.net\/wp-content\/uploads\/2018\/08\/Comun-710-12.jpg","keywords":["UAEM","UAEMEX"],"articleSection":["Municipales"],"inLanguage":"es","potentialAction":[{"@type":"CommentAction","name":"Comment","target":["https:\/\/volcanes.net\/?p=2201#respond"]}]},{"@type":"WebPage","@id":"https:\/\/volcanes.net\/?p=2201","url":"https:\/\/volcanes.net\/?p=2201","name":"Realizar\u00e1 UAEM\u00a0Segundo Festival Intercultural de las Relaciones Checo-mexicanas - Volcanes","isPartOf":{"@id":"https:\/\/volcanes.net\/#website"},"primaryImageOfPage":{"@id":"https:\/\/volcanes.net\/?p=2201#primaryimage"},"image":{"@id":"https:\/\/volcanes.net\/?p=2201#primaryimage"},"thumbnailUrl":"https:\/\/volcanes.net\/wp-content\/uploads\/2018\/08\/Comun-710-12.jpg","datePublished":"2018-08-24T02:25:47+00:00","breadcrumb":{"@id":"https:\/\/volcanes.net\/?p=2201#breadcrumb"},"inLanguage":"es","potentialAction":[{"@type":"ReadAction","target":["https:\/\/volcanes.net\/?p=2201"]}]},{"@type":"ImageObject","inLanguage":"es","@id":"https:\/\/volcanes.net\/?p=2201#primaryimage","url":"https:\/\/volcanes.net\/wp-content\/uploads\/2018\/08\/Comun-710-12.jpg","contentUrl":"https:\/\/volcanes.net\/wp-content\/uploads\/2018\/08\/Comun-710-12.jpg","width":400,"height":266},{"@type":"BreadcrumbList","@id":"https:\/\/volcanes.net\/?p=2201#breadcrumb","itemListElement":[{"@type":"ListItem","position":1,"name":"Portada","item":"https:\/\/volcanes.net\/"},{"@type":"ListItem","position":2,"name":"Realizar\u00e1 UAEM\u00a0Segundo Festival Intercultural de las Relaciones Checo-mexicanas"}]},{"@type":"WebSite","@id":"https:\/\/volcanes.net\/#website","url":"https:\/\/volcanes.net\/","name":"Volcanes.Net","description":"Periodismo Profesional","publisher":{"@id":"https:\/\/volcanes.net\/#organization"},"potentialAction":[{"@type":"SearchAction","target":{"@type":"EntryPoint","urlTemplate":"https:\/\/volcanes.net\/?s={search_term_string}"},"query-input":{"@type":"PropertyValueSpecification","valueRequired":true,"valueName":"search_term_string"}}],"inLanguage":"es"},{"@type":"Organization","@id":"https:\/\/volcanes.net\/#organization","name":"Grupo Volcanes","url":"https:\/\/volcanes.net\/","logo":{"@type":"ImageObject","inLanguage":"es","@id":"https:\/\/volcanes.net\/#\/schema\/logo\/image\/","url":"http:\/\/volcanes.net\/wp-content\/uploads\/2017\/12\/Avatar2.jpg","contentUrl":"http:\/\/volcanes.net\/wp-content\/uploads\/2017\/12\/Avatar2.jpg","width":378,"height":378,"caption":"Grupo Volcanes"},"image":{"@id":"https:\/\/volcanes.net\/#\/schema\/logo\/image\/"},"sameAs":["https:\/\/www.facebook.com\/volcanes.net\/"]},{"@type":"Person","@id":"https:\/\/volcanes.net\/#\/schema\/person\/4bf0f383940966a4abd53f5048c0e6b9","name":"admin","image":{"@type":"ImageObject","inLanguage":"es","@id":"https:\/\/volcanes.net\/#\/schema\/person\/image\/","url":"https:\/\/secure.gravatar.com\/avatar\/ca004e6cba8462b8cb7abc86e382930c?s=96&d=mm&r=g","contentUrl":"https:\/\/secure.gravatar.com\/avatar\/ca004e6cba8462b8cb7abc86e382930c?s=96&d=mm&r=g","caption":"admin"}}]}},"_links":{"self":[{"href":"https:\/\/volcanes.net\/index.php?rest_route=\/wp\/v2\/posts\/2201"}],"collection":[{"href":"https:\/\/volcanes.net\/index.php?rest_route=\/wp\/v2\/posts"}],"about":[{"href":"https:\/\/volcanes.net\/index.php?rest_route=\/wp\/v2\/types\/post"}],"author":[{"embeddable":true,"href":"https:\/\/volcanes.net\/index.php?rest_route=\/wp\/v2\/users\/1"}],"replies":[{"embeddable":true,"href":"https:\/\/volcanes.net\/index.php?rest_route=%2Fwp%2Fv2%2Fcomments&post=2201"}],"version-history":[{"count":1,"href":"https:\/\/volcanes.net\/index.php?rest_route=\/wp\/v2\/posts\/2201\/revisions"}],"predecessor-version":[{"id":2203,"href":"https:\/\/volcanes.net\/index.php?rest_route=\/wp\/v2\/posts\/2201\/revisions\/2203"}],"wp:featuredmedia":[{"embeddable":true,"href":"https:\/\/volcanes.net\/index.php?rest_route=\/wp\/v2\/media\/2202"}],"wp:attachment":[{"href":"https:\/\/volcanes.net\/index.php?rest_route=%2Fwp%2Fv2%2Fmedia&parent=2201"}],"wp:term":[{"taxonomy":"category","embeddable":true,"href":"https:\/\/volcanes.net\/index.php?rest_route=%2Fwp%2Fv2%2Fcategories&post=2201"},{"taxonomy":"post_tag","embeddable":true,"href":"https:\/\/volcanes.net\/index.php?rest_route=%2Fwp%2Fv2%2Ftags&post=2201"}],"curies":[{"name":"wp","href":"https:\/\/api.w.org\/{rel}","templated":true}]}}