{"id":2210,"date":"2018-08-24T02:34:55","date_gmt":"2018-08-24T02:34:55","guid":{"rendered":"http:\/\/volcanes.net\/?p=2210"},"modified":"2018-08-24T02:34:55","modified_gmt":"2018-08-24T02:34:55","slug":"alfredo-del-mazo-entrega-premio-estatal-de-la-juventud-2018-a-jovenes-que-aportan-al-desarrollo-del-edomex","status":"publish","type":"post","link":"https:\/\/volcanes.net\/?p=2210","title":{"rendered":"Alfredo Del Mazo entrega Premio Estatal de la Juventud 2018, a j\u00f3venes que aportan al desarrollo del #Edom\u00e9x"},"content":{"rendered":"<div style=\"margin-top: 0px; margin-bottom: 0px;\" class=\"sharethis-inline-share-buttons\" ><\/div><p>Texcoco, Estado de M\u00e9xico, 23 de agosto de 2018.<\/p>\n<p>Por realizar acciones a favor de su entorno social, educativo, ambiental y cultural, el Gobernador Alfredo Del Mazo Maza entreg\u00f3 el Premio Estatal de la Juventud 2018, a 23 mujeres y hombres destacados, a quienes les reiter\u00f3 su compromiso para continuar apoy\u00e1ndolos al ser ejemplo de superaci\u00f3n y orgullo del Estado de M\u00e9xico.<\/p>\n<p>\u201cEn los j\u00f3venes mexiquenses encontramos tenacidad, voluntad y un deseo de superaci\u00f3n ejemplar. En reconocimiento a su liderazgo, es un orgullo entregar el d\u00eda de hoy el Premio Estatal de la Juventud.<\/p>\n<p>\u201cEste galard\u00f3n, que adem\u00e1s entregamos en el marco del D\u00eda Internacional de la Juventud, es testimonio de la dedicaci\u00f3n, de su potencial\u201d, enfatiz\u00f3.<\/p>\n<p>En el Centro Cultural Mexiquense Bicentenario, en Texcoco, donde estuvo acompa\u00f1ado por M\u00e1ximo Quintana Haddad, Director General del Instituto Mexicano de la Juventud (Imjuve), Del Mazo Maza reiter\u00f3 el compromiso de su administraci\u00f3n de apoyar a los j\u00f3venes, para que tengan acceso a servicios de salud, oportunidades de estudio y de encontrar un empleo que les permita desarrollarse.<\/p>\n<p>\u201cEs momento de redoblar esfuerzos y asegurar a cada joven mexiquense el acceso a servicios de salud, a oportunidades educativas y a un trabajo que les permita su desarrollo y crecimiento.<\/p>\n<p>\u201cEs momento de creer en ustedes y como Gobierno del estado, creemos en la fuerza, en las ganas y el coraz\u00f3n de los j\u00f3venes mexiquenses\u201d, expres\u00f3.<\/p>\n<p>El mandatario mexiquense asegur\u00f3 que durante su gesti\u00f3n se ha dado un fuerte impulso a este sector, con la entrega de m\u00e1s de 16 mil 600 becas para estudiantes de educaci\u00f3n media superior y superior, incluyendo m\u00e1s de 2 mil 700 apoyos para j\u00f3venes que viajaron al extranjero a estudiar.<\/p>\n<p>Tambi\u00e9n se fortaleci\u00f3 el Sistema de Educaci\u00f3n Dual, que permite a los alumnos estudiar y trabajar al mismo tiempo, adem\u00e1s de que 12 mil j\u00f3venes reciben apoyo para transporte y 95 mil m\u00e1s cuentan con tarjetas de descuentos.<\/p>\n<p>Acompa\u00f1ado por el Rector de la Universidad Aut\u00f3noma del Estado de M\u00e9xico (UAEM), Alfredo Barrera Baca y por los Secretarios de Cultura y de Desarrollo Social, Marcela Gonz\u00e1lez Salas y Eric Sevilla Montes de Oca, respectivamente, el titular del Ejecutivo mexiquense consider\u00f3 que apoyar a los j\u00f3venes es una inversi\u00f3n que garantiza un mejor futuro para toda sociedad, pues sus acciones sirven como aportes para conseguir un porvenir m\u00e1s promisorio.<\/p>\n<p>\u201cLa juventud caracteriza su esp\u00edritu libre, su compromiso con ideales y sus causas sociales. Sus acciones cambian al mundo y contribuyen a la construcci\u00f3n de un mejor futuro\u201d, consider\u00f3.<\/p>\n<p>Asimismo, destac\u00f3 que actualmente se lleva a cabo el rescate de espacios p\u00fablicos en el territorio mexiquense, pues este tipo de lugares propician una mejor convivencia entre las familias, fomentan la pr\u00e1ctica de alg\u00fan deporte o actividad recreativa, lo que deriva en un sano desarrollo en la juventud del Estado de M\u00e9xico, donde casi la tercera parte de la poblaci\u00f3n est\u00e1 compuesta por este sector.<\/p>\n<p>Los ganadores del premio estatal de la juventud, que recibieron un diploma y un est\u00edmulo econ\u00f3mico, son: En Trayectoria acad\u00e9mica: Rita Guti\u00e9rrez D\u00edaz, Luis Rodolfo N\u00e1jera Ram\u00edrez, Juan Tafoya Vargas y Mayra Antonio Cruz.<\/p>\n<p>En Labor social: Giovanni Garc\u00eda Huerta y Carolina Santos Segundo; en la modalidad Labor ind\u00edgena: Jovany Cruz Antonio y Ang\u00e9lica Lujano Garc\u00eda.<\/p>\n<p>En Trayectoria art\u00edstica y cultural: \u00c1ngel Luna Guerrero, Alejandra Pott Gordillo y Leopoldo Garc\u00eda Olvera.<\/p>\n<p>En Innovaci\u00f3n tecnol\u00f3gica: Vivian Badillo Hern\u00e1ndez, Rodrigo Franco Benavides y Efra\u00edn Carre\u00f3n Ortiz.<\/p>\n<p>En Protecci\u00f3n al ambiente: \u00c9rika Monroy G\u00f3mez y Emmanuel Ram\u00edrez Mantilla.<\/p>\n<p>En J\u00f3venes del campo: Nadia Soto Mendoza, mientras que en la nueva categor\u00eda J\u00f3venes artesanos: Esmeralda Hern\u00e1ndez Mart\u00ednez, \u00c1ngeles G\u00f3mez N\u00fa\u00f1ez y Misael Alonso Campos.<\/p>\n<p>En Superaci\u00f3n de j\u00f3venes con discapacidad: Silvia Garc\u00eda Mart\u00ednez, Amayrani Ram\u00edrez Ruiz y Yolanda N\u00fa\u00f1ez Atlixque\u00f1o.<\/p>\n<p>En la convocatoria de este premio que se entrega anualmente, pueden participar j\u00f3venes de 12 a 29 a\u00f1os de edad, y en la edici\u00f3n 2018 se recibieron 323 candidaturas, las cuales fueron evaluadas por los expertos que integraron el jurado.<\/p>\n","protected":false},"excerpt":{"rendered":"<p>Texcoco, Estado de M\u00e9xico, 23 de agosto de 2018. Por realizar acciones a favor de<\/p>\n","protected":false},"author":1,"featured_media":2211,"comment_status":"open","ping_status":"open","sticky":false,"template":"","format":"standard","meta":{"footnotes":""},"categories":[3],"tags":[4],"class_list":["post-2210","post","type-post","status-publish","format-standard","has-post-thumbnail","hentry","category-estatales","tag-gobierno-del-estado-de-mexico"],"yoast_head":"<!-- This site is optimized with the Yoast SEO plugin v25.3 - https:\/\/yoast.com\/wordpress\/plugins\/seo\/ -->\n<title>Alfredo Del Mazo entrega Premio Estatal de la Juventud 2018, a j\u00f3venes que aportan al desarrollo del #Edom\u00e9x - Volcanes<\/title>\n<meta name=\"robots\" content=\"index, follow, max-snippet:-1, max-image-preview:large, max-video-preview:-1\" \/>\n<link rel=\"canonical\" href=\"https:\/\/volcanes.net\/?p=2210\" \/>\n<meta property=\"og:locale\" content=\"es_MX\" \/>\n<meta property=\"og:type\" content=\"article\" \/>\n<meta property=\"og:title\" content=\"Alfredo Del Mazo entrega Premio Estatal de la Juventud 2018, a j\u00f3venes que aportan al desarrollo del #Edom\u00e9x - Volcanes\" \/>\n<meta property=\"og:description\" content=\"Texcoco, Estado de M\u00e9xico, 23 de agosto de 2018. Por realizar acciones a favor de\" \/>\n<meta property=\"og:url\" content=\"https:\/\/volcanes.net\/?p=2210\" \/>\n<meta property=\"og:site_name\" content=\"Volcanes\" \/>\n<meta property=\"article:publisher\" content=\"https:\/\/www.facebook.com\/volcanes.net\/\" \/>\n<meta property=\"article:published_time\" content=\"2018-08-24T02:34:55+00:00\" \/>\n<meta property=\"og:image\" content=\"https:\/\/volcanes.net\/wp-content\/uploads\/2018\/08\/Alfredo-del-Mazo-Premio-Estatal-de-la-Juventud-6-680x524.jpeg\" \/>\n\t<meta property=\"og:image:width\" content=\"400\" \/>\n\t<meta property=\"og:image:height\" content=\"308\" \/>\n\t<meta property=\"og:image:type\" content=\"image\/jpeg\" \/>\n<meta name=\"author\" content=\"admin\" \/>\n<meta name=\"twitter:card\" content=\"summary_large_image\" \/>\n<meta name=\"twitter:label1\" content=\"Escrito por\" \/>\n\t<meta name=\"twitter:data1\" content=\"admin\" \/>\n\t<meta name=\"twitter:label2\" content=\"Tiempo de lectura\" \/>\n\t<meta name=\"twitter:data2\" content=\"4 minutos\" \/>\n<script type=\"application\/ld+json\" class=\"yoast-schema-graph\">{\"@context\":\"https:\/\/schema.org\",\"@graph\":[{\"@type\":\"Article\",\"@id\":\"https:\/\/volcanes.net\/?p=2210#article\",\"isPartOf\":{\"@id\":\"https:\/\/volcanes.net\/?p=2210\"},\"author\":{\"name\":\"admin\",\"@id\":\"https:\/\/volcanes.net\/#\/schema\/person\/4bf0f383940966a4abd53f5048c0e6b9\"},\"headline\":\"Alfredo Del Mazo entrega Premio Estatal de la Juventud 2018, a j\u00f3venes que aportan al desarrollo del #Edom\u00e9x\",\"datePublished\":\"2018-08-24T02:34:55+00:00\",\"mainEntityOfPage\":{\"@id\":\"https:\/\/volcanes.net\/?p=2210\"},\"wordCount\":744,\"commentCount\":0,\"publisher\":{\"@id\":\"https:\/\/volcanes.net\/#organization\"},\"image\":{\"@id\":\"https:\/\/volcanes.net\/?p=2210#primaryimage\"},\"thumbnailUrl\":\"https:\/\/volcanes.net\/wp-content\/uploads\/2018\/08\/Alfredo-del-Mazo-Premio-Estatal-de-la-Juventud-6-680x524.jpeg\",\"keywords\":[\"Gobierno del Estado de M\u00e9xico\"],\"articleSection\":[\"Estatales\"],\"inLanguage\":\"es\",\"potentialAction\":[{\"@type\":\"CommentAction\",\"name\":\"Comment\",\"target\":[\"https:\/\/volcanes.net\/?p=2210#respond\"]}]},{\"@type\":\"WebPage\",\"@id\":\"https:\/\/volcanes.net\/?p=2210\",\"url\":\"https:\/\/volcanes.net\/?p=2210\",\"name\":\"Alfredo Del Mazo entrega Premio Estatal de la Juventud 2018, a j\u00f3venes que aportan al desarrollo del #Edom\u00e9x - Volcanes\",\"isPartOf\":{\"@id\":\"https:\/\/volcanes.net\/#website\"},\"primaryImageOfPage\":{\"@id\":\"https:\/\/volcanes.net\/?p=2210#primaryimage\"},\"image\":{\"@id\":\"https:\/\/volcanes.net\/?p=2210#primaryimage\"},\"thumbnailUrl\":\"https:\/\/volcanes.net\/wp-content\/uploads\/2018\/08\/Alfredo-del-Mazo-Premio-Estatal-de-la-Juventud-6-680x524.jpeg\",\"datePublished\":\"2018-08-24T02:34:55+00:00\",\"breadcrumb\":{\"@id\":\"https:\/\/volcanes.net\/?p=2210#breadcrumb\"},\"inLanguage\":\"es\",\"potentialAction\":[{\"@type\":\"ReadAction\",\"target\":[\"https:\/\/volcanes.net\/?p=2210\"]}]},{\"@type\":\"ImageObject\",\"inLanguage\":\"es\",\"@id\":\"https:\/\/volcanes.net\/?p=2210#primaryimage\",\"url\":\"https:\/\/volcanes.net\/wp-content\/uploads\/2018\/08\/Alfredo-del-Mazo-Premio-Estatal-de-la-Juventud-6-680x524.jpeg\",\"contentUrl\":\"https:\/\/volcanes.net\/wp-content\/uploads\/2018\/08\/Alfredo-del-Mazo-Premio-Estatal-de-la-Juventud-6-680x524.jpeg\",\"width\":400,\"height\":308},{\"@type\":\"BreadcrumbList\",\"@id\":\"https:\/\/volcanes.net\/?p=2210#breadcrumb\",\"itemListElement\":[{\"@type\":\"ListItem\",\"position\":1,\"name\":\"Portada\",\"item\":\"https:\/\/volcanes.net\/\"},{\"@type\":\"ListItem\",\"position\":2,\"name\":\"Alfredo Del Mazo entrega Premio Estatal de la Juventud 2018, a j\u00f3venes que aportan al desarrollo del #Edom\u00e9x\"}]},{\"@type\":\"WebSite\",\"@id\":\"https:\/\/volcanes.net\/#website\",\"url\":\"https:\/\/volcanes.net\/\",\"name\":\"Volcanes.Net\",\"description\":\"Periodismo Profesional\",\"publisher\":{\"@id\":\"https:\/\/volcanes.net\/#organization\"},\"potentialAction\":[{\"@type\":\"SearchAction\",\"target\":{\"@type\":\"EntryPoint\",\"urlTemplate\":\"https:\/\/volcanes.net\/?s={search_term_string}\"},\"query-input\":{\"@type\":\"PropertyValueSpecification\",\"valueRequired\":true,\"valueName\":\"search_term_string\"}}],\"inLanguage\":\"es\"},{\"@type\":\"Organization\",\"@id\":\"https:\/\/volcanes.net\/#organization\",\"name\":\"Grupo Volcanes\",\"url\":\"https:\/\/volcanes.net\/\",\"logo\":{\"@type\":\"ImageObject\",\"inLanguage\":\"es\",\"@id\":\"https:\/\/volcanes.net\/#\/schema\/logo\/image\/\",\"url\":\"http:\/\/volcanes.net\/wp-content\/uploads\/2017\/12\/Avatar2.jpg\",\"contentUrl\":\"http:\/\/volcanes.net\/wp-content\/uploads\/2017\/12\/Avatar2.jpg\",\"width\":378,\"height\":378,\"caption\":\"Grupo Volcanes\"},\"image\":{\"@id\":\"https:\/\/volcanes.net\/#\/schema\/logo\/image\/\"},\"sameAs\":[\"https:\/\/www.facebook.com\/volcanes.net\/\"]},{\"@type\":\"Person\",\"@id\":\"https:\/\/volcanes.net\/#\/schema\/person\/4bf0f383940966a4abd53f5048c0e6b9\",\"name\":\"admin\",\"image\":{\"@type\":\"ImageObject\",\"inLanguage\":\"es\",\"@id\":\"https:\/\/volcanes.net\/#\/schema\/person\/image\/\",\"url\":\"https:\/\/secure.gravatar.com\/avatar\/ca004e6cba8462b8cb7abc86e382930c?s=96&d=mm&r=g\",\"contentUrl\":\"https:\/\/secure.gravatar.com\/avatar\/ca004e6cba8462b8cb7abc86e382930c?s=96&d=mm&r=g\",\"caption\":\"admin\"}}]}<\/script>\n<!-- \/ Yoast SEO plugin. -->","yoast_head_json":{"title":"Alfredo Del Mazo entrega Premio Estatal de la Juventud 2018, a j\u00f3venes que aportan al desarrollo del #Edom\u00e9x - Volcanes","robots":{"index":"index","follow":"follow","max-snippet":"max-snippet:-1","max-image-preview":"max-image-preview:large","max-video-preview":"max-video-preview:-1"},"canonical":"https:\/\/volcanes.net\/?p=2210","og_locale":"es_MX","og_type":"article","og_title":"Alfredo Del Mazo entrega Premio Estatal de la Juventud 2018, a j\u00f3venes que aportan al desarrollo del #Edom\u00e9x - Volcanes","og_description":"Texcoco, Estado de M\u00e9xico, 23 de agosto de 2018. Por realizar acciones a favor de","og_url":"https:\/\/volcanes.net\/?p=2210","og_site_name":"Volcanes","article_publisher":"https:\/\/www.facebook.com\/volcanes.net\/","article_published_time":"2018-08-24T02:34:55+00:00","og_image":[{"width":400,"height":308,"url":"https:\/\/volcanes.net\/wp-content\/uploads\/2018\/08\/Alfredo-del-Mazo-Premio-Estatal-de-la-Juventud-6-680x524.jpeg","type":"image\/jpeg"}],"author":"admin","twitter_card":"summary_large_image","twitter_misc":{"Escrito por":"admin","Tiempo de lectura":"4 minutos"},"schema":{"@context":"https:\/\/schema.org","@graph":[{"@type":"Article","@id":"https:\/\/volcanes.net\/?p=2210#article","isPartOf":{"@id":"https:\/\/volcanes.net\/?p=2210"},"author":{"name":"admin","@id":"https:\/\/volcanes.net\/#\/schema\/person\/4bf0f383940966a4abd53f5048c0e6b9"},"headline":"Alfredo Del Mazo entrega Premio Estatal de la Juventud 2018, a j\u00f3venes que aportan al desarrollo del #Edom\u00e9x","datePublished":"2018-08-24T02:34:55+00:00","mainEntityOfPage":{"@id":"https:\/\/volcanes.net\/?p=2210"},"wordCount":744,"commentCount":0,"publisher":{"@id":"https:\/\/volcanes.net\/#organization"},"image":{"@id":"https:\/\/volcanes.net\/?p=2210#primaryimage"},"thumbnailUrl":"https:\/\/volcanes.net\/wp-content\/uploads\/2018\/08\/Alfredo-del-Mazo-Premio-Estatal-de-la-Juventud-6-680x524.jpeg","keywords":["Gobierno del Estado de M\u00e9xico"],"articleSection":["Estatales"],"inLanguage":"es","potentialAction":[{"@type":"CommentAction","name":"Comment","target":["https:\/\/volcanes.net\/?p=2210#respond"]}]},{"@type":"WebPage","@id":"https:\/\/volcanes.net\/?p=2210","url":"https:\/\/volcanes.net\/?p=2210","name":"Alfredo Del Mazo entrega Premio Estatal de la Juventud 2018, a j\u00f3venes que aportan al desarrollo del #Edom\u00e9x - Volcanes","isPartOf":{"@id":"https:\/\/volcanes.net\/#website"},"primaryImageOfPage":{"@id":"https:\/\/volcanes.net\/?p=2210#primaryimage"},"image":{"@id":"https:\/\/volcanes.net\/?p=2210#primaryimage"},"thumbnailUrl":"https:\/\/volcanes.net\/wp-content\/uploads\/2018\/08\/Alfredo-del-Mazo-Premio-Estatal-de-la-Juventud-6-680x524.jpeg","datePublished":"2018-08-24T02:34:55+00:00","breadcrumb":{"@id":"https:\/\/volcanes.net\/?p=2210#breadcrumb"},"inLanguage":"es","potentialAction":[{"@type":"ReadAction","target":["https:\/\/volcanes.net\/?p=2210"]}]},{"@type":"ImageObject","inLanguage":"es","@id":"https:\/\/volcanes.net\/?p=2210#primaryimage","url":"https:\/\/volcanes.net\/wp-content\/uploads\/2018\/08\/Alfredo-del-Mazo-Premio-Estatal-de-la-Juventud-6-680x524.jpeg","contentUrl":"https:\/\/volcanes.net\/wp-content\/uploads\/2018\/08\/Alfredo-del-Mazo-Premio-Estatal-de-la-Juventud-6-680x524.jpeg","width":400,"height":308},{"@type":"BreadcrumbList","@id":"https:\/\/volcanes.net\/?p=2210#breadcrumb","itemListElement":[{"@type":"ListItem","position":1,"name":"Portada","item":"https:\/\/volcanes.net\/"},{"@type":"ListItem","position":2,"name":"Alfredo Del Mazo entrega Premio Estatal de la Juventud 2018, a j\u00f3venes que aportan al desarrollo del #Edom\u00e9x"}]},{"@type":"WebSite","@id":"https:\/\/volcanes.net\/#website","url":"https:\/\/volcanes.net\/","name":"Volcanes.Net","description":"Periodismo Profesional","publisher":{"@id":"https:\/\/volcanes.net\/#organization"},"potentialAction":[{"@type":"SearchAction","target":{"@type":"EntryPoint","urlTemplate":"https:\/\/volcanes.net\/?s={search_term_string}"},"query-input":{"@type":"PropertyValueSpecification","valueRequired":true,"valueName":"search_term_string"}}],"inLanguage":"es"},{"@type":"Organization","@id":"https:\/\/volcanes.net\/#organization","name":"Grupo Volcanes","url":"https:\/\/volcanes.net\/","logo":{"@type":"ImageObject","inLanguage":"es","@id":"https:\/\/volcanes.net\/#\/schema\/logo\/image\/","url":"http:\/\/volcanes.net\/wp-content\/uploads\/2017\/12\/Avatar2.jpg","contentUrl":"http:\/\/volcanes.net\/wp-content\/uploads\/2017\/12\/Avatar2.jpg","width":378,"height":378,"caption":"Grupo Volcanes"},"image":{"@id":"https:\/\/volcanes.net\/#\/schema\/logo\/image\/"},"sameAs":["https:\/\/www.facebook.com\/volcanes.net\/"]},{"@type":"Person","@id":"https:\/\/volcanes.net\/#\/schema\/person\/4bf0f383940966a4abd53f5048c0e6b9","name":"admin","image":{"@type":"ImageObject","inLanguage":"es","@id":"https:\/\/volcanes.net\/#\/schema\/person\/image\/","url":"https:\/\/secure.gravatar.com\/avatar\/ca004e6cba8462b8cb7abc86e382930c?s=96&d=mm&r=g","contentUrl":"https:\/\/secure.gravatar.com\/avatar\/ca004e6cba8462b8cb7abc86e382930c?s=96&d=mm&r=g","caption":"admin"}}]}},"_links":{"self":[{"href":"https:\/\/volcanes.net\/index.php?rest_route=\/wp\/v2\/posts\/2210"}],"collection":[{"href":"https:\/\/volcanes.net\/index.php?rest_route=\/wp\/v2\/posts"}],"about":[{"href":"https:\/\/volcanes.net\/index.php?rest_route=\/wp\/v2\/types\/post"}],"author":[{"embeddable":true,"href":"https:\/\/volcanes.net\/index.php?rest_route=\/wp\/v2\/users\/1"}],"replies":[{"embeddable":true,"href":"https:\/\/volcanes.net\/index.php?rest_route=%2Fwp%2Fv2%2Fcomments&post=2210"}],"version-history":[{"count":1,"href":"https:\/\/volcanes.net\/index.php?rest_route=\/wp\/v2\/posts\/2210\/revisions"}],"predecessor-version":[{"id":2212,"href":"https:\/\/volcanes.net\/index.php?rest_route=\/wp\/v2\/posts\/2210\/revisions\/2212"}],"wp:featuredmedia":[{"embeddable":true,"href":"https:\/\/volcanes.net\/index.php?rest_route=\/wp\/v2\/media\/2211"}],"wp:attachment":[{"href":"https:\/\/volcanes.net\/index.php?rest_route=%2Fwp%2Fv2%2Fmedia&parent=2210"}],"wp:term":[{"taxonomy":"category","embeddable":true,"href":"https:\/\/volcanes.net\/index.php?rest_route=%2Fwp%2Fv2%2Fcategories&post=2210"},{"taxonomy":"post_tag","embeddable":true,"href":"https:\/\/volcanes.net\/index.php?rest_route=%2Fwp%2Fv2%2Ftags&post=2210"}],"curies":[{"name":"wp","href":"https:\/\/api.w.org\/{rel}","templated":true}]}}