{"id":2220,"date":"2018-08-24T02:42:32","date_gmt":"2018-08-24T02:42:32","guid":{"rendered":"http:\/\/volcanes.net\/?p=2220"},"modified":"2018-08-24T02:42:32","modified_gmt":"2018-08-24T02:42:32","slug":"amapola-seguridad-y-austeridad-en-agenda-de-morena-en-senado-monreal","status":"publish","type":"post","link":"https:\/\/volcanes.net\/?p=2220","title":{"rendered":"Amapola, seguridad y austeridad en agenda de Morena en Senado Monreal"},"content":{"rendered":"<div style=\"margin-top: 0px; margin-bottom: 0px;\" class=\"sharethis-inline-share-buttons\" ><\/div><p>La bancada de Morena en el Senado incluir\u00e1 en su agenda legislativa\u00a0para el primer periodo de sesiones\u00a0revisar\u00a0los temas de la despenalizaci\u00f3n de la amapola, la creaci\u00f3n de la Secretar\u00eda de Seguridad P\u00fablica y reformas en materia de austeridad, adelant\u00f3 Ricardo Monreal.<\/p>\n<p>En entrevista en la vieja casona de Xicot\u00e9ncatl, en el marco del seminario al que asisten los senadores electos por esa fuerza pol\u00edtica,\u00a0reiter\u00f3\u00a0que\u00a0los t\u00f3picos\u00a0de la amapola y de la marihuana con fines recreativos se van a analizar.<\/p>\n<p>\u201cEs un tema que hoy los senadores de todos los estados me pidieron incluirlo en la agenda. Es un tema que vamos a discutir en el pr\u00f3ximo periodo de sesiones\u201d, subray\u00f3 el legislador electo.<\/p>\n<p>Indic\u00f3 que hay buen \u00e1nimo para iniciar el periodo de sesiones este 1 de septiembre con una agenda cargada que incluye adem\u00e1s la Fiscal\u00eda General de la Rep\u00fablica, eliminaci\u00f3n de privilegios y disminuci\u00f3n de salarios para funcionarios para que nadie gane m\u00e1s que el Presidente de la Rep\u00fablica.<\/p>\n<p>Tambi\u00e9n \u201cla derogaci\u00f3n o modificaci\u00f3n de la reforma educativa\u201d, eliminaci\u00f3n de fueros, revocaci\u00f3n de mandato \u201cy la reinstalaci\u00f3n de la Secretar\u00eda de Seguridad P\u00fablica en la Administraci\u00f3n P\u00fablica Federal\u201d, agreg\u00f3 Monreal \u00c1vila,\u00a0quien ser\u00e1 el coordinador parlamentario de Morena en el Senado.<\/p>\n<p>De igual forma dio a conocer que se est\u00e1 revisando el tema del Centro de Investigaci\u00f3n y Seguridad Nacional (Cisen) dependiente de Gobernaci\u00f3n, y la Unidad de Inteligencia Financiera que pertenece a la Secretar\u00eda de Hacienda, as\u00ed como otros organismos de inteligencia, para que formen parte de la Secretar\u00eda de Seguridad P\u00fablica.<\/p>\n<p>Recalc\u00f3 que a partir del 1 de septiembre en el Senado de la Rep\u00fablica habr\u00e1 una disminuci\u00f3n de los salarios de sus funcionarios, eliminaci\u00f3n de seguros de gastos m\u00e9dicos mayores, suprimir\u00e1n el apoyo de veh\u00edculos para los mismos y por ende los vales de gasolina.<\/p>\n<p>Inform\u00f3 que como parte de este plan de austeridad rematar\u00e1n entre los trabajadores aproximadamente 100 veh\u00edculos que tiene\u00a0esta instancia legislativa\u00a0y con ello se eliminar\u00e1 el tema de su mantenimiento y gasto en combustible.<\/p>\n","protected":false},"excerpt":{"rendered":"<p>La bancada de Morena en el Senado incluir\u00e1 en su agenda legislativa\u00a0para el primer periodo<\/p>\n","protected":false},"author":1,"featured_media":2214,"comment_status":"open","ping_status":"open","sticky":false,"template":"","format":"standard","meta":{"footnotes":""},"categories":[1],"tags":[72],"class_list":["post-2220","post","type-post","status-publish","format-standard","has-post-thumbnail","hentry","category-municipales","tag-senado-de-la-republica"],"yoast_head":"<!-- This site is optimized with the Yoast SEO plugin v25.3 - https:\/\/yoast.com\/wordpress\/plugins\/seo\/ -->\n<title>Amapola, seguridad y austeridad en agenda de Morena en Senado Monreal - Volcanes<\/title>\n<meta name=\"robots\" content=\"index, follow, max-snippet:-1, max-image-preview:large, max-video-preview:-1\" \/>\n<link rel=\"canonical\" href=\"https:\/\/volcanes.net\/?p=2220\" \/>\n<meta property=\"og:locale\" content=\"es_MX\" \/>\n<meta property=\"og:type\" content=\"article\" \/>\n<meta property=\"og:title\" content=\"Amapola, seguridad y austeridad en agenda de Morena en Senado Monreal - Volcanes\" \/>\n<meta property=\"og:description\" content=\"La bancada de Morena en el Senado incluir\u00e1 en su agenda legislativa\u00a0para el primer periodo\" \/>\n<meta property=\"og:url\" content=\"https:\/\/volcanes.net\/?p=2220\" \/>\n<meta property=\"og:site_name\" content=\"Volcanes\" \/>\n<meta property=\"article:publisher\" content=\"https:\/\/www.facebook.com\/volcanes.net\/\" \/>\n<meta property=\"article:published_time\" content=\"2018-08-24T02:42:32+00:00\" \/>\n<meta property=\"og:image\" content=\"https:\/\/volcanes.net\/wp-content\/uploads\/2018\/08\/monreal1.jpg\" \/>\n\t<meta property=\"og:image:width\" content=\"400\" \/>\n\t<meta property=\"og:image:height\" content=\"200\" \/>\n\t<meta property=\"og:image:type\" content=\"image\/jpeg\" \/>\n<meta name=\"author\" content=\"admin\" \/>\n<meta name=\"twitter:card\" content=\"summary_large_image\" \/>\n<meta name=\"twitter:label1\" content=\"Escrito por\" \/>\n\t<meta name=\"twitter:data1\" content=\"admin\" \/>\n\t<meta name=\"twitter:label2\" content=\"Tiempo de lectura\" \/>\n\t<meta name=\"twitter:data2\" content=\"2 minutos\" \/>\n<script type=\"application\/ld+json\" class=\"yoast-schema-graph\">{\"@context\":\"https:\/\/schema.org\",\"@graph\":[{\"@type\":\"Article\",\"@id\":\"https:\/\/volcanes.net\/?p=2220#article\",\"isPartOf\":{\"@id\":\"https:\/\/volcanes.net\/?p=2220\"},\"author\":{\"name\":\"admin\",\"@id\":\"https:\/\/volcanes.net\/#\/schema\/person\/4bf0f383940966a4abd53f5048c0e6b9\"},\"headline\":\"Amapola, seguridad y austeridad en agenda de Morena en Senado Monreal\",\"datePublished\":\"2018-08-24T02:42:32+00:00\",\"mainEntityOfPage\":{\"@id\":\"https:\/\/volcanes.net\/?p=2220\"},\"wordCount\":387,\"commentCount\":0,\"publisher\":{\"@id\":\"https:\/\/volcanes.net\/#organization\"},\"image\":{\"@id\":\"https:\/\/volcanes.net\/?p=2220#primaryimage\"},\"thumbnailUrl\":\"https:\/\/volcanes.net\/wp-content\/uploads\/2018\/08\/monreal1.jpg\",\"keywords\":[\"Senado de la Rep\u00fablica\"],\"articleSection\":[\"Municipales\"],\"inLanguage\":\"es\",\"potentialAction\":[{\"@type\":\"CommentAction\",\"name\":\"Comment\",\"target\":[\"https:\/\/volcanes.net\/?p=2220#respond\"]}]},{\"@type\":\"WebPage\",\"@id\":\"https:\/\/volcanes.net\/?p=2220\",\"url\":\"https:\/\/volcanes.net\/?p=2220\",\"name\":\"Amapola, seguridad y austeridad en agenda de Morena en Senado Monreal - Volcanes\",\"isPartOf\":{\"@id\":\"https:\/\/volcanes.net\/#website\"},\"primaryImageOfPage\":{\"@id\":\"https:\/\/volcanes.net\/?p=2220#primaryimage\"},\"image\":{\"@id\":\"https:\/\/volcanes.net\/?p=2220#primaryimage\"},\"thumbnailUrl\":\"https:\/\/volcanes.net\/wp-content\/uploads\/2018\/08\/monreal1.jpg\",\"datePublished\":\"2018-08-24T02:42:32+00:00\",\"breadcrumb\":{\"@id\":\"https:\/\/volcanes.net\/?p=2220#breadcrumb\"},\"inLanguage\":\"es\",\"potentialAction\":[{\"@type\":\"ReadAction\",\"target\":[\"https:\/\/volcanes.net\/?p=2220\"]}]},{\"@type\":\"ImageObject\",\"inLanguage\":\"es\",\"@id\":\"https:\/\/volcanes.net\/?p=2220#primaryimage\",\"url\":\"https:\/\/volcanes.net\/wp-content\/uploads\/2018\/08\/monreal1.jpg\",\"contentUrl\":\"https:\/\/volcanes.net\/wp-content\/uploads\/2018\/08\/monreal1.jpg\",\"width\":400,\"height\":200},{\"@type\":\"BreadcrumbList\",\"@id\":\"https:\/\/volcanes.net\/?p=2220#breadcrumb\",\"itemListElement\":[{\"@type\":\"ListItem\",\"position\":1,\"name\":\"Portada\",\"item\":\"https:\/\/volcanes.net\/\"},{\"@type\":\"ListItem\",\"position\":2,\"name\":\"Amapola, seguridad y austeridad en agenda de Morena en Senado Monreal\"}]},{\"@type\":\"WebSite\",\"@id\":\"https:\/\/volcanes.net\/#website\",\"url\":\"https:\/\/volcanes.net\/\",\"name\":\"Volcanes.Net\",\"description\":\"Periodismo Profesional\",\"publisher\":{\"@id\":\"https:\/\/volcanes.net\/#organization\"},\"potentialAction\":[{\"@type\":\"SearchAction\",\"target\":{\"@type\":\"EntryPoint\",\"urlTemplate\":\"https:\/\/volcanes.net\/?s={search_term_string}\"},\"query-input\":{\"@type\":\"PropertyValueSpecification\",\"valueRequired\":true,\"valueName\":\"search_term_string\"}}],\"inLanguage\":\"es\"},{\"@type\":\"Organization\",\"@id\":\"https:\/\/volcanes.net\/#organization\",\"name\":\"Grupo Volcanes\",\"url\":\"https:\/\/volcanes.net\/\",\"logo\":{\"@type\":\"ImageObject\",\"inLanguage\":\"es\",\"@id\":\"https:\/\/volcanes.net\/#\/schema\/logo\/image\/\",\"url\":\"http:\/\/volcanes.net\/wp-content\/uploads\/2017\/12\/Avatar2.jpg\",\"contentUrl\":\"http:\/\/volcanes.net\/wp-content\/uploads\/2017\/12\/Avatar2.jpg\",\"width\":378,\"height\":378,\"caption\":\"Grupo Volcanes\"},\"image\":{\"@id\":\"https:\/\/volcanes.net\/#\/schema\/logo\/image\/\"},\"sameAs\":[\"https:\/\/www.facebook.com\/volcanes.net\/\"]},{\"@type\":\"Person\",\"@id\":\"https:\/\/volcanes.net\/#\/schema\/person\/4bf0f383940966a4abd53f5048c0e6b9\",\"name\":\"admin\",\"image\":{\"@type\":\"ImageObject\",\"inLanguage\":\"es\",\"@id\":\"https:\/\/volcanes.net\/#\/schema\/person\/image\/\",\"url\":\"https:\/\/secure.gravatar.com\/avatar\/ca004e6cba8462b8cb7abc86e382930c?s=96&d=mm&r=g\",\"contentUrl\":\"https:\/\/secure.gravatar.com\/avatar\/ca004e6cba8462b8cb7abc86e382930c?s=96&d=mm&r=g\",\"caption\":\"admin\"}}]}<\/script>\n<!-- \/ Yoast SEO plugin. -->","yoast_head_json":{"title":"Amapola, seguridad y austeridad en agenda de Morena en Senado Monreal - Volcanes","robots":{"index":"index","follow":"follow","max-snippet":"max-snippet:-1","max-image-preview":"max-image-preview:large","max-video-preview":"max-video-preview:-1"},"canonical":"https:\/\/volcanes.net\/?p=2220","og_locale":"es_MX","og_type":"article","og_title":"Amapola, seguridad y austeridad en agenda de Morena en Senado Monreal - Volcanes","og_description":"La bancada de Morena en el Senado incluir\u00e1 en su agenda legislativa\u00a0para el primer periodo","og_url":"https:\/\/volcanes.net\/?p=2220","og_site_name":"Volcanes","article_publisher":"https:\/\/www.facebook.com\/volcanes.net\/","article_published_time":"2018-08-24T02:42:32+00:00","og_image":[{"width":400,"height":200,"url":"https:\/\/volcanes.net\/wp-content\/uploads\/2018\/08\/monreal1.jpg","type":"image\/jpeg"}],"author":"admin","twitter_card":"summary_large_image","twitter_misc":{"Escrito por":"admin","Tiempo de lectura":"2 minutos"},"schema":{"@context":"https:\/\/schema.org","@graph":[{"@type":"Article","@id":"https:\/\/volcanes.net\/?p=2220#article","isPartOf":{"@id":"https:\/\/volcanes.net\/?p=2220"},"author":{"name":"admin","@id":"https:\/\/volcanes.net\/#\/schema\/person\/4bf0f383940966a4abd53f5048c0e6b9"},"headline":"Amapola, seguridad y austeridad en agenda de Morena en Senado Monreal","datePublished":"2018-08-24T02:42:32+00:00","mainEntityOfPage":{"@id":"https:\/\/volcanes.net\/?p=2220"},"wordCount":387,"commentCount":0,"publisher":{"@id":"https:\/\/volcanes.net\/#organization"},"image":{"@id":"https:\/\/volcanes.net\/?p=2220#primaryimage"},"thumbnailUrl":"https:\/\/volcanes.net\/wp-content\/uploads\/2018\/08\/monreal1.jpg","keywords":["Senado de la Rep\u00fablica"],"articleSection":["Municipales"],"inLanguage":"es","potentialAction":[{"@type":"CommentAction","name":"Comment","target":["https:\/\/volcanes.net\/?p=2220#respond"]}]},{"@type":"WebPage","@id":"https:\/\/volcanes.net\/?p=2220","url":"https:\/\/volcanes.net\/?p=2220","name":"Amapola, seguridad y austeridad en agenda de Morena en Senado Monreal - Volcanes","isPartOf":{"@id":"https:\/\/volcanes.net\/#website"},"primaryImageOfPage":{"@id":"https:\/\/volcanes.net\/?p=2220#primaryimage"},"image":{"@id":"https:\/\/volcanes.net\/?p=2220#primaryimage"},"thumbnailUrl":"https:\/\/volcanes.net\/wp-content\/uploads\/2018\/08\/monreal1.jpg","datePublished":"2018-08-24T02:42:32+00:00","breadcrumb":{"@id":"https:\/\/volcanes.net\/?p=2220#breadcrumb"},"inLanguage":"es","potentialAction":[{"@type":"ReadAction","target":["https:\/\/volcanes.net\/?p=2220"]}]},{"@type":"ImageObject","inLanguage":"es","@id":"https:\/\/volcanes.net\/?p=2220#primaryimage","url":"https:\/\/volcanes.net\/wp-content\/uploads\/2018\/08\/monreal1.jpg","contentUrl":"https:\/\/volcanes.net\/wp-content\/uploads\/2018\/08\/monreal1.jpg","width":400,"height":200},{"@type":"BreadcrumbList","@id":"https:\/\/volcanes.net\/?p=2220#breadcrumb","itemListElement":[{"@type":"ListItem","position":1,"name":"Portada","item":"https:\/\/volcanes.net\/"},{"@type":"ListItem","position":2,"name":"Amapola, seguridad y austeridad en agenda de Morena en Senado Monreal"}]},{"@type":"WebSite","@id":"https:\/\/volcanes.net\/#website","url":"https:\/\/volcanes.net\/","name":"Volcanes.Net","description":"Periodismo Profesional","publisher":{"@id":"https:\/\/volcanes.net\/#organization"},"potentialAction":[{"@type":"SearchAction","target":{"@type":"EntryPoint","urlTemplate":"https:\/\/volcanes.net\/?s={search_term_string}"},"query-input":{"@type":"PropertyValueSpecification","valueRequired":true,"valueName":"search_term_string"}}],"inLanguage":"es"},{"@type":"Organization","@id":"https:\/\/volcanes.net\/#organization","name":"Grupo Volcanes","url":"https:\/\/volcanes.net\/","logo":{"@type":"ImageObject","inLanguage":"es","@id":"https:\/\/volcanes.net\/#\/schema\/logo\/image\/","url":"http:\/\/volcanes.net\/wp-content\/uploads\/2017\/12\/Avatar2.jpg","contentUrl":"http:\/\/volcanes.net\/wp-content\/uploads\/2017\/12\/Avatar2.jpg","width":378,"height":378,"caption":"Grupo Volcanes"},"image":{"@id":"https:\/\/volcanes.net\/#\/schema\/logo\/image\/"},"sameAs":["https:\/\/www.facebook.com\/volcanes.net\/"]},{"@type":"Person","@id":"https:\/\/volcanes.net\/#\/schema\/person\/4bf0f383940966a4abd53f5048c0e6b9","name":"admin","image":{"@type":"ImageObject","inLanguage":"es","@id":"https:\/\/volcanes.net\/#\/schema\/person\/image\/","url":"https:\/\/secure.gravatar.com\/avatar\/ca004e6cba8462b8cb7abc86e382930c?s=96&d=mm&r=g","contentUrl":"https:\/\/secure.gravatar.com\/avatar\/ca004e6cba8462b8cb7abc86e382930c?s=96&d=mm&r=g","caption":"admin"}}]}},"_links":{"self":[{"href":"https:\/\/volcanes.net\/index.php?rest_route=\/wp\/v2\/posts\/2220"}],"collection":[{"href":"https:\/\/volcanes.net\/index.php?rest_route=\/wp\/v2\/posts"}],"about":[{"href":"https:\/\/volcanes.net\/index.php?rest_route=\/wp\/v2\/types\/post"}],"author":[{"embeddable":true,"href":"https:\/\/volcanes.net\/index.php?rest_route=\/wp\/v2\/users\/1"}],"replies":[{"embeddable":true,"href":"https:\/\/volcanes.net\/index.php?rest_route=%2Fwp%2Fv2%2Fcomments&post=2220"}],"version-history":[{"count":1,"href":"https:\/\/volcanes.net\/index.php?rest_route=\/wp\/v2\/posts\/2220\/revisions"}],"predecessor-version":[{"id":2221,"href":"https:\/\/volcanes.net\/index.php?rest_route=\/wp\/v2\/posts\/2220\/revisions\/2221"}],"wp:featuredmedia":[{"embeddable":true,"href":"https:\/\/volcanes.net\/index.php?rest_route=\/wp\/v2\/media\/2214"}],"wp:attachment":[{"href":"https:\/\/volcanes.net\/index.php?rest_route=%2Fwp%2Fv2%2Fmedia&parent=2220"}],"wp:term":[{"taxonomy":"category","embeddable":true,"href":"https:\/\/volcanes.net\/index.php?rest_route=%2Fwp%2Fv2%2Fcategories&post=2220"},{"taxonomy":"post_tag","embeddable":true,"href":"https:\/\/volcanes.net\/index.php?rest_route=%2Fwp%2Fv2%2Ftags&post=2220"}],"curies":[{"name":"wp","href":"https:\/\/api.w.org\/{rel}","templated":true}]}}