{"id":2222,"date":"2018-08-24T02:43:58","date_gmt":"2018-08-24T02:43:58","guid":{"rendered":"http:\/\/volcanes.net\/?p=2222"},"modified":"2018-08-24T02:43:58","modified_gmt":"2018-08-24T02:43:58","slug":"tribunal-confirma-multa-al-pri-por-calumnias-a-candidata-al-senado","status":"publish","type":"post","link":"https:\/\/volcanes.net\/?p=2222","title":{"rendered":"Tribunal confirma multa al PRI por calumnias a candidata al Senado"},"content":{"rendered":"<div style=\"margin-top: 0px; margin-bottom: 0px;\" class=\"sharethis-inline-share-buttons\" ><\/div><p>El Tribunal Electoral del Poder Judicial de la Federaci\u00f3n (TEPJF) confirm\u00f3 que el PRI deber\u00e1 pagar una multa de 443 mil 300 pesos por calumnias a\u00a0Nestora Salgado, entonces candidata al Senado por la coalici\u00f3n Juntos Haremos Historia.<\/p>\n<p>Por unanimidad y sin discusi\u00f3n, los magistrados de la Sala Superior determinaron que el PRI deber\u00e1 pagar la multa luego de que en spots se\u00f1al\u00f3 a la aspirante como secuestradora, y\u00a0\u201cse hicieron imputaciones directas\u201d que \u201cimplican negligencia inexcusable\u201d.<\/p>\n<p>Asimismo hubo \u201creal malicia\u201d, por lo que fue correcta la calificaci\u00f3n de la conducta en que incurri\u00f3 el PRI con la difusi\u00f3n de los spots denominados \u201cDelincuente\u201d, en sus dos versiones.<\/p>\n<p>El 12 y el 27 de julio pasado, la Sala Regional Especializada analiz\u00f3 los asuntos SRE-PSC-215\/2018 y SRE-PSC-235\/2018, respectivamente, presentados por Morena y por Nestora Salgado Garc\u00eda.<\/p>\n<p>Al respecto, resolvi\u00f3 que en ambos casos el PRI hizo un uso indebido de la pauta, por lo que determin\u00f3 sancionarlo y sobresey\u00f3 la responsabilidad de Jos\u00e9 Antonio Meade, al argumentar que como candidato no es responsable de pautar spots o promocionales en los tiempos de radio y de televisi\u00f3n.<\/p>\n<p>Dichas sentencias fueron recurridas por el tricolor ante la Sala Superior con dos recursos de revisi\u00f3n del procedimiento especial sancionador presentados el 16 de julio y el 2 de agosto.<\/p>\n<p>En otro asunto, la Sala Superior orden\u00f3 a Margarita Zavala, excandidata independiente a la Presidencia de la Rep\u00fablica, informar al INE los nombres y cantidades de quienes hicieron aportaciones privadas en los llamados \u201cconversatorios\u201d, con el prop\u00f3sito de obtener financiamiento privado.<\/p>\n<p>Por unanimidad y sin discusi\u00f3n, los magistrados confirmaron la resoluci\u00f3n INE\/CG436\/2018, al considerar que el listado de aportantes \u201cno puede tener la clasificaci\u00f3n de reservado o confidencial\u201d.<\/p>\n<p>Asimismo, se\u00f1alaron, la determinaci\u00f3n del Consejo General del INE \u201cno la coloc\u00f3 en situaci\u00f3n de desventaja\u201d frente al resto de los contendientes por la Presidencia de la Rep\u00fablica.<\/p>\n<p>El 4 de mayo pasado, el Consejo General del INE aval\u00f3 que los candidatos independientes recabaran fondos privados en cenas, conversatorios o eventos diversos para conseguir autofinanciamiento, siempre y cuando reportaran dichos ingresos al \u00f3rgano electoral y se identificara perfectamente al aportante.<\/p>\n<p>En el acuerdo aprobado tambi\u00e9n se establece que cuando las aportaciones fueran superiores a los siete mil pesos, deber\u00edan hacerse mediante cheque o transferencia electr\u00f3nica. Si son inferiores, habr\u00edan de acompa\u00f1arse de una copia simple de la credencial de elector del contribuyente.<\/p>\n","protected":false},"excerpt":{"rendered":"<p>El Tribunal Electoral del Poder Judicial de la Federaci\u00f3n (TEPJF) confirm\u00f3 que el PRI deber\u00e1<\/p>\n","protected":false},"author":1,"featured_media":2213,"comment_status":"open","ping_status":"open","sticky":false,"template":"","format":"standard","meta":{"footnotes":""},"categories":[1],"tags":[72],"class_list":["post-2222","post","type-post","status-publish","format-standard","has-post-thumbnail","hentry","category-municipales","tag-senado-de-la-republica"],"yoast_head":"<!-- This site is optimized with the Yoast SEO plugin v25.3 - https:\/\/yoast.com\/wordpress\/plugins\/seo\/ -->\n<title>Tribunal confirma multa al PRI por calumnias a candidata al Senado - Volcanes<\/title>\n<meta name=\"robots\" content=\"index, follow, max-snippet:-1, max-image-preview:large, max-video-preview:-1\" \/>\n<link rel=\"canonical\" href=\"https:\/\/volcanes.net\/?p=2222\" \/>\n<meta property=\"og:locale\" content=\"es_MX\" \/>\n<meta property=\"og:type\" content=\"article\" \/>\n<meta property=\"og:title\" content=\"Tribunal confirma multa al PRI por calumnias a candidata al Senado - Volcanes\" \/>\n<meta property=\"og:description\" content=\"El Tribunal Electoral del Poder Judicial de la Federaci\u00f3n (TEPJF) confirm\u00f3 que el PRI deber\u00e1\" \/>\n<meta property=\"og:url\" content=\"https:\/\/volcanes.net\/?p=2222\" \/>\n<meta property=\"og:site_name\" content=\"Volcanes\" \/>\n<meta property=\"article:publisher\" content=\"https:\/\/www.facebook.com\/volcanes.net\/\" \/>\n<meta property=\"article:published_time\" content=\"2018-08-24T02:43:58+00:00\" \/>\n<meta property=\"og:image\" content=\"https:\/\/volcanes.net\/wp-content\/uploads\/2018\/08\/juez-ley.jpg\" \/>\n\t<meta property=\"og:image:width\" content=\"400\" \/>\n\t<meta property=\"og:image:height\" content=\"200\" \/>\n\t<meta property=\"og:image:type\" content=\"image\/jpeg\" \/>\n<meta name=\"author\" content=\"admin\" \/>\n<meta name=\"twitter:card\" content=\"summary_large_image\" \/>\n<meta name=\"twitter:label1\" content=\"Escrito por\" \/>\n\t<meta name=\"twitter:data1\" content=\"admin\" \/>\n\t<meta name=\"twitter:label2\" content=\"Tiempo de lectura\" \/>\n\t<meta name=\"twitter:data2\" content=\"2 minutos\" \/>\n<script type=\"application\/ld+json\" class=\"yoast-schema-graph\">{\"@context\":\"https:\/\/schema.org\",\"@graph\":[{\"@type\":\"Article\",\"@id\":\"https:\/\/volcanes.net\/?p=2222#article\",\"isPartOf\":{\"@id\":\"https:\/\/volcanes.net\/?p=2222\"},\"author\":{\"name\":\"admin\",\"@id\":\"https:\/\/volcanes.net\/#\/schema\/person\/4bf0f383940966a4abd53f5048c0e6b9\"},\"headline\":\"Tribunal confirma multa al PRI por calumnias a candidata al Senado\",\"datePublished\":\"2018-08-24T02:43:58+00:00\",\"mainEntityOfPage\":{\"@id\":\"https:\/\/volcanes.net\/?p=2222\"},\"wordCount\":423,\"commentCount\":0,\"publisher\":{\"@id\":\"https:\/\/volcanes.net\/#organization\"},\"image\":{\"@id\":\"https:\/\/volcanes.net\/?p=2222#primaryimage\"},\"thumbnailUrl\":\"https:\/\/volcanes.net\/wp-content\/uploads\/2018\/08\/juez-ley.jpg\",\"keywords\":[\"Senado de la Rep\u00fablica\"],\"articleSection\":[\"Municipales\"],\"inLanguage\":\"es\",\"potentialAction\":[{\"@type\":\"CommentAction\",\"name\":\"Comment\",\"target\":[\"https:\/\/volcanes.net\/?p=2222#respond\"]}]},{\"@type\":\"WebPage\",\"@id\":\"https:\/\/volcanes.net\/?p=2222\",\"url\":\"https:\/\/volcanes.net\/?p=2222\",\"name\":\"Tribunal confirma multa al PRI por calumnias a candidata al Senado - Volcanes\",\"isPartOf\":{\"@id\":\"https:\/\/volcanes.net\/#website\"},\"primaryImageOfPage\":{\"@id\":\"https:\/\/volcanes.net\/?p=2222#primaryimage\"},\"image\":{\"@id\":\"https:\/\/volcanes.net\/?p=2222#primaryimage\"},\"thumbnailUrl\":\"https:\/\/volcanes.net\/wp-content\/uploads\/2018\/08\/juez-ley.jpg\",\"datePublished\":\"2018-08-24T02:43:58+00:00\",\"breadcrumb\":{\"@id\":\"https:\/\/volcanes.net\/?p=2222#breadcrumb\"},\"inLanguage\":\"es\",\"potentialAction\":[{\"@type\":\"ReadAction\",\"target\":[\"https:\/\/volcanes.net\/?p=2222\"]}]},{\"@type\":\"ImageObject\",\"inLanguage\":\"es\",\"@id\":\"https:\/\/volcanes.net\/?p=2222#primaryimage\",\"url\":\"https:\/\/volcanes.net\/wp-content\/uploads\/2018\/08\/juez-ley.jpg\",\"contentUrl\":\"https:\/\/volcanes.net\/wp-content\/uploads\/2018\/08\/juez-ley.jpg\",\"width\":400,\"height\":200},{\"@type\":\"BreadcrumbList\",\"@id\":\"https:\/\/volcanes.net\/?p=2222#breadcrumb\",\"itemListElement\":[{\"@type\":\"ListItem\",\"position\":1,\"name\":\"Portada\",\"item\":\"https:\/\/volcanes.net\/\"},{\"@type\":\"ListItem\",\"position\":2,\"name\":\"Tribunal confirma multa al PRI por calumnias a candidata al Senado\"}]},{\"@type\":\"WebSite\",\"@id\":\"https:\/\/volcanes.net\/#website\",\"url\":\"https:\/\/volcanes.net\/\",\"name\":\"Volcanes.Net\",\"description\":\"Periodismo Profesional\",\"publisher\":{\"@id\":\"https:\/\/volcanes.net\/#organization\"},\"potentialAction\":[{\"@type\":\"SearchAction\",\"target\":{\"@type\":\"EntryPoint\",\"urlTemplate\":\"https:\/\/volcanes.net\/?s={search_term_string}\"},\"query-input\":{\"@type\":\"PropertyValueSpecification\",\"valueRequired\":true,\"valueName\":\"search_term_string\"}}],\"inLanguage\":\"es\"},{\"@type\":\"Organization\",\"@id\":\"https:\/\/volcanes.net\/#organization\",\"name\":\"Grupo Volcanes\",\"url\":\"https:\/\/volcanes.net\/\",\"logo\":{\"@type\":\"ImageObject\",\"inLanguage\":\"es\",\"@id\":\"https:\/\/volcanes.net\/#\/schema\/logo\/image\/\",\"url\":\"http:\/\/volcanes.net\/wp-content\/uploads\/2017\/12\/Avatar2.jpg\",\"contentUrl\":\"http:\/\/volcanes.net\/wp-content\/uploads\/2017\/12\/Avatar2.jpg\",\"width\":378,\"height\":378,\"caption\":\"Grupo Volcanes\"},\"image\":{\"@id\":\"https:\/\/volcanes.net\/#\/schema\/logo\/image\/\"},\"sameAs\":[\"https:\/\/www.facebook.com\/volcanes.net\/\"]},{\"@type\":\"Person\",\"@id\":\"https:\/\/volcanes.net\/#\/schema\/person\/4bf0f383940966a4abd53f5048c0e6b9\",\"name\":\"admin\",\"image\":{\"@type\":\"ImageObject\",\"inLanguage\":\"es\",\"@id\":\"https:\/\/volcanes.net\/#\/schema\/person\/image\/\",\"url\":\"https:\/\/secure.gravatar.com\/avatar\/ca004e6cba8462b8cb7abc86e382930c?s=96&d=mm&r=g\",\"contentUrl\":\"https:\/\/secure.gravatar.com\/avatar\/ca004e6cba8462b8cb7abc86e382930c?s=96&d=mm&r=g\",\"caption\":\"admin\"}}]}<\/script>\n<!-- \/ Yoast SEO plugin. -->","yoast_head_json":{"title":"Tribunal confirma multa al PRI por calumnias a candidata al Senado - Volcanes","robots":{"index":"index","follow":"follow","max-snippet":"max-snippet:-1","max-image-preview":"max-image-preview:large","max-video-preview":"max-video-preview:-1"},"canonical":"https:\/\/volcanes.net\/?p=2222","og_locale":"es_MX","og_type":"article","og_title":"Tribunal confirma multa al PRI por calumnias a candidata al Senado - Volcanes","og_description":"El Tribunal Electoral del Poder Judicial de la Federaci\u00f3n (TEPJF) confirm\u00f3 que el PRI deber\u00e1","og_url":"https:\/\/volcanes.net\/?p=2222","og_site_name":"Volcanes","article_publisher":"https:\/\/www.facebook.com\/volcanes.net\/","article_published_time":"2018-08-24T02:43:58+00:00","og_image":[{"width":400,"height":200,"url":"https:\/\/volcanes.net\/wp-content\/uploads\/2018\/08\/juez-ley.jpg","type":"image\/jpeg"}],"author":"admin","twitter_card":"summary_large_image","twitter_misc":{"Escrito por":"admin","Tiempo de lectura":"2 minutos"},"schema":{"@context":"https:\/\/schema.org","@graph":[{"@type":"Article","@id":"https:\/\/volcanes.net\/?p=2222#article","isPartOf":{"@id":"https:\/\/volcanes.net\/?p=2222"},"author":{"name":"admin","@id":"https:\/\/volcanes.net\/#\/schema\/person\/4bf0f383940966a4abd53f5048c0e6b9"},"headline":"Tribunal confirma multa al PRI por calumnias a candidata al Senado","datePublished":"2018-08-24T02:43:58+00:00","mainEntityOfPage":{"@id":"https:\/\/volcanes.net\/?p=2222"},"wordCount":423,"commentCount":0,"publisher":{"@id":"https:\/\/volcanes.net\/#organization"},"image":{"@id":"https:\/\/volcanes.net\/?p=2222#primaryimage"},"thumbnailUrl":"https:\/\/volcanes.net\/wp-content\/uploads\/2018\/08\/juez-ley.jpg","keywords":["Senado de la Rep\u00fablica"],"articleSection":["Municipales"],"inLanguage":"es","potentialAction":[{"@type":"CommentAction","name":"Comment","target":["https:\/\/volcanes.net\/?p=2222#respond"]}]},{"@type":"WebPage","@id":"https:\/\/volcanes.net\/?p=2222","url":"https:\/\/volcanes.net\/?p=2222","name":"Tribunal confirma multa al PRI por calumnias a candidata al Senado - Volcanes","isPartOf":{"@id":"https:\/\/volcanes.net\/#website"},"primaryImageOfPage":{"@id":"https:\/\/volcanes.net\/?p=2222#primaryimage"},"image":{"@id":"https:\/\/volcanes.net\/?p=2222#primaryimage"},"thumbnailUrl":"https:\/\/volcanes.net\/wp-content\/uploads\/2018\/08\/juez-ley.jpg","datePublished":"2018-08-24T02:43:58+00:00","breadcrumb":{"@id":"https:\/\/volcanes.net\/?p=2222#breadcrumb"},"inLanguage":"es","potentialAction":[{"@type":"ReadAction","target":["https:\/\/volcanes.net\/?p=2222"]}]},{"@type":"ImageObject","inLanguage":"es","@id":"https:\/\/volcanes.net\/?p=2222#primaryimage","url":"https:\/\/volcanes.net\/wp-content\/uploads\/2018\/08\/juez-ley.jpg","contentUrl":"https:\/\/volcanes.net\/wp-content\/uploads\/2018\/08\/juez-ley.jpg","width":400,"height":200},{"@type":"BreadcrumbList","@id":"https:\/\/volcanes.net\/?p=2222#breadcrumb","itemListElement":[{"@type":"ListItem","position":1,"name":"Portada","item":"https:\/\/volcanes.net\/"},{"@type":"ListItem","position":2,"name":"Tribunal confirma multa al PRI por calumnias a candidata al Senado"}]},{"@type":"WebSite","@id":"https:\/\/volcanes.net\/#website","url":"https:\/\/volcanes.net\/","name":"Volcanes.Net","description":"Periodismo Profesional","publisher":{"@id":"https:\/\/volcanes.net\/#organization"},"potentialAction":[{"@type":"SearchAction","target":{"@type":"EntryPoint","urlTemplate":"https:\/\/volcanes.net\/?s={search_term_string}"},"query-input":{"@type":"PropertyValueSpecification","valueRequired":true,"valueName":"search_term_string"}}],"inLanguage":"es"},{"@type":"Organization","@id":"https:\/\/volcanes.net\/#organization","name":"Grupo Volcanes","url":"https:\/\/volcanes.net\/","logo":{"@type":"ImageObject","inLanguage":"es","@id":"https:\/\/volcanes.net\/#\/schema\/logo\/image\/","url":"http:\/\/volcanes.net\/wp-content\/uploads\/2017\/12\/Avatar2.jpg","contentUrl":"http:\/\/volcanes.net\/wp-content\/uploads\/2017\/12\/Avatar2.jpg","width":378,"height":378,"caption":"Grupo Volcanes"},"image":{"@id":"https:\/\/volcanes.net\/#\/schema\/logo\/image\/"},"sameAs":["https:\/\/www.facebook.com\/volcanes.net\/"]},{"@type":"Person","@id":"https:\/\/volcanes.net\/#\/schema\/person\/4bf0f383940966a4abd53f5048c0e6b9","name":"admin","image":{"@type":"ImageObject","inLanguage":"es","@id":"https:\/\/volcanes.net\/#\/schema\/person\/image\/","url":"https:\/\/secure.gravatar.com\/avatar\/ca004e6cba8462b8cb7abc86e382930c?s=96&d=mm&r=g","contentUrl":"https:\/\/secure.gravatar.com\/avatar\/ca004e6cba8462b8cb7abc86e382930c?s=96&d=mm&r=g","caption":"admin"}}]}},"_links":{"self":[{"href":"https:\/\/volcanes.net\/index.php?rest_route=\/wp\/v2\/posts\/2222"}],"collection":[{"href":"https:\/\/volcanes.net\/index.php?rest_route=\/wp\/v2\/posts"}],"about":[{"href":"https:\/\/volcanes.net\/index.php?rest_route=\/wp\/v2\/types\/post"}],"author":[{"embeddable":true,"href":"https:\/\/volcanes.net\/index.php?rest_route=\/wp\/v2\/users\/1"}],"replies":[{"embeddable":true,"href":"https:\/\/volcanes.net\/index.php?rest_route=%2Fwp%2Fv2%2Fcomments&post=2222"}],"version-history":[{"count":1,"href":"https:\/\/volcanes.net\/index.php?rest_route=\/wp\/v2\/posts\/2222\/revisions"}],"predecessor-version":[{"id":2223,"href":"https:\/\/volcanes.net\/index.php?rest_route=\/wp\/v2\/posts\/2222\/revisions\/2223"}],"wp:featuredmedia":[{"embeddable":true,"href":"https:\/\/volcanes.net\/index.php?rest_route=\/wp\/v2\/media\/2213"}],"wp:attachment":[{"href":"https:\/\/volcanes.net\/index.php?rest_route=%2Fwp%2Fv2%2Fmedia&parent=2222"}],"wp:term":[{"taxonomy":"category","embeddable":true,"href":"https:\/\/volcanes.net\/index.php?rest_route=%2Fwp%2Fv2%2Fcategories&post=2222"},{"taxonomy":"post_tag","embeddable":true,"href":"https:\/\/volcanes.net\/index.php?rest_route=%2Fwp%2Fv2%2Ftags&post=2222"}],"curies":[{"name":"wp","href":"https:\/\/api.w.org\/{rel}","templated":true}]}}