{"id":2228,"date":"2018-08-27T21:47:43","date_gmt":"2018-08-27T21:47:43","guid":{"rendered":"http:\/\/volcanes.net\/?p=2228"},"modified":"2018-08-27T21:47:43","modified_gmt":"2018-08-27T21:47:43","slug":"afirma-alfredo-barrera-que-la-uaem-no-esta-en-quiebra","status":"publish","type":"post","link":"https:\/\/volcanes.net\/?p=2228","title":{"rendered":"Afirma Alfredo Barrera que la UAEM no est\u00e1 en quiebra"},"content":{"rendered":"<div style=\"margin-top: 0px; margin-bottom: 0px;\" class=\"sharethis-inline-share-buttons\" ><\/div><p style=\"font-weight: 400\">\n<ul>\n<li style=\"font-weight: 400\"><em>Sin embargo, su situaci\u00f3n financiera merece la mayor seriedad y responsabilidad, por lo cual la Administraci\u00f3n 2017-2021 realiza un esfuerzo importante en la racionalidad y contenci\u00f3n del gasto, afirm\u00f3 el rector.<\/em><\/li>\n<\/ul>\n<p style=\"font-weight: 400\"><em>\u00a0<\/em><\/p>\n<p style=\"font-weight: 400\"><strong>Toluca, M\u00e9x. \u2013 27 de agosto de 2018.<\/strong>\u00a0La Universidad Aut\u00f3noma del Estado de M\u00e9xico no est\u00e1 en quiebra; sin embargo, su situaci\u00f3n financiera merece la mayor seriedad y responsabilidad, por lo cual la Administraci\u00f3n 2017-2021 realiza un esfuerzo importante en la racionalidad y contenci\u00f3n del gasto, as\u00ed como gestiones ante los gobiernos estatal y federal para conseguir recursos, destac\u00f3 el rector Alfredo Barrera Baca.<\/p>\n<p style=\"font-weight: 400\">\u201cCada quincena la instituci\u00f3n cumple con los pagos de la n\u00f3mina, as\u00ed como las obligaciones estipuladas en los contratos colectivos de trabajo. Continuamos con la cobertura de becas y la atenci\u00f3n de todos los programas sustantivos\u201d.<\/p>\n<p style=\"font-weight: 400\">Implementamos, dijo, diversas estrategias para optimizar el ejercicio de los recursos institucionales, principalmente del gasto corriente, en rubros como la telefon\u00eda y combustible de los veh\u00edculos institucionales. \u201cCon menores recursos alcanzamos las metas planteadas\u201d.<\/p>\n<p style=\"font-weight: 400\">De esta manera, afirm\u00f3, contrarrestamos los rezagos que tenemos con el Instituto de Seguridad Social del Estado de M\u00e9xico y Municipios (ISSEMyM) y algunos proveedores.<\/p>\n<p style=\"font-weight: 400\">Por otra parte, expres\u00f3 su sensibilidad sobre la preocupaci\u00f3n que tienen los profesores universitarios con respecto a la Ley del ISSEMYM. \u201cJuntos podemos encontrar soluciones. Lo m\u00e1s importante es sumarnos para fortalecer a una de las mejores instituciones del pa\u00eds en materia de seguridad social\u201d.<\/p>\n","protected":false},"excerpt":{"rendered":"<p>Sin embargo, su situaci\u00f3n financiera merece la mayor seriedad y responsabilidad, por lo cual la<\/p>\n","protected":false},"author":1,"featured_media":2229,"comment_status":"open","ping_status":"open","sticky":false,"template":"","format":"standard","meta":{"footnotes":""},"categories":[1],"tags":[25,24],"class_list":["post-2228","post","type-post","status-publish","format-standard","has-post-thumbnail","hentry","category-municipales","tag-uaem","tag-uaemex"],"yoast_head":"<!-- This site is optimized with the Yoast SEO plugin v25.3 - https:\/\/yoast.com\/wordpress\/plugins\/seo\/ -->\n<title>Afirma Alfredo Barrera que la UAEM no est\u00e1 en quiebra - Volcanes<\/title>\n<meta name=\"robots\" content=\"index, follow, max-snippet:-1, max-image-preview:large, max-video-preview:-1\" \/>\n<link rel=\"canonical\" href=\"https:\/\/volcanes.net\/?p=2228\" \/>\n<meta property=\"og:locale\" content=\"es_MX\" \/>\n<meta property=\"og:type\" content=\"article\" \/>\n<meta property=\"og:title\" content=\"Afirma Alfredo Barrera que la UAEM no est\u00e1 en quiebra - Volcanes\" \/>\n<meta property=\"og:description\" content=\"Sin embargo, su situaci\u00f3n financiera merece la mayor seriedad y responsabilidad, por lo cual la\" \/>\n<meta property=\"og:url\" content=\"https:\/\/volcanes.net\/?p=2228\" \/>\n<meta property=\"og:site_name\" content=\"Volcanes\" \/>\n<meta property=\"article:publisher\" content=\"https:\/\/www.facebook.com\/volcanes.net\/\" \/>\n<meta property=\"article:published_time\" content=\"2018-08-27T21:47:43+00:00\" \/>\n<meta property=\"og:image\" content=\"https:\/\/volcanes.net\/wp-content\/uploads\/2018\/08\/Comun-719-12.jpg\" \/>\n\t<meta property=\"og:image:width\" content=\"400\" \/>\n\t<meta property=\"og:image:height\" content=\"346\" \/>\n\t<meta property=\"og:image:type\" content=\"image\/jpeg\" \/>\n<meta name=\"author\" content=\"admin\" \/>\n<meta name=\"twitter:card\" content=\"summary_large_image\" \/>\n<meta name=\"twitter:label1\" content=\"Escrito por\" \/>\n\t<meta name=\"twitter:data1\" content=\"admin\" \/>\n\t<meta name=\"twitter:label2\" content=\"Tiempo de lectura\" \/>\n\t<meta name=\"twitter:data2\" content=\"1 minuto\" \/>\n<script type=\"application\/ld+json\" class=\"yoast-schema-graph\">{\"@context\":\"https:\/\/schema.org\",\"@graph\":[{\"@type\":\"Article\",\"@id\":\"https:\/\/volcanes.net\/?p=2228#article\",\"isPartOf\":{\"@id\":\"https:\/\/volcanes.net\/?p=2228\"},\"author\":{\"name\":\"admin\",\"@id\":\"https:\/\/volcanes.net\/#\/schema\/person\/4bf0f383940966a4abd53f5048c0e6b9\"},\"headline\":\"Afirma Alfredo Barrera que la UAEM no est\u00e1 en quiebra\",\"datePublished\":\"2018-08-27T21:47:43+00:00\",\"mainEntityOfPage\":{\"@id\":\"https:\/\/volcanes.net\/?p=2228\"},\"wordCount\":261,\"commentCount\":0,\"publisher\":{\"@id\":\"https:\/\/volcanes.net\/#organization\"},\"image\":{\"@id\":\"https:\/\/volcanes.net\/?p=2228#primaryimage\"},\"thumbnailUrl\":\"https:\/\/volcanes.net\/wp-content\/uploads\/2018\/08\/Comun-719-12.jpg\",\"keywords\":[\"UAEM\",\"UAEMEX\"],\"articleSection\":[\"Municipales\"],\"inLanguage\":\"es\",\"potentialAction\":[{\"@type\":\"CommentAction\",\"name\":\"Comment\",\"target\":[\"https:\/\/volcanes.net\/?p=2228#respond\"]}]},{\"@type\":\"WebPage\",\"@id\":\"https:\/\/volcanes.net\/?p=2228\",\"url\":\"https:\/\/volcanes.net\/?p=2228\",\"name\":\"Afirma Alfredo Barrera que la UAEM no est\u00e1 en quiebra - Volcanes\",\"isPartOf\":{\"@id\":\"https:\/\/volcanes.net\/#website\"},\"primaryImageOfPage\":{\"@id\":\"https:\/\/volcanes.net\/?p=2228#primaryimage\"},\"image\":{\"@id\":\"https:\/\/volcanes.net\/?p=2228#primaryimage\"},\"thumbnailUrl\":\"https:\/\/volcanes.net\/wp-content\/uploads\/2018\/08\/Comun-719-12.jpg\",\"datePublished\":\"2018-08-27T21:47:43+00:00\",\"breadcrumb\":{\"@id\":\"https:\/\/volcanes.net\/?p=2228#breadcrumb\"},\"inLanguage\":\"es\",\"potentialAction\":[{\"@type\":\"ReadAction\",\"target\":[\"https:\/\/volcanes.net\/?p=2228\"]}]},{\"@type\":\"ImageObject\",\"inLanguage\":\"es\",\"@id\":\"https:\/\/volcanes.net\/?p=2228#primaryimage\",\"url\":\"https:\/\/volcanes.net\/wp-content\/uploads\/2018\/08\/Comun-719-12.jpg\",\"contentUrl\":\"https:\/\/volcanes.net\/wp-content\/uploads\/2018\/08\/Comun-719-12.jpg\",\"width\":400,\"height\":346},{\"@type\":\"BreadcrumbList\",\"@id\":\"https:\/\/volcanes.net\/?p=2228#breadcrumb\",\"itemListElement\":[{\"@type\":\"ListItem\",\"position\":1,\"name\":\"Portada\",\"item\":\"https:\/\/volcanes.net\/\"},{\"@type\":\"ListItem\",\"position\":2,\"name\":\"Afirma Alfredo Barrera que la UAEM no est\u00e1 en quiebra\"}]},{\"@type\":\"WebSite\",\"@id\":\"https:\/\/volcanes.net\/#website\",\"url\":\"https:\/\/volcanes.net\/\",\"name\":\"Volcanes.Net\",\"description\":\"Periodismo Profesional\",\"publisher\":{\"@id\":\"https:\/\/volcanes.net\/#organization\"},\"potentialAction\":[{\"@type\":\"SearchAction\",\"target\":{\"@type\":\"EntryPoint\",\"urlTemplate\":\"https:\/\/volcanes.net\/?s={search_term_string}\"},\"query-input\":{\"@type\":\"PropertyValueSpecification\",\"valueRequired\":true,\"valueName\":\"search_term_string\"}}],\"inLanguage\":\"es\"},{\"@type\":\"Organization\",\"@id\":\"https:\/\/volcanes.net\/#organization\",\"name\":\"Grupo Volcanes\",\"url\":\"https:\/\/volcanes.net\/\",\"logo\":{\"@type\":\"ImageObject\",\"inLanguage\":\"es\",\"@id\":\"https:\/\/volcanes.net\/#\/schema\/logo\/image\/\",\"url\":\"http:\/\/volcanes.net\/wp-content\/uploads\/2017\/12\/Avatar2.jpg\",\"contentUrl\":\"http:\/\/volcanes.net\/wp-content\/uploads\/2017\/12\/Avatar2.jpg\",\"width\":378,\"height\":378,\"caption\":\"Grupo Volcanes\"},\"image\":{\"@id\":\"https:\/\/volcanes.net\/#\/schema\/logo\/image\/\"},\"sameAs\":[\"https:\/\/www.facebook.com\/volcanes.net\/\"]},{\"@type\":\"Person\",\"@id\":\"https:\/\/volcanes.net\/#\/schema\/person\/4bf0f383940966a4abd53f5048c0e6b9\",\"name\":\"admin\",\"image\":{\"@type\":\"ImageObject\",\"inLanguage\":\"es\",\"@id\":\"https:\/\/volcanes.net\/#\/schema\/person\/image\/\",\"url\":\"https:\/\/secure.gravatar.com\/avatar\/ca004e6cba8462b8cb7abc86e382930c?s=96&d=mm&r=g\",\"contentUrl\":\"https:\/\/secure.gravatar.com\/avatar\/ca004e6cba8462b8cb7abc86e382930c?s=96&d=mm&r=g\",\"caption\":\"admin\"}}]}<\/script>\n<!-- \/ Yoast SEO plugin. -->","yoast_head_json":{"title":"Afirma Alfredo Barrera que la UAEM no est\u00e1 en quiebra - Volcanes","robots":{"index":"index","follow":"follow","max-snippet":"max-snippet:-1","max-image-preview":"max-image-preview:large","max-video-preview":"max-video-preview:-1"},"canonical":"https:\/\/volcanes.net\/?p=2228","og_locale":"es_MX","og_type":"article","og_title":"Afirma Alfredo Barrera que la UAEM no est\u00e1 en quiebra - Volcanes","og_description":"Sin embargo, su situaci\u00f3n financiera merece la mayor seriedad y responsabilidad, por lo cual la","og_url":"https:\/\/volcanes.net\/?p=2228","og_site_name":"Volcanes","article_publisher":"https:\/\/www.facebook.com\/volcanes.net\/","article_published_time":"2018-08-27T21:47:43+00:00","og_image":[{"width":400,"height":346,"url":"https:\/\/volcanes.net\/wp-content\/uploads\/2018\/08\/Comun-719-12.jpg","type":"image\/jpeg"}],"author":"admin","twitter_card":"summary_large_image","twitter_misc":{"Escrito por":"admin","Tiempo de lectura":"1 minuto"},"schema":{"@context":"https:\/\/schema.org","@graph":[{"@type":"Article","@id":"https:\/\/volcanes.net\/?p=2228#article","isPartOf":{"@id":"https:\/\/volcanes.net\/?p=2228"},"author":{"name":"admin","@id":"https:\/\/volcanes.net\/#\/schema\/person\/4bf0f383940966a4abd53f5048c0e6b9"},"headline":"Afirma Alfredo Barrera que la UAEM no est\u00e1 en quiebra","datePublished":"2018-08-27T21:47:43+00:00","mainEntityOfPage":{"@id":"https:\/\/volcanes.net\/?p=2228"},"wordCount":261,"commentCount":0,"publisher":{"@id":"https:\/\/volcanes.net\/#organization"},"image":{"@id":"https:\/\/volcanes.net\/?p=2228#primaryimage"},"thumbnailUrl":"https:\/\/volcanes.net\/wp-content\/uploads\/2018\/08\/Comun-719-12.jpg","keywords":["UAEM","UAEMEX"],"articleSection":["Municipales"],"inLanguage":"es","potentialAction":[{"@type":"CommentAction","name":"Comment","target":["https:\/\/volcanes.net\/?p=2228#respond"]}]},{"@type":"WebPage","@id":"https:\/\/volcanes.net\/?p=2228","url":"https:\/\/volcanes.net\/?p=2228","name":"Afirma Alfredo Barrera que la UAEM no est\u00e1 en quiebra - Volcanes","isPartOf":{"@id":"https:\/\/volcanes.net\/#website"},"primaryImageOfPage":{"@id":"https:\/\/volcanes.net\/?p=2228#primaryimage"},"image":{"@id":"https:\/\/volcanes.net\/?p=2228#primaryimage"},"thumbnailUrl":"https:\/\/volcanes.net\/wp-content\/uploads\/2018\/08\/Comun-719-12.jpg","datePublished":"2018-08-27T21:47:43+00:00","breadcrumb":{"@id":"https:\/\/volcanes.net\/?p=2228#breadcrumb"},"inLanguage":"es","potentialAction":[{"@type":"ReadAction","target":["https:\/\/volcanes.net\/?p=2228"]}]},{"@type":"ImageObject","inLanguage":"es","@id":"https:\/\/volcanes.net\/?p=2228#primaryimage","url":"https:\/\/volcanes.net\/wp-content\/uploads\/2018\/08\/Comun-719-12.jpg","contentUrl":"https:\/\/volcanes.net\/wp-content\/uploads\/2018\/08\/Comun-719-12.jpg","width":400,"height":346},{"@type":"BreadcrumbList","@id":"https:\/\/volcanes.net\/?p=2228#breadcrumb","itemListElement":[{"@type":"ListItem","position":1,"name":"Portada","item":"https:\/\/volcanes.net\/"},{"@type":"ListItem","position":2,"name":"Afirma Alfredo Barrera que la UAEM no est\u00e1 en quiebra"}]},{"@type":"WebSite","@id":"https:\/\/volcanes.net\/#website","url":"https:\/\/volcanes.net\/","name":"Volcanes.Net","description":"Periodismo Profesional","publisher":{"@id":"https:\/\/volcanes.net\/#organization"},"potentialAction":[{"@type":"SearchAction","target":{"@type":"EntryPoint","urlTemplate":"https:\/\/volcanes.net\/?s={search_term_string}"},"query-input":{"@type":"PropertyValueSpecification","valueRequired":true,"valueName":"search_term_string"}}],"inLanguage":"es"},{"@type":"Organization","@id":"https:\/\/volcanes.net\/#organization","name":"Grupo Volcanes","url":"https:\/\/volcanes.net\/","logo":{"@type":"ImageObject","inLanguage":"es","@id":"https:\/\/volcanes.net\/#\/schema\/logo\/image\/","url":"http:\/\/volcanes.net\/wp-content\/uploads\/2017\/12\/Avatar2.jpg","contentUrl":"http:\/\/volcanes.net\/wp-content\/uploads\/2017\/12\/Avatar2.jpg","width":378,"height":378,"caption":"Grupo Volcanes"},"image":{"@id":"https:\/\/volcanes.net\/#\/schema\/logo\/image\/"},"sameAs":["https:\/\/www.facebook.com\/volcanes.net\/"]},{"@type":"Person","@id":"https:\/\/volcanes.net\/#\/schema\/person\/4bf0f383940966a4abd53f5048c0e6b9","name":"admin","image":{"@type":"ImageObject","inLanguage":"es","@id":"https:\/\/volcanes.net\/#\/schema\/person\/image\/","url":"https:\/\/secure.gravatar.com\/avatar\/ca004e6cba8462b8cb7abc86e382930c?s=96&d=mm&r=g","contentUrl":"https:\/\/secure.gravatar.com\/avatar\/ca004e6cba8462b8cb7abc86e382930c?s=96&d=mm&r=g","caption":"admin"}}]}},"_links":{"self":[{"href":"https:\/\/volcanes.net\/index.php?rest_route=\/wp\/v2\/posts\/2228"}],"collection":[{"href":"https:\/\/volcanes.net\/index.php?rest_route=\/wp\/v2\/posts"}],"about":[{"href":"https:\/\/volcanes.net\/index.php?rest_route=\/wp\/v2\/types\/post"}],"author":[{"embeddable":true,"href":"https:\/\/volcanes.net\/index.php?rest_route=\/wp\/v2\/users\/1"}],"replies":[{"embeddable":true,"href":"https:\/\/volcanes.net\/index.php?rest_route=%2Fwp%2Fv2%2Fcomments&post=2228"}],"version-history":[{"count":1,"href":"https:\/\/volcanes.net\/index.php?rest_route=\/wp\/v2\/posts\/2228\/revisions"}],"predecessor-version":[{"id":2230,"href":"https:\/\/volcanes.net\/index.php?rest_route=\/wp\/v2\/posts\/2228\/revisions\/2230"}],"wp:featuredmedia":[{"embeddable":true,"href":"https:\/\/volcanes.net\/index.php?rest_route=\/wp\/v2\/media\/2229"}],"wp:attachment":[{"href":"https:\/\/volcanes.net\/index.php?rest_route=%2Fwp%2Fv2%2Fmedia&parent=2228"}],"wp:term":[{"taxonomy":"category","embeddable":true,"href":"https:\/\/volcanes.net\/index.php?rest_route=%2Fwp%2Fv2%2Fcategories&post=2228"},{"taxonomy":"post_tag","embeddable":true,"href":"https:\/\/volcanes.net\/index.php?rest_route=%2Fwp%2Fv2%2Ftags&post=2228"}],"curies":[{"name":"wp","href":"https:\/\/api.w.org\/{rel}","templated":true}]}}