{"id":2231,"date":"2018-08-27T21:50:33","date_gmt":"2018-08-27T21:50:33","guid":{"rendered":"http:\/\/volcanes.net\/?p=2231"},"modified":"2018-08-27T21:50:33","modified_gmt":"2018-08-27T21:50:33","slug":"filem-reunira-300-casa-editoriales","status":"publish","type":"post","link":"https:\/\/volcanes.net\/?p=2231","title":{"rendered":"FILEM reunir\u00e1 300 casa editoriales"},"content":{"rendered":"<div style=\"margin-top: 0px; margin-bottom: 0px;\" class=\"sharethis-inline-share-buttons\" ><\/div><p style=\"font-weight: 400\">\n<ul>\n<li style=\"font-weight: 400\"><em>Del mismo modo, se ofrecer\u00e1n m\u00e1s de 340 actividades: conferencias magistrales, talleres, lecturas en voz alta, presentaciones de libro, obras de teatro, danza y conciertos, entre otras.<\/em><\/li>\n<\/ul>\n<p style=\"font-weight: 400\"><em>\u00a0<\/em><\/p>\n<p style=\"font-weight: 400\"><strong>Toluca, M\u00e9x. \u2013 27 de agosto de 2018.<\/strong>\u00a0Del 28 de septiembre al 7 de octubre, el Gobierno del Estado de M\u00e9xico, la Universidad Aut\u00f3noma del Estado de M\u00e9xico y el Ayuntamiento de Toluca llevar\u00e1n a cabo la Cuarta Feria Internacional del Libro Estado de M\u00e9xico \u201cLibro vivo: vivo el libro\u201d.<\/p>\n<p style=\"font-weight: 400\">Resultado de un esfuerzo conjunto, las tres instancias reunir\u00e1n 300 casa editoriales en el Centro Cultural Toluca de la capital mexiquense. Del mismo modo, se ofrecer\u00e1n m\u00e1s de 340 actividades: conferencias magistrales, talleres, lecturas en voz alta, presentaciones de libro, obras de teatro, danza y conciertos, entre otras.<\/p>\n<p style=\"font-weight: 400\">En conferencia de prensa, el rector de la UAEM, Alfredo Barrera Baca, acompa\u00f1ado de la secretaria de Cultura del gobierno estatal, Marcela Gonz\u00e1lez Salas, enfatiz\u00f3 que la ruta para generar propuestas culturales de calidad es la colaboraci\u00f3n entre administraciones municipales, estatales y federales.<\/p>\n<p style=\"font-weight: 400\">\u201cEstamos empe\u00f1ados en que sea una fiesta del libro, se promueva el gozo y el placer por la lectura\u201d. La FILEM espera la afluencia de 100 mil visitantes durante los once d\u00edas de actividades, destac\u00f3 Alfredo Barrera Baca.<\/p>\n<p style=\"font-weight: 400\">Por su parte, Marcela Gonz\u00e1lez asever\u00f3 que la alianza entre los sectores p\u00fablico, privado y social es la v\u00eda \u00f3ptima para difundir el arte y la cultura. \u201cEl convenio signado con la UAEM nos permite crear proyectos en conjunto para promover la ciencia y la cultura\u201d.<\/p>\n<p style=\"font-weight: 400\">Ante el presidente municipal de Toluca, Fernando Zamora Morales; el secretario de Difusi\u00f3n Cultural de esta casa de estudios, Edgar Miranda Ortiz, y la directora general de Patrimonio Cultural y Servicios Culturales de la administraci\u00f3n estatal, Ivett Tinoco Garc\u00eda, la servidora p\u00fablica subray\u00f3 que la cultura es la mejor manera de transformar a la sociedad y esta Feria tiene el objetivo de generar m\u00e1s lectores.<\/p>\n<p style=\"font-weight: 400\">La edici\u00f3n 2018 de la FILEM tendr\u00e1 actividades en foros alternos como en el Centro Cultural Universitario \u201cCasa de las Diligencias\u201d, la Sala \u201cFelipe Villanueva\u201d, el Jard\u00edn Bot\u00e1nico Cosmovitral, as\u00ed como la Capilla Exenta y el Jard\u00edn Zaragoza.<\/p>\n","protected":false},"excerpt":{"rendered":"<p>Del mismo modo, se ofrecer\u00e1n m\u00e1s de 340 actividades: conferencias magistrales, talleres, lecturas en voz<\/p>\n","protected":false},"author":1,"featured_media":2232,"comment_status":"open","ping_status":"open","sticky":false,"template":"","format":"standard","meta":{"footnotes":""},"categories":[1],"tags":[25,24],"class_list":["post-2231","post","type-post","status-publish","format-standard","has-post-thumbnail","hentry","category-municipales","tag-uaem","tag-uaemex"],"yoast_head":"<!-- This site is optimized with the Yoast SEO plugin v25.3 - https:\/\/yoast.com\/wordpress\/plugins\/seo\/ -->\n<title>FILEM reunir\u00e1 300 casa editoriales - Volcanes<\/title>\n<meta name=\"robots\" content=\"index, follow, max-snippet:-1, max-image-preview:large, max-video-preview:-1\" \/>\n<link rel=\"canonical\" href=\"https:\/\/volcanes.net\/?p=2231\" \/>\n<meta property=\"og:locale\" content=\"es_MX\" \/>\n<meta property=\"og:type\" content=\"article\" \/>\n<meta property=\"og:title\" content=\"FILEM reunir\u00e1 300 casa editoriales - Volcanes\" \/>\n<meta property=\"og:description\" content=\"Del mismo modo, se ofrecer\u00e1n m\u00e1s de 340 actividades: conferencias magistrales, talleres, lecturas en voz\" \/>\n<meta property=\"og:url\" content=\"https:\/\/volcanes.net\/?p=2231\" \/>\n<meta property=\"og:site_name\" content=\"Volcanes\" \/>\n<meta property=\"article:publisher\" content=\"https:\/\/www.facebook.com\/volcanes.net\/\" \/>\n<meta property=\"article:published_time\" content=\"2018-08-27T21:50:33+00:00\" \/>\n<meta property=\"og:image\" content=\"https:\/\/volcanes.net\/wp-content\/uploads\/2018\/08\/Comun-720-12.jpg\" \/>\n\t<meta property=\"og:image:width\" content=\"400\" \/>\n\t<meta property=\"og:image:height\" content=\"266\" \/>\n\t<meta property=\"og:image:type\" content=\"image\/jpeg\" \/>\n<meta name=\"author\" content=\"admin\" \/>\n<meta name=\"twitter:card\" content=\"summary_large_image\" \/>\n<meta name=\"twitter:label1\" content=\"Escrito por\" \/>\n\t<meta name=\"twitter:data1\" content=\"admin\" \/>\n\t<meta name=\"twitter:label2\" content=\"Tiempo de lectura\" \/>\n\t<meta name=\"twitter:data2\" content=\"2 minutos\" \/>\n<script type=\"application\/ld+json\" class=\"yoast-schema-graph\">{\"@context\":\"https:\/\/schema.org\",\"@graph\":[{\"@type\":\"Article\",\"@id\":\"https:\/\/volcanes.net\/?p=2231#article\",\"isPartOf\":{\"@id\":\"https:\/\/volcanes.net\/?p=2231\"},\"author\":{\"name\":\"admin\",\"@id\":\"https:\/\/volcanes.net\/#\/schema\/person\/4bf0f383940966a4abd53f5048c0e6b9\"},\"headline\":\"FILEM reunir\u00e1 300 casa editoriales\",\"datePublished\":\"2018-08-27T21:50:33+00:00\",\"mainEntityOfPage\":{\"@id\":\"https:\/\/volcanes.net\/?p=2231\"},\"wordCount\":378,\"commentCount\":0,\"publisher\":{\"@id\":\"https:\/\/volcanes.net\/#organization\"},\"image\":{\"@id\":\"https:\/\/volcanes.net\/?p=2231#primaryimage\"},\"thumbnailUrl\":\"https:\/\/volcanes.net\/wp-content\/uploads\/2018\/08\/Comun-720-12.jpg\",\"keywords\":[\"UAEM\",\"UAEMEX\"],\"articleSection\":[\"Municipales\"],\"inLanguage\":\"es\",\"potentialAction\":[{\"@type\":\"CommentAction\",\"name\":\"Comment\",\"target\":[\"https:\/\/volcanes.net\/?p=2231#respond\"]}]},{\"@type\":\"WebPage\",\"@id\":\"https:\/\/volcanes.net\/?p=2231\",\"url\":\"https:\/\/volcanes.net\/?p=2231\",\"name\":\"FILEM reunir\u00e1 300 casa editoriales - Volcanes\",\"isPartOf\":{\"@id\":\"https:\/\/volcanes.net\/#website\"},\"primaryImageOfPage\":{\"@id\":\"https:\/\/volcanes.net\/?p=2231#primaryimage\"},\"image\":{\"@id\":\"https:\/\/volcanes.net\/?p=2231#primaryimage\"},\"thumbnailUrl\":\"https:\/\/volcanes.net\/wp-content\/uploads\/2018\/08\/Comun-720-12.jpg\",\"datePublished\":\"2018-08-27T21:50:33+00:00\",\"breadcrumb\":{\"@id\":\"https:\/\/volcanes.net\/?p=2231#breadcrumb\"},\"inLanguage\":\"es\",\"potentialAction\":[{\"@type\":\"ReadAction\",\"target\":[\"https:\/\/volcanes.net\/?p=2231\"]}]},{\"@type\":\"ImageObject\",\"inLanguage\":\"es\",\"@id\":\"https:\/\/volcanes.net\/?p=2231#primaryimage\",\"url\":\"https:\/\/volcanes.net\/wp-content\/uploads\/2018\/08\/Comun-720-12.jpg\",\"contentUrl\":\"https:\/\/volcanes.net\/wp-content\/uploads\/2018\/08\/Comun-720-12.jpg\",\"width\":400,\"height\":266},{\"@type\":\"BreadcrumbList\",\"@id\":\"https:\/\/volcanes.net\/?p=2231#breadcrumb\",\"itemListElement\":[{\"@type\":\"ListItem\",\"position\":1,\"name\":\"Portada\",\"item\":\"https:\/\/volcanes.net\/\"},{\"@type\":\"ListItem\",\"position\":2,\"name\":\"FILEM reunir\u00e1 300 casa editoriales\"}]},{\"@type\":\"WebSite\",\"@id\":\"https:\/\/volcanes.net\/#website\",\"url\":\"https:\/\/volcanes.net\/\",\"name\":\"Volcanes.Net\",\"description\":\"Periodismo Profesional\",\"publisher\":{\"@id\":\"https:\/\/volcanes.net\/#organization\"},\"potentialAction\":[{\"@type\":\"SearchAction\",\"target\":{\"@type\":\"EntryPoint\",\"urlTemplate\":\"https:\/\/volcanes.net\/?s={search_term_string}\"},\"query-input\":{\"@type\":\"PropertyValueSpecification\",\"valueRequired\":true,\"valueName\":\"search_term_string\"}}],\"inLanguage\":\"es\"},{\"@type\":\"Organization\",\"@id\":\"https:\/\/volcanes.net\/#organization\",\"name\":\"Grupo Volcanes\",\"url\":\"https:\/\/volcanes.net\/\",\"logo\":{\"@type\":\"ImageObject\",\"inLanguage\":\"es\",\"@id\":\"https:\/\/volcanes.net\/#\/schema\/logo\/image\/\",\"url\":\"http:\/\/volcanes.net\/wp-content\/uploads\/2017\/12\/Avatar2.jpg\",\"contentUrl\":\"http:\/\/volcanes.net\/wp-content\/uploads\/2017\/12\/Avatar2.jpg\",\"width\":378,\"height\":378,\"caption\":\"Grupo Volcanes\"},\"image\":{\"@id\":\"https:\/\/volcanes.net\/#\/schema\/logo\/image\/\"},\"sameAs\":[\"https:\/\/www.facebook.com\/volcanes.net\/\"]},{\"@type\":\"Person\",\"@id\":\"https:\/\/volcanes.net\/#\/schema\/person\/4bf0f383940966a4abd53f5048c0e6b9\",\"name\":\"admin\",\"image\":{\"@type\":\"ImageObject\",\"inLanguage\":\"es\",\"@id\":\"https:\/\/volcanes.net\/#\/schema\/person\/image\/\",\"url\":\"https:\/\/secure.gravatar.com\/avatar\/ca004e6cba8462b8cb7abc86e382930c?s=96&d=mm&r=g\",\"contentUrl\":\"https:\/\/secure.gravatar.com\/avatar\/ca004e6cba8462b8cb7abc86e382930c?s=96&d=mm&r=g\",\"caption\":\"admin\"}}]}<\/script>\n<!-- \/ Yoast SEO plugin. -->","yoast_head_json":{"title":"FILEM reunir\u00e1 300 casa editoriales - Volcanes","robots":{"index":"index","follow":"follow","max-snippet":"max-snippet:-1","max-image-preview":"max-image-preview:large","max-video-preview":"max-video-preview:-1"},"canonical":"https:\/\/volcanes.net\/?p=2231","og_locale":"es_MX","og_type":"article","og_title":"FILEM reunir\u00e1 300 casa editoriales - Volcanes","og_description":"Del mismo modo, se ofrecer\u00e1n m\u00e1s de 340 actividades: conferencias magistrales, talleres, lecturas en voz","og_url":"https:\/\/volcanes.net\/?p=2231","og_site_name":"Volcanes","article_publisher":"https:\/\/www.facebook.com\/volcanes.net\/","article_published_time":"2018-08-27T21:50:33+00:00","og_image":[{"width":400,"height":266,"url":"https:\/\/volcanes.net\/wp-content\/uploads\/2018\/08\/Comun-720-12.jpg","type":"image\/jpeg"}],"author":"admin","twitter_card":"summary_large_image","twitter_misc":{"Escrito por":"admin","Tiempo de lectura":"2 minutos"},"schema":{"@context":"https:\/\/schema.org","@graph":[{"@type":"Article","@id":"https:\/\/volcanes.net\/?p=2231#article","isPartOf":{"@id":"https:\/\/volcanes.net\/?p=2231"},"author":{"name":"admin","@id":"https:\/\/volcanes.net\/#\/schema\/person\/4bf0f383940966a4abd53f5048c0e6b9"},"headline":"FILEM reunir\u00e1 300 casa editoriales","datePublished":"2018-08-27T21:50:33+00:00","mainEntityOfPage":{"@id":"https:\/\/volcanes.net\/?p=2231"},"wordCount":378,"commentCount":0,"publisher":{"@id":"https:\/\/volcanes.net\/#organization"},"image":{"@id":"https:\/\/volcanes.net\/?p=2231#primaryimage"},"thumbnailUrl":"https:\/\/volcanes.net\/wp-content\/uploads\/2018\/08\/Comun-720-12.jpg","keywords":["UAEM","UAEMEX"],"articleSection":["Municipales"],"inLanguage":"es","potentialAction":[{"@type":"CommentAction","name":"Comment","target":["https:\/\/volcanes.net\/?p=2231#respond"]}]},{"@type":"WebPage","@id":"https:\/\/volcanes.net\/?p=2231","url":"https:\/\/volcanes.net\/?p=2231","name":"FILEM reunir\u00e1 300 casa editoriales - Volcanes","isPartOf":{"@id":"https:\/\/volcanes.net\/#website"},"primaryImageOfPage":{"@id":"https:\/\/volcanes.net\/?p=2231#primaryimage"},"image":{"@id":"https:\/\/volcanes.net\/?p=2231#primaryimage"},"thumbnailUrl":"https:\/\/volcanes.net\/wp-content\/uploads\/2018\/08\/Comun-720-12.jpg","datePublished":"2018-08-27T21:50:33+00:00","breadcrumb":{"@id":"https:\/\/volcanes.net\/?p=2231#breadcrumb"},"inLanguage":"es","potentialAction":[{"@type":"ReadAction","target":["https:\/\/volcanes.net\/?p=2231"]}]},{"@type":"ImageObject","inLanguage":"es","@id":"https:\/\/volcanes.net\/?p=2231#primaryimage","url":"https:\/\/volcanes.net\/wp-content\/uploads\/2018\/08\/Comun-720-12.jpg","contentUrl":"https:\/\/volcanes.net\/wp-content\/uploads\/2018\/08\/Comun-720-12.jpg","width":400,"height":266},{"@type":"BreadcrumbList","@id":"https:\/\/volcanes.net\/?p=2231#breadcrumb","itemListElement":[{"@type":"ListItem","position":1,"name":"Portada","item":"https:\/\/volcanes.net\/"},{"@type":"ListItem","position":2,"name":"FILEM reunir\u00e1 300 casa editoriales"}]},{"@type":"WebSite","@id":"https:\/\/volcanes.net\/#website","url":"https:\/\/volcanes.net\/","name":"Volcanes.Net","description":"Periodismo Profesional","publisher":{"@id":"https:\/\/volcanes.net\/#organization"},"potentialAction":[{"@type":"SearchAction","target":{"@type":"EntryPoint","urlTemplate":"https:\/\/volcanes.net\/?s={search_term_string}"},"query-input":{"@type":"PropertyValueSpecification","valueRequired":true,"valueName":"search_term_string"}}],"inLanguage":"es"},{"@type":"Organization","@id":"https:\/\/volcanes.net\/#organization","name":"Grupo Volcanes","url":"https:\/\/volcanes.net\/","logo":{"@type":"ImageObject","inLanguage":"es","@id":"https:\/\/volcanes.net\/#\/schema\/logo\/image\/","url":"http:\/\/volcanes.net\/wp-content\/uploads\/2017\/12\/Avatar2.jpg","contentUrl":"http:\/\/volcanes.net\/wp-content\/uploads\/2017\/12\/Avatar2.jpg","width":378,"height":378,"caption":"Grupo Volcanes"},"image":{"@id":"https:\/\/volcanes.net\/#\/schema\/logo\/image\/"},"sameAs":["https:\/\/www.facebook.com\/volcanes.net\/"]},{"@type":"Person","@id":"https:\/\/volcanes.net\/#\/schema\/person\/4bf0f383940966a4abd53f5048c0e6b9","name":"admin","image":{"@type":"ImageObject","inLanguage":"es","@id":"https:\/\/volcanes.net\/#\/schema\/person\/image\/","url":"https:\/\/secure.gravatar.com\/avatar\/ca004e6cba8462b8cb7abc86e382930c?s=96&d=mm&r=g","contentUrl":"https:\/\/secure.gravatar.com\/avatar\/ca004e6cba8462b8cb7abc86e382930c?s=96&d=mm&r=g","caption":"admin"}}]}},"_links":{"self":[{"href":"https:\/\/volcanes.net\/index.php?rest_route=\/wp\/v2\/posts\/2231"}],"collection":[{"href":"https:\/\/volcanes.net\/index.php?rest_route=\/wp\/v2\/posts"}],"about":[{"href":"https:\/\/volcanes.net\/index.php?rest_route=\/wp\/v2\/types\/post"}],"author":[{"embeddable":true,"href":"https:\/\/volcanes.net\/index.php?rest_route=\/wp\/v2\/users\/1"}],"replies":[{"embeddable":true,"href":"https:\/\/volcanes.net\/index.php?rest_route=%2Fwp%2Fv2%2Fcomments&post=2231"}],"version-history":[{"count":1,"href":"https:\/\/volcanes.net\/index.php?rest_route=\/wp\/v2\/posts\/2231\/revisions"}],"predecessor-version":[{"id":2233,"href":"https:\/\/volcanes.net\/index.php?rest_route=\/wp\/v2\/posts\/2231\/revisions\/2233"}],"wp:featuredmedia":[{"embeddable":true,"href":"https:\/\/volcanes.net\/index.php?rest_route=\/wp\/v2\/media\/2232"}],"wp:attachment":[{"href":"https:\/\/volcanes.net\/index.php?rest_route=%2Fwp%2Fv2%2Fmedia&parent=2231"}],"wp:term":[{"taxonomy":"category","embeddable":true,"href":"https:\/\/volcanes.net\/index.php?rest_route=%2Fwp%2Fv2%2Fcategories&post=2231"},{"taxonomy":"post_tag","embeddable":true,"href":"https:\/\/volcanes.net\/index.php?rest_route=%2Fwp%2Fv2%2Ftags&post=2231"}],"curies":[{"name":"wp","href":"https:\/\/api.w.org\/{rel}","templated":true}]}}