{"id":2256,"date":"2018-09-03T02:02:54","date_gmt":"2018-09-03T02:02:54","guid":{"rendered":"http:\/\/volcanes.net\/?p=2256"},"modified":"2018-09-03T02:02:54","modified_gmt":"2018-09-03T02:02:54","slug":"formulo-codhem-segundo-informe-especial-sobre-el-sistema-penitenciario","status":"publish","type":"post","link":"https:\/\/volcanes.net\/?p=2256","title":{"rendered":"Formul\u00f3 Codhem segundo informe especial sobre el sistema penitenciario"},"content":{"rendered":"<div style=\"margin-top: 0px; margin-bottom: 0px;\" class=\"sharethis-inline-share-buttons\" ><\/div><p>&nbsp;<\/p>\n<p class=\"x_MsoNormal\">Ante la problem\u00e1tica identificada en el sistema penitenciario mexiquense, la Comisi\u00f3n de Derechos Humanos del Estado de M\u00e9xico (Codhem) elabor\u00f3 el Segundo Informe Especial sobre los Derechos Fundamentales de las Personas Privadas de Libertad en la Infraestructura Penitenciaria del Estado de M\u00e9xico, el cual se\u00f1ala deficiencias, avances y observaciones para implementar medidas concretas y oportunas,\u00a0as\u00ed como las acciones conjuntas de este \u00f3rgano aut\u00f3nomo con la Secretar\u00eda de Seguridad y la Secretar\u00eda de Justicia y Derechos Humanos del gobierno estatal, a efecto de garantizar el derecho a una estancia digna y segura en prisi\u00f3n.<\/p>\n<p class=\"x_MsoNormal\">Dicho documento da seguimiento puntual a la situaci\u00f3n presentada en el Informe Especial sobre los Derechos Fundamentales de las Personas Privadas de Libertad 2016, con base en el cumplimiento de observaciones formuladas y el acercamiento en 2018, de la Secretar\u00eda de Seguridad, a trav\u00e9s de la Subsecretar\u00eda de Control Penitenciario con el organismo defensor,<b>\u00a0<\/b>y del compromiso del gobierno estatal para instalar Casetas de Videollamadas de la Codhem en centros de prevenci\u00f3n y reinserci\u00f3n social para agilizar y eficientar la atenci\u00f3n, as\u00ed como establecer Oficinas de Enlace en algunos penales, entre otras acciones estrat\u00e9gicas que ser\u00e1n presentadas en breve.<\/p>\n<p class=\"x_MsoNormal\">Tambi\u00e9n refiere los avances de la Direcci\u00f3n General de Prevenci\u00f3n y Reinserci\u00f3n Social de la entidad para resguardar los derechos de las personas privadas de libertad, visitantes de la infraestructura y personal penitenciario, adem\u00e1s de los asuntos que requirieron de atenci\u00f3n inmediata y coordinada intervenci\u00f3n para restablecer la gobernabilidad en los centros penitenciarios Nezahualc\u00f3yotl Bordo Xochiaca y Ecatepec.<\/p>\n<p class=\"x_MsoNormal\">Entre los avances significativos destaca la disminuci\u00f3n de sobrepoblaci\u00f3n en los centros penitenciarios de Chalco, Lerma, Santiaguito, Temascaltepec, Tenancingo, Texcoco y Zumpango; mejoramiento de la infraestructura penitenciaria; implementaci\u00f3n de la mediaci\u00f3n en los centros penitenciarios de Santiaguito, Tlalnepantla y Ecatepec; y la reubicaci\u00f3n de personas privadas de libertad con alto perfil criminol\u00f3gico a centros penitenciarios federales, a fin de mantener la gobernabilidad.<\/p>\n<p class=\"x_MsoNormal\">El informe establece que los servidores p\u00fablicos de la Codhem realizaron 46 visitas de supervisi\u00f3n integral entre 2016 y 2017 a los Centros Penitenciarios y de Reinserci\u00f3n Social de la entidad, al Centro de Internamiento para Adolescentes \u201cQuinta del Bosque\u201d y a la Penitenciar\u00eda Modelo, donde detectaron que persist\u00edan algunas deficiencias y problemas como la sobrepoblaci\u00f3n y hacinamiento; condiciones de reclusi\u00f3n insuficientes; escaso personal penitenciario; e inadecuada protecci\u00f3n de personas con necesidades especiales y, adicionalmente, se document\u00f3 la existencia de cogobierno y autogobierno.<\/p>\n<p class=\"x_MsoNormal\">En dicho informe se precisan observaciones en materia de seguridad jur\u00eddica, sobre los derechos a una estancia digna y segura en prisi\u00f3n, a la protecci\u00f3n de la integridad f\u00edsica y moral del interno, al desarrollo de actividades productivas y educativas, a la vinculaci\u00f3n social del interno, al mantenimiento del orden y a la aplicaci\u00f3n de sanciones disciplinarias, y al de atenci\u00f3n de grupos especiales dentro de instituciones penitenciarias.<\/p>\n","protected":false},"excerpt":{"rendered":"<p>&nbsp; Ante la problem\u00e1tica identificada en el sistema penitenciario mexiquense, la Comisi\u00f3n de Derechos Humanos<\/p>\n","protected":false},"author":1,"featured_media":2257,"comment_status":"open","ping_status":"open","sticky":false,"template":"","format":"standard","meta":{"footnotes":""},"categories":[1],"tags":[183],"class_list":["post-2256","post","type-post","status-publish","format-standard","has-post-thumbnail","hentry","category-municipales","tag-codhem"],"yoast_head":"<!-- This site is optimized with the Yoast SEO plugin v25.3 - https:\/\/yoast.com\/wordpress\/plugins\/seo\/ -->\n<title>Formul\u00f3 Codhem segundo informe especial sobre el sistema penitenciario - Volcanes<\/title>\n<meta name=\"robots\" content=\"index, follow, max-snippet:-1, max-image-preview:large, max-video-preview:-1\" \/>\n<link rel=\"canonical\" href=\"https:\/\/volcanes.net\/?p=2256\" \/>\n<meta property=\"og:locale\" content=\"es_MX\" \/>\n<meta property=\"og:type\" content=\"article\" \/>\n<meta property=\"og:title\" content=\"Formul\u00f3 Codhem segundo informe especial sobre el sistema penitenciario - Volcanes\" \/>\n<meta property=\"og:description\" content=\"&nbsp; Ante la problem\u00e1tica identificada en el sistema penitenciario mexiquense, la Comisi\u00f3n de Derechos Humanos\" \/>\n<meta property=\"og:url\" content=\"https:\/\/volcanes.net\/?p=2256\" \/>\n<meta property=\"og:site_name\" content=\"Volcanes\" \/>\n<meta property=\"article:publisher\" content=\"https:\/\/www.facebook.com\/volcanes.net\/\" \/>\n<meta property=\"article:published_time\" content=\"2018-09-03T02:02:54+00:00\" \/>\n<meta property=\"og:image\" content=\"https:\/\/volcanes.net\/wp-content\/uploads\/2018\/09\/codhem.jpg\" \/>\n\t<meta property=\"og:image:width\" content=\"552\" \/>\n\t<meta property=\"og:image:height\" content=\"368\" \/>\n\t<meta property=\"og:image:type\" content=\"image\/jpeg\" \/>\n<meta name=\"author\" content=\"admin\" \/>\n<meta name=\"twitter:card\" content=\"summary_large_image\" \/>\n<meta name=\"twitter:label1\" content=\"Escrito por\" \/>\n\t<meta name=\"twitter:data1\" content=\"admin\" \/>\n\t<meta name=\"twitter:label2\" content=\"Tiempo de lectura\" \/>\n\t<meta name=\"twitter:data2\" content=\"3 minutos\" \/>\n<script type=\"application\/ld+json\" class=\"yoast-schema-graph\">{\"@context\":\"https:\/\/schema.org\",\"@graph\":[{\"@type\":\"Article\",\"@id\":\"https:\/\/volcanes.net\/?p=2256#article\",\"isPartOf\":{\"@id\":\"https:\/\/volcanes.net\/?p=2256\"},\"author\":{\"name\":\"admin\",\"@id\":\"https:\/\/volcanes.net\/#\/schema\/person\/4bf0f383940966a4abd53f5048c0e6b9\"},\"headline\":\"Formul\u00f3 Codhem segundo informe especial sobre el sistema penitenciario\",\"datePublished\":\"2018-09-03T02:02:54+00:00\",\"mainEntityOfPage\":{\"@id\":\"https:\/\/volcanes.net\/?p=2256\"},\"wordCount\":516,\"commentCount\":0,\"publisher\":{\"@id\":\"https:\/\/volcanes.net\/#organization\"},\"image\":{\"@id\":\"https:\/\/volcanes.net\/?p=2256#primaryimage\"},\"thumbnailUrl\":\"https:\/\/volcanes.net\/wp-content\/uploads\/2018\/09\/codhem.jpg\",\"keywords\":[\"CODHEM\"],\"articleSection\":[\"Municipales\"],\"inLanguage\":\"es\",\"potentialAction\":[{\"@type\":\"CommentAction\",\"name\":\"Comment\",\"target\":[\"https:\/\/volcanes.net\/?p=2256#respond\"]}]},{\"@type\":\"WebPage\",\"@id\":\"https:\/\/volcanes.net\/?p=2256\",\"url\":\"https:\/\/volcanes.net\/?p=2256\",\"name\":\"Formul\u00f3 Codhem segundo informe especial sobre el sistema penitenciario - Volcanes\",\"isPartOf\":{\"@id\":\"https:\/\/volcanes.net\/#website\"},\"primaryImageOfPage\":{\"@id\":\"https:\/\/volcanes.net\/?p=2256#primaryimage\"},\"image\":{\"@id\":\"https:\/\/volcanes.net\/?p=2256#primaryimage\"},\"thumbnailUrl\":\"https:\/\/volcanes.net\/wp-content\/uploads\/2018\/09\/codhem.jpg\",\"datePublished\":\"2018-09-03T02:02:54+00:00\",\"breadcrumb\":{\"@id\":\"https:\/\/volcanes.net\/?p=2256#breadcrumb\"},\"inLanguage\":\"es\",\"potentialAction\":[{\"@type\":\"ReadAction\",\"target\":[\"https:\/\/volcanes.net\/?p=2256\"]}]},{\"@type\":\"ImageObject\",\"inLanguage\":\"es\",\"@id\":\"https:\/\/volcanes.net\/?p=2256#primaryimage\",\"url\":\"https:\/\/volcanes.net\/wp-content\/uploads\/2018\/09\/codhem.jpg\",\"contentUrl\":\"https:\/\/volcanes.net\/wp-content\/uploads\/2018\/09\/codhem.jpg\",\"width\":552,\"height\":368},{\"@type\":\"BreadcrumbList\",\"@id\":\"https:\/\/volcanes.net\/?p=2256#breadcrumb\",\"itemListElement\":[{\"@type\":\"ListItem\",\"position\":1,\"name\":\"Portada\",\"item\":\"https:\/\/volcanes.net\/\"},{\"@type\":\"ListItem\",\"position\":2,\"name\":\"Formul\u00f3 Codhem segundo informe especial sobre el sistema penitenciario\"}]},{\"@type\":\"WebSite\",\"@id\":\"https:\/\/volcanes.net\/#website\",\"url\":\"https:\/\/volcanes.net\/\",\"name\":\"Volcanes.Net\",\"description\":\"Periodismo Profesional\",\"publisher\":{\"@id\":\"https:\/\/volcanes.net\/#organization\"},\"potentialAction\":[{\"@type\":\"SearchAction\",\"target\":{\"@type\":\"EntryPoint\",\"urlTemplate\":\"https:\/\/volcanes.net\/?s={search_term_string}\"},\"query-input\":{\"@type\":\"PropertyValueSpecification\",\"valueRequired\":true,\"valueName\":\"search_term_string\"}}],\"inLanguage\":\"es\"},{\"@type\":\"Organization\",\"@id\":\"https:\/\/volcanes.net\/#organization\",\"name\":\"Grupo Volcanes\",\"url\":\"https:\/\/volcanes.net\/\",\"logo\":{\"@type\":\"ImageObject\",\"inLanguage\":\"es\",\"@id\":\"https:\/\/volcanes.net\/#\/schema\/logo\/image\/\",\"url\":\"http:\/\/volcanes.net\/wp-content\/uploads\/2017\/12\/Avatar2.jpg\",\"contentUrl\":\"http:\/\/volcanes.net\/wp-content\/uploads\/2017\/12\/Avatar2.jpg\",\"width\":378,\"height\":378,\"caption\":\"Grupo Volcanes\"},\"image\":{\"@id\":\"https:\/\/volcanes.net\/#\/schema\/logo\/image\/\"},\"sameAs\":[\"https:\/\/www.facebook.com\/volcanes.net\/\"]},{\"@type\":\"Person\",\"@id\":\"https:\/\/volcanes.net\/#\/schema\/person\/4bf0f383940966a4abd53f5048c0e6b9\",\"name\":\"admin\",\"image\":{\"@type\":\"ImageObject\",\"inLanguage\":\"es\",\"@id\":\"https:\/\/volcanes.net\/#\/schema\/person\/image\/\",\"url\":\"https:\/\/secure.gravatar.com\/avatar\/ca004e6cba8462b8cb7abc86e382930c?s=96&d=mm&r=g\",\"contentUrl\":\"https:\/\/secure.gravatar.com\/avatar\/ca004e6cba8462b8cb7abc86e382930c?s=96&d=mm&r=g\",\"caption\":\"admin\"}}]}<\/script>\n<!-- \/ Yoast SEO plugin. -->","yoast_head_json":{"title":"Formul\u00f3 Codhem segundo informe especial sobre el sistema penitenciario - Volcanes","robots":{"index":"index","follow":"follow","max-snippet":"max-snippet:-1","max-image-preview":"max-image-preview:large","max-video-preview":"max-video-preview:-1"},"canonical":"https:\/\/volcanes.net\/?p=2256","og_locale":"es_MX","og_type":"article","og_title":"Formul\u00f3 Codhem segundo informe especial sobre el sistema penitenciario - Volcanes","og_description":"&nbsp; Ante la problem\u00e1tica identificada en el sistema penitenciario mexiquense, la Comisi\u00f3n de Derechos Humanos","og_url":"https:\/\/volcanes.net\/?p=2256","og_site_name":"Volcanes","article_publisher":"https:\/\/www.facebook.com\/volcanes.net\/","article_published_time":"2018-09-03T02:02:54+00:00","og_image":[{"width":552,"height":368,"url":"https:\/\/volcanes.net\/wp-content\/uploads\/2018\/09\/codhem.jpg","type":"image\/jpeg"}],"author":"admin","twitter_card":"summary_large_image","twitter_misc":{"Escrito por":"admin","Tiempo de lectura":"3 minutos"},"schema":{"@context":"https:\/\/schema.org","@graph":[{"@type":"Article","@id":"https:\/\/volcanes.net\/?p=2256#article","isPartOf":{"@id":"https:\/\/volcanes.net\/?p=2256"},"author":{"name":"admin","@id":"https:\/\/volcanes.net\/#\/schema\/person\/4bf0f383940966a4abd53f5048c0e6b9"},"headline":"Formul\u00f3 Codhem segundo informe especial sobre el sistema penitenciario","datePublished":"2018-09-03T02:02:54+00:00","mainEntityOfPage":{"@id":"https:\/\/volcanes.net\/?p=2256"},"wordCount":516,"commentCount":0,"publisher":{"@id":"https:\/\/volcanes.net\/#organization"},"image":{"@id":"https:\/\/volcanes.net\/?p=2256#primaryimage"},"thumbnailUrl":"https:\/\/volcanes.net\/wp-content\/uploads\/2018\/09\/codhem.jpg","keywords":["CODHEM"],"articleSection":["Municipales"],"inLanguage":"es","potentialAction":[{"@type":"CommentAction","name":"Comment","target":["https:\/\/volcanes.net\/?p=2256#respond"]}]},{"@type":"WebPage","@id":"https:\/\/volcanes.net\/?p=2256","url":"https:\/\/volcanes.net\/?p=2256","name":"Formul\u00f3 Codhem segundo informe especial sobre el sistema penitenciario - Volcanes","isPartOf":{"@id":"https:\/\/volcanes.net\/#website"},"primaryImageOfPage":{"@id":"https:\/\/volcanes.net\/?p=2256#primaryimage"},"image":{"@id":"https:\/\/volcanes.net\/?p=2256#primaryimage"},"thumbnailUrl":"https:\/\/volcanes.net\/wp-content\/uploads\/2018\/09\/codhem.jpg","datePublished":"2018-09-03T02:02:54+00:00","breadcrumb":{"@id":"https:\/\/volcanes.net\/?p=2256#breadcrumb"},"inLanguage":"es","potentialAction":[{"@type":"ReadAction","target":["https:\/\/volcanes.net\/?p=2256"]}]},{"@type":"ImageObject","inLanguage":"es","@id":"https:\/\/volcanes.net\/?p=2256#primaryimage","url":"https:\/\/volcanes.net\/wp-content\/uploads\/2018\/09\/codhem.jpg","contentUrl":"https:\/\/volcanes.net\/wp-content\/uploads\/2018\/09\/codhem.jpg","width":552,"height":368},{"@type":"BreadcrumbList","@id":"https:\/\/volcanes.net\/?p=2256#breadcrumb","itemListElement":[{"@type":"ListItem","position":1,"name":"Portada","item":"https:\/\/volcanes.net\/"},{"@type":"ListItem","position":2,"name":"Formul\u00f3 Codhem segundo informe especial sobre el sistema penitenciario"}]},{"@type":"WebSite","@id":"https:\/\/volcanes.net\/#website","url":"https:\/\/volcanes.net\/","name":"Volcanes.Net","description":"Periodismo Profesional","publisher":{"@id":"https:\/\/volcanes.net\/#organization"},"potentialAction":[{"@type":"SearchAction","target":{"@type":"EntryPoint","urlTemplate":"https:\/\/volcanes.net\/?s={search_term_string}"},"query-input":{"@type":"PropertyValueSpecification","valueRequired":true,"valueName":"search_term_string"}}],"inLanguage":"es"},{"@type":"Organization","@id":"https:\/\/volcanes.net\/#organization","name":"Grupo Volcanes","url":"https:\/\/volcanes.net\/","logo":{"@type":"ImageObject","inLanguage":"es","@id":"https:\/\/volcanes.net\/#\/schema\/logo\/image\/","url":"http:\/\/volcanes.net\/wp-content\/uploads\/2017\/12\/Avatar2.jpg","contentUrl":"http:\/\/volcanes.net\/wp-content\/uploads\/2017\/12\/Avatar2.jpg","width":378,"height":378,"caption":"Grupo Volcanes"},"image":{"@id":"https:\/\/volcanes.net\/#\/schema\/logo\/image\/"},"sameAs":["https:\/\/www.facebook.com\/volcanes.net\/"]},{"@type":"Person","@id":"https:\/\/volcanes.net\/#\/schema\/person\/4bf0f383940966a4abd53f5048c0e6b9","name":"admin","image":{"@type":"ImageObject","inLanguage":"es","@id":"https:\/\/volcanes.net\/#\/schema\/person\/image\/","url":"https:\/\/secure.gravatar.com\/avatar\/ca004e6cba8462b8cb7abc86e382930c?s=96&d=mm&r=g","contentUrl":"https:\/\/secure.gravatar.com\/avatar\/ca004e6cba8462b8cb7abc86e382930c?s=96&d=mm&r=g","caption":"admin"}}]}},"_links":{"self":[{"href":"https:\/\/volcanes.net\/index.php?rest_route=\/wp\/v2\/posts\/2256"}],"collection":[{"href":"https:\/\/volcanes.net\/index.php?rest_route=\/wp\/v2\/posts"}],"about":[{"href":"https:\/\/volcanes.net\/index.php?rest_route=\/wp\/v2\/types\/post"}],"author":[{"embeddable":true,"href":"https:\/\/volcanes.net\/index.php?rest_route=\/wp\/v2\/users\/1"}],"replies":[{"embeddable":true,"href":"https:\/\/volcanes.net\/index.php?rest_route=%2Fwp%2Fv2%2Fcomments&post=2256"}],"version-history":[{"count":1,"href":"https:\/\/volcanes.net\/index.php?rest_route=\/wp\/v2\/posts\/2256\/revisions"}],"predecessor-version":[{"id":2258,"href":"https:\/\/volcanes.net\/index.php?rest_route=\/wp\/v2\/posts\/2256\/revisions\/2258"}],"wp:featuredmedia":[{"embeddable":true,"href":"https:\/\/volcanes.net\/index.php?rest_route=\/wp\/v2\/media\/2257"}],"wp:attachment":[{"href":"https:\/\/volcanes.net\/index.php?rest_route=%2Fwp%2Fv2%2Fmedia&parent=2256"}],"wp:term":[{"taxonomy":"category","embeddable":true,"href":"https:\/\/volcanes.net\/index.php?rest_route=%2Fwp%2Fv2%2Fcategories&post=2256"},{"taxonomy":"post_tag","embeddable":true,"href":"https:\/\/volcanes.net\/index.php?rest_route=%2Fwp%2Fv2%2Ftags&post=2256"}],"curies":[{"name":"wp","href":"https:\/\/api.w.org\/{rel}","templated":true}]}}