{"id":2259,"date":"2018-09-03T02:05:11","date_gmt":"2018-09-03T02:05:11","guid":{"rendered":"http:\/\/volcanes.net\/?p=2259"},"modified":"2018-09-03T02:05:11","modified_gmt":"2018-09-03T02:05:11","slug":"h-consejo-universitario-uaem-aprobo-nuevo-posgrado-en-movilidad-y-transporte","status":"publish","type":"post","link":"https:\/\/volcanes.net\/?p=2259","title":{"rendered":"H. Consejo Universitario UAEM aprob\u00f3 nuevo posgrado en Movilidad y Transporte"},"content":{"rendered":"<div style=\"margin-top: 0px; margin-bottom: 0px;\" class=\"sharethis-inline-share-buttons\" ><\/div><p class=\"x_MsoNormal\"><span lang=\"ES-MX\">Por unanimidad, el H. Consejo Universitario de la Universidad Aut\u00f3noma del Estado de M\u00e9xico aprob\u00f3 la creaci\u00f3n de la Maestr\u00eda en Movilidad y Transporte, que formar\u00e1 profesionales capacitados para la planeaci\u00f3n, desarrollo, gesti\u00f3n y operaci\u00f3n de proyectos en este \u00e1mbito, vinculados a los requerimientos sociales mediante identificaci\u00f3n de problem\u00e1ticas espec\u00edficas.<\/span><\/p>\n<p class=\"x_MsoNormal\"><span lang=\"ES-MX\">La Maestr\u00eda en Movilidad y Transporte ser\u00e1 ofertada de manera conjunta por las facultades de Ingenier\u00eda, Planeaci\u00f3n Urbana y Regional y Ciencias Pol\u00edticas y Sociales. Tendr\u00e1 una duraci\u00f3n de cuatro periodos lectivos y considera el medio externo al sistema de transporte, es decir, poblaci\u00f3n, econom\u00eda y uso de suelo; adem\u00e1s, toma en cuenta componentes como la tecnolog\u00eda vehicular, infraestructura y formas de operaci\u00f3n.\u00a0<\/span><\/p>\n<p class=\"x_MsoNormal\"><span lang=\"ES-MX\">Durante la sesi\u00f3n ordinaria correspondiente al mes de agosto del m\u00e1ximo \u00f3rgano colegiado de la Aut\u00f3noma mexiquense, que preside el rector Alfredo Barrera Baca, la directora de la Facultad de Ingenier\u00eda de la UAEM, Dolores Dur\u00e1n Garc\u00eda, detall\u00f3 que \u00e9ste es un programa de amplia pertinencia que atender\u00e1 las problem\u00e1ticas en torno al transporte, solventar\u00e1 necesidades de movilidad y resolver\u00e1 problem\u00e1ticas sociales.<\/span><\/p>\n<p class=\"x_MsoNormal\"><span lang=\"ES-MX\">El director de la Facultad de Planeaci\u00f3n Urbana y Regional, Roberto Calder\u00f3n Maya, destac\u00f3 que pocas instituciones ofertan un programa de posgrado con \u00e9nfasis en esta \u00e1rea, de suma importancia para los planes de desarrollo de los ayuntamientos y fundamental para promover una planeaci\u00f3n urbana adecuada.<\/span><\/p>\n<p class=\"x_MsoNormal\"><span lang=\"ES-MX\">En tanto, el director de la Facultad de Ciencias Pol\u00edticas y Sociales, Marco Aurelio Cienfuegos Terr\u00f3n, manifest\u00f3 la importancia de crear programas educativos transdisciplinarios que respondan a los retos actuales.<\/span><\/p>\n<p class=\"x_MsoNormal\"><span lang=\"ES-MX\">Antes, el rector Alfredo Barrera Baca tom\u00f3 protesta como consejera universitaria a la secretaria General de la Federaci\u00f3n de Asociaciones Aut\u00f3nomas de Personal Acad\u00e9mico de la UAEM (FAAPAUAEM), Gilda Gonz\u00e1lez Villase\u00f1or.<\/span><\/p>\n","protected":false},"excerpt":{"rendered":"<p>Por unanimidad, el H. Consejo Universitario de la Universidad Aut\u00f3noma del Estado de M\u00e9xico aprob\u00f3<\/p>\n","protected":false},"author":1,"featured_media":2260,"comment_status":"open","ping_status":"open","sticky":false,"template":"","format":"standard","meta":{"footnotes":""},"categories":[1],"tags":[25,24],"class_list":["post-2259","post","type-post","status-publish","format-standard","has-post-thumbnail","hentry","category-municipales","tag-uaem","tag-uaemex"],"yoast_head":"<!-- This site is optimized with the Yoast SEO plugin v25.3 - https:\/\/yoast.com\/wordpress\/plugins\/seo\/ -->\n<title>H. Consejo Universitario UAEM aprob\u00f3 nuevo posgrado en Movilidad y Transporte - Volcanes<\/title>\n<meta name=\"robots\" content=\"index, follow, max-snippet:-1, max-image-preview:large, max-video-preview:-1\" \/>\n<link rel=\"canonical\" href=\"https:\/\/volcanes.net\/?p=2259\" \/>\n<meta property=\"og:locale\" content=\"es_MX\" \/>\n<meta property=\"og:type\" content=\"article\" \/>\n<meta property=\"og:title\" content=\"H. Consejo Universitario UAEM aprob\u00f3 nuevo posgrado en Movilidad y Transporte - Volcanes\" \/>\n<meta property=\"og:description\" content=\"Por unanimidad, el H. Consejo Universitario de la Universidad Aut\u00f3noma del Estado de M\u00e9xico aprob\u00f3\" \/>\n<meta property=\"og:url\" content=\"https:\/\/volcanes.net\/?p=2259\" \/>\n<meta property=\"og:site_name\" content=\"Volcanes\" \/>\n<meta property=\"article:publisher\" content=\"https:\/\/www.facebook.com\/volcanes.net\/\" \/>\n<meta property=\"article:published_time\" content=\"2018-09-03T02:05:11+00:00\" \/>\n<meta property=\"og:image\" content=\"https:\/\/volcanes.net\/wp-content\/uploads\/2018\/09\/comun-0736-2-1.jpg\" \/>\n\t<meta property=\"og:image:width\" content=\"551\" \/>\n\t<meta property=\"og:image:height\" content=\"368\" \/>\n\t<meta property=\"og:image:type\" content=\"image\/jpeg\" \/>\n<meta name=\"author\" content=\"admin\" \/>\n<meta name=\"twitter:card\" content=\"summary_large_image\" \/>\n<meta name=\"twitter:label1\" content=\"Escrito por\" \/>\n\t<meta name=\"twitter:data1\" content=\"admin\" \/>\n\t<meta name=\"twitter:label2\" content=\"Tiempo de lectura\" \/>\n\t<meta name=\"twitter:data2\" content=\"2 minutos\" \/>\n<script type=\"application\/ld+json\" class=\"yoast-schema-graph\">{\"@context\":\"https:\/\/schema.org\",\"@graph\":[{\"@type\":\"Article\",\"@id\":\"https:\/\/volcanes.net\/?p=2259#article\",\"isPartOf\":{\"@id\":\"https:\/\/volcanes.net\/?p=2259\"},\"author\":{\"name\":\"admin\",\"@id\":\"https:\/\/volcanes.net\/#\/schema\/person\/4bf0f383940966a4abd53f5048c0e6b9\"},\"headline\":\"H. Consejo Universitario UAEM aprob\u00f3 nuevo posgrado en Movilidad y Transporte\",\"datePublished\":\"2018-09-03T02:05:11+00:00\",\"mainEntityOfPage\":{\"@id\":\"https:\/\/volcanes.net\/?p=2259\"},\"wordCount\":331,\"commentCount\":0,\"publisher\":{\"@id\":\"https:\/\/volcanes.net\/#organization\"},\"image\":{\"@id\":\"https:\/\/volcanes.net\/?p=2259#primaryimage\"},\"thumbnailUrl\":\"https:\/\/volcanes.net\/wp-content\/uploads\/2018\/09\/comun-0736-2-1.jpg\",\"keywords\":[\"UAEM\",\"UAEMEX\"],\"articleSection\":[\"Municipales\"],\"inLanguage\":\"es\",\"potentialAction\":[{\"@type\":\"CommentAction\",\"name\":\"Comment\",\"target\":[\"https:\/\/volcanes.net\/?p=2259#respond\"]}]},{\"@type\":\"WebPage\",\"@id\":\"https:\/\/volcanes.net\/?p=2259\",\"url\":\"https:\/\/volcanes.net\/?p=2259\",\"name\":\"H. Consejo Universitario UAEM aprob\u00f3 nuevo posgrado en Movilidad y Transporte - Volcanes\",\"isPartOf\":{\"@id\":\"https:\/\/volcanes.net\/#website\"},\"primaryImageOfPage\":{\"@id\":\"https:\/\/volcanes.net\/?p=2259#primaryimage\"},\"image\":{\"@id\":\"https:\/\/volcanes.net\/?p=2259#primaryimage\"},\"thumbnailUrl\":\"https:\/\/volcanes.net\/wp-content\/uploads\/2018\/09\/comun-0736-2-1.jpg\",\"datePublished\":\"2018-09-03T02:05:11+00:00\",\"breadcrumb\":{\"@id\":\"https:\/\/volcanes.net\/?p=2259#breadcrumb\"},\"inLanguage\":\"es\",\"potentialAction\":[{\"@type\":\"ReadAction\",\"target\":[\"https:\/\/volcanes.net\/?p=2259\"]}]},{\"@type\":\"ImageObject\",\"inLanguage\":\"es\",\"@id\":\"https:\/\/volcanes.net\/?p=2259#primaryimage\",\"url\":\"https:\/\/volcanes.net\/wp-content\/uploads\/2018\/09\/comun-0736-2-1.jpg\",\"contentUrl\":\"https:\/\/volcanes.net\/wp-content\/uploads\/2018\/09\/comun-0736-2-1.jpg\",\"width\":551,\"height\":368},{\"@type\":\"BreadcrumbList\",\"@id\":\"https:\/\/volcanes.net\/?p=2259#breadcrumb\",\"itemListElement\":[{\"@type\":\"ListItem\",\"position\":1,\"name\":\"Portada\",\"item\":\"https:\/\/volcanes.net\/\"},{\"@type\":\"ListItem\",\"position\":2,\"name\":\"H. Consejo Universitario UAEM aprob\u00f3 nuevo posgrado en Movilidad y Transporte\"}]},{\"@type\":\"WebSite\",\"@id\":\"https:\/\/volcanes.net\/#website\",\"url\":\"https:\/\/volcanes.net\/\",\"name\":\"Volcanes.Net\",\"description\":\"Periodismo Profesional\",\"publisher\":{\"@id\":\"https:\/\/volcanes.net\/#organization\"},\"potentialAction\":[{\"@type\":\"SearchAction\",\"target\":{\"@type\":\"EntryPoint\",\"urlTemplate\":\"https:\/\/volcanes.net\/?s={search_term_string}\"},\"query-input\":{\"@type\":\"PropertyValueSpecification\",\"valueRequired\":true,\"valueName\":\"search_term_string\"}}],\"inLanguage\":\"es\"},{\"@type\":\"Organization\",\"@id\":\"https:\/\/volcanes.net\/#organization\",\"name\":\"Grupo Volcanes\",\"url\":\"https:\/\/volcanes.net\/\",\"logo\":{\"@type\":\"ImageObject\",\"inLanguage\":\"es\",\"@id\":\"https:\/\/volcanes.net\/#\/schema\/logo\/image\/\",\"url\":\"http:\/\/volcanes.net\/wp-content\/uploads\/2017\/12\/Avatar2.jpg\",\"contentUrl\":\"http:\/\/volcanes.net\/wp-content\/uploads\/2017\/12\/Avatar2.jpg\",\"width\":378,\"height\":378,\"caption\":\"Grupo Volcanes\"},\"image\":{\"@id\":\"https:\/\/volcanes.net\/#\/schema\/logo\/image\/\"},\"sameAs\":[\"https:\/\/www.facebook.com\/volcanes.net\/\"]},{\"@type\":\"Person\",\"@id\":\"https:\/\/volcanes.net\/#\/schema\/person\/4bf0f383940966a4abd53f5048c0e6b9\",\"name\":\"admin\",\"image\":{\"@type\":\"ImageObject\",\"inLanguage\":\"es\",\"@id\":\"https:\/\/volcanes.net\/#\/schema\/person\/image\/\",\"url\":\"https:\/\/secure.gravatar.com\/avatar\/ca004e6cba8462b8cb7abc86e382930c?s=96&d=mm&r=g\",\"contentUrl\":\"https:\/\/secure.gravatar.com\/avatar\/ca004e6cba8462b8cb7abc86e382930c?s=96&d=mm&r=g\",\"caption\":\"admin\"}}]}<\/script>\n<!-- \/ Yoast SEO plugin. -->","yoast_head_json":{"title":"H. Consejo Universitario UAEM aprob\u00f3 nuevo posgrado en Movilidad y Transporte - Volcanes","robots":{"index":"index","follow":"follow","max-snippet":"max-snippet:-1","max-image-preview":"max-image-preview:large","max-video-preview":"max-video-preview:-1"},"canonical":"https:\/\/volcanes.net\/?p=2259","og_locale":"es_MX","og_type":"article","og_title":"H. Consejo Universitario UAEM aprob\u00f3 nuevo posgrado en Movilidad y Transporte - Volcanes","og_description":"Por unanimidad, el H. Consejo Universitario de la Universidad Aut\u00f3noma del Estado de M\u00e9xico aprob\u00f3","og_url":"https:\/\/volcanes.net\/?p=2259","og_site_name":"Volcanes","article_publisher":"https:\/\/www.facebook.com\/volcanes.net\/","article_published_time":"2018-09-03T02:05:11+00:00","og_image":[{"width":551,"height":368,"url":"https:\/\/volcanes.net\/wp-content\/uploads\/2018\/09\/comun-0736-2-1.jpg","type":"image\/jpeg"}],"author":"admin","twitter_card":"summary_large_image","twitter_misc":{"Escrito por":"admin","Tiempo de lectura":"2 minutos"},"schema":{"@context":"https:\/\/schema.org","@graph":[{"@type":"Article","@id":"https:\/\/volcanes.net\/?p=2259#article","isPartOf":{"@id":"https:\/\/volcanes.net\/?p=2259"},"author":{"name":"admin","@id":"https:\/\/volcanes.net\/#\/schema\/person\/4bf0f383940966a4abd53f5048c0e6b9"},"headline":"H. Consejo Universitario UAEM aprob\u00f3 nuevo posgrado en Movilidad y Transporte","datePublished":"2018-09-03T02:05:11+00:00","mainEntityOfPage":{"@id":"https:\/\/volcanes.net\/?p=2259"},"wordCount":331,"commentCount":0,"publisher":{"@id":"https:\/\/volcanes.net\/#organization"},"image":{"@id":"https:\/\/volcanes.net\/?p=2259#primaryimage"},"thumbnailUrl":"https:\/\/volcanes.net\/wp-content\/uploads\/2018\/09\/comun-0736-2-1.jpg","keywords":["UAEM","UAEMEX"],"articleSection":["Municipales"],"inLanguage":"es","potentialAction":[{"@type":"CommentAction","name":"Comment","target":["https:\/\/volcanes.net\/?p=2259#respond"]}]},{"@type":"WebPage","@id":"https:\/\/volcanes.net\/?p=2259","url":"https:\/\/volcanes.net\/?p=2259","name":"H. Consejo Universitario UAEM aprob\u00f3 nuevo posgrado en Movilidad y Transporte - Volcanes","isPartOf":{"@id":"https:\/\/volcanes.net\/#website"},"primaryImageOfPage":{"@id":"https:\/\/volcanes.net\/?p=2259#primaryimage"},"image":{"@id":"https:\/\/volcanes.net\/?p=2259#primaryimage"},"thumbnailUrl":"https:\/\/volcanes.net\/wp-content\/uploads\/2018\/09\/comun-0736-2-1.jpg","datePublished":"2018-09-03T02:05:11+00:00","breadcrumb":{"@id":"https:\/\/volcanes.net\/?p=2259#breadcrumb"},"inLanguage":"es","potentialAction":[{"@type":"ReadAction","target":["https:\/\/volcanes.net\/?p=2259"]}]},{"@type":"ImageObject","inLanguage":"es","@id":"https:\/\/volcanes.net\/?p=2259#primaryimage","url":"https:\/\/volcanes.net\/wp-content\/uploads\/2018\/09\/comun-0736-2-1.jpg","contentUrl":"https:\/\/volcanes.net\/wp-content\/uploads\/2018\/09\/comun-0736-2-1.jpg","width":551,"height":368},{"@type":"BreadcrumbList","@id":"https:\/\/volcanes.net\/?p=2259#breadcrumb","itemListElement":[{"@type":"ListItem","position":1,"name":"Portada","item":"https:\/\/volcanes.net\/"},{"@type":"ListItem","position":2,"name":"H. Consejo Universitario UAEM aprob\u00f3 nuevo posgrado en Movilidad y Transporte"}]},{"@type":"WebSite","@id":"https:\/\/volcanes.net\/#website","url":"https:\/\/volcanes.net\/","name":"Volcanes.Net","description":"Periodismo Profesional","publisher":{"@id":"https:\/\/volcanes.net\/#organization"},"potentialAction":[{"@type":"SearchAction","target":{"@type":"EntryPoint","urlTemplate":"https:\/\/volcanes.net\/?s={search_term_string}"},"query-input":{"@type":"PropertyValueSpecification","valueRequired":true,"valueName":"search_term_string"}}],"inLanguage":"es"},{"@type":"Organization","@id":"https:\/\/volcanes.net\/#organization","name":"Grupo Volcanes","url":"https:\/\/volcanes.net\/","logo":{"@type":"ImageObject","inLanguage":"es","@id":"https:\/\/volcanes.net\/#\/schema\/logo\/image\/","url":"http:\/\/volcanes.net\/wp-content\/uploads\/2017\/12\/Avatar2.jpg","contentUrl":"http:\/\/volcanes.net\/wp-content\/uploads\/2017\/12\/Avatar2.jpg","width":378,"height":378,"caption":"Grupo Volcanes"},"image":{"@id":"https:\/\/volcanes.net\/#\/schema\/logo\/image\/"},"sameAs":["https:\/\/www.facebook.com\/volcanes.net\/"]},{"@type":"Person","@id":"https:\/\/volcanes.net\/#\/schema\/person\/4bf0f383940966a4abd53f5048c0e6b9","name":"admin","image":{"@type":"ImageObject","inLanguage":"es","@id":"https:\/\/volcanes.net\/#\/schema\/person\/image\/","url":"https:\/\/secure.gravatar.com\/avatar\/ca004e6cba8462b8cb7abc86e382930c?s=96&d=mm&r=g","contentUrl":"https:\/\/secure.gravatar.com\/avatar\/ca004e6cba8462b8cb7abc86e382930c?s=96&d=mm&r=g","caption":"admin"}}]}},"_links":{"self":[{"href":"https:\/\/volcanes.net\/index.php?rest_route=\/wp\/v2\/posts\/2259"}],"collection":[{"href":"https:\/\/volcanes.net\/index.php?rest_route=\/wp\/v2\/posts"}],"about":[{"href":"https:\/\/volcanes.net\/index.php?rest_route=\/wp\/v2\/types\/post"}],"author":[{"embeddable":true,"href":"https:\/\/volcanes.net\/index.php?rest_route=\/wp\/v2\/users\/1"}],"replies":[{"embeddable":true,"href":"https:\/\/volcanes.net\/index.php?rest_route=%2Fwp%2Fv2%2Fcomments&post=2259"}],"version-history":[{"count":1,"href":"https:\/\/volcanes.net\/index.php?rest_route=\/wp\/v2\/posts\/2259\/revisions"}],"predecessor-version":[{"id":2261,"href":"https:\/\/volcanes.net\/index.php?rest_route=\/wp\/v2\/posts\/2259\/revisions\/2261"}],"wp:featuredmedia":[{"embeddable":true,"href":"https:\/\/volcanes.net\/index.php?rest_route=\/wp\/v2\/media\/2260"}],"wp:attachment":[{"href":"https:\/\/volcanes.net\/index.php?rest_route=%2Fwp%2Fv2%2Fmedia&parent=2259"}],"wp:term":[{"taxonomy":"category","embeddable":true,"href":"https:\/\/volcanes.net\/index.php?rest_route=%2Fwp%2Fv2%2Fcategories&post=2259"},{"taxonomy":"post_tag","embeddable":true,"href":"https:\/\/volcanes.net\/index.php?rest_route=%2Fwp%2Fv2%2Ftags&post=2259"}],"curies":[{"name":"wp","href":"https:\/\/api.w.org\/{rel}","templated":true}]}}