{"id":2265,"date":"2018-09-03T02:07:53","date_gmt":"2018-09-03T02:07:53","guid":{"rendered":"http:\/\/volcanes.net\/?p=2265"},"modified":"2018-09-03T02:07:53","modified_gmt":"2018-09-03T02:07:53","slug":"inversion-en-infraestructura-educativa-crecio-mas-este-sexenio-que-los-dos-anteriores-juntos","status":"publish","type":"post","link":"https:\/\/volcanes.net\/?p=2265","title":{"rendered":"Inversi\u00f3n en infraestructura educativa creci\u00f3 m\u00e1s este sexenio que los dos anteriores juntos"},"content":{"rendered":"<div style=\"margin-top: 0px; margin-bottom: 0px;\" class=\"sharethis-inline-share-buttons\" ><\/div><p>De enero de 2013 a junio de 2018, se invirtieron en infraestructura, equipamiento y materiales educativos, 74 mil 249 millones de pesos, esto es, 229 por ciento m\u00e1s que en los dos sexenios previos juntos, destac\u00f3 el presidente Enrique Pe\u00f1a Nieto.<\/p>\n<p>En su sexto y \u00faltimo Informe de Gobierno, el mandatario federal precis\u00f3 que al mes de junio pasado, el Programa Escuelas al CIEN cont\u00f3 con una disponibilidad de recursos por 39 mil 691 millones de pesos.<\/p>\n<p>De ese total, con una inversi\u00f3n de 33 mil 159 millones de pesos, se encuentran en intervenci\u00f3n 21 mil 682 planteles escolares de todos los niveles educativos, con lo que se benefici\u00f3 a una matr\u00edcula de 4.4 millones de alumnos de educaci\u00f3n b\u00e1sica y media superior.<\/p>\n<p>En el texto, se\u00f1al\u00f3 que durante este sexenio el Programa de la Reforma Educativa destin\u00f3 16 mil 750 millones de pesos para beneficiar a 41 mil 936 escuelas; de \u00e9stas, 27 mil 733 con el componente para la atenci\u00f3n de las carencias f\u00edsicas de las escuelas p\u00fablicas de educaci\u00f3n b\u00e1sica y 36 mil 245 con el componente para el fortalecimiento de la autonom\u00eda de gesti\u00f3n.<\/p>\n<p>En este sentido, con una inversi\u00f3n autorizada de cuatro mil 651.6 millones de pesos, se contrataron con cargo a este programa 27 mil 034, de los cuales 12 mil 357 se encuentran en operaci\u00f3n y 14,677 en proceso de instalaci\u00f3n.<\/p>\n<p>Adem\u00e1s, al finalizar julio de 2018, se cuadruplic\u00f3 el n\u00famero de Escuelas de Tiempo Completo con respecto al inicio del sexenio, al pasar de seis mil 708 a 25 mil 134 planteles en las 32 entidades federativas de M\u00e9xico, lo que represent\u00f3 un incremento de 274.7 por ciento, respecto a las seis mil 708 que hab\u00eda en a\u00f1o lectivo 2012-2013.<\/p>\n","protected":false},"excerpt":{"rendered":"<p>De enero de 2013 a junio de 2018, se invirtieron en infraestructura, equipamiento y materiales<\/p>\n","protected":false},"author":1,"featured_media":2266,"comment_status":"open","ping_status":"open","sticky":false,"template":"","format":"standard","meta":{"footnotes":""},"categories":[1],"tags":[44],"class_list":["post-2265","post","type-post","status-publish","format-standard","has-post-thumbnail","hentry","category-municipales","tag-gobierno-de-la-republica"],"yoast_head":"<!-- This site is optimized with the Yoast SEO plugin v25.3 - https:\/\/yoast.com\/wordpress\/plugins\/seo\/ -->\n<title>Inversi\u00f3n en infraestructura educativa creci\u00f3 m\u00e1s este sexenio que los dos anteriores juntos - Volcanes<\/title>\n<meta name=\"robots\" content=\"index, follow, max-snippet:-1, max-image-preview:large, max-video-preview:-1\" \/>\n<link rel=\"canonical\" href=\"https:\/\/volcanes.net\/?p=2265\" \/>\n<meta property=\"og:locale\" content=\"es_MX\" \/>\n<meta property=\"og:type\" content=\"article\" \/>\n<meta property=\"og:title\" content=\"Inversi\u00f3n en infraestructura educativa creci\u00f3 m\u00e1s este sexenio que los dos anteriores juntos - Volcanes\" \/>\n<meta property=\"og:description\" content=\"De enero de 2013 a junio de 2018, se invirtieron en infraestructura, equipamiento y materiales\" \/>\n<meta property=\"og:url\" content=\"https:\/\/volcanes.net\/?p=2265\" \/>\n<meta property=\"og:site_name\" content=\"Volcanes\" \/>\n<meta property=\"article:publisher\" content=\"https:\/\/www.facebook.com\/volcanes.net\/\" \/>\n<meta property=\"article:published_time\" content=\"2018-09-03T02:07:53+00:00\" \/>\n<meta property=\"og:image\" content=\"https:\/\/volcanes.net\/wp-content\/uploads\/2018\/09\/escuelas-al-100.jpg\" \/>\n\t<meta property=\"og:image:width\" content=\"551\" \/>\n\t<meta property=\"og:image:height\" content=\"368\" \/>\n\t<meta property=\"og:image:type\" content=\"image\/jpeg\" \/>\n<meta name=\"author\" content=\"admin\" \/>\n<meta name=\"twitter:card\" content=\"summary_large_image\" \/>\n<meta name=\"twitter:label1\" content=\"Escrito por\" \/>\n\t<meta name=\"twitter:data1\" content=\"admin\" \/>\n\t<meta name=\"twitter:label2\" content=\"Tiempo de lectura\" \/>\n\t<meta name=\"twitter:data2\" content=\"1 minuto\" \/>\n<script type=\"application\/ld+json\" class=\"yoast-schema-graph\">{\"@context\":\"https:\/\/schema.org\",\"@graph\":[{\"@type\":\"Article\",\"@id\":\"https:\/\/volcanes.net\/?p=2265#article\",\"isPartOf\":{\"@id\":\"https:\/\/volcanes.net\/?p=2265\"},\"author\":{\"name\":\"admin\",\"@id\":\"https:\/\/volcanes.net\/#\/schema\/person\/4bf0f383940966a4abd53f5048c0e6b9\"},\"headline\":\"Inversi\u00f3n en infraestructura educativa creci\u00f3 m\u00e1s este sexenio que los dos anteriores juntos\",\"datePublished\":\"2018-09-03T02:07:53+00:00\",\"mainEntityOfPage\":{\"@id\":\"https:\/\/volcanes.net\/?p=2265\"},\"wordCount\":293,\"commentCount\":0,\"publisher\":{\"@id\":\"https:\/\/volcanes.net\/#organization\"},\"image\":{\"@id\":\"https:\/\/volcanes.net\/?p=2265#primaryimage\"},\"thumbnailUrl\":\"https:\/\/volcanes.net\/wp-content\/uploads\/2018\/09\/escuelas-al-100.jpg\",\"keywords\":[\"Gobierno de la Rep\u00fablica\"],\"articleSection\":[\"Municipales\"],\"inLanguage\":\"es\",\"potentialAction\":[{\"@type\":\"CommentAction\",\"name\":\"Comment\",\"target\":[\"https:\/\/volcanes.net\/?p=2265#respond\"]}]},{\"@type\":\"WebPage\",\"@id\":\"https:\/\/volcanes.net\/?p=2265\",\"url\":\"https:\/\/volcanes.net\/?p=2265\",\"name\":\"Inversi\u00f3n en infraestructura educativa creci\u00f3 m\u00e1s este sexenio que los dos anteriores juntos - Volcanes\",\"isPartOf\":{\"@id\":\"https:\/\/volcanes.net\/#website\"},\"primaryImageOfPage\":{\"@id\":\"https:\/\/volcanes.net\/?p=2265#primaryimage\"},\"image\":{\"@id\":\"https:\/\/volcanes.net\/?p=2265#primaryimage\"},\"thumbnailUrl\":\"https:\/\/volcanes.net\/wp-content\/uploads\/2018\/09\/escuelas-al-100.jpg\",\"datePublished\":\"2018-09-03T02:07:53+00:00\",\"breadcrumb\":{\"@id\":\"https:\/\/volcanes.net\/?p=2265#breadcrumb\"},\"inLanguage\":\"es\",\"potentialAction\":[{\"@type\":\"ReadAction\",\"target\":[\"https:\/\/volcanes.net\/?p=2265\"]}]},{\"@type\":\"ImageObject\",\"inLanguage\":\"es\",\"@id\":\"https:\/\/volcanes.net\/?p=2265#primaryimage\",\"url\":\"https:\/\/volcanes.net\/wp-content\/uploads\/2018\/09\/escuelas-al-100.jpg\",\"contentUrl\":\"https:\/\/volcanes.net\/wp-content\/uploads\/2018\/09\/escuelas-al-100.jpg\",\"width\":551,\"height\":368},{\"@type\":\"BreadcrumbList\",\"@id\":\"https:\/\/volcanes.net\/?p=2265#breadcrumb\",\"itemListElement\":[{\"@type\":\"ListItem\",\"position\":1,\"name\":\"Portada\",\"item\":\"https:\/\/volcanes.net\/\"},{\"@type\":\"ListItem\",\"position\":2,\"name\":\"Inversi\u00f3n en infraestructura educativa creci\u00f3 m\u00e1s este sexenio que los dos anteriores juntos\"}]},{\"@type\":\"WebSite\",\"@id\":\"https:\/\/volcanes.net\/#website\",\"url\":\"https:\/\/volcanes.net\/\",\"name\":\"Volcanes.Net\",\"description\":\"Periodismo Profesional\",\"publisher\":{\"@id\":\"https:\/\/volcanes.net\/#organization\"},\"potentialAction\":[{\"@type\":\"SearchAction\",\"target\":{\"@type\":\"EntryPoint\",\"urlTemplate\":\"https:\/\/volcanes.net\/?s={search_term_string}\"},\"query-input\":{\"@type\":\"PropertyValueSpecification\",\"valueRequired\":true,\"valueName\":\"search_term_string\"}}],\"inLanguage\":\"es\"},{\"@type\":\"Organization\",\"@id\":\"https:\/\/volcanes.net\/#organization\",\"name\":\"Grupo Volcanes\",\"url\":\"https:\/\/volcanes.net\/\",\"logo\":{\"@type\":\"ImageObject\",\"inLanguage\":\"es\",\"@id\":\"https:\/\/volcanes.net\/#\/schema\/logo\/image\/\",\"url\":\"http:\/\/volcanes.net\/wp-content\/uploads\/2017\/12\/Avatar2.jpg\",\"contentUrl\":\"http:\/\/volcanes.net\/wp-content\/uploads\/2017\/12\/Avatar2.jpg\",\"width\":378,\"height\":378,\"caption\":\"Grupo Volcanes\"},\"image\":{\"@id\":\"https:\/\/volcanes.net\/#\/schema\/logo\/image\/\"},\"sameAs\":[\"https:\/\/www.facebook.com\/volcanes.net\/\"]},{\"@type\":\"Person\",\"@id\":\"https:\/\/volcanes.net\/#\/schema\/person\/4bf0f383940966a4abd53f5048c0e6b9\",\"name\":\"admin\",\"image\":{\"@type\":\"ImageObject\",\"inLanguage\":\"es\",\"@id\":\"https:\/\/volcanes.net\/#\/schema\/person\/image\/\",\"url\":\"https:\/\/secure.gravatar.com\/avatar\/ca004e6cba8462b8cb7abc86e382930c?s=96&d=mm&r=g\",\"contentUrl\":\"https:\/\/secure.gravatar.com\/avatar\/ca004e6cba8462b8cb7abc86e382930c?s=96&d=mm&r=g\",\"caption\":\"admin\"}}]}<\/script>\n<!-- \/ Yoast SEO plugin. -->","yoast_head_json":{"title":"Inversi\u00f3n en infraestructura educativa creci\u00f3 m\u00e1s este sexenio que los dos anteriores juntos - Volcanes","robots":{"index":"index","follow":"follow","max-snippet":"max-snippet:-1","max-image-preview":"max-image-preview:large","max-video-preview":"max-video-preview:-1"},"canonical":"https:\/\/volcanes.net\/?p=2265","og_locale":"es_MX","og_type":"article","og_title":"Inversi\u00f3n en infraestructura educativa creci\u00f3 m\u00e1s este sexenio que los dos anteriores juntos - Volcanes","og_description":"De enero de 2013 a junio de 2018, se invirtieron en infraestructura, equipamiento y materiales","og_url":"https:\/\/volcanes.net\/?p=2265","og_site_name":"Volcanes","article_publisher":"https:\/\/www.facebook.com\/volcanes.net\/","article_published_time":"2018-09-03T02:07:53+00:00","og_image":[{"width":551,"height":368,"url":"https:\/\/volcanes.net\/wp-content\/uploads\/2018\/09\/escuelas-al-100.jpg","type":"image\/jpeg"}],"author":"admin","twitter_card":"summary_large_image","twitter_misc":{"Escrito por":"admin","Tiempo de lectura":"1 minuto"},"schema":{"@context":"https:\/\/schema.org","@graph":[{"@type":"Article","@id":"https:\/\/volcanes.net\/?p=2265#article","isPartOf":{"@id":"https:\/\/volcanes.net\/?p=2265"},"author":{"name":"admin","@id":"https:\/\/volcanes.net\/#\/schema\/person\/4bf0f383940966a4abd53f5048c0e6b9"},"headline":"Inversi\u00f3n en infraestructura educativa creci\u00f3 m\u00e1s este sexenio que los dos anteriores juntos","datePublished":"2018-09-03T02:07:53+00:00","mainEntityOfPage":{"@id":"https:\/\/volcanes.net\/?p=2265"},"wordCount":293,"commentCount":0,"publisher":{"@id":"https:\/\/volcanes.net\/#organization"},"image":{"@id":"https:\/\/volcanes.net\/?p=2265#primaryimage"},"thumbnailUrl":"https:\/\/volcanes.net\/wp-content\/uploads\/2018\/09\/escuelas-al-100.jpg","keywords":["Gobierno de la Rep\u00fablica"],"articleSection":["Municipales"],"inLanguage":"es","potentialAction":[{"@type":"CommentAction","name":"Comment","target":["https:\/\/volcanes.net\/?p=2265#respond"]}]},{"@type":"WebPage","@id":"https:\/\/volcanes.net\/?p=2265","url":"https:\/\/volcanes.net\/?p=2265","name":"Inversi\u00f3n en infraestructura educativa creci\u00f3 m\u00e1s este sexenio que los dos anteriores juntos - Volcanes","isPartOf":{"@id":"https:\/\/volcanes.net\/#website"},"primaryImageOfPage":{"@id":"https:\/\/volcanes.net\/?p=2265#primaryimage"},"image":{"@id":"https:\/\/volcanes.net\/?p=2265#primaryimage"},"thumbnailUrl":"https:\/\/volcanes.net\/wp-content\/uploads\/2018\/09\/escuelas-al-100.jpg","datePublished":"2018-09-03T02:07:53+00:00","breadcrumb":{"@id":"https:\/\/volcanes.net\/?p=2265#breadcrumb"},"inLanguage":"es","potentialAction":[{"@type":"ReadAction","target":["https:\/\/volcanes.net\/?p=2265"]}]},{"@type":"ImageObject","inLanguage":"es","@id":"https:\/\/volcanes.net\/?p=2265#primaryimage","url":"https:\/\/volcanes.net\/wp-content\/uploads\/2018\/09\/escuelas-al-100.jpg","contentUrl":"https:\/\/volcanes.net\/wp-content\/uploads\/2018\/09\/escuelas-al-100.jpg","width":551,"height":368},{"@type":"BreadcrumbList","@id":"https:\/\/volcanes.net\/?p=2265#breadcrumb","itemListElement":[{"@type":"ListItem","position":1,"name":"Portada","item":"https:\/\/volcanes.net\/"},{"@type":"ListItem","position":2,"name":"Inversi\u00f3n en infraestructura educativa creci\u00f3 m\u00e1s este sexenio que los dos anteriores juntos"}]},{"@type":"WebSite","@id":"https:\/\/volcanes.net\/#website","url":"https:\/\/volcanes.net\/","name":"Volcanes.Net","description":"Periodismo Profesional","publisher":{"@id":"https:\/\/volcanes.net\/#organization"},"potentialAction":[{"@type":"SearchAction","target":{"@type":"EntryPoint","urlTemplate":"https:\/\/volcanes.net\/?s={search_term_string}"},"query-input":{"@type":"PropertyValueSpecification","valueRequired":true,"valueName":"search_term_string"}}],"inLanguage":"es"},{"@type":"Organization","@id":"https:\/\/volcanes.net\/#organization","name":"Grupo Volcanes","url":"https:\/\/volcanes.net\/","logo":{"@type":"ImageObject","inLanguage":"es","@id":"https:\/\/volcanes.net\/#\/schema\/logo\/image\/","url":"http:\/\/volcanes.net\/wp-content\/uploads\/2017\/12\/Avatar2.jpg","contentUrl":"http:\/\/volcanes.net\/wp-content\/uploads\/2017\/12\/Avatar2.jpg","width":378,"height":378,"caption":"Grupo Volcanes"},"image":{"@id":"https:\/\/volcanes.net\/#\/schema\/logo\/image\/"},"sameAs":["https:\/\/www.facebook.com\/volcanes.net\/"]},{"@type":"Person","@id":"https:\/\/volcanes.net\/#\/schema\/person\/4bf0f383940966a4abd53f5048c0e6b9","name":"admin","image":{"@type":"ImageObject","inLanguage":"es","@id":"https:\/\/volcanes.net\/#\/schema\/person\/image\/","url":"https:\/\/secure.gravatar.com\/avatar\/ca004e6cba8462b8cb7abc86e382930c?s=96&d=mm&r=g","contentUrl":"https:\/\/secure.gravatar.com\/avatar\/ca004e6cba8462b8cb7abc86e382930c?s=96&d=mm&r=g","caption":"admin"}}]}},"_links":{"self":[{"href":"https:\/\/volcanes.net\/index.php?rest_route=\/wp\/v2\/posts\/2265"}],"collection":[{"href":"https:\/\/volcanes.net\/index.php?rest_route=\/wp\/v2\/posts"}],"about":[{"href":"https:\/\/volcanes.net\/index.php?rest_route=\/wp\/v2\/types\/post"}],"author":[{"embeddable":true,"href":"https:\/\/volcanes.net\/index.php?rest_route=\/wp\/v2\/users\/1"}],"replies":[{"embeddable":true,"href":"https:\/\/volcanes.net\/index.php?rest_route=%2Fwp%2Fv2%2Fcomments&post=2265"}],"version-history":[{"count":1,"href":"https:\/\/volcanes.net\/index.php?rest_route=\/wp\/v2\/posts\/2265\/revisions"}],"predecessor-version":[{"id":2267,"href":"https:\/\/volcanes.net\/index.php?rest_route=\/wp\/v2\/posts\/2265\/revisions\/2267"}],"wp:featuredmedia":[{"embeddable":true,"href":"https:\/\/volcanes.net\/index.php?rest_route=\/wp\/v2\/media\/2266"}],"wp:attachment":[{"href":"https:\/\/volcanes.net\/index.php?rest_route=%2Fwp%2Fv2%2Fmedia&parent=2265"}],"wp:term":[{"taxonomy":"category","embeddable":true,"href":"https:\/\/volcanes.net\/index.php?rest_route=%2Fwp%2Fv2%2Fcategories&post=2265"},{"taxonomy":"post_tag","embeddable":true,"href":"https:\/\/volcanes.net\/index.php?rest_route=%2Fwp%2Fv2%2Ftags&post=2265"}],"curies":[{"name":"wp","href":"https:\/\/api.w.org\/{rel}","templated":true}]}}