{"id":2298,"date":"2018-09-04T01:39:17","date_gmt":"2018-09-04T01:39:17","guid":{"rendered":"http:\/\/volcanes.net\/?p=2298"},"modified":"2018-09-04T01:39:17","modified_gmt":"2018-09-04T01:39:17","slug":"impulsara-el-senado-un-plan-de-austeridad-republicana-marti-batres-video","status":"publish","type":"post","link":"https:\/\/volcanes.net\/?p=2298","title":{"rendered":"Impulsar\u00e1 el Senado un plan de Austeridad Rep\u00fablicana: Mart\u00ed Batres (VIDEO)"},"content":{"rendered":"<div style=\"margin-top: 0px; margin-bottom: 0px;\" class=\"sharethis-inline-share-buttons\" ><\/div><p class=\"m_-8350281610725934125m_3152914369902630246gmail-CUERPO\"><span lang=\"ES-TRAD\">El trabajo legislativo ser\u00e1 a trav\u00e9s del di\u00e1logo, construcci\u00f3n de consensos y un buen entendimiento entre los Grupos Parlamentarios.<\/span><\/p>\n<p class=\"m_-8350281610725934125m_3152914369902630246gmail-CUERPO\">\n<p class=\"m_-8350281610725934125m_3152914369902630246gmail-CUERPO\"><span lang=\"ES-TRAD\">Los \u00f3rganos de gobierno del Senado de la Rep\u00fablica de la LXIV Legislatura impulsar\u00e1n un plan en materia de Auteridad Rep\u00fablciana, con dialogo,\u00a0 consensos y un buen entendimiento con los Grupos Parlamentarios, afirm\u00f3 el \u00a0presidente de la Mesa Directiva de la C\u00e1mara Alta, senador Mart\u00ed Batres Guadarrama.<\/span><\/p>\n<p class=\"m_-8350281610725934125m_3152914369902630246gmail-CUERPO\"><span lang=\"ES-TRAD\">\u00a0<\/span><\/p>\n<p class=\"m_-8350281610725934125m_3152914369902630246gmail-CUERPO\"><span lang=\"ES-TRAD\">En conferencia de prensa, el legislador de Morena subray\u00f3 que lo anterior tiene el prop\u00f3sito\u00a0 de obtener\u00a0 ahorros econ\u00f3micos\u00a0 en el corto plazo.<\/span><\/p>\n<p class=\"m_-8350281610725934125m_3152914369902630246gmail-CUERPO\"><span lang=\"ES-TRAD\">\u00a0<\/span><\/p>\n<p class=\"m_-8350281610725934125m_3152914369902630246gmail-CUERPO\"><span lang=\"ES-TRAD\">En este sentido, preciso: \u201cNo voy a tener veh\u00edculo del Senado, no voy a tener escolta \u00a0ni guardaespaldas y no voy a pedir que el Senado pague mis comidas o contar con un sobresueldo por el hecho de ser presidente de la Mesa Directiva\u201d.<\/span><\/p>\n<p class=\"m_-8350281610725934125m_3152914369902630246gmail-CUERPO\"><span lang=\"ES-TRAD\">\u00a0<\/span><\/p>\n<p class=\"m_-8350281610725934125m_3152914369902630246gmail-CUERPO\"><span lang=\"ES-TRAD\">Tampoco habr\u00e1 sobresueldos, lo que se va hacer es apoyar el trabajo de los legisladores, eso s\u00ed, para que cuenten con asesores, pero los va a contratar el Senado de la Rep\u00fablica, y tambi\u00e9n se va a apoyar a los senadores para que cuenten con su Casa de Atenci\u00f3n Ciudadana para que mantengan el contacto con la ciudadan\u00eda y para que tengan el apoyo necesario para hacer un buen trabajo legislativo, abund\u00f3.<\/span><\/p>\n<p class=\"m_-8350281610725934125m_3152914369902630246gmail-CUERPO\"><span lang=\"ES-TRAD\">\u00a0<\/span><\/p>\n<p class=\"m_-8350281610725934125m_3152914369902630246gmail-CUERPO\"><span lang=\"ES-TRAD\">A partir del d\u00eda de ma\u00f1ana, apunt\u00f3 Batres Guadarrama, se constituir\u00e1n formalmente los Grupos Parlamentarios, por lo cual \u201cvamos a construir la Agenda Legislativa con las propuestas de todos\u201d.<\/span><\/p>\n<p class=\"m_-8350281610725934125m_3152914369902630246gmail-CUERPO\"><span lang=\"ES-TRAD\">\u00a0<\/span><\/p>\n<p class=\"m_-8350281610725934125m_3152914369902630246gmail-CUERPO\"><span lang=\"ES-TRAD\">Indic\u00f3 que tambi\u00e9n se abordar\u00e1 durante este periodo de sesiones el tema de la Fiscal\u00eda y los resultados que se deriven de las negociaciones entre el gobierno mexicano y de Estados Unidos respecto a los acuerdos econ\u00f3micos y comerciales.<\/span><\/p>\n<p class=\"m_-8350281610725934125m_3152914369902630246gmail-CUERPO\"><span lang=\"ES-TRAD\">\u00a0<\/span><\/p>\n<p class=\"m_-8350281610725934125m_3152914369902630246gmail-CUERPO\"><span lang=\"ES-TRAD\">El presidente de la Mesa Directiva dijo que se tienen sobre la mesa de trabajo las 12 propuestas que ha hecho ya el Presidente Electo, Andr\u00e9s Manuel L\u00f3pez Obrador, las cuales tendr\u00e1n que incorporarse a la agenda legislativa del Senado y del Congreso de la Uni\u00f3n.<\/span><\/p>\n<p class=\"m_-8350281610725934125m_3152914369902630246gmail-CUERPO\"><span lang=\"ES-TRAD\">\u00a0<\/span><\/p>\n<p class=\"m_-8350281610725934125m_3152914369902630246gmail-CUERPO\"><span lang=\"ES-TRAD\">\u201cJunto con los Grupos Parlamentarios seguiremos construyendo una agenda completa para este periodo y tendremos un mayor acercamiento el d\u00eda de ma\u00f1ana\u201d, puntualiz\u00f3.<\/span><\/p>\n<p><iframe loading=\"lazy\" title=\"Conferencia de prensa del Presidente de la Mesa Directiva del Senado\" width=\"640\" height=\"480\" src=\"https:\/\/www.youtube.com\/embed\/yDGdHYqoKsE?feature=oembed\" frameborder=\"0\" allow=\"accelerometer; autoplay; clipboard-write; encrypted-media; gyroscope; picture-in-picture; web-share\" referrerpolicy=\"strict-origin-when-cross-origin\" allowfullscreen><\/iframe><\/p>\n","protected":false},"excerpt":{"rendered":"<p>El trabajo legislativo ser\u00e1 a trav\u00e9s del di\u00e1logo, construcci\u00f3n de consensos y un buen entendimiento<\/p>\n","protected":false},"author":1,"featured_media":2299,"comment_status":"open","ping_status":"open","sticky":false,"template":"","format":"standard","meta":{"footnotes":""},"categories":[1],"tags":[72],"class_list":["post-2298","post","type-post","status-publish","format-standard","has-post-thumbnail","hentry","category-municipales","tag-senado-de-la-republica"],"yoast_head":"<!-- This site is optimized with the Yoast SEO plugin v25.3 - https:\/\/yoast.com\/wordpress\/plugins\/seo\/ -->\n<title>Impulsar\u00e1 el Senado un plan de Austeridad Rep\u00fablicana: Mart\u00ed Batres (VIDEO) - Volcanes<\/title>\n<meta name=\"robots\" content=\"index, follow, max-snippet:-1, max-image-preview:large, max-video-preview:-1\" \/>\n<link rel=\"canonical\" href=\"https:\/\/volcanes.net\/?p=2298\" \/>\n<meta property=\"og:locale\" content=\"es_MX\" \/>\n<meta property=\"og:type\" content=\"article\" \/>\n<meta property=\"og:title\" content=\"Impulsar\u00e1 el Senado un plan de Austeridad Rep\u00fablicana: Mart\u00ed Batres (VIDEO) - Volcanes\" \/>\n<meta property=\"og:description\" content=\"El trabajo legislativo ser\u00e1 a trav\u00e9s del di\u00e1logo, construcci\u00f3n de consensos y un buen entendimiento\" \/>\n<meta property=\"og:url\" content=\"https:\/\/volcanes.net\/?p=2298\" \/>\n<meta property=\"og:site_name\" content=\"Volcanes\" \/>\n<meta property=\"article:publisher\" content=\"https:\/\/www.facebook.com\/volcanes.net\/\" \/>\n<meta property=\"article:published_time\" content=\"2018-09-04T01:39:17+00:00\" \/>\n<meta property=\"og:image\" content=\"https:\/\/volcanes.net\/wp-content\/uploads\/2018\/09\/030918-Conf-de-prensa-Batres-3.jpg\" \/>\n\t<meta property=\"og:image:width\" content=\"400\" \/>\n\t<meta property=\"og:image:height\" content=\"266\" \/>\n\t<meta property=\"og:image:type\" content=\"image\/jpeg\" \/>\n<meta name=\"author\" content=\"admin\" \/>\n<meta name=\"twitter:card\" content=\"summary_large_image\" \/>\n<meta name=\"twitter:label1\" content=\"Escrito por\" \/>\n\t<meta name=\"twitter:data1\" content=\"admin\" \/>\n\t<meta name=\"twitter:label2\" content=\"Tiempo de lectura\" \/>\n\t<meta name=\"twitter:data2\" content=\"2 minutos\" \/>\n<script type=\"application\/ld+json\" class=\"yoast-schema-graph\">{\"@context\":\"https:\/\/schema.org\",\"@graph\":[{\"@type\":\"Article\",\"@id\":\"https:\/\/volcanes.net\/?p=2298#article\",\"isPartOf\":{\"@id\":\"https:\/\/volcanes.net\/?p=2298\"},\"author\":{\"name\":\"admin\",\"@id\":\"https:\/\/volcanes.net\/#\/schema\/person\/4bf0f383940966a4abd53f5048c0e6b9\"},\"headline\":\"Impulsar\u00e1 el Senado un plan de Austeridad Rep\u00fablicana: Mart\u00ed Batres (VIDEO)\",\"datePublished\":\"2018-09-04T01:39:17+00:00\",\"mainEntityOfPage\":{\"@id\":\"https:\/\/volcanes.net\/?p=2298\"},\"wordCount\":383,\"commentCount\":0,\"publisher\":{\"@id\":\"https:\/\/volcanes.net\/#organization\"},\"image\":{\"@id\":\"https:\/\/volcanes.net\/?p=2298#primaryimage\"},\"thumbnailUrl\":\"https:\/\/volcanes.net\/wp-content\/uploads\/2018\/09\/030918-Conf-de-prensa-Batres-3.jpg\",\"keywords\":[\"Senado de la Rep\u00fablica\"],\"articleSection\":[\"Municipales\"],\"inLanguage\":\"es\",\"potentialAction\":[{\"@type\":\"CommentAction\",\"name\":\"Comment\",\"target\":[\"https:\/\/volcanes.net\/?p=2298#respond\"]}]},{\"@type\":\"WebPage\",\"@id\":\"https:\/\/volcanes.net\/?p=2298\",\"url\":\"https:\/\/volcanes.net\/?p=2298\",\"name\":\"Impulsar\u00e1 el Senado un plan de Austeridad Rep\u00fablicana: Mart\u00ed Batres (VIDEO) - Volcanes\",\"isPartOf\":{\"@id\":\"https:\/\/volcanes.net\/#website\"},\"primaryImageOfPage\":{\"@id\":\"https:\/\/volcanes.net\/?p=2298#primaryimage\"},\"image\":{\"@id\":\"https:\/\/volcanes.net\/?p=2298#primaryimage\"},\"thumbnailUrl\":\"https:\/\/volcanes.net\/wp-content\/uploads\/2018\/09\/030918-Conf-de-prensa-Batres-3.jpg\",\"datePublished\":\"2018-09-04T01:39:17+00:00\",\"breadcrumb\":{\"@id\":\"https:\/\/volcanes.net\/?p=2298#breadcrumb\"},\"inLanguage\":\"es\",\"potentialAction\":[{\"@type\":\"ReadAction\",\"target\":[\"https:\/\/volcanes.net\/?p=2298\"]}]},{\"@type\":\"ImageObject\",\"inLanguage\":\"es\",\"@id\":\"https:\/\/volcanes.net\/?p=2298#primaryimage\",\"url\":\"https:\/\/volcanes.net\/wp-content\/uploads\/2018\/09\/030918-Conf-de-prensa-Batres-3.jpg\",\"contentUrl\":\"https:\/\/volcanes.net\/wp-content\/uploads\/2018\/09\/030918-Conf-de-prensa-Batres-3.jpg\",\"width\":400,\"height\":266},{\"@type\":\"BreadcrumbList\",\"@id\":\"https:\/\/volcanes.net\/?p=2298#breadcrumb\",\"itemListElement\":[{\"@type\":\"ListItem\",\"position\":1,\"name\":\"Portada\",\"item\":\"https:\/\/volcanes.net\/\"},{\"@type\":\"ListItem\",\"position\":2,\"name\":\"Impulsar\u00e1 el Senado un plan de Austeridad Rep\u00fablicana: Mart\u00ed Batres (VIDEO)\"}]},{\"@type\":\"WebSite\",\"@id\":\"https:\/\/volcanes.net\/#website\",\"url\":\"https:\/\/volcanes.net\/\",\"name\":\"Volcanes.Net\",\"description\":\"Periodismo Profesional\",\"publisher\":{\"@id\":\"https:\/\/volcanes.net\/#organization\"},\"potentialAction\":[{\"@type\":\"SearchAction\",\"target\":{\"@type\":\"EntryPoint\",\"urlTemplate\":\"https:\/\/volcanes.net\/?s={search_term_string}\"},\"query-input\":{\"@type\":\"PropertyValueSpecification\",\"valueRequired\":true,\"valueName\":\"search_term_string\"}}],\"inLanguage\":\"es\"},{\"@type\":\"Organization\",\"@id\":\"https:\/\/volcanes.net\/#organization\",\"name\":\"Grupo Volcanes\",\"url\":\"https:\/\/volcanes.net\/\",\"logo\":{\"@type\":\"ImageObject\",\"inLanguage\":\"es\",\"@id\":\"https:\/\/volcanes.net\/#\/schema\/logo\/image\/\",\"url\":\"http:\/\/volcanes.net\/wp-content\/uploads\/2017\/12\/Avatar2.jpg\",\"contentUrl\":\"http:\/\/volcanes.net\/wp-content\/uploads\/2017\/12\/Avatar2.jpg\",\"width\":378,\"height\":378,\"caption\":\"Grupo Volcanes\"},\"image\":{\"@id\":\"https:\/\/volcanes.net\/#\/schema\/logo\/image\/\"},\"sameAs\":[\"https:\/\/www.facebook.com\/volcanes.net\/\"]},{\"@type\":\"Person\",\"@id\":\"https:\/\/volcanes.net\/#\/schema\/person\/4bf0f383940966a4abd53f5048c0e6b9\",\"name\":\"admin\",\"image\":{\"@type\":\"ImageObject\",\"inLanguage\":\"es\",\"@id\":\"https:\/\/volcanes.net\/#\/schema\/person\/image\/\",\"url\":\"https:\/\/secure.gravatar.com\/avatar\/ca004e6cba8462b8cb7abc86e382930c?s=96&d=mm&r=g\",\"contentUrl\":\"https:\/\/secure.gravatar.com\/avatar\/ca004e6cba8462b8cb7abc86e382930c?s=96&d=mm&r=g\",\"caption\":\"admin\"}}]}<\/script>\n<!-- \/ Yoast SEO plugin. -->","yoast_head_json":{"title":"Impulsar\u00e1 el Senado un plan de Austeridad Rep\u00fablicana: Mart\u00ed Batres (VIDEO) - Volcanes","robots":{"index":"index","follow":"follow","max-snippet":"max-snippet:-1","max-image-preview":"max-image-preview:large","max-video-preview":"max-video-preview:-1"},"canonical":"https:\/\/volcanes.net\/?p=2298","og_locale":"es_MX","og_type":"article","og_title":"Impulsar\u00e1 el Senado un plan de Austeridad Rep\u00fablicana: Mart\u00ed Batres (VIDEO) - Volcanes","og_description":"El trabajo legislativo ser\u00e1 a trav\u00e9s del di\u00e1logo, construcci\u00f3n de consensos y un buen entendimiento","og_url":"https:\/\/volcanes.net\/?p=2298","og_site_name":"Volcanes","article_publisher":"https:\/\/www.facebook.com\/volcanes.net\/","article_published_time":"2018-09-04T01:39:17+00:00","og_image":[{"width":400,"height":266,"url":"https:\/\/volcanes.net\/wp-content\/uploads\/2018\/09\/030918-Conf-de-prensa-Batres-3.jpg","type":"image\/jpeg"}],"author":"admin","twitter_card":"summary_large_image","twitter_misc":{"Escrito por":"admin","Tiempo de lectura":"2 minutos"},"schema":{"@context":"https:\/\/schema.org","@graph":[{"@type":"Article","@id":"https:\/\/volcanes.net\/?p=2298#article","isPartOf":{"@id":"https:\/\/volcanes.net\/?p=2298"},"author":{"name":"admin","@id":"https:\/\/volcanes.net\/#\/schema\/person\/4bf0f383940966a4abd53f5048c0e6b9"},"headline":"Impulsar\u00e1 el Senado un plan de Austeridad Rep\u00fablicana: Mart\u00ed Batres (VIDEO)","datePublished":"2018-09-04T01:39:17+00:00","mainEntityOfPage":{"@id":"https:\/\/volcanes.net\/?p=2298"},"wordCount":383,"commentCount":0,"publisher":{"@id":"https:\/\/volcanes.net\/#organization"},"image":{"@id":"https:\/\/volcanes.net\/?p=2298#primaryimage"},"thumbnailUrl":"https:\/\/volcanes.net\/wp-content\/uploads\/2018\/09\/030918-Conf-de-prensa-Batres-3.jpg","keywords":["Senado de la Rep\u00fablica"],"articleSection":["Municipales"],"inLanguage":"es","potentialAction":[{"@type":"CommentAction","name":"Comment","target":["https:\/\/volcanes.net\/?p=2298#respond"]}]},{"@type":"WebPage","@id":"https:\/\/volcanes.net\/?p=2298","url":"https:\/\/volcanes.net\/?p=2298","name":"Impulsar\u00e1 el Senado un plan de Austeridad Rep\u00fablicana: Mart\u00ed Batres (VIDEO) - Volcanes","isPartOf":{"@id":"https:\/\/volcanes.net\/#website"},"primaryImageOfPage":{"@id":"https:\/\/volcanes.net\/?p=2298#primaryimage"},"image":{"@id":"https:\/\/volcanes.net\/?p=2298#primaryimage"},"thumbnailUrl":"https:\/\/volcanes.net\/wp-content\/uploads\/2018\/09\/030918-Conf-de-prensa-Batres-3.jpg","datePublished":"2018-09-04T01:39:17+00:00","breadcrumb":{"@id":"https:\/\/volcanes.net\/?p=2298#breadcrumb"},"inLanguage":"es","potentialAction":[{"@type":"ReadAction","target":["https:\/\/volcanes.net\/?p=2298"]}]},{"@type":"ImageObject","inLanguage":"es","@id":"https:\/\/volcanes.net\/?p=2298#primaryimage","url":"https:\/\/volcanes.net\/wp-content\/uploads\/2018\/09\/030918-Conf-de-prensa-Batres-3.jpg","contentUrl":"https:\/\/volcanes.net\/wp-content\/uploads\/2018\/09\/030918-Conf-de-prensa-Batres-3.jpg","width":400,"height":266},{"@type":"BreadcrumbList","@id":"https:\/\/volcanes.net\/?p=2298#breadcrumb","itemListElement":[{"@type":"ListItem","position":1,"name":"Portada","item":"https:\/\/volcanes.net\/"},{"@type":"ListItem","position":2,"name":"Impulsar\u00e1 el Senado un plan de Austeridad Rep\u00fablicana: Mart\u00ed Batres (VIDEO)"}]},{"@type":"WebSite","@id":"https:\/\/volcanes.net\/#website","url":"https:\/\/volcanes.net\/","name":"Volcanes.Net","description":"Periodismo Profesional","publisher":{"@id":"https:\/\/volcanes.net\/#organization"},"potentialAction":[{"@type":"SearchAction","target":{"@type":"EntryPoint","urlTemplate":"https:\/\/volcanes.net\/?s={search_term_string}"},"query-input":{"@type":"PropertyValueSpecification","valueRequired":true,"valueName":"search_term_string"}}],"inLanguage":"es"},{"@type":"Organization","@id":"https:\/\/volcanes.net\/#organization","name":"Grupo Volcanes","url":"https:\/\/volcanes.net\/","logo":{"@type":"ImageObject","inLanguage":"es","@id":"https:\/\/volcanes.net\/#\/schema\/logo\/image\/","url":"http:\/\/volcanes.net\/wp-content\/uploads\/2017\/12\/Avatar2.jpg","contentUrl":"http:\/\/volcanes.net\/wp-content\/uploads\/2017\/12\/Avatar2.jpg","width":378,"height":378,"caption":"Grupo Volcanes"},"image":{"@id":"https:\/\/volcanes.net\/#\/schema\/logo\/image\/"},"sameAs":["https:\/\/www.facebook.com\/volcanes.net\/"]},{"@type":"Person","@id":"https:\/\/volcanes.net\/#\/schema\/person\/4bf0f383940966a4abd53f5048c0e6b9","name":"admin","image":{"@type":"ImageObject","inLanguage":"es","@id":"https:\/\/volcanes.net\/#\/schema\/person\/image\/","url":"https:\/\/secure.gravatar.com\/avatar\/ca004e6cba8462b8cb7abc86e382930c?s=96&d=mm&r=g","contentUrl":"https:\/\/secure.gravatar.com\/avatar\/ca004e6cba8462b8cb7abc86e382930c?s=96&d=mm&r=g","caption":"admin"}}]}},"_links":{"self":[{"href":"https:\/\/volcanes.net\/index.php?rest_route=\/wp\/v2\/posts\/2298"}],"collection":[{"href":"https:\/\/volcanes.net\/index.php?rest_route=\/wp\/v2\/posts"}],"about":[{"href":"https:\/\/volcanes.net\/index.php?rest_route=\/wp\/v2\/types\/post"}],"author":[{"embeddable":true,"href":"https:\/\/volcanes.net\/index.php?rest_route=\/wp\/v2\/users\/1"}],"replies":[{"embeddable":true,"href":"https:\/\/volcanes.net\/index.php?rest_route=%2Fwp%2Fv2%2Fcomments&post=2298"}],"version-history":[{"count":1,"href":"https:\/\/volcanes.net\/index.php?rest_route=\/wp\/v2\/posts\/2298\/revisions"}],"predecessor-version":[{"id":2300,"href":"https:\/\/volcanes.net\/index.php?rest_route=\/wp\/v2\/posts\/2298\/revisions\/2300"}],"wp:featuredmedia":[{"embeddable":true,"href":"https:\/\/volcanes.net\/index.php?rest_route=\/wp\/v2\/media\/2299"}],"wp:attachment":[{"href":"https:\/\/volcanes.net\/index.php?rest_route=%2Fwp%2Fv2%2Fmedia&parent=2298"}],"wp:term":[{"taxonomy":"category","embeddable":true,"href":"https:\/\/volcanes.net\/index.php?rest_route=%2Fwp%2Fv2%2Fcategories&post=2298"},{"taxonomy":"post_tag","embeddable":true,"href":"https:\/\/volcanes.net\/index.php?rest_route=%2Fwp%2Fv2%2Ftags&post=2298"}],"curies":[{"name":"wp","href":"https:\/\/api.w.org\/{rel}","templated":true}]}}