{"id":2304,"date":"2018-09-04T01:47:59","date_gmt":"2018-09-04T01:47:59","guid":{"rendered":"http:\/\/volcanes.net\/?p=2304"},"modified":"2018-09-04T01:47:59","modified_gmt":"2018-09-04T01:47:59","slug":"crecio-6-4-monto-destinado-por-uaem-a-implementos-de-trabajo-de-docentes","status":"publish","type":"post","link":"https:\/\/volcanes.net\/?p=2304","title":{"rendered":"Creci\u00f3 6.4% monto destinado por UAEM a implementos de trabajo de docentes"},"content":{"rendered":"<div style=\"margin-top: 0px; margin-bottom: 0px;\" class=\"sharethis-inline-share-buttons\" ><\/div><ul>\n<li style=\"font-weight: 400\"><em>El rector de la UAEM, Alfredo Barrera Baca, entreg\u00f3 de manera simb\u00f3lica 28 mil 769 enseres -guantes de m\u00ednima y alta seguridad, fajas sacrolumbares, chamarras, impermeables, mascarillas especiales, caretas y calzado de seguridad, entre otros.<\/em><\/li>\n<\/ul>\n<p style=\"font-weight: 400\"><em>\u00a0<\/em><\/p>\n<p style=\"font-weight: 400\"><strong>Toluca, M\u00e9x. \u2013 03 de septiembre de 2018.<\/strong>\u00a0En beneficio de seis mil 800 profesores afiliados a la Federaci\u00f3n de Asociaciones Aut\u00f3nomas de Personal Acad\u00e9mico (FAAPAUAEM), la Universidad Aut\u00f3noma del Estado de M\u00e9xico destinar\u00e1 durante 2018 cinco millones 238 mil pesos a la entrega de implementos de trabajo, es decir, 6.4 por ciento m\u00e1s que el a\u00f1o anterior.<\/p>\n<p style=\"font-weight: 400\">Al entregar de manera simb\u00f3lica 28 mil 769 enseres -guantes de m\u00ednima y alta seguridad, fajas sacrolumbares, chamarras, impermeables, mascarillas especiales, caretas y calzado de seguridad, entre otros-, el rector de la UAEM, Alfredo Barrera Baca, subray\u00f3 el valor del trabajo que realiza el personal acad\u00e9mico de esta casa de estudios.<\/p>\n<p style=\"font-weight: 400\">En el auditorio de la sede de la FAAPAUAEM, Alfredo Barrera Baca destac\u00f3 que el material entregado permitir\u00e1 a los profesores e investigadores universitarios desarrollar sus actividades de forma adecuada, con seguridad e higiene.<\/p>\n<p style=\"font-weight: 400\">En tanto, la secretaria general de la agrupaci\u00f3n sindical, Gilda Gonz\u00e1lez Villase\u00f1or, agradeci\u00f3 y reconoci\u00f3 la entrega de los implementos de trabajo, muestra de la importancia que para la m\u00e1xima casa de estudios mexiquense tiene la labor docente.<\/p>\n<p style=\"font-weight: 400\">\u201cVelar por la seguridad de su personal es primordial para la UAEM. Tambi\u00e9n reconozco el esfuerzo, dedicaci\u00f3n y compromiso de los acad\u00e9micos en el desarrollo de sus actividades, mediante las cuales refrendan el amor por nuestra universidad\u201d.<\/p>\n<p style=\"font-weight: 400\">En este evento tambi\u00e9n estuvieron presentes el secretario de Administraci\u00f3n, Javier Gonz\u00e1lez Mart\u00ednez, y la directora de Recursos Humanos de la UAEM, Mar\u00eda de los \u00c1ngeles Araujo Gonz\u00e1lez, as\u00ed como el presidente de la asociaci\u00f3n del Centro Universitario UAEM Valle de Teotihuacan, Eliseo Su\u00e1rez Mungu\u00eda.<\/p>\n","protected":false},"excerpt":{"rendered":"<p>El rector de la UAEM, Alfredo Barrera Baca, entreg\u00f3 de manera simb\u00f3lica 28 mil 769<\/p>\n","protected":false},"author":1,"featured_media":2305,"comment_status":"open","ping_status":"open","sticky":false,"template":"","format":"standard","meta":{"footnotes":""},"categories":[1],"tags":[25,24],"class_list":["post-2304","post","type-post","status-publish","format-standard","has-post-thumbnail","hentry","category-municipales","tag-uaem","tag-uaemex"],"yoast_head":"<!-- This site is optimized with the Yoast SEO plugin v25.3 - https:\/\/yoast.com\/wordpress\/plugins\/seo\/ -->\n<title>Creci\u00f3 6.4% monto destinado por UAEM a implementos de trabajo de docentes - Volcanes<\/title>\n<meta name=\"robots\" content=\"index, follow, max-snippet:-1, max-image-preview:large, max-video-preview:-1\" \/>\n<link rel=\"canonical\" href=\"https:\/\/volcanes.net\/?p=2304\" \/>\n<meta property=\"og:locale\" content=\"es_MX\" \/>\n<meta property=\"og:type\" content=\"article\" \/>\n<meta property=\"og:title\" content=\"Creci\u00f3 6.4% monto destinado por UAEM a implementos de trabajo de docentes - Volcanes\" \/>\n<meta property=\"og:description\" content=\"El rector de la UAEM, Alfredo Barrera Baca, entreg\u00f3 de manera simb\u00f3lica 28 mil 769\" \/>\n<meta property=\"og:url\" content=\"https:\/\/volcanes.net\/?p=2304\" \/>\n<meta property=\"og:site_name\" content=\"Volcanes\" \/>\n<meta property=\"article:publisher\" content=\"https:\/\/www.facebook.com\/volcanes.net\/\" \/>\n<meta property=\"article:published_time\" content=\"2018-09-04T01:47:59+00:00\" \/>\n<meta property=\"og:image\" content=\"https:\/\/volcanes.net\/wp-content\/uploads\/2018\/09\/Comun-739-12.jpg\" \/>\n\t<meta property=\"og:image:width\" content=\"400\" \/>\n\t<meta property=\"og:image:height\" content=\"266\" \/>\n\t<meta property=\"og:image:type\" content=\"image\/jpeg\" \/>\n<meta name=\"author\" content=\"admin\" \/>\n<meta name=\"twitter:card\" content=\"summary_large_image\" \/>\n<meta name=\"twitter:label1\" content=\"Escrito por\" \/>\n\t<meta name=\"twitter:data1\" content=\"admin\" \/>\n\t<meta name=\"twitter:label2\" content=\"Tiempo de lectura\" \/>\n\t<meta name=\"twitter:data2\" content=\"2 minutos\" \/>\n<script type=\"application\/ld+json\" class=\"yoast-schema-graph\">{\"@context\":\"https:\/\/schema.org\",\"@graph\":[{\"@type\":\"Article\",\"@id\":\"https:\/\/volcanes.net\/?p=2304#article\",\"isPartOf\":{\"@id\":\"https:\/\/volcanes.net\/?p=2304\"},\"author\":{\"name\":\"admin\",\"@id\":\"https:\/\/volcanes.net\/#\/schema\/person\/4bf0f383940966a4abd53f5048c0e6b9\"},\"headline\":\"Creci\u00f3 6.4% monto destinado por UAEM a implementos de trabajo de docentes\",\"datePublished\":\"2018-09-04T01:47:59+00:00\",\"mainEntityOfPage\":{\"@id\":\"https:\/\/volcanes.net\/?p=2304\"},\"wordCount\":327,\"commentCount\":0,\"publisher\":{\"@id\":\"https:\/\/volcanes.net\/#organization\"},\"image\":{\"@id\":\"https:\/\/volcanes.net\/?p=2304#primaryimage\"},\"thumbnailUrl\":\"https:\/\/volcanes.net\/wp-content\/uploads\/2018\/09\/Comun-739-12.jpg\",\"keywords\":[\"UAEM\",\"UAEMEX\"],\"articleSection\":[\"Municipales\"],\"inLanguage\":\"es\",\"potentialAction\":[{\"@type\":\"CommentAction\",\"name\":\"Comment\",\"target\":[\"https:\/\/volcanes.net\/?p=2304#respond\"]}]},{\"@type\":\"WebPage\",\"@id\":\"https:\/\/volcanes.net\/?p=2304\",\"url\":\"https:\/\/volcanes.net\/?p=2304\",\"name\":\"Creci\u00f3 6.4% monto destinado por UAEM a implementos de trabajo de docentes - Volcanes\",\"isPartOf\":{\"@id\":\"https:\/\/volcanes.net\/#website\"},\"primaryImageOfPage\":{\"@id\":\"https:\/\/volcanes.net\/?p=2304#primaryimage\"},\"image\":{\"@id\":\"https:\/\/volcanes.net\/?p=2304#primaryimage\"},\"thumbnailUrl\":\"https:\/\/volcanes.net\/wp-content\/uploads\/2018\/09\/Comun-739-12.jpg\",\"datePublished\":\"2018-09-04T01:47:59+00:00\",\"breadcrumb\":{\"@id\":\"https:\/\/volcanes.net\/?p=2304#breadcrumb\"},\"inLanguage\":\"es\",\"potentialAction\":[{\"@type\":\"ReadAction\",\"target\":[\"https:\/\/volcanes.net\/?p=2304\"]}]},{\"@type\":\"ImageObject\",\"inLanguage\":\"es\",\"@id\":\"https:\/\/volcanes.net\/?p=2304#primaryimage\",\"url\":\"https:\/\/volcanes.net\/wp-content\/uploads\/2018\/09\/Comun-739-12.jpg\",\"contentUrl\":\"https:\/\/volcanes.net\/wp-content\/uploads\/2018\/09\/Comun-739-12.jpg\",\"width\":400,\"height\":266},{\"@type\":\"BreadcrumbList\",\"@id\":\"https:\/\/volcanes.net\/?p=2304#breadcrumb\",\"itemListElement\":[{\"@type\":\"ListItem\",\"position\":1,\"name\":\"Portada\",\"item\":\"https:\/\/volcanes.net\/\"},{\"@type\":\"ListItem\",\"position\":2,\"name\":\"Creci\u00f3 6.4% monto destinado por UAEM a implementos de trabajo de docentes\"}]},{\"@type\":\"WebSite\",\"@id\":\"https:\/\/volcanes.net\/#website\",\"url\":\"https:\/\/volcanes.net\/\",\"name\":\"Volcanes.Net\",\"description\":\"Periodismo Profesional\",\"publisher\":{\"@id\":\"https:\/\/volcanes.net\/#organization\"},\"potentialAction\":[{\"@type\":\"SearchAction\",\"target\":{\"@type\":\"EntryPoint\",\"urlTemplate\":\"https:\/\/volcanes.net\/?s={search_term_string}\"},\"query-input\":{\"@type\":\"PropertyValueSpecification\",\"valueRequired\":true,\"valueName\":\"search_term_string\"}}],\"inLanguage\":\"es\"},{\"@type\":\"Organization\",\"@id\":\"https:\/\/volcanes.net\/#organization\",\"name\":\"Grupo Volcanes\",\"url\":\"https:\/\/volcanes.net\/\",\"logo\":{\"@type\":\"ImageObject\",\"inLanguage\":\"es\",\"@id\":\"https:\/\/volcanes.net\/#\/schema\/logo\/image\/\",\"url\":\"http:\/\/volcanes.net\/wp-content\/uploads\/2017\/12\/Avatar2.jpg\",\"contentUrl\":\"http:\/\/volcanes.net\/wp-content\/uploads\/2017\/12\/Avatar2.jpg\",\"width\":378,\"height\":378,\"caption\":\"Grupo Volcanes\"},\"image\":{\"@id\":\"https:\/\/volcanes.net\/#\/schema\/logo\/image\/\"},\"sameAs\":[\"https:\/\/www.facebook.com\/volcanes.net\/\"]},{\"@type\":\"Person\",\"@id\":\"https:\/\/volcanes.net\/#\/schema\/person\/4bf0f383940966a4abd53f5048c0e6b9\",\"name\":\"admin\",\"image\":{\"@type\":\"ImageObject\",\"inLanguage\":\"es\",\"@id\":\"https:\/\/volcanes.net\/#\/schema\/person\/image\/\",\"url\":\"https:\/\/secure.gravatar.com\/avatar\/ca004e6cba8462b8cb7abc86e382930c?s=96&d=mm&r=g\",\"contentUrl\":\"https:\/\/secure.gravatar.com\/avatar\/ca004e6cba8462b8cb7abc86e382930c?s=96&d=mm&r=g\",\"caption\":\"admin\"}}]}<\/script>\n<!-- \/ Yoast SEO plugin. -->","yoast_head_json":{"title":"Creci\u00f3 6.4% monto destinado por UAEM a implementos de trabajo de docentes - Volcanes","robots":{"index":"index","follow":"follow","max-snippet":"max-snippet:-1","max-image-preview":"max-image-preview:large","max-video-preview":"max-video-preview:-1"},"canonical":"https:\/\/volcanes.net\/?p=2304","og_locale":"es_MX","og_type":"article","og_title":"Creci\u00f3 6.4% monto destinado por UAEM a implementos de trabajo de docentes - Volcanes","og_description":"El rector de la UAEM, Alfredo Barrera Baca, entreg\u00f3 de manera simb\u00f3lica 28 mil 769","og_url":"https:\/\/volcanes.net\/?p=2304","og_site_name":"Volcanes","article_publisher":"https:\/\/www.facebook.com\/volcanes.net\/","article_published_time":"2018-09-04T01:47:59+00:00","og_image":[{"width":400,"height":266,"url":"https:\/\/volcanes.net\/wp-content\/uploads\/2018\/09\/Comun-739-12.jpg","type":"image\/jpeg"}],"author":"admin","twitter_card":"summary_large_image","twitter_misc":{"Escrito por":"admin","Tiempo de lectura":"2 minutos"},"schema":{"@context":"https:\/\/schema.org","@graph":[{"@type":"Article","@id":"https:\/\/volcanes.net\/?p=2304#article","isPartOf":{"@id":"https:\/\/volcanes.net\/?p=2304"},"author":{"name":"admin","@id":"https:\/\/volcanes.net\/#\/schema\/person\/4bf0f383940966a4abd53f5048c0e6b9"},"headline":"Creci\u00f3 6.4% monto destinado por UAEM a implementos de trabajo de docentes","datePublished":"2018-09-04T01:47:59+00:00","mainEntityOfPage":{"@id":"https:\/\/volcanes.net\/?p=2304"},"wordCount":327,"commentCount":0,"publisher":{"@id":"https:\/\/volcanes.net\/#organization"},"image":{"@id":"https:\/\/volcanes.net\/?p=2304#primaryimage"},"thumbnailUrl":"https:\/\/volcanes.net\/wp-content\/uploads\/2018\/09\/Comun-739-12.jpg","keywords":["UAEM","UAEMEX"],"articleSection":["Municipales"],"inLanguage":"es","potentialAction":[{"@type":"CommentAction","name":"Comment","target":["https:\/\/volcanes.net\/?p=2304#respond"]}]},{"@type":"WebPage","@id":"https:\/\/volcanes.net\/?p=2304","url":"https:\/\/volcanes.net\/?p=2304","name":"Creci\u00f3 6.4% monto destinado por UAEM a implementos de trabajo de docentes - Volcanes","isPartOf":{"@id":"https:\/\/volcanes.net\/#website"},"primaryImageOfPage":{"@id":"https:\/\/volcanes.net\/?p=2304#primaryimage"},"image":{"@id":"https:\/\/volcanes.net\/?p=2304#primaryimage"},"thumbnailUrl":"https:\/\/volcanes.net\/wp-content\/uploads\/2018\/09\/Comun-739-12.jpg","datePublished":"2018-09-04T01:47:59+00:00","breadcrumb":{"@id":"https:\/\/volcanes.net\/?p=2304#breadcrumb"},"inLanguage":"es","potentialAction":[{"@type":"ReadAction","target":["https:\/\/volcanes.net\/?p=2304"]}]},{"@type":"ImageObject","inLanguage":"es","@id":"https:\/\/volcanes.net\/?p=2304#primaryimage","url":"https:\/\/volcanes.net\/wp-content\/uploads\/2018\/09\/Comun-739-12.jpg","contentUrl":"https:\/\/volcanes.net\/wp-content\/uploads\/2018\/09\/Comun-739-12.jpg","width":400,"height":266},{"@type":"BreadcrumbList","@id":"https:\/\/volcanes.net\/?p=2304#breadcrumb","itemListElement":[{"@type":"ListItem","position":1,"name":"Portada","item":"https:\/\/volcanes.net\/"},{"@type":"ListItem","position":2,"name":"Creci\u00f3 6.4% monto destinado por UAEM a implementos de trabajo de docentes"}]},{"@type":"WebSite","@id":"https:\/\/volcanes.net\/#website","url":"https:\/\/volcanes.net\/","name":"Volcanes.Net","description":"Periodismo Profesional","publisher":{"@id":"https:\/\/volcanes.net\/#organization"},"potentialAction":[{"@type":"SearchAction","target":{"@type":"EntryPoint","urlTemplate":"https:\/\/volcanes.net\/?s={search_term_string}"},"query-input":{"@type":"PropertyValueSpecification","valueRequired":true,"valueName":"search_term_string"}}],"inLanguage":"es"},{"@type":"Organization","@id":"https:\/\/volcanes.net\/#organization","name":"Grupo Volcanes","url":"https:\/\/volcanes.net\/","logo":{"@type":"ImageObject","inLanguage":"es","@id":"https:\/\/volcanes.net\/#\/schema\/logo\/image\/","url":"http:\/\/volcanes.net\/wp-content\/uploads\/2017\/12\/Avatar2.jpg","contentUrl":"http:\/\/volcanes.net\/wp-content\/uploads\/2017\/12\/Avatar2.jpg","width":378,"height":378,"caption":"Grupo Volcanes"},"image":{"@id":"https:\/\/volcanes.net\/#\/schema\/logo\/image\/"},"sameAs":["https:\/\/www.facebook.com\/volcanes.net\/"]},{"@type":"Person","@id":"https:\/\/volcanes.net\/#\/schema\/person\/4bf0f383940966a4abd53f5048c0e6b9","name":"admin","image":{"@type":"ImageObject","inLanguage":"es","@id":"https:\/\/volcanes.net\/#\/schema\/person\/image\/","url":"https:\/\/secure.gravatar.com\/avatar\/ca004e6cba8462b8cb7abc86e382930c?s=96&d=mm&r=g","contentUrl":"https:\/\/secure.gravatar.com\/avatar\/ca004e6cba8462b8cb7abc86e382930c?s=96&d=mm&r=g","caption":"admin"}}]}},"_links":{"self":[{"href":"https:\/\/volcanes.net\/index.php?rest_route=\/wp\/v2\/posts\/2304"}],"collection":[{"href":"https:\/\/volcanes.net\/index.php?rest_route=\/wp\/v2\/posts"}],"about":[{"href":"https:\/\/volcanes.net\/index.php?rest_route=\/wp\/v2\/types\/post"}],"author":[{"embeddable":true,"href":"https:\/\/volcanes.net\/index.php?rest_route=\/wp\/v2\/users\/1"}],"replies":[{"embeddable":true,"href":"https:\/\/volcanes.net\/index.php?rest_route=%2Fwp%2Fv2%2Fcomments&post=2304"}],"version-history":[{"count":1,"href":"https:\/\/volcanes.net\/index.php?rest_route=\/wp\/v2\/posts\/2304\/revisions"}],"predecessor-version":[{"id":2306,"href":"https:\/\/volcanes.net\/index.php?rest_route=\/wp\/v2\/posts\/2304\/revisions\/2306"}],"wp:featuredmedia":[{"embeddable":true,"href":"https:\/\/volcanes.net\/index.php?rest_route=\/wp\/v2\/media\/2305"}],"wp:attachment":[{"href":"https:\/\/volcanes.net\/index.php?rest_route=%2Fwp%2Fv2%2Fmedia&parent=2304"}],"wp:term":[{"taxonomy":"category","embeddable":true,"href":"https:\/\/volcanes.net\/index.php?rest_route=%2Fwp%2Fv2%2Fcategories&post=2304"},{"taxonomy":"post_tag","embeddable":true,"href":"https:\/\/volcanes.net\/index.php?rest_route=%2Fwp%2Fv2%2Ftags&post=2304"}],"curies":[{"name":"wp","href":"https:\/\/api.w.org\/{rel}","templated":true}]}}