{"id":235,"date":"2017-12-30T22:03:10","date_gmt":"2017-12-30T22:03:10","guid":{"rendered":"http:\/\/volcanes.net\/?p=235"},"modified":"2017-12-30T22:03:10","modified_gmt":"2017-12-30T22:03:10","slug":"anaya-asegura-que-encabezara-el-mejor-gobierno-en-la-historia-del-pais","status":"publish","type":"post","link":"https:\/\/volcanes.net\/?p=235","title":{"rendered":"Anaya asegura que encabezar\u00e1 el mejor gobierno en la historia del pa\u00eds"},"content":{"rendered":"<div style=\"margin-top: 0px; margin-bottom: 0px;\" class=\"sharethis-inline-share-buttons\" ><\/div><p>El precandidato presidencial de la coalici\u00f3n Por M\u00e9xico al Frente, Ricardo Anaya Cort\u00e9s, se comprometi\u00f3 a trabajar con fuerza y determinaci\u00f3n para que 2018 sea un gran a\u00f1o para M\u00e9xico, en el que logren triunfar en las elecciones y conformar el mejor gobierno en la historia del pa\u00eds.<\/p>\n<p>Un gobierno honesto, con valores y principios, as\u00ed como una administraci\u00f3n que d\u00e9 resultados en beneficio de los ciudadanos, refiri\u00f3 el exdirigente del Partido Acci\u00f3n Nacional (PAN).<\/p>\n<p>Entrevistado en el marco de un evento de precampa\u00f1a en Zacatecas, dese\u00f3 para M\u00e9xico un cambio profundo, \u201cpara tener lo que el pa\u00eds se merece, un gobierno honesto, con principios, con valores, y sobre todo un gobierno que d\u00e9 resultados en beneficio de la gente, que resuelva los grav\u00edsimos problemas que tiene hoy M\u00e9xico\u201d.<\/p>\n<p>Sobre las declaraciones del dirigente del PRI que le asegura la victoria a su candidato con 40 por ciento de los votos, respondi\u00f3 que se vale so\u00f1ar, porque van en un lejano tercer lugar y que la coalici\u00f3n Por M\u00e9xico al Frente ganar\u00e1 los comicios y lograr\u00e1 el cambio profundo que demanda el pa\u00eds.<\/p>\n<p>Respecto al audio que se da a conocer entre autoridades en Chihuahua de extracci\u00f3n panista y la periodista Miroslava Breach, dijo confiar plenamente en el gobernador Javier Corral, en su equipo de trabajo, en la Fiscal\u00eda de Chihuahua y reiter\u00f3 su respaldo \u201cpara que vayan hasta las \u00faltimas consecuencias y castiguen con todo el peso de la ley a quien resulte responsable de ese crimen\u201d.<\/p>\n<p>Tambi\u00e9n record\u00f3 que el 7 de enero cierra el registro de precandidatos a la Presidencia de la Rep\u00fablica y hasta ahora es el \u00fanico y la elecci\u00f3n interna se llevar\u00e1 a cabo el 11 de febrero.<\/p>\n<p>Respecto a que Morena encabeza las encuestas, Anaya Cort\u00e9s reiter\u00f3 que el Frente ganar\u00e1 la elecci\u00f3n y deben tener la confianza plena.<\/p>\n<p>Manifest\u00f3 que a pesar de la renuncia de Margarita Zavala al PAN, de que Vicente Fox apoya a Jos\u00e9 Antonio Meade, de que Felipe Calder\u00f3n le manda mensajes y que un gran porcentaje de senadores y diputados del Partido de la Revoluci\u00f3n Democr\u00e1tica (PRD) han renunciado para sumarse a Morena, el Frente est\u00e1 unido, s\u00f3lido y ganar\u00e1 los comicios del 1 de julio y lograr\u00e1n la transformaci\u00f3n profunda que merece el pa\u00eds.<\/p>\n<p>\u201cHay que revisar la cifras con mucha objetividad y con mucha serenidad. El PAN est\u00e1 m\u00e1s fuerte que nunca\u201d, enfatiz\u00f3.<\/p>\n<p>Anaya Cort\u00e9s agreg\u00f3 que \u201chace dos a\u00f1os gobern\u00e1bamos solamente cinco estados del pa\u00eds, hoy gobernamos con las alianzas que hemos hecho, particularmente con el PRD, 12 entidades, juntos los partidos del Frente gobernamos 16 estados, 16 capitales, m\u00e1s de 800 municipios que concentran pr\u00e1cticamente la mitad de la poblaci\u00f3n del pa\u00eds\u201d.<\/p>\n","protected":false},"excerpt":{"rendered":"<p>El precandidato presidencial de la coalici\u00f3n Por M\u00e9xico al Frente, Ricardo Anaya Cort\u00e9s, se comprometi\u00f3<\/p>\n","protected":false},"author":1,"featured_media":225,"comment_status":"open","ping_status":"open","sticky":false,"template":"","format":"standard","meta":{"footnotes":""},"categories":[1],"tags":[35],"class_list":["post-235","post","type-post","status-publish","format-standard","has-post-thumbnail","hentry","category-municipales","tag-pan"],"yoast_head":"<!-- This site is optimized with the Yoast SEO plugin v25.3 - https:\/\/yoast.com\/wordpress\/plugins\/seo\/ -->\n<title>Anaya asegura que encabezar\u00e1 el mejor gobierno en la historia del pa\u00eds - Volcanes<\/title>\n<meta name=\"robots\" content=\"index, follow, max-snippet:-1, max-image-preview:large, max-video-preview:-1\" \/>\n<link rel=\"canonical\" href=\"https:\/\/volcanes.net\/?p=235\" \/>\n<meta property=\"og:locale\" content=\"es_MX\" \/>\n<meta property=\"og:type\" content=\"article\" \/>\n<meta property=\"og:title\" content=\"Anaya asegura que encabezar\u00e1 el mejor gobierno en la historia del pa\u00eds - Volcanes\" \/>\n<meta property=\"og:description\" content=\"El precandidato presidencial de la coalici\u00f3n Por M\u00e9xico al Frente, Ricardo Anaya Cort\u00e9s, se comprometi\u00f3\" \/>\n<meta property=\"og:url\" content=\"https:\/\/volcanes.net\/?p=235\" \/>\n<meta property=\"og:site_name\" content=\"Volcanes\" \/>\n<meta property=\"article:publisher\" content=\"https:\/\/www.facebook.com\/volcanes.net\/\" \/>\n<meta property=\"article:published_time\" content=\"2017-12-30T22:03:10+00:00\" \/>\n<meta property=\"og:image\" content=\"https:\/\/volcanes.net\/wp-content\/uploads\/2017\/12\/anaya-zacatecas.jpg\" \/>\n\t<meta property=\"og:image:width\" content=\"400\" \/>\n\t<meta property=\"og:image:height\" content=\"200\" \/>\n\t<meta property=\"og:image:type\" content=\"image\/jpeg\" \/>\n<meta name=\"author\" content=\"admin\" \/>\n<meta name=\"twitter:card\" content=\"summary_large_image\" \/>\n<meta name=\"twitter:label1\" content=\"Escrito por\" \/>\n\t<meta name=\"twitter:data1\" content=\"admin\" \/>\n\t<meta name=\"twitter:label2\" content=\"Tiempo de lectura\" \/>\n\t<meta name=\"twitter:data2\" content=\"2 minutos\" \/>\n<script type=\"application\/ld+json\" class=\"yoast-schema-graph\">{\"@context\":\"https:\/\/schema.org\",\"@graph\":[{\"@type\":\"Article\",\"@id\":\"https:\/\/volcanes.net\/?p=235#article\",\"isPartOf\":{\"@id\":\"https:\/\/volcanes.net\/?p=235\"},\"author\":{\"name\":\"admin\",\"@id\":\"https:\/\/volcanes.net\/#\/schema\/person\/4bf0f383940966a4abd53f5048c0e6b9\"},\"headline\":\"Anaya asegura que encabezar\u00e1 el mejor gobierno en la historia del pa\u00eds\",\"datePublished\":\"2017-12-30T22:03:10+00:00\",\"mainEntityOfPage\":{\"@id\":\"https:\/\/volcanes.net\/?p=235\"},\"wordCount\":494,\"commentCount\":0,\"publisher\":{\"@id\":\"https:\/\/volcanes.net\/#organization\"},\"image\":{\"@id\":\"https:\/\/volcanes.net\/?p=235#primaryimage\"},\"thumbnailUrl\":\"https:\/\/volcanes.net\/wp-content\/uploads\/2017\/12\/anaya-zacatecas.jpg\",\"keywords\":[\"PAN\"],\"articleSection\":[\"Municipales\"],\"inLanguage\":\"es\",\"potentialAction\":[{\"@type\":\"CommentAction\",\"name\":\"Comment\",\"target\":[\"https:\/\/volcanes.net\/?p=235#respond\"]}]},{\"@type\":\"WebPage\",\"@id\":\"https:\/\/volcanes.net\/?p=235\",\"url\":\"https:\/\/volcanes.net\/?p=235\",\"name\":\"Anaya asegura que encabezar\u00e1 el mejor gobierno en la historia del pa\u00eds - Volcanes\",\"isPartOf\":{\"@id\":\"https:\/\/volcanes.net\/#website\"},\"primaryImageOfPage\":{\"@id\":\"https:\/\/volcanes.net\/?p=235#primaryimage\"},\"image\":{\"@id\":\"https:\/\/volcanes.net\/?p=235#primaryimage\"},\"thumbnailUrl\":\"https:\/\/volcanes.net\/wp-content\/uploads\/2017\/12\/anaya-zacatecas.jpg\",\"datePublished\":\"2017-12-30T22:03:10+00:00\",\"breadcrumb\":{\"@id\":\"https:\/\/volcanes.net\/?p=235#breadcrumb\"},\"inLanguage\":\"es\",\"potentialAction\":[{\"@type\":\"ReadAction\",\"target\":[\"https:\/\/volcanes.net\/?p=235\"]}]},{\"@type\":\"ImageObject\",\"inLanguage\":\"es\",\"@id\":\"https:\/\/volcanes.net\/?p=235#primaryimage\",\"url\":\"https:\/\/volcanes.net\/wp-content\/uploads\/2017\/12\/anaya-zacatecas.jpg\",\"contentUrl\":\"https:\/\/volcanes.net\/wp-content\/uploads\/2017\/12\/anaya-zacatecas.jpg\",\"width\":400,\"height\":200},{\"@type\":\"BreadcrumbList\",\"@id\":\"https:\/\/volcanes.net\/?p=235#breadcrumb\",\"itemListElement\":[{\"@type\":\"ListItem\",\"position\":1,\"name\":\"Portada\",\"item\":\"https:\/\/volcanes.net\/\"},{\"@type\":\"ListItem\",\"position\":2,\"name\":\"Anaya asegura que encabezar\u00e1 el mejor gobierno en la historia del pa\u00eds\"}]},{\"@type\":\"WebSite\",\"@id\":\"https:\/\/volcanes.net\/#website\",\"url\":\"https:\/\/volcanes.net\/\",\"name\":\"Volcanes.Net\",\"description\":\"Periodismo Profesional\",\"publisher\":{\"@id\":\"https:\/\/volcanes.net\/#organization\"},\"potentialAction\":[{\"@type\":\"SearchAction\",\"target\":{\"@type\":\"EntryPoint\",\"urlTemplate\":\"https:\/\/volcanes.net\/?s={search_term_string}\"},\"query-input\":{\"@type\":\"PropertyValueSpecification\",\"valueRequired\":true,\"valueName\":\"search_term_string\"}}],\"inLanguage\":\"es\"},{\"@type\":\"Organization\",\"@id\":\"https:\/\/volcanes.net\/#organization\",\"name\":\"Grupo Volcanes\",\"url\":\"https:\/\/volcanes.net\/\",\"logo\":{\"@type\":\"ImageObject\",\"inLanguage\":\"es\",\"@id\":\"https:\/\/volcanes.net\/#\/schema\/logo\/image\/\",\"url\":\"http:\/\/volcanes.net\/wp-content\/uploads\/2017\/12\/Avatar2.jpg\",\"contentUrl\":\"http:\/\/volcanes.net\/wp-content\/uploads\/2017\/12\/Avatar2.jpg\",\"width\":378,\"height\":378,\"caption\":\"Grupo Volcanes\"},\"image\":{\"@id\":\"https:\/\/volcanes.net\/#\/schema\/logo\/image\/\"},\"sameAs\":[\"https:\/\/www.facebook.com\/volcanes.net\/\"]},{\"@type\":\"Person\",\"@id\":\"https:\/\/volcanes.net\/#\/schema\/person\/4bf0f383940966a4abd53f5048c0e6b9\",\"name\":\"admin\",\"image\":{\"@type\":\"ImageObject\",\"inLanguage\":\"es\",\"@id\":\"https:\/\/volcanes.net\/#\/schema\/person\/image\/\",\"url\":\"https:\/\/secure.gravatar.com\/avatar\/ca004e6cba8462b8cb7abc86e382930c?s=96&d=mm&r=g\",\"contentUrl\":\"https:\/\/secure.gravatar.com\/avatar\/ca004e6cba8462b8cb7abc86e382930c?s=96&d=mm&r=g\",\"caption\":\"admin\"}}]}<\/script>\n<!-- \/ Yoast SEO plugin. -->","yoast_head_json":{"title":"Anaya asegura que encabezar\u00e1 el mejor gobierno en la historia del pa\u00eds - Volcanes","robots":{"index":"index","follow":"follow","max-snippet":"max-snippet:-1","max-image-preview":"max-image-preview:large","max-video-preview":"max-video-preview:-1"},"canonical":"https:\/\/volcanes.net\/?p=235","og_locale":"es_MX","og_type":"article","og_title":"Anaya asegura que encabezar\u00e1 el mejor gobierno en la historia del pa\u00eds - Volcanes","og_description":"El precandidato presidencial de la coalici\u00f3n Por M\u00e9xico al Frente, Ricardo Anaya Cort\u00e9s, se comprometi\u00f3","og_url":"https:\/\/volcanes.net\/?p=235","og_site_name":"Volcanes","article_publisher":"https:\/\/www.facebook.com\/volcanes.net\/","article_published_time":"2017-12-30T22:03:10+00:00","og_image":[{"width":400,"height":200,"url":"https:\/\/volcanes.net\/wp-content\/uploads\/2017\/12\/anaya-zacatecas.jpg","type":"image\/jpeg"}],"author":"admin","twitter_card":"summary_large_image","twitter_misc":{"Escrito por":"admin","Tiempo de lectura":"2 minutos"},"schema":{"@context":"https:\/\/schema.org","@graph":[{"@type":"Article","@id":"https:\/\/volcanes.net\/?p=235#article","isPartOf":{"@id":"https:\/\/volcanes.net\/?p=235"},"author":{"name":"admin","@id":"https:\/\/volcanes.net\/#\/schema\/person\/4bf0f383940966a4abd53f5048c0e6b9"},"headline":"Anaya asegura que encabezar\u00e1 el mejor gobierno en la historia del pa\u00eds","datePublished":"2017-12-30T22:03:10+00:00","mainEntityOfPage":{"@id":"https:\/\/volcanes.net\/?p=235"},"wordCount":494,"commentCount":0,"publisher":{"@id":"https:\/\/volcanes.net\/#organization"},"image":{"@id":"https:\/\/volcanes.net\/?p=235#primaryimage"},"thumbnailUrl":"https:\/\/volcanes.net\/wp-content\/uploads\/2017\/12\/anaya-zacatecas.jpg","keywords":["PAN"],"articleSection":["Municipales"],"inLanguage":"es","potentialAction":[{"@type":"CommentAction","name":"Comment","target":["https:\/\/volcanes.net\/?p=235#respond"]}]},{"@type":"WebPage","@id":"https:\/\/volcanes.net\/?p=235","url":"https:\/\/volcanes.net\/?p=235","name":"Anaya asegura que encabezar\u00e1 el mejor gobierno en la historia del pa\u00eds - Volcanes","isPartOf":{"@id":"https:\/\/volcanes.net\/#website"},"primaryImageOfPage":{"@id":"https:\/\/volcanes.net\/?p=235#primaryimage"},"image":{"@id":"https:\/\/volcanes.net\/?p=235#primaryimage"},"thumbnailUrl":"https:\/\/volcanes.net\/wp-content\/uploads\/2017\/12\/anaya-zacatecas.jpg","datePublished":"2017-12-30T22:03:10+00:00","breadcrumb":{"@id":"https:\/\/volcanes.net\/?p=235#breadcrumb"},"inLanguage":"es","potentialAction":[{"@type":"ReadAction","target":["https:\/\/volcanes.net\/?p=235"]}]},{"@type":"ImageObject","inLanguage":"es","@id":"https:\/\/volcanes.net\/?p=235#primaryimage","url":"https:\/\/volcanes.net\/wp-content\/uploads\/2017\/12\/anaya-zacatecas.jpg","contentUrl":"https:\/\/volcanes.net\/wp-content\/uploads\/2017\/12\/anaya-zacatecas.jpg","width":400,"height":200},{"@type":"BreadcrumbList","@id":"https:\/\/volcanes.net\/?p=235#breadcrumb","itemListElement":[{"@type":"ListItem","position":1,"name":"Portada","item":"https:\/\/volcanes.net\/"},{"@type":"ListItem","position":2,"name":"Anaya asegura que encabezar\u00e1 el mejor gobierno en la historia del pa\u00eds"}]},{"@type":"WebSite","@id":"https:\/\/volcanes.net\/#website","url":"https:\/\/volcanes.net\/","name":"Volcanes.Net","description":"Periodismo Profesional","publisher":{"@id":"https:\/\/volcanes.net\/#organization"},"potentialAction":[{"@type":"SearchAction","target":{"@type":"EntryPoint","urlTemplate":"https:\/\/volcanes.net\/?s={search_term_string}"},"query-input":{"@type":"PropertyValueSpecification","valueRequired":true,"valueName":"search_term_string"}}],"inLanguage":"es"},{"@type":"Organization","@id":"https:\/\/volcanes.net\/#organization","name":"Grupo Volcanes","url":"https:\/\/volcanes.net\/","logo":{"@type":"ImageObject","inLanguage":"es","@id":"https:\/\/volcanes.net\/#\/schema\/logo\/image\/","url":"http:\/\/volcanes.net\/wp-content\/uploads\/2017\/12\/Avatar2.jpg","contentUrl":"http:\/\/volcanes.net\/wp-content\/uploads\/2017\/12\/Avatar2.jpg","width":378,"height":378,"caption":"Grupo Volcanes"},"image":{"@id":"https:\/\/volcanes.net\/#\/schema\/logo\/image\/"},"sameAs":["https:\/\/www.facebook.com\/volcanes.net\/"]},{"@type":"Person","@id":"https:\/\/volcanes.net\/#\/schema\/person\/4bf0f383940966a4abd53f5048c0e6b9","name":"admin","image":{"@type":"ImageObject","inLanguage":"es","@id":"https:\/\/volcanes.net\/#\/schema\/person\/image\/","url":"https:\/\/secure.gravatar.com\/avatar\/ca004e6cba8462b8cb7abc86e382930c?s=96&d=mm&r=g","contentUrl":"https:\/\/secure.gravatar.com\/avatar\/ca004e6cba8462b8cb7abc86e382930c?s=96&d=mm&r=g","caption":"admin"}}]}},"_links":{"self":[{"href":"https:\/\/volcanes.net\/index.php?rest_route=\/wp\/v2\/posts\/235"}],"collection":[{"href":"https:\/\/volcanes.net\/index.php?rest_route=\/wp\/v2\/posts"}],"about":[{"href":"https:\/\/volcanes.net\/index.php?rest_route=\/wp\/v2\/types\/post"}],"author":[{"embeddable":true,"href":"https:\/\/volcanes.net\/index.php?rest_route=\/wp\/v2\/users\/1"}],"replies":[{"embeddable":true,"href":"https:\/\/volcanes.net\/index.php?rest_route=%2Fwp%2Fv2%2Fcomments&post=235"}],"version-history":[{"count":1,"href":"https:\/\/volcanes.net\/index.php?rest_route=\/wp\/v2\/posts\/235\/revisions"}],"predecessor-version":[{"id":236,"href":"https:\/\/volcanes.net\/index.php?rest_route=\/wp\/v2\/posts\/235\/revisions\/236"}],"wp:featuredmedia":[{"embeddable":true,"href":"https:\/\/volcanes.net\/index.php?rest_route=\/wp\/v2\/media\/225"}],"wp:attachment":[{"href":"https:\/\/volcanes.net\/index.php?rest_route=%2Fwp%2Fv2%2Fmedia&parent=235"}],"wp:term":[{"taxonomy":"category","embeddable":true,"href":"https:\/\/volcanes.net\/index.php?rest_route=%2Fwp%2Fv2%2Fcategories&post=235"},{"taxonomy":"post_tag","embeddable":true,"href":"https:\/\/volcanes.net\/index.php?rest_route=%2Fwp%2Fv2%2Ftags&post=235"}],"curies":[{"name":"wp","href":"https:\/\/api.w.org\/{rel}","templated":true}]}}