{"id":2352,"date":"2018-09-04T02:45:25","date_gmt":"2018-09-04T02:45:25","guid":{"rendered":"http:\/\/volcanes.net\/?p=2352"},"modified":"2018-09-04T02:45:25","modified_gmt":"2018-09-04T02:45:25","slug":"gobierno-capitalino-recuerda-que-este-lunes-habra-prueba-de-altavoces","status":"publish","type":"post","link":"https:\/\/volcanes.net\/?p=2352","title":{"rendered":"Gobierno capitalino recuerda que este lunes habr\u00e1 prueba de altavoces"},"content":{"rendered":"<div style=\"margin-top: 0px; margin-bottom: 0px;\" class=\"sharethis-inline-share-buttons\" ><\/div><p>Este lunes a las 12:00 horas se llevar\u00e1 a cabo una prueba de audio con el sistema de altavoces de la Alerta S\u00edsmica que se encuentra en los postes de las c\u00e1maras de videovigilancia, inform\u00f3 el Centro de Comando, Control, C\u00f3mputo, Comunicaciones y Contacto Ciudadano de la Ciudad de M\u00e9xico (C5).<\/p>\n<p>Refiri\u00f3 que el sonido que emitir\u00e1n los altavoces ser\u00e1 diferente al de la Alerta S\u00edsmica y se\u00f1alar\u00e1 de manera expl\u00edcita que es una \u201cPrueba de Audio\u201d.<\/p>\n<p>El C5 tiene conocimiento de que 757 altavoces no funcionan por obsolescencia, y llama a la poblaci\u00f3n para que, en caso de detectar alguna falla en el sistema de altavoces, lo reporte al tel\u00e9fono de LOCATEL 56581111 o por las cuentas de Twitter @C5_CDMX y @locatel_mx.<\/p>\n","protected":false},"excerpt":{"rendered":"<p>Este lunes a las 12:00 horas se llevar\u00e1 a cabo una prueba de audio con<\/p>\n","protected":false},"author":1,"featured_media":2353,"comment_status":"open","ping_status":"open","sticky":false,"template":"","format":"standard","meta":{"footnotes":""},"categories":[1],"tags":[28],"class_list":["post-2352","post","type-post","status-publish","format-standard","has-post-thumbnail","hentry","category-municipales","tag-cdmx"],"yoast_head":"<!-- This site is optimized with the Yoast SEO plugin v25.3 - https:\/\/yoast.com\/wordpress\/plugins\/seo\/ -->\n<title>Gobierno capitalino recuerda que este lunes habr\u00e1 prueba de altavoces - Volcanes<\/title>\n<meta name=\"robots\" content=\"index, follow, max-snippet:-1, max-image-preview:large, max-video-preview:-1\" \/>\n<link rel=\"canonical\" href=\"https:\/\/volcanes.net\/?p=2352\" \/>\n<meta property=\"og:locale\" content=\"es_MX\" \/>\n<meta property=\"og:type\" content=\"article\" \/>\n<meta property=\"og:title\" content=\"Gobierno capitalino recuerda que este lunes habr\u00e1 prueba de altavoces - Volcanes\" \/>\n<meta property=\"og:description\" content=\"Este lunes a las 12:00 horas se llevar\u00e1 a cabo una prueba de audio con\" \/>\n<meta property=\"og:url\" content=\"https:\/\/volcanes.net\/?p=2352\" \/>\n<meta property=\"og:site_name\" content=\"Volcanes\" \/>\n<meta property=\"article:publisher\" content=\"https:\/\/www.facebook.com\/volcanes.net\/\" \/>\n<meta property=\"article:published_time\" content=\"2018-09-04T02:45:25+00:00\" \/>\n<meta property=\"og:image\" content=\"https:\/\/volcanes.net\/wp-content\/uploads\/2018\/09\/alerta_sismica.jpg\" \/>\n\t<meta property=\"og:image:width\" content=\"553\" \/>\n\t<meta property=\"og:image:height\" content=\"366\" \/>\n\t<meta property=\"og:image:type\" content=\"image\/jpeg\" \/>\n<meta name=\"author\" content=\"admin\" \/>\n<meta name=\"twitter:card\" content=\"summary_large_image\" \/>\n<meta name=\"twitter:label1\" content=\"Escrito por\" \/>\n\t<meta name=\"twitter:data1\" content=\"admin\" \/>\n\t<meta name=\"twitter:label2\" content=\"Tiempo de lectura\" \/>\n\t<meta name=\"twitter:data2\" content=\"1 minuto\" \/>\n<script type=\"application\/ld+json\" class=\"yoast-schema-graph\">{\"@context\":\"https:\/\/schema.org\",\"@graph\":[{\"@type\":\"Article\",\"@id\":\"https:\/\/volcanes.net\/?p=2352#article\",\"isPartOf\":{\"@id\":\"https:\/\/volcanes.net\/?p=2352\"},\"author\":{\"name\":\"admin\",\"@id\":\"https:\/\/volcanes.net\/#\/schema\/person\/4bf0f383940966a4abd53f5048c0e6b9\"},\"headline\":\"Gobierno capitalino recuerda que este lunes habr\u00e1 prueba de altavoces\",\"datePublished\":\"2018-09-04T02:45:25+00:00\",\"mainEntityOfPage\":{\"@id\":\"https:\/\/volcanes.net\/?p=2352\"},\"wordCount\":142,\"commentCount\":0,\"publisher\":{\"@id\":\"https:\/\/volcanes.net\/#organization\"},\"image\":{\"@id\":\"https:\/\/volcanes.net\/?p=2352#primaryimage\"},\"thumbnailUrl\":\"https:\/\/volcanes.net\/wp-content\/uploads\/2018\/09\/alerta_sismica.jpg\",\"keywords\":[\"CDMX\"],\"articleSection\":[\"Municipales\"],\"inLanguage\":\"es\",\"potentialAction\":[{\"@type\":\"CommentAction\",\"name\":\"Comment\",\"target\":[\"https:\/\/volcanes.net\/?p=2352#respond\"]}]},{\"@type\":\"WebPage\",\"@id\":\"https:\/\/volcanes.net\/?p=2352\",\"url\":\"https:\/\/volcanes.net\/?p=2352\",\"name\":\"Gobierno capitalino recuerda que este lunes habr\u00e1 prueba de altavoces - Volcanes\",\"isPartOf\":{\"@id\":\"https:\/\/volcanes.net\/#website\"},\"primaryImageOfPage\":{\"@id\":\"https:\/\/volcanes.net\/?p=2352#primaryimage\"},\"image\":{\"@id\":\"https:\/\/volcanes.net\/?p=2352#primaryimage\"},\"thumbnailUrl\":\"https:\/\/volcanes.net\/wp-content\/uploads\/2018\/09\/alerta_sismica.jpg\",\"datePublished\":\"2018-09-04T02:45:25+00:00\",\"breadcrumb\":{\"@id\":\"https:\/\/volcanes.net\/?p=2352#breadcrumb\"},\"inLanguage\":\"es\",\"potentialAction\":[{\"@type\":\"ReadAction\",\"target\":[\"https:\/\/volcanes.net\/?p=2352\"]}]},{\"@type\":\"ImageObject\",\"inLanguage\":\"es\",\"@id\":\"https:\/\/volcanes.net\/?p=2352#primaryimage\",\"url\":\"https:\/\/volcanes.net\/wp-content\/uploads\/2018\/09\/alerta_sismica.jpg\",\"contentUrl\":\"https:\/\/volcanes.net\/wp-content\/uploads\/2018\/09\/alerta_sismica.jpg\",\"width\":553,\"height\":366,\"caption\":\"AH12092015020 CIUDAD 12 DE AGOSTO 2015 ASPECTOS DE POSTE CON ALTAVOZ EN EL CENTRO HISTORICO QUE ACTIVO SU ALERTA SISMICA ESTE MEDIO DIA \/FOTO ADRIAN HERNANDEZ\"},{\"@type\":\"BreadcrumbList\",\"@id\":\"https:\/\/volcanes.net\/?p=2352#breadcrumb\",\"itemListElement\":[{\"@type\":\"ListItem\",\"position\":1,\"name\":\"Portada\",\"item\":\"https:\/\/volcanes.net\/\"},{\"@type\":\"ListItem\",\"position\":2,\"name\":\"Gobierno capitalino recuerda que este lunes habr\u00e1 prueba de altavoces\"}]},{\"@type\":\"WebSite\",\"@id\":\"https:\/\/volcanes.net\/#website\",\"url\":\"https:\/\/volcanes.net\/\",\"name\":\"Volcanes.Net\",\"description\":\"Periodismo Profesional\",\"publisher\":{\"@id\":\"https:\/\/volcanes.net\/#organization\"},\"potentialAction\":[{\"@type\":\"SearchAction\",\"target\":{\"@type\":\"EntryPoint\",\"urlTemplate\":\"https:\/\/volcanes.net\/?s={search_term_string}\"},\"query-input\":{\"@type\":\"PropertyValueSpecification\",\"valueRequired\":true,\"valueName\":\"search_term_string\"}}],\"inLanguage\":\"es\"},{\"@type\":\"Organization\",\"@id\":\"https:\/\/volcanes.net\/#organization\",\"name\":\"Grupo Volcanes\",\"url\":\"https:\/\/volcanes.net\/\",\"logo\":{\"@type\":\"ImageObject\",\"inLanguage\":\"es\",\"@id\":\"https:\/\/volcanes.net\/#\/schema\/logo\/image\/\",\"url\":\"http:\/\/volcanes.net\/wp-content\/uploads\/2017\/12\/Avatar2.jpg\",\"contentUrl\":\"http:\/\/volcanes.net\/wp-content\/uploads\/2017\/12\/Avatar2.jpg\",\"width\":378,\"height\":378,\"caption\":\"Grupo Volcanes\"},\"image\":{\"@id\":\"https:\/\/volcanes.net\/#\/schema\/logo\/image\/\"},\"sameAs\":[\"https:\/\/www.facebook.com\/volcanes.net\/\"]},{\"@type\":\"Person\",\"@id\":\"https:\/\/volcanes.net\/#\/schema\/person\/4bf0f383940966a4abd53f5048c0e6b9\",\"name\":\"admin\",\"image\":{\"@type\":\"ImageObject\",\"inLanguage\":\"es\",\"@id\":\"https:\/\/volcanes.net\/#\/schema\/person\/image\/\",\"url\":\"https:\/\/secure.gravatar.com\/avatar\/ca004e6cba8462b8cb7abc86e382930c?s=96&d=mm&r=g\",\"contentUrl\":\"https:\/\/secure.gravatar.com\/avatar\/ca004e6cba8462b8cb7abc86e382930c?s=96&d=mm&r=g\",\"caption\":\"admin\"}}]}<\/script>\n<!-- \/ Yoast SEO plugin. -->","yoast_head_json":{"title":"Gobierno capitalino recuerda que este lunes habr\u00e1 prueba de altavoces - Volcanes","robots":{"index":"index","follow":"follow","max-snippet":"max-snippet:-1","max-image-preview":"max-image-preview:large","max-video-preview":"max-video-preview:-1"},"canonical":"https:\/\/volcanes.net\/?p=2352","og_locale":"es_MX","og_type":"article","og_title":"Gobierno capitalino recuerda que este lunes habr\u00e1 prueba de altavoces - Volcanes","og_description":"Este lunes a las 12:00 horas se llevar\u00e1 a cabo una prueba de audio con","og_url":"https:\/\/volcanes.net\/?p=2352","og_site_name":"Volcanes","article_publisher":"https:\/\/www.facebook.com\/volcanes.net\/","article_published_time":"2018-09-04T02:45:25+00:00","og_image":[{"width":553,"height":366,"url":"https:\/\/volcanes.net\/wp-content\/uploads\/2018\/09\/alerta_sismica.jpg","type":"image\/jpeg"}],"author":"admin","twitter_card":"summary_large_image","twitter_misc":{"Escrito por":"admin","Tiempo de lectura":"1 minuto"},"schema":{"@context":"https:\/\/schema.org","@graph":[{"@type":"Article","@id":"https:\/\/volcanes.net\/?p=2352#article","isPartOf":{"@id":"https:\/\/volcanes.net\/?p=2352"},"author":{"name":"admin","@id":"https:\/\/volcanes.net\/#\/schema\/person\/4bf0f383940966a4abd53f5048c0e6b9"},"headline":"Gobierno capitalino recuerda que este lunes habr\u00e1 prueba de altavoces","datePublished":"2018-09-04T02:45:25+00:00","mainEntityOfPage":{"@id":"https:\/\/volcanes.net\/?p=2352"},"wordCount":142,"commentCount":0,"publisher":{"@id":"https:\/\/volcanes.net\/#organization"},"image":{"@id":"https:\/\/volcanes.net\/?p=2352#primaryimage"},"thumbnailUrl":"https:\/\/volcanes.net\/wp-content\/uploads\/2018\/09\/alerta_sismica.jpg","keywords":["CDMX"],"articleSection":["Municipales"],"inLanguage":"es","potentialAction":[{"@type":"CommentAction","name":"Comment","target":["https:\/\/volcanes.net\/?p=2352#respond"]}]},{"@type":"WebPage","@id":"https:\/\/volcanes.net\/?p=2352","url":"https:\/\/volcanes.net\/?p=2352","name":"Gobierno capitalino recuerda que este lunes habr\u00e1 prueba de altavoces - Volcanes","isPartOf":{"@id":"https:\/\/volcanes.net\/#website"},"primaryImageOfPage":{"@id":"https:\/\/volcanes.net\/?p=2352#primaryimage"},"image":{"@id":"https:\/\/volcanes.net\/?p=2352#primaryimage"},"thumbnailUrl":"https:\/\/volcanes.net\/wp-content\/uploads\/2018\/09\/alerta_sismica.jpg","datePublished":"2018-09-04T02:45:25+00:00","breadcrumb":{"@id":"https:\/\/volcanes.net\/?p=2352#breadcrumb"},"inLanguage":"es","potentialAction":[{"@type":"ReadAction","target":["https:\/\/volcanes.net\/?p=2352"]}]},{"@type":"ImageObject","inLanguage":"es","@id":"https:\/\/volcanes.net\/?p=2352#primaryimage","url":"https:\/\/volcanes.net\/wp-content\/uploads\/2018\/09\/alerta_sismica.jpg","contentUrl":"https:\/\/volcanes.net\/wp-content\/uploads\/2018\/09\/alerta_sismica.jpg","width":553,"height":366,"caption":"AH12092015020 CIUDAD 12 DE AGOSTO 2015 ASPECTOS DE POSTE CON ALTAVOZ EN EL CENTRO HISTORICO QUE ACTIVO SU ALERTA SISMICA ESTE MEDIO DIA \/FOTO ADRIAN HERNANDEZ"},{"@type":"BreadcrumbList","@id":"https:\/\/volcanes.net\/?p=2352#breadcrumb","itemListElement":[{"@type":"ListItem","position":1,"name":"Portada","item":"https:\/\/volcanes.net\/"},{"@type":"ListItem","position":2,"name":"Gobierno capitalino recuerda que este lunes habr\u00e1 prueba de altavoces"}]},{"@type":"WebSite","@id":"https:\/\/volcanes.net\/#website","url":"https:\/\/volcanes.net\/","name":"Volcanes.Net","description":"Periodismo Profesional","publisher":{"@id":"https:\/\/volcanes.net\/#organization"},"potentialAction":[{"@type":"SearchAction","target":{"@type":"EntryPoint","urlTemplate":"https:\/\/volcanes.net\/?s={search_term_string}"},"query-input":{"@type":"PropertyValueSpecification","valueRequired":true,"valueName":"search_term_string"}}],"inLanguage":"es"},{"@type":"Organization","@id":"https:\/\/volcanes.net\/#organization","name":"Grupo Volcanes","url":"https:\/\/volcanes.net\/","logo":{"@type":"ImageObject","inLanguage":"es","@id":"https:\/\/volcanes.net\/#\/schema\/logo\/image\/","url":"http:\/\/volcanes.net\/wp-content\/uploads\/2017\/12\/Avatar2.jpg","contentUrl":"http:\/\/volcanes.net\/wp-content\/uploads\/2017\/12\/Avatar2.jpg","width":378,"height":378,"caption":"Grupo Volcanes"},"image":{"@id":"https:\/\/volcanes.net\/#\/schema\/logo\/image\/"},"sameAs":["https:\/\/www.facebook.com\/volcanes.net\/"]},{"@type":"Person","@id":"https:\/\/volcanes.net\/#\/schema\/person\/4bf0f383940966a4abd53f5048c0e6b9","name":"admin","image":{"@type":"ImageObject","inLanguage":"es","@id":"https:\/\/volcanes.net\/#\/schema\/person\/image\/","url":"https:\/\/secure.gravatar.com\/avatar\/ca004e6cba8462b8cb7abc86e382930c?s=96&d=mm&r=g","contentUrl":"https:\/\/secure.gravatar.com\/avatar\/ca004e6cba8462b8cb7abc86e382930c?s=96&d=mm&r=g","caption":"admin"}}]}},"_links":{"self":[{"href":"https:\/\/volcanes.net\/index.php?rest_route=\/wp\/v2\/posts\/2352"}],"collection":[{"href":"https:\/\/volcanes.net\/index.php?rest_route=\/wp\/v2\/posts"}],"about":[{"href":"https:\/\/volcanes.net\/index.php?rest_route=\/wp\/v2\/types\/post"}],"author":[{"embeddable":true,"href":"https:\/\/volcanes.net\/index.php?rest_route=\/wp\/v2\/users\/1"}],"replies":[{"embeddable":true,"href":"https:\/\/volcanes.net\/index.php?rest_route=%2Fwp%2Fv2%2Fcomments&post=2352"}],"version-history":[{"count":1,"href":"https:\/\/volcanes.net\/index.php?rest_route=\/wp\/v2\/posts\/2352\/revisions"}],"predecessor-version":[{"id":2354,"href":"https:\/\/volcanes.net\/index.php?rest_route=\/wp\/v2\/posts\/2352\/revisions\/2354"}],"wp:featuredmedia":[{"embeddable":true,"href":"https:\/\/volcanes.net\/index.php?rest_route=\/wp\/v2\/media\/2353"}],"wp:attachment":[{"href":"https:\/\/volcanes.net\/index.php?rest_route=%2Fwp%2Fv2%2Fmedia&parent=2352"}],"wp:term":[{"taxonomy":"category","embeddable":true,"href":"https:\/\/volcanes.net\/index.php?rest_route=%2Fwp%2Fv2%2Fcategories&post=2352"},{"taxonomy":"post_tag","embeddable":true,"href":"https:\/\/volcanes.net\/index.php?rest_route=%2Fwp%2Fv2%2Ftags&post=2352"}],"curies":[{"name":"wp","href":"https:\/\/api.w.org\/{rel}","templated":true}]}}