{"id":2355,"date":"2018-09-04T02:48:03","date_gmt":"2018-09-04T02:48:03","guid":{"rendered":"http:\/\/volcanes.net\/?p=2355"},"modified":"2018-09-04T02:48:03","modified_gmt":"2018-09-04T02:48:03","slug":"policia-federal-rescata-en-puebla-a-24-personas-de-origen-guatemalteco","status":"publish","type":"post","link":"https:\/\/volcanes.net\/?p=2355","title":{"rendered":"Polic\u00eda Federal rescata en Puebla a 24 personas de origen guatemalteco"},"content":{"rendered":"<div style=\"margin-top: 0px; margin-bottom: 0px;\" class=\"sharethis-inline-share-buttons\" ><\/div><p>Personal de la Polic\u00eda Federal intercept\u00f3 en territorio poblano a 24 migrantes indocumentados de origen guatemalteco, entre ellos diez menores de edad, mientras viajaban en un autob\u00fas por la autopista C\u00f3rdoba- Puebla, revelaron autoridades.<\/p>\n<p>En una revisi\u00f3n cotidiana la tarde del domingo, personal de la Polic\u00eda Federal solicit\u00f3 al conductor de un autob\u00fas de pasajeros se detuviera cuando viajaba por el kil\u00f3metro 199 de v\u00eda ya referida, rumbo al centro del pa\u00eds.<\/p>\n<p>\u201cDesciende el conductor y ofrece \u00a0la cantidad de nueve mil 700 pesos mexicanos, detectando los elementos en el autob\u00fas a 24 personas\u201d, inform\u00f3 la comisaria.<\/p>\n<p>Se trata de once hombres, tres mujeres y diez menores de edad, todos de origen guatemaltecos, \u201cno comprueban su calidad migratoria en la Rep\u00fablica Mexicana, por lo que previniendo la trata y tr\u00e1fico de personas fueron rescatados y conducidos inmediatamente a la Estaci\u00f3n Migratoria en Ciudad de Puebla\u201d, explic\u00f3.<\/p>\n<p>El conductor, un mexicano de 29 a\u00f1os de edad, fue detenido por su probable responsabilidad en tr\u00e1fico de personas y por el intento de sobornar a las autoridades.<\/p>\n<p>El grupo no opuso resistencia, aunque si urgieron agua y alimentos, sobre todo para los menores de edad.<\/p>\n<p>Fuente: Agencias<\/p>\n","protected":false},"excerpt":{"rendered":"<p>Personal de la Polic\u00eda Federal intercept\u00f3 en territorio poblano a 24 migrantes indocumentados de origen<\/p>\n","protected":false},"author":1,"featured_media":2356,"comment_status":"open","ping_status":"open","sticky":false,"template":"","format":"standard","meta":{"footnotes":""},"categories":[1],"tags":[191],"class_list":["post-2355","post","type-post","status-publish","format-standard","has-post-thumbnail","hentry","category-municipales","tag-pf"],"yoast_head":"<!-- This site is optimized with the Yoast SEO plugin v25.3 - https:\/\/yoast.com\/wordpress\/plugins\/seo\/ -->\n<title>Polic\u00eda Federal rescata en Puebla a 24 personas de origen guatemalteco - Volcanes<\/title>\n<meta name=\"robots\" content=\"index, follow, max-snippet:-1, max-image-preview:large, max-video-preview:-1\" \/>\n<link rel=\"canonical\" href=\"https:\/\/volcanes.net\/?p=2355\" \/>\n<meta property=\"og:locale\" content=\"es_MX\" \/>\n<meta property=\"og:type\" content=\"article\" \/>\n<meta property=\"og:title\" content=\"Polic\u00eda Federal rescata en Puebla a 24 personas de origen guatemalteco - Volcanes\" \/>\n<meta property=\"og:description\" content=\"Personal de la Polic\u00eda Federal intercept\u00f3 en territorio poblano a 24 migrantes indocumentados de origen\" \/>\n<meta property=\"og:url\" content=\"https:\/\/volcanes.net\/?p=2355\" \/>\n<meta property=\"og:site_name\" content=\"Volcanes\" \/>\n<meta property=\"article:publisher\" content=\"https:\/\/www.facebook.com\/volcanes.net\/\" \/>\n<meta property=\"article:published_time\" content=\"2018-09-04T02:48:03+00:00\" \/>\n<meta property=\"og:image\" content=\"https:\/\/volcanes.net\/wp-content\/uploads\/2018\/09\/policia-federal.jpg\" \/>\n\t<meta property=\"og:image:width\" content=\"550\" \/>\n\t<meta property=\"og:image:height\" content=\"368\" \/>\n\t<meta property=\"og:image:type\" content=\"image\/jpeg\" \/>\n<meta name=\"author\" content=\"admin\" \/>\n<meta name=\"twitter:card\" content=\"summary_large_image\" \/>\n<meta name=\"twitter:label1\" content=\"Escrito por\" \/>\n\t<meta name=\"twitter:data1\" content=\"admin\" \/>\n\t<meta name=\"twitter:label2\" content=\"Tiempo de lectura\" \/>\n\t<meta name=\"twitter:data2\" content=\"1 minuto\" \/>\n<script type=\"application\/ld+json\" class=\"yoast-schema-graph\">{\"@context\":\"https:\/\/schema.org\",\"@graph\":[{\"@type\":\"Article\",\"@id\":\"https:\/\/volcanes.net\/?p=2355#article\",\"isPartOf\":{\"@id\":\"https:\/\/volcanes.net\/?p=2355\"},\"author\":{\"name\":\"admin\",\"@id\":\"https:\/\/volcanes.net\/#\/schema\/person\/4bf0f383940966a4abd53f5048c0e6b9\"},\"headline\":\"Polic\u00eda Federal rescata en Puebla a 24 personas de origen guatemalteco\",\"datePublished\":\"2018-09-04T02:48:03+00:00\",\"mainEntityOfPage\":{\"@id\":\"https:\/\/volcanes.net\/?p=2355\"},\"wordCount\":215,\"commentCount\":0,\"publisher\":{\"@id\":\"https:\/\/volcanes.net\/#organization\"},\"image\":{\"@id\":\"https:\/\/volcanes.net\/?p=2355#primaryimage\"},\"thumbnailUrl\":\"https:\/\/volcanes.net\/wp-content\/uploads\/2018\/09\/policia-federal.jpg\",\"keywords\":[\"PF\"],\"articleSection\":[\"Municipales\"],\"inLanguage\":\"es\",\"potentialAction\":[{\"@type\":\"CommentAction\",\"name\":\"Comment\",\"target\":[\"https:\/\/volcanes.net\/?p=2355#respond\"]}]},{\"@type\":\"WebPage\",\"@id\":\"https:\/\/volcanes.net\/?p=2355\",\"url\":\"https:\/\/volcanes.net\/?p=2355\",\"name\":\"Polic\u00eda Federal rescata en Puebla a 24 personas de origen guatemalteco - Volcanes\",\"isPartOf\":{\"@id\":\"https:\/\/volcanes.net\/#website\"},\"primaryImageOfPage\":{\"@id\":\"https:\/\/volcanes.net\/?p=2355#primaryimage\"},\"image\":{\"@id\":\"https:\/\/volcanes.net\/?p=2355#primaryimage\"},\"thumbnailUrl\":\"https:\/\/volcanes.net\/wp-content\/uploads\/2018\/09\/policia-federal.jpg\",\"datePublished\":\"2018-09-04T02:48:03+00:00\",\"breadcrumb\":{\"@id\":\"https:\/\/volcanes.net\/?p=2355#breadcrumb\"},\"inLanguage\":\"es\",\"potentialAction\":[{\"@type\":\"ReadAction\",\"target\":[\"https:\/\/volcanes.net\/?p=2355\"]}]},{\"@type\":\"ImageObject\",\"inLanguage\":\"es\",\"@id\":\"https:\/\/volcanes.net\/?p=2355#primaryimage\",\"url\":\"https:\/\/volcanes.net\/wp-content\/uploads\/2018\/09\/policia-federal.jpg\",\"contentUrl\":\"https:\/\/volcanes.net\/wp-content\/uploads\/2018\/09\/policia-federal.jpg\",\"width\":550,\"height\":368},{\"@type\":\"BreadcrumbList\",\"@id\":\"https:\/\/volcanes.net\/?p=2355#breadcrumb\",\"itemListElement\":[{\"@type\":\"ListItem\",\"position\":1,\"name\":\"Portada\",\"item\":\"https:\/\/volcanes.net\/\"},{\"@type\":\"ListItem\",\"position\":2,\"name\":\"Polic\u00eda Federal rescata en Puebla a 24 personas de origen guatemalteco\"}]},{\"@type\":\"WebSite\",\"@id\":\"https:\/\/volcanes.net\/#website\",\"url\":\"https:\/\/volcanes.net\/\",\"name\":\"Volcanes.Net\",\"description\":\"Periodismo Profesional\",\"publisher\":{\"@id\":\"https:\/\/volcanes.net\/#organization\"},\"potentialAction\":[{\"@type\":\"SearchAction\",\"target\":{\"@type\":\"EntryPoint\",\"urlTemplate\":\"https:\/\/volcanes.net\/?s={search_term_string}\"},\"query-input\":{\"@type\":\"PropertyValueSpecification\",\"valueRequired\":true,\"valueName\":\"search_term_string\"}}],\"inLanguage\":\"es\"},{\"@type\":\"Organization\",\"@id\":\"https:\/\/volcanes.net\/#organization\",\"name\":\"Grupo Volcanes\",\"url\":\"https:\/\/volcanes.net\/\",\"logo\":{\"@type\":\"ImageObject\",\"inLanguage\":\"es\",\"@id\":\"https:\/\/volcanes.net\/#\/schema\/logo\/image\/\",\"url\":\"http:\/\/volcanes.net\/wp-content\/uploads\/2017\/12\/Avatar2.jpg\",\"contentUrl\":\"http:\/\/volcanes.net\/wp-content\/uploads\/2017\/12\/Avatar2.jpg\",\"width\":378,\"height\":378,\"caption\":\"Grupo Volcanes\"},\"image\":{\"@id\":\"https:\/\/volcanes.net\/#\/schema\/logo\/image\/\"},\"sameAs\":[\"https:\/\/www.facebook.com\/volcanes.net\/\"]},{\"@type\":\"Person\",\"@id\":\"https:\/\/volcanes.net\/#\/schema\/person\/4bf0f383940966a4abd53f5048c0e6b9\",\"name\":\"admin\",\"image\":{\"@type\":\"ImageObject\",\"inLanguage\":\"es\",\"@id\":\"https:\/\/volcanes.net\/#\/schema\/person\/image\/\",\"url\":\"https:\/\/secure.gravatar.com\/avatar\/ca004e6cba8462b8cb7abc86e382930c?s=96&d=mm&r=g\",\"contentUrl\":\"https:\/\/secure.gravatar.com\/avatar\/ca004e6cba8462b8cb7abc86e382930c?s=96&d=mm&r=g\",\"caption\":\"admin\"}}]}<\/script>\n<!-- \/ Yoast SEO plugin. -->","yoast_head_json":{"title":"Polic\u00eda Federal rescata en Puebla a 24 personas de origen guatemalteco - Volcanes","robots":{"index":"index","follow":"follow","max-snippet":"max-snippet:-1","max-image-preview":"max-image-preview:large","max-video-preview":"max-video-preview:-1"},"canonical":"https:\/\/volcanes.net\/?p=2355","og_locale":"es_MX","og_type":"article","og_title":"Polic\u00eda Federal rescata en Puebla a 24 personas de origen guatemalteco - Volcanes","og_description":"Personal de la Polic\u00eda Federal intercept\u00f3 en territorio poblano a 24 migrantes indocumentados de origen","og_url":"https:\/\/volcanes.net\/?p=2355","og_site_name":"Volcanes","article_publisher":"https:\/\/www.facebook.com\/volcanes.net\/","article_published_time":"2018-09-04T02:48:03+00:00","og_image":[{"width":550,"height":368,"url":"https:\/\/volcanes.net\/wp-content\/uploads\/2018\/09\/policia-federal.jpg","type":"image\/jpeg"}],"author":"admin","twitter_card":"summary_large_image","twitter_misc":{"Escrito por":"admin","Tiempo de lectura":"1 minuto"},"schema":{"@context":"https:\/\/schema.org","@graph":[{"@type":"Article","@id":"https:\/\/volcanes.net\/?p=2355#article","isPartOf":{"@id":"https:\/\/volcanes.net\/?p=2355"},"author":{"name":"admin","@id":"https:\/\/volcanes.net\/#\/schema\/person\/4bf0f383940966a4abd53f5048c0e6b9"},"headline":"Polic\u00eda Federal rescata en Puebla a 24 personas de origen guatemalteco","datePublished":"2018-09-04T02:48:03+00:00","mainEntityOfPage":{"@id":"https:\/\/volcanes.net\/?p=2355"},"wordCount":215,"commentCount":0,"publisher":{"@id":"https:\/\/volcanes.net\/#organization"},"image":{"@id":"https:\/\/volcanes.net\/?p=2355#primaryimage"},"thumbnailUrl":"https:\/\/volcanes.net\/wp-content\/uploads\/2018\/09\/policia-federal.jpg","keywords":["PF"],"articleSection":["Municipales"],"inLanguage":"es","potentialAction":[{"@type":"CommentAction","name":"Comment","target":["https:\/\/volcanes.net\/?p=2355#respond"]}]},{"@type":"WebPage","@id":"https:\/\/volcanes.net\/?p=2355","url":"https:\/\/volcanes.net\/?p=2355","name":"Polic\u00eda Federal rescata en Puebla a 24 personas de origen guatemalteco - Volcanes","isPartOf":{"@id":"https:\/\/volcanes.net\/#website"},"primaryImageOfPage":{"@id":"https:\/\/volcanes.net\/?p=2355#primaryimage"},"image":{"@id":"https:\/\/volcanes.net\/?p=2355#primaryimage"},"thumbnailUrl":"https:\/\/volcanes.net\/wp-content\/uploads\/2018\/09\/policia-federal.jpg","datePublished":"2018-09-04T02:48:03+00:00","breadcrumb":{"@id":"https:\/\/volcanes.net\/?p=2355#breadcrumb"},"inLanguage":"es","potentialAction":[{"@type":"ReadAction","target":["https:\/\/volcanes.net\/?p=2355"]}]},{"@type":"ImageObject","inLanguage":"es","@id":"https:\/\/volcanes.net\/?p=2355#primaryimage","url":"https:\/\/volcanes.net\/wp-content\/uploads\/2018\/09\/policia-federal.jpg","contentUrl":"https:\/\/volcanes.net\/wp-content\/uploads\/2018\/09\/policia-federal.jpg","width":550,"height":368},{"@type":"BreadcrumbList","@id":"https:\/\/volcanes.net\/?p=2355#breadcrumb","itemListElement":[{"@type":"ListItem","position":1,"name":"Portada","item":"https:\/\/volcanes.net\/"},{"@type":"ListItem","position":2,"name":"Polic\u00eda Federal rescata en Puebla a 24 personas de origen guatemalteco"}]},{"@type":"WebSite","@id":"https:\/\/volcanes.net\/#website","url":"https:\/\/volcanes.net\/","name":"Volcanes.Net","description":"Periodismo Profesional","publisher":{"@id":"https:\/\/volcanes.net\/#organization"},"potentialAction":[{"@type":"SearchAction","target":{"@type":"EntryPoint","urlTemplate":"https:\/\/volcanes.net\/?s={search_term_string}"},"query-input":{"@type":"PropertyValueSpecification","valueRequired":true,"valueName":"search_term_string"}}],"inLanguage":"es"},{"@type":"Organization","@id":"https:\/\/volcanes.net\/#organization","name":"Grupo Volcanes","url":"https:\/\/volcanes.net\/","logo":{"@type":"ImageObject","inLanguage":"es","@id":"https:\/\/volcanes.net\/#\/schema\/logo\/image\/","url":"http:\/\/volcanes.net\/wp-content\/uploads\/2017\/12\/Avatar2.jpg","contentUrl":"http:\/\/volcanes.net\/wp-content\/uploads\/2017\/12\/Avatar2.jpg","width":378,"height":378,"caption":"Grupo Volcanes"},"image":{"@id":"https:\/\/volcanes.net\/#\/schema\/logo\/image\/"},"sameAs":["https:\/\/www.facebook.com\/volcanes.net\/"]},{"@type":"Person","@id":"https:\/\/volcanes.net\/#\/schema\/person\/4bf0f383940966a4abd53f5048c0e6b9","name":"admin","image":{"@type":"ImageObject","inLanguage":"es","@id":"https:\/\/volcanes.net\/#\/schema\/person\/image\/","url":"https:\/\/secure.gravatar.com\/avatar\/ca004e6cba8462b8cb7abc86e382930c?s=96&d=mm&r=g","contentUrl":"https:\/\/secure.gravatar.com\/avatar\/ca004e6cba8462b8cb7abc86e382930c?s=96&d=mm&r=g","caption":"admin"}}]}},"_links":{"self":[{"href":"https:\/\/volcanes.net\/index.php?rest_route=\/wp\/v2\/posts\/2355"}],"collection":[{"href":"https:\/\/volcanes.net\/index.php?rest_route=\/wp\/v2\/posts"}],"about":[{"href":"https:\/\/volcanes.net\/index.php?rest_route=\/wp\/v2\/types\/post"}],"author":[{"embeddable":true,"href":"https:\/\/volcanes.net\/index.php?rest_route=\/wp\/v2\/users\/1"}],"replies":[{"embeddable":true,"href":"https:\/\/volcanes.net\/index.php?rest_route=%2Fwp%2Fv2%2Fcomments&post=2355"}],"version-history":[{"count":1,"href":"https:\/\/volcanes.net\/index.php?rest_route=\/wp\/v2\/posts\/2355\/revisions"}],"predecessor-version":[{"id":2357,"href":"https:\/\/volcanes.net\/index.php?rest_route=\/wp\/v2\/posts\/2355\/revisions\/2357"}],"wp:featuredmedia":[{"embeddable":true,"href":"https:\/\/volcanes.net\/index.php?rest_route=\/wp\/v2\/media\/2356"}],"wp:attachment":[{"href":"https:\/\/volcanes.net\/index.php?rest_route=%2Fwp%2Fv2%2Fmedia&parent=2355"}],"wp:term":[{"taxonomy":"category","embeddable":true,"href":"https:\/\/volcanes.net\/index.php?rest_route=%2Fwp%2Fv2%2Fcategories&post=2355"},{"taxonomy":"post_tag","embeddable":true,"href":"https:\/\/volcanes.net\/index.php?rest_route=%2Fwp%2Fv2%2Ftags&post=2355"}],"curies":[{"name":"wp","href":"https:\/\/api.w.org\/{rel}","templated":true}]}}