{"id":2366,"date":"2018-09-04T14:04:38","date_gmt":"2018-09-04T14:04:38","guid":{"rendered":"http:\/\/volcanes.net\/?p=2366"},"modified":"2018-09-04T14:04:38","modified_gmt":"2018-09-04T14:04:38","slug":"proximo-gobierno-concluira-el-tren-mexico-toluca-anuncio-jimenez-espriu","status":"publish","type":"post","link":"https:\/\/volcanes.net\/?p=2366","title":{"rendered":"Pr\u00f3ximo gobierno concluir\u00e1 el tren M\u00e9xico-Toluca, anunci\u00f3 Jim\u00e9nez Espri\u00fa"},"content":{"rendered":"<div style=\"margin-top: 0px; margin-bottom: 0px;\" class=\"sharethis-inline-share-buttons\" ><\/div><p class=\"letter-capitular\">A pesar de los problemas t\u00e9cnicos y sociales que prevalecen en torno a la\u00a0construcci\u00f3n del tren M\u00e9xico-Toluca, el pr\u00f3ximo gobierno continuar\u00e1 la obra porque se trata de un tema estrat\u00e9gico, advirti\u00f3 el futuro secretario de Comunicaciones y Transportes,\u00a0Javier Jim\u00e9nez Espri\u00fa.<\/p>\n<p>Entrevistado al salir de la casa de transici\u00f3n del presidente electo, Andr\u00e9s Manuel L\u00f3pez Obrador, dijo que van a ver \u201ccu\u00e1ndo, c\u00f3mo y con qu\u00e9 se concluye la obra\u201d, que hasta el momento se encuentra retrasada y ha costado mucho m\u00e1s de lo que se preve\u00eda originalmente.<\/p>\n<p>Se\u00f1al\u00f3 que falta\u00a0construir la parte que conecta Santa Fe con Observatorio, donde habr\u00e1 que platicar con el\u00a0Gobierno de la Ciudad de M\u00e9xico, para que ponga parte de los recursos que hacen falta.<\/p>\n<p>Todav\u00eda falta mucho por resolver, si bien es un proyecto estrat\u00e9gico que le tocar\u00e1 concluir al futuro gobierno de\u00a0Andr\u00e9s Manuel L\u00f3pez Obrador, quien, asegur\u00f3, deber\u00e1 terminar con esa obra.<\/p>\n<p>Respecto al\u00a0proceso de transici\u00f3n,\u00a0Jim\u00e9nez Espri\u00fa dijo que todav\u00eda no puede hacer una evaluaci\u00f3n completa de c\u00f3mo se encuentra la dependencia, pues hasta ahora\u00a0no ha recibido toda la informaci\u00f3n correspondiente.<\/p>\n<p>Faltan los libros blancos y los detalles del estado general que guarda la dependencia, abund\u00f3, pero confi\u00f3 en que antes de la toma de posesi\u00f3n, en diciembre pr\u00f3ximo, se cuente con toda la informaci\u00f3n.<\/p>\n<p>Adelant\u00f3 que el pr\u00f3ximo mi\u00e9rcoles se espera la evaluaci\u00f3n t\u00e9cnica de los ingenieros organizados de M\u00e9xico sobre el nuevo aeropuerto, pero a\u00f1adi\u00f3 que todav\u00eda no se tiene el detalle de c\u00f3mo se har\u00e1 esta entrega.<\/p>\n<p>Fuente: NTX<\/p>\n","protected":false},"excerpt":{"rendered":"<p>A pesar de los problemas t\u00e9cnicos y sociales que prevalecen en torno a la\u00a0construcci\u00f3n del<\/p>\n","protected":false},"author":1,"featured_media":2367,"comment_status":"open","ping_status":"open","sticky":false,"template":"","format":"standard","meta":{"footnotes":""},"categories":[1],"tags":[182],"class_list":["post-2366","post","type-post","status-publish","format-standard","has-post-thumbnail","hentry","category-municipales","tag-gobierno-de-transicion"],"yoast_head":"<!-- This site is optimized with the Yoast SEO plugin v25.3 - https:\/\/yoast.com\/wordpress\/plugins\/seo\/ -->\n<title>Pr\u00f3ximo gobierno concluir\u00e1 el tren M\u00e9xico-Toluca, anunci\u00f3 Jim\u00e9nez Espri\u00fa - Volcanes<\/title>\n<meta name=\"robots\" content=\"index, follow, max-snippet:-1, max-image-preview:large, max-video-preview:-1\" \/>\n<link rel=\"canonical\" href=\"https:\/\/volcanes.net\/?p=2366\" \/>\n<meta property=\"og:locale\" content=\"es_MX\" \/>\n<meta property=\"og:type\" content=\"article\" \/>\n<meta property=\"og:title\" content=\"Pr\u00f3ximo gobierno concluir\u00e1 el tren M\u00e9xico-Toluca, anunci\u00f3 Jim\u00e9nez Espri\u00fa - Volcanes\" \/>\n<meta property=\"og:description\" content=\"A pesar de los problemas t\u00e9cnicos y sociales que prevalecen en torno a la\u00a0construcci\u00f3n del\" \/>\n<meta property=\"og:url\" content=\"https:\/\/volcanes.net\/?p=2366\" \/>\n<meta property=\"og:site_name\" content=\"Volcanes\" \/>\n<meta property=\"article:publisher\" content=\"https:\/\/www.facebook.com\/volcanes.net\/\" \/>\n<meta property=\"article:published_time\" content=\"2018-09-04T14:04:38+00:00\" \/>\n<meta property=\"og:image\" content=\"https:\/\/volcanes.net\/wp-content\/uploads\/2018\/09\/tren-mex-tol.jpg\" \/>\n\t<meta property=\"og:image:width\" content=\"551\" \/>\n\t<meta property=\"og:image:height\" content=\"367\" \/>\n\t<meta property=\"og:image:type\" content=\"image\/jpeg\" \/>\n<meta name=\"author\" content=\"admin\" \/>\n<meta name=\"twitter:card\" content=\"summary_large_image\" \/>\n<meta name=\"twitter:label1\" content=\"Escrito por\" \/>\n\t<meta name=\"twitter:data1\" content=\"admin\" \/>\n\t<meta name=\"twitter:label2\" content=\"Tiempo de lectura\" \/>\n\t<meta name=\"twitter:data2\" content=\"1 minuto\" \/>\n<script type=\"application\/ld+json\" class=\"yoast-schema-graph\">{\"@context\":\"https:\/\/schema.org\",\"@graph\":[{\"@type\":\"Article\",\"@id\":\"https:\/\/volcanes.net\/?p=2366#article\",\"isPartOf\":{\"@id\":\"https:\/\/volcanes.net\/?p=2366\"},\"author\":{\"name\":\"admin\",\"@id\":\"https:\/\/volcanes.net\/#\/schema\/person\/4bf0f383940966a4abd53f5048c0e6b9\"},\"headline\":\"Pr\u00f3ximo gobierno concluir\u00e1 el tren M\u00e9xico-Toluca, anunci\u00f3 Jim\u00e9nez Espri\u00fa\",\"datePublished\":\"2018-09-04T14:04:38+00:00\",\"mainEntityOfPage\":{\"@id\":\"https:\/\/volcanes.net\/?p=2366\"},\"wordCount\":304,\"commentCount\":0,\"publisher\":{\"@id\":\"https:\/\/volcanes.net\/#organization\"},\"image\":{\"@id\":\"https:\/\/volcanes.net\/?p=2366#primaryimage\"},\"thumbnailUrl\":\"https:\/\/volcanes.net\/wp-content\/uploads\/2018\/09\/tren-mex-tol.jpg\",\"keywords\":[\"Gobierno de Transici\u00f3n\"],\"articleSection\":[\"Municipales\"],\"inLanguage\":\"es\",\"potentialAction\":[{\"@type\":\"CommentAction\",\"name\":\"Comment\",\"target\":[\"https:\/\/volcanes.net\/?p=2366#respond\"]}]},{\"@type\":\"WebPage\",\"@id\":\"https:\/\/volcanes.net\/?p=2366\",\"url\":\"https:\/\/volcanes.net\/?p=2366\",\"name\":\"Pr\u00f3ximo gobierno concluir\u00e1 el tren M\u00e9xico-Toluca, anunci\u00f3 Jim\u00e9nez Espri\u00fa - Volcanes\",\"isPartOf\":{\"@id\":\"https:\/\/volcanes.net\/#website\"},\"primaryImageOfPage\":{\"@id\":\"https:\/\/volcanes.net\/?p=2366#primaryimage\"},\"image\":{\"@id\":\"https:\/\/volcanes.net\/?p=2366#primaryimage\"},\"thumbnailUrl\":\"https:\/\/volcanes.net\/wp-content\/uploads\/2018\/09\/tren-mex-tol.jpg\",\"datePublished\":\"2018-09-04T14:04:38+00:00\",\"breadcrumb\":{\"@id\":\"https:\/\/volcanes.net\/?p=2366#breadcrumb\"},\"inLanguage\":\"es\",\"potentialAction\":[{\"@type\":\"ReadAction\",\"target\":[\"https:\/\/volcanes.net\/?p=2366\"]}]},{\"@type\":\"ImageObject\",\"inLanguage\":\"es\",\"@id\":\"https:\/\/volcanes.net\/?p=2366#primaryimage\",\"url\":\"https:\/\/volcanes.net\/wp-content\/uploads\/2018\/09\/tren-mex-tol.jpg\",\"contentUrl\":\"https:\/\/volcanes.net\/wp-content\/uploads\/2018\/09\/tren-mex-tol.jpg\",\"width\":551,\"height\":367},{\"@type\":\"BreadcrumbList\",\"@id\":\"https:\/\/volcanes.net\/?p=2366#breadcrumb\",\"itemListElement\":[{\"@type\":\"ListItem\",\"position\":1,\"name\":\"Portada\",\"item\":\"https:\/\/volcanes.net\/\"},{\"@type\":\"ListItem\",\"position\":2,\"name\":\"Pr\u00f3ximo gobierno concluir\u00e1 el tren M\u00e9xico-Toluca, anunci\u00f3 Jim\u00e9nez Espri\u00fa\"}]},{\"@type\":\"WebSite\",\"@id\":\"https:\/\/volcanes.net\/#website\",\"url\":\"https:\/\/volcanes.net\/\",\"name\":\"Volcanes.Net\",\"description\":\"Periodismo Profesional\",\"publisher\":{\"@id\":\"https:\/\/volcanes.net\/#organization\"},\"potentialAction\":[{\"@type\":\"SearchAction\",\"target\":{\"@type\":\"EntryPoint\",\"urlTemplate\":\"https:\/\/volcanes.net\/?s={search_term_string}\"},\"query-input\":{\"@type\":\"PropertyValueSpecification\",\"valueRequired\":true,\"valueName\":\"search_term_string\"}}],\"inLanguage\":\"es\"},{\"@type\":\"Organization\",\"@id\":\"https:\/\/volcanes.net\/#organization\",\"name\":\"Grupo Volcanes\",\"url\":\"https:\/\/volcanes.net\/\",\"logo\":{\"@type\":\"ImageObject\",\"inLanguage\":\"es\",\"@id\":\"https:\/\/volcanes.net\/#\/schema\/logo\/image\/\",\"url\":\"http:\/\/volcanes.net\/wp-content\/uploads\/2017\/12\/Avatar2.jpg\",\"contentUrl\":\"http:\/\/volcanes.net\/wp-content\/uploads\/2017\/12\/Avatar2.jpg\",\"width\":378,\"height\":378,\"caption\":\"Grupo Volcanes\"},\"image\":{\"@id\":\"https:\/\/volcanes.net\/#\/schema\/logo\/image\/\"},\"sameAs\":[\"https:\/\/www.facebook.com\/volcanes.net\/\"]},{\"@type\":\"Person\",\"@id\":\"https:\/\/volcanes.net\/#\/schema\/person\/4bf0f383940966a4abd53f5048c0e6b9\",\"name\":\"admin\",\"image\":{\"@type\":\"ImageObject\",\"inLanguage\":\"es\",\"@id\":\"https:\/\/volcanes.net\/#\/schema\/person\/image\/\",\"url\":\"https:\/\/secure.gravatar.com\/avatar\/ca004e6cba8462b8cb7abc86e382930c?s=96&d=mm&r=g\",\"contentUrl\":\"https:\/\/secure.gravatar.com\/avatar\/ca004e6cba8462b8cb7abc86e382930c?s=96&d=mm&r=g\",\"caption\":\"admin\"}}]}<\/script>\n<!-- \/ Yoast SEO plugin. -->","yoast_head_json":{"title":"Pr\u00f3ximo gobierno concluir\u00e1 el tren M\u00e9xico-Toluca, anunci\u00f3 Jim\u00e9nez Espri\u00fa - Volcanes","robots":{"index":"index","follow":"follow","max-snippet":"max-snippet:-1","max-image-preview":"max-image-preview:large","max-video-preview":"max-video-preview:-1"},"canonical":"https:\/\/volcanes.net\/?p=2366","og_locale":"es_MX","og_type":"article","og_title":"Pr\u00f3ximo gobierno concluir\u00e1 el tren M\u00e9xico-Toluca, anunci\u00f3 Jim\u00e9nez Espri\u00fa - Volcanes","og_description":"A pesar de los problemas t\u00e9cnicos y sociales que prevalecen en torno a la\u00a0construcci\u00f3n del","og_url":"https:\/\/volcanes.net\/?p=2366","og_site_name":"Volcanes","article_publisher":"https:\/\/www.facebook.com\/volcanes.net\/","article_published_time":"2018-09-04T14:04:38+00:00","og_image":[{"width":551,"height":367,"url":"https:\/\/volcanes.net\/wp-content\/uploads\/2018\/09\/tren-mex-tol.jpg","type":"image\/jpeg"}],"author":"admin","twitter_card":"summary_large_image","twitter_misc":{"Escrito por":"admin","Tiempo de lectura":"1 minuto"},"schema":{"@context":"https:\/\/schema.org","@graph":[{"@type":"Article","@id":"https:\/\/volcanes.net\/?p=2366#article","isPartOf":{"@id":"https:\/\/volcanes.net\/?p=2366"},"author":{"name":"admin","@id":"https:\/\/volcanes.net\/#\/schema\/person\/4bf0f383940966a4abd53f5048c0e6b9"},"headline":"Pr\u00f3ximo gobierno concluir\u00e1 el tren M\u00e9xico-Toluca, anunci\u00f3 Jim\u00e9nez Espri\u00fa","datePublished":"2018-09-04T14:04:38+00:00","mainEntityOfPage":{"@id":"https:\/\/volcanes.net\/?p=2366"},"wordCount":304,"commentCount":0,"publisher":{"@id":"https:\/\/volcanes.net\/#organization"},"image":{"@id":"https:\/\/volcanes.net\/?p=2366#primaryimage"},"thumbnailUrl":"https:\/\/volcanes.net\/wp-content\/uploads\/2018\/09\/tren-mex-tol.jpg","keywords":["Gobierno de Transici\u00f3n"],"articleSection":["Municipales"],"inLanguage":"es","potentialAction":[{"@type":"CommentAction","name":"Comment","target":["https:\/\/volcanes.net\/?p=2366#respond"]}]},{"@type":"WebPage","@id":"https:\/\/volcanes.net\/?p=2366","url":"https:\/\/volcanes.net\/?p=2366","name":"Pr\u00f3ximo gobierno concluir\u00e1 el tren M\u00e9xico-Toluca, anunci\u00f3 Jim\u00e9nez Espri\u00fa - Volcanes","isPartOf":{"@id":"https:\/\/volcanes.net\/#website"},"primaryImageOfPage":{"@id":"https:\/\/volcanes.net\/?p=2366#primaryimage"},"image":{"@id":"https:\/\/volcanes.net\/?p=2366#primaryimage"},"thumbnailUrl":"https:\/\/volcanes.net\/wp-content\/uploads\/2018\/09\/tren-mex-tol.jpg","datePublished":"2018-09-04T14:04:38+00:00","breadcrumb":{"@id":"https:\/\/volcanes.net\/?p=2366#breadcrumb"},"inLanguage":"es","potentialAction":[{"@type":"ReadAction","target":["https:\/\/volcanes.net\/?p=2366"]}]},{"@type":"ImageObject","inLanguage":"es","@id":"https:\/\/volcanes.net\/?p=2366#primaryimage","url":"https:\/\/volcanes.net\/wp-content\/uploads\/2018\/09\/tren-mex-tol.jpg","contentUrl":"https:\/\/volcanes.net\/wp-content\/uploads\/2018\/09\/tren-mex-tol.jpg","width":551,"height":367},{"@type":"BreadcrumbList","@id":"https:\/\/volcanes.net\/?p=2366#breadcrumb","itemListElement":[{"@type":"ListItem","position":1,"name":"Portada","item":"https:\/\/volcanes.net\/"},{"@type":"ListItem","position":2,"name":"Pr\u00f3ximo gobierno concluir\u00e1 el tren M\u00e9xico-Toluca, anunci\u00f3 Jim\u00e9nez Espri\u00fa"}]},{"@type":"WebSite","@id":"https:\/\/volcanes.net\/#website","url":"https:\/\/volcanes.net\/","name":"Volcanes.Net","description":"Periodismo Profesional","publisher":{"@id":"https:\/\/volcanes.net\/#organization"},"potentialAction":[{"@type":"SearchAction","target":{"@type":"EntryPoint","urlTemplate":"https:\/\/volcanes.net\/?s={search_term_string}"},"query-input":{"@type":"PropertyValueSpecification","valueRequired":true,"valueName":"search_term_string"}}],"inLanguage":"es"},{"@type":"Organization","@id":"https:\/\/volcanes.net\/#organization","name":"Grupo Volcanes","url":"https:\/\/volcanes.net\/","logo":{"@type":"ImageObject","inLanguage":"es","@id":"https:\/\/volcanes.net\/#\/schema\/logo\/image\/","url":"http:\/\/volcanes.net\/wp-content\/uploads\/2017\/12\/Avatar2.jpg","contentUrl":"http:\/\/volcanes.net\/wp-content\/uploads\/2017\/12\/Avatar2.jpg","width":378,"height":378,"caption":"Grupo Volcanes"},"image":{"@id":"https:\/\/volcanes.net\/#\/schema\/logo\/image\/"},"sameAs":["https:\/\/www.facebook.com\/volcanes.net\/"]},{"@type":"Person","@id":"https:\/\/volcanes.net\/#\/schema\/person\/4bf0f383940966a4abd53f5048c0e6b9","name":"admin","image":{"@type":"ImageObject","inLanguage":"es","@id":"https:\/\/volcanes.net\/#\/schema\/person\/image\/","url":"https:\/\/secure.gravatar.com\/avatar\/ca004e6cba8462b8cb7abc86e382930c?s=96&d=mm&r=g","contentUrl":"https:\/\/secure.gravatar.com\/avatar\/ca004e6cba8462b8cb7abc86e382930c?s=96&d=mm&r=g","caption":"admin"}}]}},"_links":{"self":[{"href":"https:\/\/volcanes.net\/index.php?rest_route=\/wp\/v2\/posts\/2366"}],"collection":[{"href":"https:\/\/volcanes.net\/index.php?rest_route=\/wp\/v2\/posts"}],"about":[{"href":"https:\/\/volcanes.net\/index.php?rest_route=\/wp\/v2\/types\/post"}],"author":[{"embeddable":true,"href":"https:\/\/volcanes.net\/index.php?rest_route=\/wp\/v2\/users\/1"}],"replies":[{"embeddable":true,"href":"https:\/\/volcanes.net\/index.php?rest_route=%2Fwp%2Fv2%2Fcomments&post=2366"}],"version-history":[{"count":1,"href":"https:\/\/volcanes.net\/index.php?rest_route=\/wp\/v2\/posts\/2366\/revisions"}],"predecessor-version":[{"id":2368,"href":"https:\/\/volcanes.net\/index.php?rest_route=\/wp\/v2\/posts\/2366\/revisions\/2368"}],"wp:featuredmedia":[{"embeddable":true,"href":"https:\/\/volcanes.net\/index.php?rest_route=\/wp\/v2\/media\/2367"}],"wp:attachment":[{"href":"https:\/\/volcanes.net\/index.php?rest_route=%2Fwp%2Fv2%2Fmedia&parent=2366"}],"wp:term":[{"taxonomy":"category","embeddable":true,"href":"https:\/\/volcanes.net\/index.php?rest_route=%2Fwp%2Fv2%2Fcategories&post=2366"},{"taxonomy":"post_tag","embeddable":true,"href":"https:\/\/volcanes.net\/index.php?rest_route=%2Fwp%2Fv2%2Ftags&post=2366"}],"curies":[{"name":"wp","href":"https:\/\/api.w.org\/{rel}","templated":true}]}}