{"id":2381,"date":"2018-09-04T16:44:14","date_gmt":"2018-09-04T16:44:14","guid":{"rendered":"http:\/\/volcanes.net\/?p=2381"},"modified":"2018-09-04T16:44:14","modified_gmt":"2018-09-04T16:44:14","slug":"cumplimenta-orden-de-aprehension-en-contra-de-probable-homicida-de-dirigente-trasportista-de-nezahualcoyotl","status":"publish","type":"post","link":"https:\/\/volcanes.net\/?p=2381","title":{"rendered":"Cumplimenta orden de aprehensi\u00f3n en contra de probable homicida de dirigente trasportista de Nezahualc\u00f3yotl"},"content":{"rendered":"<div style=\"margin-top: 0px; margin-bottom: 0px;\" class=\"sharethis-inline-share-buttons\" ><\/div><ul>\n<li style=\"font-weight: 400\"><em>De acuerdo con las indagatorias de la Fiscal\u00eda mexiquense, este sujeto habr\u00eda ordenado a otros dos individuos que asesinaran a Alejandro Reyes Valdez.<\/em><\/li>\n<\/ul>\n<p style=\"font-weight: 400\"><strong>Nezahualc\u00f3yotl, M\u00e9xico, 4 de septiembre de 2018.-<\/strong>\u00a0Agentes de Investigaci\u00f3n de la Fiscal\u00eda General de Justicia del Estado de M\u00e9xico (FGJEM), cumplimentaron una orden de aprehensi\u00f3n en contra de un individuo, se\u00f1alado como probable part\u00edcipe del homicidio del dirigente transportista Alejandro Reyes Valdez, ocurrido en el municipio de Nezahualc\u00f3yotl.<\/p>\n<p style=\"font-weight: 400\">\u00a0\u00a0\u00a0\u00a0\u00a0\u00a0\u00a0\u00a0\u00a0\u00a0\u00a0\u00a0El mandato judicial fue otorgado por un Juez Especializado en Cateos y \u00d3rdenes de Aprehensi\u00f3n en L\u00ednea, luego de que el Ministerio P\u00fablico de la FGJEM aport\u00f3 los elementos de prueba suficientes en contra de Miguel \u00c1ngel \u201cN\u201d, se\u00f1alado como probable participe del homicidio del dirigente transportista.<\/p>\n<p style=\"font-weight: 400\">\u00a0\u00a0\u00a0\u00a0\u00a0\u00a0\u00a0\u00a0\u00a0\u00a0\u00a0\u00a0Las investigaciones de la Fiscal\u00eda mexiquense han podido establecer que Miguel \u00c1ngel \u201cN\u201d, habr\u00eda contactado a dos sujetos para llevar a cabo el homicidio referido, ocurrido el pasado 25 de agosto, en la esquina de las calles Cari\u00f1o y Cuarta Avenida, de la colonia Benito Ju\u00e1rez, en el municipio de Nezahualc\u00f3yotl.<\/p>\n<p style=\"font-weight: 400\">\u00a0\u00a0\u00a0\u00a0\u00a0\u00a0\u00a0\u00a0\u00a0\u00a0\u00a0\u00a0Los dos sujetos que participaron materialmente en el homicidio ya son buscados por la FGJEM. Estos individuos habr\u00edan interceptado a la v\u00edctima cuando llegaba a sus oficinas, en donde dispararon en su contra; posteriormente el dirigente transportista falleci\u00f3 en un hospital de la zona donde era atendido.<\/p>\n<p style=\"font-weight: 400\">\u00a0\u00a0\u00a0\u00a0\u00a0\u00a0\u00a0\u00a0\u00a0\u00a0\u00a0\u00a0Derivado de estos hechos, elementos de la Polic\u00eda de Investigaci\u00f3n iniciaron las indagatorias correspondientes y con los datos aportados y recabados, el Agente del Ministerio P\u00fablico solicit\u00f3 a un Juez librar la orden de aprehensi\u00f3n respectiva, la cual fue otorgada en contra de este sujeto quien fue ingresado al Centro Penitenciario y de Reinserci\u00f3n Social de Nezahualc\u00f3yotl.<\/p>\n<p style=\"font-weight: 400\">\n<p style=\"font-weight: 400\">\u00a0\u00a0\u00a0\u00a0\u00a0\u00a0\u00a0\u00a0\u00a0\u00a0\u00a0\u00a0La Fiscal\u00eda General de Justicia estatal hace un llamado a la ciudadan\u00eda para que en caso de que reconozca a estas personas como probables participes de alg\u00fan otro delito, sean denunciadas a trav\u00e9s del correo electr\u00f3nico\u00a0<a href=\"mailto:certolerancia@edomex.gob.mx\">certolerancia@edomex.gob.mx<\/a>, al n\u00famero telef\u00f3nico 01 800 7028770, o bien, por medio de la aplicaci\u00f3n FGJEdomex, la cual est\u00e1 disponible de manera gratuita para todos los tel\u00e9fonos inteligentes de los sistemas iOS y Android.<\/p>\n","protected":false},"excerpt":{"rendered":"<p>De acuerdo con las indagatorias de la Fiscal\u00eda mexiquense, este sujeto habr\u00eda ordenado a otros<\/p>\n","protected":false},"author":1,"featured_media":2382,"comment_status":"open","ping_status":"open","sticky":false,"template":"","format":"standard","meta":{"footnotes":""},"categories":[1],"tags":[21],"class_list":["post-2381","post","type-post","status-publish","format-standard","has-post-thumbnail","hentry","category-municipales","tag-nezahualcoyotl"],"yoast_head":"<!-- This site is optimized with the Yoast SEO plugin v25.3 - https:\/\/yoast.com\/wordpress\/plugins\/seo\/ -->\n<title>Cumplimenta orden de aprehensi\u00f3n en contra de probable homicida de dirigente trasportista de Nezahualc\u00f3yotl - Volcanes<\/title>\n<meta name=\"robots\" content=\"index, follow, max-snippet:-1, max-image-preview:large, max-video-preview:-1\" \/>\n<link rel=\"canonical\" href=\"https:\/\/volcanes.net\/?p=2381\" \/>\n<meta property=\"og:locale\" content=\"es_MX\" \/>\n<meta property=\"og:type\" content=\"article\" \/>\n<meta property=\"og:title\" content=\"Cumplimenta orden de aprehensi\u00f3n en contra de probable homicida de dirigente trasportista de Nezahualc\u00f3yotl - Volcanes\" \/>\n<meta property=\"og:description\" content=\"De acuerdo con las indagatorias de la Fiscal\u00eda mexiquense, este sujeto habr\u00eda ordenado a otros\" \/>\n<meta property=\"og:url\" content=\"https:\/\/volcanes.net\/?p=2381\" \/>\n<meta property=\"og:site_name\" content=\"Volcanes\" \/>\n<meta property=\"article:publisher\" content=\"https:\/\/www.facebook.com\/volcanes.net\/\" \/>\n<meta property=\"article:published_time\" content=\"2018-09-04T16:44:14+00:00\" \/>\n<meta property=\"og:image\" content=\"https:\/\/volcanes.net\/wp-content\/uploads\/2018\/09\/FOTO-C844.jpg\" \/>\n\t<meta property=\"og:image:width\" content=\"300\" \/>\n\t<meta property=\"og:image:height\" content=\"411\" \/>\n\t<meta property=\"og:image:type\" content=\"image\/jpeg\" \/>\n<meta name=\"author\" content=\"admin\" \/>\n<meta name=\"twitter:card\" content=\"summary_large_image\" \/>\n<meta name=\"twitter:label1\" content=\"Escrito por\" \/>\n\t<meta name=\"twitter:data1\" content=\"admin\" \/>\n\t<meta name=\"twitter:label2\" content=\"Tiempo de lectura\" \/>\n\t<meta name=\"twitter:data2\" content=\"2 minutos\" \/>\n<script type=\"application\/ld+json\" class=\"yoast-schema-graph\">{\"@context\":\"https:\/\/schema.org\",\"@graph\":[{\"@type\":\"Article\",\"@id\":\"https:\/\/volcanes.net\/?p=2381#article\",\"isPartOf\":{\"@id\":\"https:\/\/volcanes.net\/?p=2381\"},\"author\":{\"name\":\"admin\",\"@id\":\"https:\/\/volcanes.net\/#\/schema\/person\/4bf0f383940966a4abd53f5048c0e6b9\"},\"headline\":\"Cumplimenta orden de aprehensi\u00f3n en contra de probable homicida de dirigente trasportista de Nezahualc\u00f3yotl\",\"datePublished\":\"2018-09-04T16:44:14+00:00\",\"mainEntityOfPage\":{\"@id\":\"https:\/\/volcanes.net\/?p=2381\"},\"wordCount\":394,\"commentCount\":0,\"publisher\":{\"@id\":\"https:\/\/volcanes.net\/#organization\"},\"image\":{\"@id\":\"https:\/\/volcanes.net\/?p=2381#primaryimage\"},\"thumbnailUrl\":\"https:\/\/volcanes.net\/wp-content\/uploads\/2018\/09\/FOTO-C844.jpg\",\"keywords\":[\"Nezahualc\u00f3yotl\"],\"articleSection\":[\"Municipales\"],\"inLanguage\":\"es\",\"potentialAction\":[{\"@type\":\"CommentAction\",\"name\":\"Comment\",\"target\":[\"https:\/\/volcanes.net\/?p=2381#respond\"]}]},{\"@type\":\"WebPage\",\"@id\":\"https:\/\/volcanes.net\/?p=2381\",\"url\":\"https:\/\/volcanes.net\/?p=2381\",\"name\":\"Cumplimenta orden de aprehensi\u00f3n en contra de probable homicida de dirigente trasportista de Nezahualc\u00f3yotl - Volcanes\",\"isPartOf\":{\"@id\":\"https:\/\/volcanes.net\/#website\"},\"primaryImageOfPage\":{\"@id\":\"https:\/\/volcanes.net\/?p=2381#primaryimage\"},\"image\":{\"@id\":\"https:\/\/volcanes.net\/?p=2381#primaryimage\"},\"thumbnailUrl\":\"https:\/\/volcanes.net\/wp-content\/uploads\/2018\/09\/FOTO-C844.jpg\",\"datePublished\":\"2018-09-04T16:44:14+00:00\",\"breadcrumb\":{\"@id\":\"https:\/\/volcanes.net\/?p=2381#breadcrumb\"},\"inLanguage\":\"es\",\"potentialAction\":[{\"@type\":\"ReadAction\",\"target\":[\"https:\/\/volcanes.net\/?p=2381\"]}]},{\"@type\":\"ImageObject\",\"inLanguage\":\"es\",\"@id\":\"https:\/\/volcanes.net\/?p=2381#primaryimage\",\"url\":\"https:\/\/volcanes.net\/wp-content\/uploads\/2018\/09\/FOTO-C844.jpg\",\"contentUrl\":\"https:\/\/volcanes.net\/wp-content\/uploads\/2018\/09\/FOTO-C844.jpg\",\"width\":300,\"height\":411},{\"@type\":\"BreadcrumbList\",\"@id\":\"https:\/\/volcanes.net\/?p=2381#breadcrumb\",\"itemListElement\":[{\"@type\":\"ListItem\",\"position\":1,\"name\":\"Portada\",\"item\":\"https:\/\/volcanes.net\/\"},{\"@type\":\"ListItem\",\"position\":2,\"name\":\"Cumplimenta orden de aprehensi\u00f3n en contra de probable homicida de dirigente trasportista de Nezahualc\u00f3yotl\"}]},{\"@type\":\"WebSite\",\"@id\":\"https:\/\/volcanes.net\/#website\",\"url\":\"https:\/\/volcanes.net\/\",\"name\":\"Volcanes.Net\",\"description\":\"Periodismo Profesional\",\"publisher\":{\"@id\":\"https:\/\/volcanes.net\/#organization\"},\"potentialAction\":[{\"@type\":\"SearchAction\",\"target\":{\"@type\":\"EntryPoint\",\"urlTemplate\":\"https:\/\/volcanes.net\/?s={search_term_string}\"},\"query-input\":{\"@type\":\"PropertyValueSpecification\",\"valueRequired\":true,\"valueName\":\"search_term_string\"}}],\"inLanguage\":\"es\"},{\"@type\":\"Organization\",\"@id\":\"https:\/\/volcanes.net\/#organization\",\"name\":\"Grupo Volcanes\",\"url\":\"https:\/\/volcanes.net\/\",\"logo\":{\"@type\":\"ImageObject\",\"inLanguage\":\"es\",\"@id\":\"https:\/\/volcanes.net\/#\/schema\/logo\/image\/\",\"url\":\"http:\/\/volcanes.net\/wp-content\/uploads\/2017\/12\/Avatar2.jpg\",\"contentUrl\":\"http:\/\/volcanes.net\/wp-content\/uploads\/2017\/12\/Avatar2.jpg\",\"width\":378,\"height\":378,\"caption\":\"Grupo Volcanes\"},\"image\":{\"@id\":\"https:\/\/volcanes.net\/#\/schema\/logo\/image\/\"},\"sameAs\":[\"https:\/\/www.facebook.com\/volcanes.net\/\"]},{\"@type\":\"Person\",\"@id\":\"https:\/\/volcanes.net\/#\/schema\/person\/4bf0f383940966a4abd53f5048c0e6b9\",\"name\":\"admin\",\"image\":{\"@type\":\"ImageObject\",\"inLanguage\":\"es\",\"@id\":\"https:\/\/volcanes.net\/#\/schema\/person\/image\/\",\"url\":\"https:\/\/secure.gravatar.com\/avatar\/ca004e6cba8462b8cb7abc86e382930c?s=96&d=mm&r=g\",\"contentUrl\":\"https:\/\/secure.gravatar.com\/avatar\/ca004e6cba8462b8cb7abc86e382930c?s=96&d=mm&r=g\",\"caption\":\"admin\"}}]}<\/script>\n<!-- \/ Yoast SEO plugin. -->","yoast_head_json":{"title":"Cumplimenta orden de aprehensi\u00f3n en contra de probable homicida de dirigente trasportista de Nezahualc\u00f3yotl - Volcanes","robots":{"index":"index","follow":"follow","max-snippet":"max-snippet:-1","max-image-preview":"max-image-preview:large","max-video-preview":"max-video-preview:-1"},"canonical":"https:\/\/volcanes.net\/?p=2381","og_locale":"es_MX","og_type":"article","og_title":"Cumplimenta orden de aprehensi\u00f3n en contra de probable homicida de dirigente trasportista de Nezahualc\u00f3yotl - Volcanes","og_description":"De acuerdo con las indagatorias de la Fiscal\u00eda mexiquense, este sujeto habr\u00eda ordenado a otros","og_url":"https:\/\/volcanes.net\/?p=2381","og_site_name":"Volcanes","article_publisher":"https:\/\/www.facebook.com\/volcanes.net\/","article_published_time":"2018-09-04T16:44:14+00:00","og_image":[{"width":300,"height":411,"url":"https:\/\/volcanes.net\/wp-content\/uploads\/2018\/09\/FOTO-C844.jpg","type":"image\/jpeg"}],"author":"admin","twitter_card":"summary_large_image","twitter_misc":{"Escrito por":"admin","Tiempo de lectura":"2 minutos"},"schema":{"@context":"https:\/\/schema.org","@graph":[{"@type":"Article","@id":"https:\/\/volcanes.net\/?p=2381#article","isPartOf":{"@id":"https:\/\/volcanes.net\/?p=2381"},"author":{"name":"admin","@id":"https:\/\/volcanes.net\/#\/schema\/person\/4bf0f383940966a4abd53f5048c0e6b9"},"headline":"Cumplimenta orden de aprehensi\u00f3n en contra de probable homicida de dirigente trasportista de Nezahualc\u00f3yotl","datePublished":"2018-09-04T16:44:14+00:00","mainEntityOfPage":{"@id":"https:\/\/volcanes.net\/?p=2381"},"wordCount":394,"commentCount":0,"publisher":{"@id":"https:\/\/volcanes.net\/#organization"},"image":{"@id":"https:\/\/volcanes.net\/?p=2381#primaryimage"},"thumbnailUrl":"https:\/\/volcanes.net\/wp-content\/uploads\/2018\/09\/FOTO-C844.jpg","keywords":["Nezahualc\u00f3yotl"],"articleSection":["Municipales"],"inLanguage":"es","potentialAction":[{"@type":"CommentAction","name":"Comment","target":["https:\/\/volcanes.net\/?p=2381#respond"]}]},{"@type":"WebPage","@id":"https:\/\/volcanes.net\/?p=2381","url":"https:\/\/volcanes.net\/?p=2381","name":"Cumplimenta orden de aprehensi\u00f3n en contra de probable homicida de dirigente trasportista de Nezahualc\u00f3yotl - Volcanes","isPartOf":{"@id":"https:\/\/volcanes.net\/#website"},"primaryImageOfPage":{"@id":"https:\/\/volcanes.net\/?p=2381#primaryimage"},"image":{"@id":"https:\/\/volcanes.net\/?p=2381#primaryimage"},"thumbnailUrl":"https:\/\/volcanes.net\/wp-content\/uploads\/2018\/09\/FOTO-C844.jpg","datePublished":"2018-09-04T16:44:14+00:00","breadcrumb":{"@id":"https:\/\/volcanes.net\/?p=2381#breadcrumb"},"inLanguage":"es","potentialAction":[{"@type":"ReadAction","target":["https:\/\/volcanes.net\/?p=2381"]}]},{"@type":"ImageObject","inLanguage":"es","@id":"https:\/\/volcanes.net\/?p=2381#primaryimage","url":"https:\/\/volcanes.net\/wp-content\/uploads\/2018\/09\/FOTO-C844.jpg","contentUrl":"https:\/\/volcanes.net\/wp-content\/uploads\/2018\/09\/FOTO-C844.jpg","width":300,"height":411},{"@type":"BreadcrumbList","@id":"https:\/\/volcanes.net\/?p=2381#breadcrumb","itemListElement":[{"@type":"ListItem","position":1,"name":"Portada","item":"https:\/\/volcanes.net\/"},{"@type":"ListItem","position":2,"name":"Cumplimenta orden de aprehensi\u00f3n en contra de probable homicida de dirigente trasportista de Nezahualc\u00f3yotl"}]},{"@type":"WebSite","@id":"https:\/\/volcanes.net\/#website","url":"https:\/\/volcanes.net\/","name":"Volcanes.Net","description":"Periodismo Profesional","publisher":{"@id":"https:\/\/volcanes.net\/#organization"},"potentialAction":[{"@type":"SearchAction","target":{"@type":"EntryPoint","urlTemplate":"https:\/\/volcanes.net\/?s={search_term_string}"},"query-input":{"@type":"PropertyValueSpecification","valueRequired":true,"valueName":"search_term_string"}}],"inLanguage":"es"},{"@type":"Organization","@id":"https:\/\/volcanes.net\/#organization","name":"Grupo Volcanes","url":"https:\/\/volcanes.net\/","logo":{"@type":"ImageObject","inLanguage":"es","@id":"https:\/\/volcanes.net\/#\/schema\/logo\/image\/","url":"http:\/\/volcanes.net\/wp-content\/uploads\/2017\/12\/Avatar2.jpg","contentUrl":"http:\/\/volcanes.net\/wp-content\/uploads\/2017\/12\/Avatar2.jpg","width":378,"height":378,"caption":"Grupo Volcanes"},"image":{"@id":"https:\/\/volcanes.net\/#\/schema\/logo\/image\/"},"sameAs":["https:\/\/www.facebook.com\/volcanes.net\/"]},{"@type":"Person","@id":"https:\/\/volcanes.net\/#\/schema\/person\/4bf0f383940966a4abd53f5048c0e6b9","name":"admin","image":{"@type":"ImageObject","inLanguage":"es","@id":"https:\/\/volcanes.net\/#\/schema\/person\/image\/","url":"https:\/\/secure.gravatar.com\/avatar\/ca004e6cba8462b8cb7abc86e382930c?s=96&d=mm&r=g","contentUrl":"https:\/\/secure.gravatar.com\/avatar\/ca004e6cba8462b8cb7abc86e382930c?s=96&d=mm&r=g","caption":"admin"}}]}},"_links":{"self":[{"href":"https:\/\/volcanes.net\/index.php?rest_route=\/wp\/v2\/posts\/2381"}],"collection":[{"href":"https:\/\/volcanes.net\/index.php?rest_route=\/wp\/v2\/posts"}],"about":[{"href":"https:\/\/volcanes.net\/index.php?rest_route=\/wp\/v2\/types\/post"}],"author":[{"embeddable":true,"href":"https:\/\/volcanes.net\/index.php?rest_route=\/wp\/v2\/users\/1"}],"replies":[{"embeddable":true,"href":"https:\/\/volcanes.net\/index.php?rest_route=%2Fwp%2Fv2%2Fcomments&post=2381"}],"version-history":[{"count":1,"href":"https:\/\/volcanes.net\/index.php?rest_route=\/wp\/v2\/posts\/2381\/revisions"}],"predecessor-version":[{"id":2383,"href":"https:\/\/volcanes.net\/index.php?rest_route=\/wp\/v2\/posts\/2381\/revisions\/2383"}],"wp:featuredmedia":[{"embeddable":true,"href":"https:\/\/volcanes.net\/index.php?rest_route=\/wp\/v2\/media\/2382"}],"wp:attachment":[{"href":"https:\/\/volcanes.net\/index.php?rest_route=%2Fwp%2Fv2%2Fmedia&parent=2381"}],"wp:term":[{"taxonomy":"category","embeddable":true,"href":"https:\/\/volcanes.net\/index.php?rest_route=%2Fwp%2Fv2%2Fcategories&post=2381"},{"taxonomy":"post_tag","embeddable":true,"href":"https:\/\/volcanes.net\/index.php?rest_route=%2Fwp%2Fv2%2Ftags&post=2381"}],"curies":[{"name":"wp","href":"https:\/\/api.w.org\/{rel}","templated":true}]}}