{"id":239,"date":"2017-12-30T22:05:50","date_gmt":"2017-12-30T22:05:50","guid":{"rendered":"http:\/\/volcanes.net\/?p=239"},"modified":"2017-12-30T22:05:50","modified_gmt":"2017-12-30T22:05:50","slug":"prd-demanda-justicia-tras-asesinato-de-alcalde-en-guerrero","status":"publish","type":"post","link":"https:\/\/volcanes.net\/?p=239","title":{"rendered":"PRD demanda justicia tras asesinato de alcalde en Guerrero"},"content":{"rendered":"<div style=\"margin-top: 0px; margin-bottom: 0px;\" class=\"sharethis-inline-share-buttons\" ><\/div><p>El Partido de Revoluci\u00f3n Democr\u00e1tica (PRD) conden\u00f3 el asesinato del alcalde de Petatl\u00e1n, Guerrero, Arturo G\u00f3mez P\u00e9rez, y demand\u00f3 que se frene lo que llam\u00f3 \u201cola de violencia\u201d contra la militancia de esa fuerza pol\u00edtica.<\/p>\n<p>\u201cNosotros lo que esperamos es una investigaci\u00f3n expedita, una investigaci\u00f3n que permita dar con los responsables y que \u00e9stos enfrenten la justicia; porque creo que aqu\u00ed el tema de la impunidad es algo que est\u00e1 permeando en todo el pa\u00eds y, mientras haya impunidad, va a haber este tipo de asesinatos\u201d, expres\u00f3 el secretario general perredista, \u00c1ngel \u00c1vila Romero.<\/p>\n<p>Asimismo, el dirigente deplor\u00f3 el asesinato del diputado jalisciense Sa\u00fal Galindo Plazola, y se pronunci\u00f3 por un esclarecimiento inmediato.<\/p>\n<p>Seg\u00fan \u00c1vila Romero, es necesario que se implemente en el pa\u00eds una estrategia en la que la polic\u00eda est\u00e9 mejor capacitada para garantizar la seguridad de la poblaci\u00f3n.<\/p>\n<p>El integrante de la dirigencia perredista llam\u00f3 a las autoridades para que, en colaboraci\u00f3n con el Instituto Nacional Electoral, establezcan \u201cuna estrategia de prevenci\u00f3n de la violencia, porque estamos a seis meses de la elecci\u00f3n presidencial y por supuesto que estos ataques contra los miembros del PRD se toman como una advertencia sobre la participaci\u00f3n de nuestra militancia en los pr\u00f3ximos procesos electorales\u201d.<\/p>\n","protected":false},"excerpt":{"rendered":"<p>El Partido de Revoluci\u00f3n Democr\u00e1tica (PRD) conden\u00f3 el asesinato del alcalde de Petatl\u00e1n, Guerrero, Arturo<\/p>\n","protected":false},"author":1,"featured_media":226,"comment_status":"open","ping_status":"open","sticky":false,"template":"","format":"standard","meta":{"footnotes":""},"categories":[1],"tags":[38,37],"class_list":["post-239","post","type-post","status-publish","format-standard","has-post-thumbnail","hentry","category-municipales","tag-acapulco","tag-prd"],"yoast_head":"<!-- This site is optimized with the Yoast SEO plugin v25.3 - https:\/\/yoast.com\/wordpress\/plugins\/seo\/ -->\n<title>PRD demanda justicia tras asesinato de alcalde en Guerrero - Volcanes<\/title>\n<meta name=\"robots\" content=\"index, follow, max-snippet:-1, max-image-preview:large, max-video-preview:-1\" \/>\n<link rel=\"canonical\" href=\"https:\/\/volcanes.net\/?p=239\" \/>\n<meta property=\"og:locale\" content=\"es_MX\" \/>\n<meta property=\"og:type\" content=\"article\" \/>\n<meta property=\"og:title\" content=\"PRD demanda justicia tras asesinato de alcalde en Guerrero - Volcanes\" \/>\n<meta property=\"og:description\" content=\"El Partido de Revoluci\u00f3n Democr\u00e1tica (PRD) conden\u00f3 el asesinato del alcalde de Petatl\u00e1n, Guerrero, Arturo\" \/>\n<meta property=\"og:url\" content=\"https:\/\/volcanes.net\/?p=239\" \/>\n<meta property=\"og:site_name\" content=\"Volcanes\" \/>\n<meta property=\"article:publisher\" content=\"https:\/\/www.facebook.com\/volcanes.net\/\" \/>\n<meta property=\"article:published_time\" content=\"2017-12-30T22:05:50+00:00\" \/>\n<meta property=\"og:image\" content=\"https:\/\/volcanes.net\/wp-content\/uploads\/2017\/12\/arturo-gc3b3mez-pc3a9rez.jpg\" \/>\n\t<meta property=\"og:image:width\" content=\"400\" \/>\n\t<meta property=\"og:image:height\" content=\"200\" \/>\n\t<meta property=\"og:image:type\" content=\"image\/jpeg\" \/>\n<meta name=\"author\" content=\"admin\" \/>\n<meta name=\"twitter:card\" content=\"summary_large_image\" \/>\n<meta name=\"twitter:label1\" content=\"Escrito por\" \/>\n\t<meta name=\"twitter:data1\" content=\"admin\" \/>\n\t<meta name=\"twitter:label2\" content=\"Tiempo de lectura\" \/>\n\t<meta name=\"twitter:data2\" content=\"1 minuto\" \/>\n<script type=\"application\/ld+json\" class=\"yoast-schema-graph\">{\"@context\":\"https:\/\/schema.org\",\"@graph\":[{\"@type\":\"Article\",\"@id\":\"https:\/\/volcanes.net\/?p=239#article\",\"isPartOf\":{\"@id\":\"https:\/\/volcanes.net\/?p=239\"},\"author\":{\"name\":\"admin\",\"@id\":\"https:\/\/volcanes.net\/#\/schema\/person\/4bf0f383940966a4abd53f5048c0e6b9\"},\"headline\":\"PRD demanda justicia tras asesinato de alcalde en Guerrero\",\"datePublished\":\"2017-12-30T22:05:50+00:00\",\"mainEntityOfPage\":{\"@id\":\"https:\/\/volcanes.net\/?p=239\"},\"wordCount\":232,\"commentCount\":0,\"publisher\":{\"@id\":\"https:\/\/volcanes.net\/#organization\"},\"image\":{\"@id\":\"https:\/\/volcanes.net\/?p=239#primaryimage\"},\"thumbnailUrl\":\"https:\/\/volcanes.net\/wp-content\/uploads\/2017\/12\/arturo-gc3b3mez-pc3a9rez.jpg\",\"keywords\":[\"Acapulco\",\"PRD\"],\"articleSection\":[\"Municipales\"],\"inLanguage\":\"es\",\"potentialAction\":[{\"@type\":\"CommentAction\",\"name\":\"Comment\",\"target\":[\"https:\/\/volcanes.net\/?p=239#respond\"]}]},{\"@type\":\"WebPage\",\"@id\":\"https:\/\/volcanes.net\/?p=239\",\"url\":\"https:\/\/volcanes.net\/?p=239\",\"name\":\"PRD demanda justicia tras asesinato de alcalde en Guerrero - Volcanes\",\"isPartOf\":{\"@id\":\"https:\/\/volcanes.net\/#website\"},\"primaryImageOfPage\":{\"@id\":\"https:\/\/volcanes.net\/?p=239#primaryimage\"},\"image\":{\"@id\":\"https:\/\/volcanes.net\/?p=239#primaryimage\"},\"thumbnailUrl\":\"https:\/\/volcanes.net\/wp-content\/uploads\/2017\/12\/arturo-gc3b3mez-pc3a9rez.jpg\",\"datePublished\":\"2017-12-30T22:05:50+00:00\",\"breadcrumb\":{\"@id\":\"https:\/\/volcanes.net\/?p=239#breadcrumb\"},\"inLanguage\":\"es\",\"potentialAction\":[{\"@type\":\"ReadAction\",\"target\":[\"https:\/\/volcanes.net\/?p=239\"]}]},{\"@type\":\"ImageObject\",\"inLanguage\":\"es\",\"@id\":\"https:\/\/volcanes.net\/?p=239#primaryimage\",\"url\":\"https:\/\/volcanes.net\/wp-content\/uploads\/2017\/12\/arturo-gc3b3mez-pc3a9rez.jpg\",\"contentUrl\":\"https:\/\/volcanes.net\/wp-content\/uploads\/2017\/12\/arturo-gc3b3mez-pc3a9rez.jpg\",\"width\":400,\"height\":200},{\"@type\":\"BreadcrumbList\",\"@id\":\"https:\/\/volcanes.net\/?p=239#breadcrumb\",\"itemListElement\":[{\"@type\":\"ListItem\",\"position\":1,\"name\":\"Portada\",\"item\":\"https:\/\/volcanes.net\/\"},{\"@type\":\"ListItem\",\"position\":2,\"name\":\"PRD demanda justicia tras asesinato de alcalde en Guerrero\"}]},{\"@type\":\"WebSite\",\"@id\":\"https:\/\/volcanes.net\/#website\",\"url\":\"https:\/\/volcanes.net\/\",\"name\":\"Volcanes.Net\",\"description\":\"Periodismo Profesional\",\"publisher\":{\"@id\":\"https:\/\/volcanes.net\/#organization\"},\"potentialAction\":[{\"@type\":\"SearchAction\",\"target\":{\"@type\":\"EntryPoint\",\"urlTemplate\":\"https:\/\/volcanes.net\/?s={search_term_string}\"},\"query-input\":{\"@type\":\"PropertyValueSpecification\",\"valueRequired\":true,\"valueName\":\"search_term_string\"}}],\"inLanguage\":\"es\"},{\"@type\":\"Organization\",\"@id\":\"https:\/\/volcanes.net\/#organization\",\"name\":\"Grupo Volcanes\",\"url\":\"https:\/\/volcanes.net\/\",\"logo\":{\"@type\":\"ImageObject\",\"inLanguage\":\"es\",\"@id\":\"https:\/\/volcanes.net\/#\/schema\/logo\/image\/\",\"url\":\"http:\/\/volcanes.net\/wp-content\/uploads\/2017\/12\/Avatar2.jpg\",\"contentUrl\":\"http:\/\/volcanes.net\/wp-content\/uploads\/2017\/12\/Avatar2.jpg\",\"width\":378,\"height\":378,\"caption\":\"Grupo Volcanes\"},\"image\":{\"@id\":\"https:\/\/volcanes.net\/#\/schema\/logo\/image\/\"},\"sameAs\":[\"https:\/\/www.facebook.com\/volcanes.net\/\"]},{\"@type\":\"Person\",\"@id\":\"https:\/\/volcanes.net\/#\/schema\/person\/4bf0f383940966a4abd53f5048c0e6b9\",\"name\":\"admin\",\"image\":{\"@type\":\"ImageObject\",\"inLanguage\":\"es\",\"@id\":\"https:\/\/volcanes.net\/#\/schema\/person\/image\/\",\"url\":\"https:\/\/secure.gravatar.com\/avatar\/ca004e6cba8462b8cb7abc86e382930c?s=96&d=mm&r=g\",\"contentUrl\":\"https:\/\/secure.gravatar.com\/avatar\/ca004e6cba8462b8cb7abc86e382930c?s=96&d=mm&r=g\",\"caption\":\"admin\"}}]}<\/script>\n<!-- \/ Yoast SEO plugin. -->","yoast_head_json":{"title":"PRD demanda justicia tras asesinato de alcalde en Guerrero - Volcanes","robots":{"index":"index","follow":"follow","max-snippet":"max-snippet:-1","max-image-preview":"max-image-preview:large","max-video-preview":"max-video-preview:-1"},"canonical":"https:\/\/volcanes.net\/?p=239","og_locale":"es_MX","og_type":"article","og_title":"PRD demanda justicia tras asesinato de alcalde en Guerrero - Volcanes","og_description":"El Partido de Revoluci\u00f3n Democr\u00e1tica (PRD) conden\u00f3 el asesinato del alcalde de Petatl\u00e1n, Guerrero, Arturo","og_url":"https:\/\/volcanes.net\/?p=239","og_site_name":"Volcanes","article_publisher":"https:\/\/www.facebook.com\/volcanes.net\/","article_published_time":"2017-12-30T22:05:50+00:00","og_image":[{"width":400,"height":200,"url":"https:\/\/volcanes.net\/wp-content\/uploads\/2017\/12\/arturo-gc3b3mez-pc3a9rez.jpg","type":"image\/jpeg"}],"author":"admin","twitter_card":"summary_large_image","twitter_misc":{"Escrito por":"admin","Tiempo de lectura":"1 minuto"},"schema":{"@context":"https:\/\/schema.org","@graph":[{"@type":"Article","@id":"https:\/\/volcanes.net\/?p=239#article","isPartOf":{"@id":"https:\/\/volcanes.net\/?p=239"},"author":{"name":"admin","@id":"https:\/\/volcanes.net\/#\/schema\/person\/4bf0f383940966a4abd53f5048c0e6b9"},"headline":"PRD demanda justicia tras asesinato de alcalde en Guerrero","datePublished":"2017-12-30T22:05:50+00:00","mainEntityOfPage":{"@id":"https:\/\/volcanes.net\/?p=239"},"wordCount":232,"commentCount":0,"publisher":{"@id":"https:\/\/volcanes.net\/#organization"},"image":{"@id":"https:\/\/volcanes.net\/?p=239#primaryimage"},"thumbnailUrl":"https:\/\/volcanes.net\/wp-content\/uploads\/2017\/12\/arturo-gc3b3mez-pc3a9rez.jpg","keywords":["Acapulco","PRD"],"articleSection":["Municipales"],"inLanguage":"es","potentialAction":[{"@type":"CommentAction","name":"Comment","target":["https:\/\/volcanes.net\/?p=239#respond"]}]},{"@type":"WebPage","@id":"https:\/\/volcanes.net\/?p=239","url":"https:\/\/volcanes.net\/?p=239","name":"PRD demanda justicia tras asesinato de alcalde en Guerrero - Volcanes","isPartOf":{"@id":"https:\/\/volcanes.net\/#website"},"primaryImageOfPage":{"@id":"https:\/\/volcanes.net\/?p=239#primaryimage"},"image":{"@id":"https:\/\/volcanes.net\/?p=239#primaryimage"},"thumbnailUrl":"https:\/\/volcanes.net\/wp-content\/uploads\/2017\/12\/arturo-gc3b3mez-pc3a9rez.jpg","datePublished":"2017-12-30T22:05:50+00:00","breadcrumb":{"@id":"https:\/\/volcanes.net\/?p=239#breadcrumb"},"inLanguage":"es","potentialAction":[{"@type":"ReadAction","target":["https:\/\/volcanes.net\/?p=239"]}]},{"@type":"ImageObject","inLanguage":"es","@id":"https:\/\/volcanes.net\/?p=239#primaryimage","url":"https:\/\/volcanes.net\/wp-content\/uploads\/2017\/12\/arturo-gc3b3mez-pc3a9rez.jpg","contentUrl":"https:\/\/volcanes.net\/wp-content\/uploads\/2017\/12\/arturo-gc3b3mez-pc3a9rez.jpg","width":400,"height":200},{"@type":"BreadcrumbList","@id":"https:\/\/volcanes.net\/?p=239#breadcrumb","itemListElement":[{"@type":"ListItem","position":1,"name":"Portada","item":"https:\/\/volcanes.net\/"},{"@type":"ListItem","position":2,"name":"PRD demanda justicia tras asesinato de alcalde en Guerrero"}]},{"@type":"WebSite","@id":"https:\/\/volcanes.net\/#website","url":"https:\/\/volcanes.net\/","name":"Volcanes.Net","description":"Periodismo Profesional","publisher":{"@id":"https:\/\/volcanes.net\/#organization"},"potentialAction":[{"@type":"SearchAction","target":{"@type":"EntryPoint","urlTemplate":"https:\/\/volcanes.net\/?s={search_term_string}"},"query-input":{"@type":"PropertyValueSpecification","valueRequired":true,"valueName":"search_term_string"}}],"inLanguage":"es"},{"@type":"Organization","@id":"https:\/\/volcanes.net\/#organization","name":"Grupo Volcanes","url":"https:\/\/volcanes.net\/","logo":{"@type":"ImageObject","inLanguage":"es","@id":"https:\/\/volcanes.net\/#\/schema\/logo\/image\/","url":"http:\/\/volcanes.net\/wp-content\/uploads\/2017\/12\/Avatar2.jpg","contentUrl":"http:\/\/volcanes.net\/wp-content\/uploads\/2017\/12\/Avatar2.jpg","width":378,"height":378,"caption":"Grupo Volcanes"},"image":{"@id":"https:\/\/volcanes.net\/#\/schema\/logo\/image\/"},"sameAs":["https:\/\/www.facebook.com\/volcanes.net\/"]},{"@type":"Person","@id":"https:\/\/volcanes.net\/#\/schema\/person\/4bf0f383940966a4abd53f5048c0e6b9","name":"admin","image":{"@type":"ImageObject","inLanguage":"es","@id":"https:\/\/volcanes.net\/#\/schema\/person\/image\/","url":"https:\/\/secure.gravatar.com\/avatar\/ca004e6cba8462b8cb7abc86e382930c?s=96&d=mm&r=g","contentUrl":"https:\/\/secure.gravatar.com\/avatar\/ca004e6cba8462b8cb7abc86e382930c?s=96&d=mm&r=g","caption":"admin"}}]}},"_links":{"self":[{"href":"https:\/\/volcanes.net\/index.php?rest_route=\/wp\/v2\/posts\/239"}],"collection":[{"href":"https:\/\/volcanes.net\/index.php?rest_route=\/wp\/v2\/posts"}],"about":[{"href":"https:\/\/volcanes.net\/index.php?rest_route=\/wp\/v2\/types\/post"}],"author":[{"embeddable":true,"href":"https:\/\/volcanes.net\/index.php?rest_route=\/wp\/v2\/users\/1"}],"replies":[{"embeddable":true,"href":"https:\/\/volcanes.net\/index.php?rest_route=%2Fwp%2Fv2%2Fcomments&post=239"}],"version-history":[{"count":1,"href":"https:\/\/volcanes.net\/index.php?rest_route=\/wp\/v2\/posts\/239\/revisions"}],"predecessor-version":[{"id":240,"href":"https:\/\/volcanes.net\/index.php?rest_route=\/wp\/v2\/posts\/239\/revisions\/240"}],"wp:featuredmedia":[{"embeddable":true,"href":"https:\/\/volcanes.net\/index.php?rest_route=\/wp\/v2\/media\/226"}],"wp:attachment":[{"href":"https:\/\/volcanes.net\/index.php?rest_route=%2Fwp%2Fv2%2Fmedia&parent=239"}],"wp:term":[{"taxonomy":"category","embeddable":true,"href":"https:\/\/volcanes.net\/index.php?rest_route=%2Fwp%2Fv2%2Fcategories&post=239"},{"taxonomy":"post_tag","embeddable":true,"href":"https:\/\/volcanes.net\/index.php?rest_route=%2Fwp%2Fv2%2Ftags&post=239"}],"curies":[{"name":"wp","href":"https:\/\/api.w.org\/{rel}","templated":true}]}}