{"id":2408,"date":"2018-09-05T05:04:41","date_gmt":"2018-09-05T05:04:41","guid":{"rendered":"http:\/\/volcanes.net\/?p=2408"},"modified":"2018-09-05T05:04:41","modified_gmt":"2018-09-05T05:04:41","slug":"condenan-a-70-anos-a-feminicida-de-ecatepec","status":"publish","type":"post","link":"https:\/\/volcanes.net\/?p=2408","title":{"rendered":"Condenan a 70 a\u00f1os a feminicida de Ecatepec"},"content":{"rendered":"<div style=\"margin-top: 0px; margin-bottom: 0px;\" class=\"sharethis-inline-share-buttons\" ><\/div><p style=\"font-weight: 400\"><strong>Ecatepec, M\u00e9xico, 4 de septiembre de 2018.-\u00a0<\/strong>El Representante Social de la Fiscal\u00eda General de Justicia del Estado de M\u00e9xico (FGJEM), acredit\u00f3 la participaci\u00f3n de Francisco Galv\u00e1n Carlos, en el delito de homicidio calificado por haberse cometido en agravio de una mujer, il\u00edcito por el que un Juez del Distrito Judicial de Ecatepec lo conden\u00f3 a 70 a\u00f1os de prisi\u00f3n.<\/p>\n<p style=\"font-weight: 400\">\u00a0\u00a0\u00a0\u00a0\u00a0\u00a0\u00a0\u00a0\u00a0\u00a0\u00a0\u00a0Los elementos de prueba recabados y aportados por el Ministerio P\u00fablico fueron determinantes para que la Autoridad Judicial emitiera la sentencia para este sujeto, quien en diciembre del a\u00f1o 2014 asesin\u00f3 a una mujer.<\/p>\n<p style=\"font-weight: 400\">\u00a0\u00a0\u00a0\u00a0\u00a0\u00a0\u00a0\u00a0\u00a0\u00a0De acuerdo con las investigaciones realizadas por personal de la entonces Procuradur\u00eda General de Justicia del Estado de M\u00e9xico, los hechos se registraron cuando el sentenciado se encontraba con la v\u00edctima en las inmediaciones de un terreno bald\u00edo, en la colonia La Palma, en el municipio de Ecatepec, pero en un momento determinado, \u00e9ste inici\u00f3 una discusi\u00f3n con la mujer y luego la agredi\u00f3 con un arma punzocortante, ocasion\u00e1ndole 11 heridas, lo que le provoc\u00f3 la muerte.<\/p>\n<p style=\"font-weight: 400\">\u00a0\u00a0\u00a0\u00a0\u00a0\u00a0\u00a0\u00a0\u00a0\u00a0\u00a0Posteriormente este sujeto abandon\u00f3 el cuerpo de la v\u00edctima y se dio a la fuga. Sin embargo las investigaciones llevadas a cabo por los Agentes de Investigaci\u00f3n dieron como resultado la detenci\u00f3n de este individuo, quien fue puesto a disposici\u00f3n de la Autoridad Judicial, quien inici\u00f3 un proceso legal en su contra y previo proceso legal, le dict\u00f3 la sentencia condenatoria respectiva.<\/p>\n<p style=\"font-weight: 400\">\u00a0\u00a0\u00a0\u00a0\u00a0\u00a0\u00a0\u00a0\u00a0\u00a0Adem\u00e1s de la pena privativa de libertad, el sentenciado deber\u00e1 pagar una multa de 336 mil 450 pesos, y 67 mil 290 pesos como reparaci\u00f3n del da\u00f1o, aunado a que sus derechos civiles y pol\u00edticos quedaron suspendidos.<\/p>\n<p style=\"font-weight: 400\">\u00a0\u00a0\u00a0\u00a0\u00a0\u00a0\u00a0\u00a0\u00a0\u00a0\u00a0\u00a0La Fiscal\u00eda General de Justicia estatal hace un llamado a la ciudadan\u00eda para que denuncie la comisi\u00f3n de cualquier hecho delictivo a trav\u00e9s del correo electr\u00f3nico\u00a0<a href=\"mailto:cerotolerancia@edomex.gob.mx\">cerotolerancia@edomex.gob.mx<\/a>, al n\u00famero telef\u00f3nico 01 800 7028770, o bien, por medio de la aplicaci\u00f3n FGJEdomex, la cual est\u00e1 disponible de manera gratuita para todos los tel\u00e9fonos inteligentes de los sistemas iOS y Android.<\/p>\n","protected":false},"excerpt":{"rendered":"<p>Ecatepec, M\u00e9xico, 4 de septiembre de 2018.-\u00a0El Representante Social de la Fiscal\u00eda General de Justicia<\/p>\n","protected":false},"author":1,"featured_media":2409,"comment_status":"open","ping_status":"open","sticky":false,"template":"","format":"standard","meta":{"footnotes":""},"categories":[1],"tags":[63],"class_list":["post-2408","post","type-post","status-publish","format-standard","has-post-thumbnail","hentry","category-municipales","tag-ecatepec"],"yoast_head":"<!-- This site is optimized with the Yoast SEO plugin v25.3 - https:\/\/yoast.com\/wordpress\/plugins\/seo\/ -->\n<title>Condenan a 70 a\u00f1os a feminicida de Ecatepec - Volcanes<\/title>\n<meta name=\"robots\" content=\"index, follow, max-snippet:-1, max-image-preview:large, max-video-preview:-1\" \/>\n<link rel=\"canonical\" href=\"https:\/\/volcanes.net\/?p=2408\" \/>\n<meta property=\"og:locale\" content=\"es_MX\" \/>\n<meta property=\"og:type\" content=\"article\" \/>\n<meta property=\"og:title\" content=\"Condenan a 70 a\u00f1os a feminicida de Ecatepec - Volcanes\" \/>\n<meta property=\"og:description\" content=\"Ecatepec, M\u00e9xico, 4 de septiembre de 2018.-\u00a0El Representante Social de la Fiscal\u00eda General de Justicia\" \/>\n<meta property=\"og:url\" content=\"https:\/\/volcanes.net\/?p=2408\" \/>\n<meta property=\"og:site_name\" content=\"Volcanes\" \/>\n<meta property=\"article:publisher\" content=\"https:\/\/www.facebook.com\/volcanes.net\/\" \/>\n<meta property=\"article:published_time\" content=\"2018-09-05T05:04:41+00:00\" \/>\n<meta property=\"og:image\" content=\"https:\/\/volcanes.net\/wp-content\/uploads\/2018\/09\/FOTO-C845.jpg\" \/>\n\t<meta property=\"og:image:width\" content=\"300\" \/>\n\t<meta property=\"og:image:height\" content=\"411\" \/>\n\t<meta property=\"og:image:type\" content=\"image\/jpeg\" \/>\n<meta name=\"author\" content=\"admin\" \/>\n<meta name=\"twitter:card\" content=\"summary_large_image\" \/>\n<meta name=\"twitter:label1\" content=\"Escrito por\" \/>\n\t<meta name=\"twitter:data1\" content=\"admin\" \/>\n\t<meta name=\"twitter:label2\" content=\"Tiempo de lectura\" \/>\n\t<meta name=\"twitter:data2\" content=\"2 minutos\" \/>\n<script type=\"application\/ld+json\" class=\"yoast-schema-graph\">{\"@context\":\"https:\/\/schema.org\",\"@graph\":[{\"@type\":\"Article\",\"@id\":\"https:\/\/volcanes.net\/?p=2408#article\",\"isPartOf\":{\"@id\":\"https:\/\/volcanes.net\/?p=2408\"},\"author\":{\"name\":\"admin\",\"@id\":\"https:\/\/volcanes.net\/#\/schema\/person\/4bf0f383940966a4abd53f5048c0e6b9\"},\"headline\":\"Condenan a 70 a\u00f1os a feminicida de Ecatepec\",\"datePublished\":\"2018-09-05T05:04:41+00:00\",\"mainEntityOfPage\":{\"@id\":\"https:\/\/volcanes.net\/?p=2408\"},\"wordCount\":362,\"commentCount\":0,\"publisher\":{\"@id\":\"https:\/\/volcanes.net\/#organization\"},\"image\":{\"@id\":\"https:\/\/volcanes.net\/?p=2408#primaryimage\"},\"thumbnailUrl\":\"https:\/\/volcanes.net\/wp-content\/uploads\/2018\/09\/FOTO-C845.jpg\",\"keywords\":[\"Ecatepec\"],\"articleSection\":[\"Municipales\"],\"inLanguage\":\"es\",\"potentialAction\":[{\"@type\":\"CommentAction\",\"name\":\"Comment\",\"target\":[\"https:\/\/volcanes.net\/?p=2408#respond\"]}]},{\"@type\":\"WebPage\",\"@id\":\"https:\/\/volcanes.net\/?p=2408\",\"url\":\"https:\/\/volcanes.net\/?p=2408\",\"name\":\"Condenan a 70 a\u00f1os a feminicida de Ecatepec - Volcanes\",\"isPartOf\":{\"@id\":\"https:\/\/volcanes.net\/#website\"},\"primaryImageOfPage\":{\"@id\":\"https:\/\/volcanes.net\/?p=2408#primaryimage\"},\"image\":{\"@id\":\"https:\/\/volcanes.net\/?p=2408#primaryimage\"},\"thumbnailUrl\":\"https:\/\/volcanes.net\/wp-content\/uploads\/2018\/09\/FOTO-C845.jpg\",\"datePublished\":\"2018-09-05T05:04:41+00:00\",\"breadcrumb\":{\"@id\":\"https:\/\/volcanes.net\/?p=2408#breadcrumb\"},\"inLanguage\":\"es\",\"potentialAction\":[{\"@type\":\"ReadAction\",\"target\":[\"https:\/\/volcanes.net\/?p=2408\"]}]},{\"@type\":\"ImageObject\",\"inLanguage\":\"es\",\"@id\":\"https:\/\/volcanes.net\/?p=2408#primaryimage\",\"url\":\"https:\/\/volcanes.net\/wp-content\/uploads\/2018\/09\/FOTO-C845.jpg\",\"contentUrl\":\"https:\/\/volcanes.net\/wp-content\/uploads\/2018\/09\/FOTO-C845.jpg\",\"width\":300,\"height\":411},{\"@type\":\"BreadcrumbList\",\"@id\":\"https:\/\/volcanes.net\/?p=2408#breadcrumb\",\"itemListElement\":[{\"@type\":\"ListItem\",\"position\":1,\"name\":\"Portada\",\"item\":\"https:\/\/volcanes.net\/\"},{\"@type\":\"ListItem\",\"position\":2,\"name\":\"Condenan a 70 a\u00f1os a feminicida de Ecatepec\"}]},{\"@type\":\"WebSite\",\"@id\":\"https:\/\/volcanes.net\/#website\",\"url\":\"https:\/\/volcanes.net\/\",\"name\":\"Volcanes.Net\",\"description\":\"Periodismo Profesional\",\"publisher\":{\"@id\":\"https:\/\/volcanes.net\/#organization\"},\"potentialAction\":[{\"@type\":\"SearchAction\",\"target\":{\"@type\":\"EntryPoint\",\"urlTemplate\":\"https:\/\/volcanes.net\/?s={search_term_string}\"},\"query-input\":{\"@type\":\"PropertyValueSpecification\",\"valueRequired\":true,\"valueName\":\"search_term_string\"}}],\"inLanguage\":\"es\"},{\"@type\":\"Organization\",\"@id\":\"https:\/\/volcanes.net\/#organization\",\"name\":\"Grupo Volcanes\",\"url\":\"https:\/\/volcanes.net\/\",\"logo\":{\"@type\":\"ImageObject\",\"inLanguage\":\"es\",\"@id\":\"https:\/\/volcanes.net\/#\/schema\/logo\/image\/\",\"url\":\"http:\/\/volcanes.net\/wp-content\/uploads\/2017\/12\/Avatar2.jpg\",\"contentUrl\":\"http:\/\/volcanes.net\/wp-content\/uploads\/2017\/12\/Avatar2.jpg\",\"width\":378,\"height\":378,\"caption\":\"Grupo Volcanes\"},\"image\":{\"@id\":\"https:\/\/volcanes.net\/#\/schema\/logo\/image\/\"},\"sameAs\":[\"https:\/\/www.facebook.com\/volcanes.net\/\"]},{\"@type\":\"Person\",\"@id\":\"https:\/\/volcanes.net\/#\/schema\/person\/4bf0f383940966a4abd53f5048c0e6b9\",\"name\":\"admin\",\"image\":{\"@type\":\"ImageObject\",\"inLanguage\":\"es\",\"@id\":\"https:\/\/volcanes.net\/#\/schema\/person\/image\/\",\"url\":\"https:\/\/secure.gravatar.com\/avatar\/ca004e6cba8462b8cb7abc86e382930c?s=96&d=mm&r=g\",\"contentUrl\":\"https:\/\/secure.gravatar.com\/avatar\/ca004e6cba8462b8cb7abc86e382930c?s=96&d=mm&r=g\",\"caption\":\"admin\"}}]}<\/script>\n<!-- \/ Yoast SEO plugin. -->","yoast_head_json":{"title":"Condenan a 70 a\u00f1os a feminicida de Ecatepec - Volcanes","robots":{"index":"index","follow":"follow","max-snippet":"max-snippet:-1","max-image-preview":"max-image-preview:large","max-video-preview":"max-video-preview:-1"},"canonical":"https:\/\/volcanes.net\/?p=2408","og_locale":"es_MX","og_type":"article","og_title":"Condenan a 70 a\u00f1os a feminicida de Ecatepec - Volcanes","og_description":"Ecatepec, M\u00e9xico, 4 de septiembre de 2018.-\u00a0El Representante Social de la Fiscal\u00eda General de Justicia","og_url":"https:\/\/volcanes.net\/?p=2408","og_site_name":"Volcanes","article_publisher":"https:\/\/www.facebook.com\/volcanes.net\/","article_published_time":"2018-09-05T05:04:41+00:00","og_image":[{"width":300,"height":411,"url":"https:\/\/volcanes.net\/wp-content\/uploads\/2018\/09\/FOTO-C845.jpg","type":"image\/jpeg"}],"author":"admin","twitter_card":"summary_large_image","twitter_misc":{"Escrito por":"admin","Tiempo de lectura":"2 minutos"},"schema":{"@context":"https:\/\/schema.org","@graph":[{"@type":"Article","@id":"https:\/\/volcanes.net\/?p=2408#article","isPartOf":{"@id":"https:\/\/volcanes.net\/?p=2408"},"author":{"name":"admin","@id":"https:\/\/volcanes.net\/#\/schema\/person\/4bf0f383940966a4abd53f5048c0e6b9"},"headline":"Condenan a 70 a\u00f1os a feminicida de Ecatepec","datePublished":"2018-09-05T05:04:41+00:00","mainEntityOfPage":{"@id":"https:\/\/volcanes.net\/?p=2408"},"wordCount":362,"commentCount":0,"publisher":{"@id":"https:\/\/volcanes.net\/#organization"},"image":{"@id":"https:\/\/volcanes.net\/?p=2408#primaryimage"},"thumbnailUrl":"https:\/\/volcanes.net\/wp-content\/uploads\/2018\/09\/FOTO-C845.jpg","keywords":["Ecatepec"],"articleSection":["Municipales"],"inLanguage":"es","potentialAction":[{"@type":"CommentAction","name":"Comment","target":["https:\/\/volcanes.net\/?p=2408#respond"]}]},{"@type":"WebPage","@id":"https:\/\/volcanes.net\/?p=2408","url":"https:\/\/volcanes.net\/?p=2408","name":"Condenan a 70 a\u00f1os a feminicida de Ecatepec - Volcanes","isPartOf":{"@id":"https:\/\/volcanes.net\/#website"},"primaryImageOfPage":{"@id":"https:\/\/volcanes.net\/?p=2408#primaryimage"},"image":{"@id":"https:\/\/volcanes.net\/?p=2408#primaryimage"},"thumbnailUrl":"https:\/\/volcanes.net\/wp-content\/uploads\/2018\/09\/FOTO-C845.jpg","datePublished":"2018-09-05T05:04:41+00:00","breadcrumb":{"@id":"https:\/\/volcanes.net\/?p=2408#breadcrumb"},"inLanguage":"es","potentialAction":[{"@type":"ReadAction","target":["https:\/\/volcanes.net\/?p=2408"]}]},{"@type":"ImageObject","inLanguage":"es","@id":"https:\/\/volcanes.net\/?p=2408#primaryimage","url":"https:\/\/volcanes.net\/wp-content\/uploads\/2018\/09\/FOTO-C845.jpg","contentUrl":"https:\/\/volcanes.net\/wp-content\/uploads\/2018\/09\/FOTO-C845.jpg","width":300,"height":411},{"@type":"BreadcrumbList","@id":"https:\/\/volcanes.net\/?p=2408#breadcrumb","itemListElement":[{"@type":"ListItem","position":1,"name":"Portada","item":"https:\/\/volcanes.net\/"},{"@type":"ListItem","position":2,"name":"Condenan a 70 a\u00f1os a feminicida de Ecatepec"}]},{"@type":"WebSite","@id":"https:\/\/volcanes.net\/#website","url":"https:\/\/volcanes.net\/","name":"Volcanes.Net","description":"Periodismo Profesional","publisher":{"@id":"https:\/\/volcanes.net\/#organization"},"potentialAction":[{"@type":"SearchAction","target":{"@type":"EntryPoint","urlTemplate":"https:\/\/volcanes.net\/?s={search_term_string}"},"query-input":{"@type":"PropertyValueSpecification","valueRequired":true,"valueName":"search_term_string"}}],"inLanguage":"es"},{"@type":"Organization","@id":"https:\/\/volcanes.net\/#organization","name":"Grupo Volcanes","url":"https:\/\/volcanes.net\/","logo":{"@type":"ImageObject","inLanguage":"es","@id":"https:\/\/volcanes.net\/#\/schema\/logo\/image\/","url":"http:\/\/volcanes.net\/wp-content\/uploads\/2017\/12\/Avatar2.jpg","contentUrl":"http:\/\/volcanes.net\/wp-content\/uploads\/2017\/12\/Avatar2.jpg","width":378,"height":378,"caption":"Grupo Volcanes"},"image":{"@id":"https:\/\/volcanes.net\/#\/schema\/logo\/image\/"},"sameAs":["https:\/\/www.facebook.com\/volcanes.net\/"]},{"@type":"Person","@id":"https:\/\/volcanes.net\/#\/schema\/person\/4bf0f383940966a4abd53f5048c0e6b9","name":"admin","image":{"@type":"ImageObject","inLanguage":"es","@id":"https:\/\/volcanes.net\/#\/schema\/person\/image\/","url":"https:\/\/secure.gravatar.com\/avatar\/ca004e6cba8462b8cb7abc86e382930c?s=96&d=mm&r=g","contentUrl":"https:\/\/secure.gravatar.com\/avatar\/ca004e6cba8462b8cb7abc86e382930c?s=96&d=mm&r=g","caption":"admin"}}]}},"_links":{"self":[{"href":"https:\/\/volcanes.net\/index.php?rest_route=\/wp\/v2\/posts\/2408"}],"collection":[{"href":"https:\/\/volcanes.net\/index.php?rest_route=\/wp\/v2\/posts"}],"about":[{"href":"https:\/\/volcanes.net\/index.php?rest_route=\/wp\/v2\/types\/post"}],"author":[{"embeddable":true,"href":"https:\/\/volcanes.net\/index.php?rest_route=\/wp\/v2\/users\/1"}],"replies":[{"embeddable":true,"href":"https:\/\/volcanes.net\/index.php?rest_route=%2Fwp%2Fv2%2Fcomments&post=2408"}],"version-history":[{"count":1,"href":"https:\/\/volcanes.net\/index.php?rest_route=\/wp\/v2\/posts\/2408\/revisions"}],"predecessor-version":[{"id":2410,"href":"https:\/\/volcanes.net\/index.php?rest_route=\/wp\/v2\/posts\/2408\/revisions\/2410"}],"wp:featuredmedia":[{"embeddable":true,"href":"https:\/\/volcanes.net\/index.php?rest_route=\/wp\/v2\/media\/2409"}],"wp:attachment":[{"href":"https:\/\/volcanes.net\/index.php?rest_route=%2Fwp%2Fv2%2Fmedia&parent=2408"}],"wp:term":[{"taxonomy":"category","embeddable":true,"href":"https:\/\/volcanes.net\/index.php?rest_route=%2Fwp%2Fv2%2Fcategories&post=2408"},{"taxonomy":"post_tag","embeddable":true,"href":"https:\/\/volcanes.net\/index.php?rest_route=%2Fwp%2Fv2%2Ftags&post=2408"}],"curies":[{"name":"wp","href":"https:\/\/api.w.org\/{rel}","templated":true}]}}