{"id":2424,"date":"2018-09-05T05:21:57","date_gmt":"2018-09-05T05:21:57","guid":{"rendered":"http:\/\/volcanes.net\/?p=2424"},"modified":"2018-09-05T05:21:57","modified_gmt":"2018-09-05T05:21:57","slug":"unam-expulsa-a-18-alumnos-por-violencia-en-rectoria","status":"publish","type":"post","link":"https:\/\/volcanes.net\/?p=2424","title":{"rendered":"UNAM expulsa a 18 alumnos por violencia en Rector\u00eda"},"content":{"rendered":"<div style=\"margin-top: 0px; margin-bottom: 0px;\" class=\"sharethis-inline-share-buttons\" ><\/div><p>El rector de la Universidad Nacional Aut\u00f3noma de M\u00e9xico (UNAM), Enrique Graue Wiechers, firm\u00f3 la expulsi\u00f3n definitiva de 18 individuos inscritos en esa casa de estudios, se\u00f1alados de agredir a estudiantes este lunes frente a Rector\u00eda.<\/p>\n<p>Los hechos ocurridos ya fueron denunciados ante las autoridades competentes y advirti\u00f3 que se proceder\u00e1 sin miramientos contra quienes resulten responsables, adem\u00e1s de que\u00a0continuar\u00e1n las investigaciones para identificar al resto de quienes cometieron las agresiones y quienes las permitieron, indic\u00f3 en un comunicado.<\/p>\n<p>Asimismo, enfatiz\u00f3 que comparte \u201cel enojo, la indignaci\u00f3n y el repudio que se est\u00e1 expresando en asambleas y reuniones estudiantiles en los distintos recintos universitarios\u201d.<\/p>\n<p>El rector se solidariz\u00f3 con Emilio Aguilar S\u00e1nchez, alumno de la Escuela Nacional Preparatoria plantel 6, y con Joel Meza Garc\u00eda, de la Facultad de Filosof\u00eda y Letras, quienes permanecen hospitalizados y con sus familias, y se manifest\u00f3 por su pronto restablecimiento.<\/p>\n<p>En un mensaje a la comunidad universitaria, Graue Wiechers se\u00f1al\u00f3 que ambos estudiantes ya han sido intervenidos y est\u00e1n estables, aunque su estado es grave y se encuentran bajo observaci\u00f3n m\u00e9dica.<\/p>\n<p>\u201cEst\u00e1 claro que no basta con reprobar en\u00e9rgicamente los hechos ocurridos: es necesaria una acci\u00f3n definitiva que erradique para siempre estas oscuras y cobardes agresiones\u201d, asever\u00f3.<\/p>\n<p>Asimismo, detall\u00f3 que entre los agresores se encuentran grupos que se hacen llamar \u201cTreinta y dos\u201d, del CCH Azcapotzalco; \u201c3 de marzo\u201d, del CCH Vallejo; la \u201cFederaci\u00f3n de Estudiantes de Naucalpan\u201d, as\u00ed como otras organizaciones de v\u00e1ndalos conocidos como grupos porriles.<\/p>\n<p>\u201cEsos son grupos de provocadores que obedecen a intereses ajenos a la Universidad y que, evidentemente, pretenden desestabilizarla para crear un clima de inseguridad e incertidumbre\u201d, sostuvo.<\/p>\n<p>Esta tarde, el rector Graue se reuni\u00f3 con directores de escuelas y facultades, con quienes revis\u00f3 la situaci\u00f3n que impera en la UNAM y les pidi\u00f3 que brinden todo el apoyo a sus comunidades.<\/p>\n<p>El rector de la UNAM reiter\u00f3 su disposici\u00f3n al di\u00e1logo para conocer, atender y dar soluci\u00f3n a los problemas planteados por los estudiantes en los distintos planteles y se\u00a0sum\u00f3 adem\u00e1s a la exigencia por el esclarecimiento del asesinato de Miranda Mendoza Flores, alumna del CCH Oriente.<\/p>\n<p>Confi\u00f3 adem\u00e1s en el pronto restablecimiento de los alumnos heridos el d\u00eda de ayer y reiter\u00f3 todo el apoyo y la solidaridad de la UNAM para ellos y sus familiares.<\/p>\n","protected":false},"excerpt":{"rendered":"<p>El rector de la Universidad Nacional Aut\u00f3noma de M\u00e9xico (UNAM), Enrique Graue Wiechers, firm\u00f3 la<\/p>\n","protected":false},"author":1,"featured_media":2425,"comment_status":"open","ping_status":"open","sticky":false,"template":"","format":"standard","meta":{"footnotes":""},"categories":[1],"tags":[],"class_list":["post-2424","post","type-post","status-publish","format-standard","has-post-thumbnail","hentry","category-municipales"],"yoast_head":"<!-- This site is optimized with the Yoast SEO plugin v25.3 - https:\/\/yoast.com\/wordpress\/plugins\/seo\/ -->\n<title>UNAM expulsa a 18 alumnos por violencia en Rector\u00eda - Volcanes<\/title>\n<meta name=\"robots\" content=\"index, follow, max-snippet:-1, max-image-preview:large, max-video-preview:-1\" \/>\n<link rel=\"canonical\" href=\"https:\/\/volcanes.net\/?p=2424\" \/>\n<meta property=\"og:locale\" content=\"es_MX\" \/>\n<meta property=\"og:type\" content=\"article\" \/>\n<meta property=\"og:title\" content=\"UNAM expulsa a 18 alumnos por violencia en Rector\u00eda - Volcanes\" \/>\n<meta property=\"og:description\" content=\"El rector de la Universidad Nacional Aut\u00f3noma de M\u00e9xico (UNAM), Enrique Graue Wiechers, firm\u00f3 la\" \/>\n<meta property=\"og:url\" content=\"https:\/\/volcanes.net\/?p=2424\" \/>\n<meta property=\"og:site_name\" content=\"Volcanes\" \/>\n<meta property=\"article:publisher\" content=\"https:\/\/www.facebook.com\/volcanes.net\/\" \/>\n<meta property=\"article:published_time\" content=\"2018-09-05T05:21:57+00:00\" \/>\n<meta property=\"og:image\" content=\"https:\/\/volcanes.net\/wp-content\/uploads\/2018\/09\/unam.jpg\" \/>\n\t<meta property=\"og:image:width\" content=\"552\" \/>\n\t<meta property=\"og:image:height\" content=\"368\" \/>\n\t<meta property=\"og:image:type\" content=\"image\/jpeg\" \/>\n<meta name=\"author\" content=\"admin\" \/>\n<meta name=\"twitter:card\" content=\"summary_large_image\" \/>\n<meta name=\"twitter:label1\" content=\"Escrito por\" \/>\n\t<meta name=\"twitter:data1\" content=\"admin\" \/>\n\t<meta name=\"twitter:label2\" content=\"Tiempo de lectura\" \/>\n\t<meta name=\"twitter:data2\" content=\"2 minutos\" \/>\n<script type=\"application\/ld+json\" class=\"yoast-schema-graph\">{\"@context\":\"https:\/\/schema.org\",\"@graph\":[{\"@type\":\"Article\",\"@id\":\"https:\/\/volcanes.net\/?p=2424#article\",\"isPartOf\":{\"@id\":\"https:\/\/volcanes.net\/?p=2424\"},\"author\":{\"name\":\"admin\",\"@id\":\"https:\/\/volcanes.net\/#\/schema\/person\/4bf0f383940966a4abd53f5048c0e6b9\"},\"headline\":\"UNAM expulsa a 18 alumnos por violencia en Rector\u00eda\",\"datePublished\":\"2018-09-05T05:21:57+00:00\",\"mainEntityOfPage\":{\"@id\":\"https:\/\/volcanes.net\/?p=2424\"},\"wordCount\":415,\"commentCount\":0,\"publisher\":{\"@id\":\"https:\/\/volcanes.net\/#organization\"},\"image\":{\"@id\":\"https:\/\/volcanes.net\/?p=2424#primaryimage\"},\"thumbnailUrl\":\"https:\/\/volcanes.net\/wp-content\/uploads\/2018\/09\/unam.jpg\",\"articleSection\":[\"Municipales\"],\"inLanguage\":\"es\",\"potentialAction\":[{\"@type\":\"CommentAction\",\"name\":\"Comment\",\"target\":[\"https:\/\/volcanes.net\/?p=2424#respond\"]}]},{\"@type\":\"WebPage\",\"@id\":\"https:\/\/volcanes.net\/?p=2424\",\"url\":\"https:\/\/volcanes.net\/?p=2424\",\"name\":\"UNAM expulsa a 18 alumnos por violencia en Rector\u00eda - Volcanes\",\"isPartOf\":{\"@id\":\"https:\/\/volcanes.net\/#website\"},\"primaryImageOfPage\":{\"@id\":\"https:\/\/volcanes.net\/?p=2424#primaryimage\"},\"image\":{\"@id\":\"https:\/\/volcanes.net\/?p=2424#primaryimage\"},\"thumbnailUrl\":\"https:\/\/volcanes.net\/wp-content\/uploads\/2018\/09\/unam.jpg\",\"datePublished\":\"2018-09-05T05:21:57+00:00\",\"breadcrumb\":{\"@id\":\"https:\/\/volcanes.net\/?p=2424#breadcrumb\"},\"inLanguage\":\"es\",\"potentialAction\":[{\"@type\":\"ReadAction\",\"target\":[\"https:\/\/volcanes.net\/?p=2424\"]}]},{\"@type\":\"ImageObject\",\"inLanguage\":\"es\",\"@id\":\"https:\/\/volcanes.net\/?p=2424#primaryimage\",\"url\":\"https:\/\/volcanes.net\/wp-content\/uploads\/2018\/09\/unam.jpg\",\"contentUrl\":\"https:\/\/volcanes.net\/wp-content\/uploads\/2018\/09\/unam.jpg\",\"width\":552,\"height\":368},{\"@type\":\"BreadcrumbList\",\"@id\":\"https:\/\/volcanes.net\/?p=2424#breadcrumb\",\"itemListElement\":[{\"@type\":\"ListItem\",\"position\":1,\"name\":\"Portada\",\"item\":\"https:\/\/volcanes.net\/\"},{\"@type\":\"ListItem\",\"position\":2,\"name\":\"UNAM expulsa a 18 alumnos por violencia en Rector\u00eda\"}]},{\"@type\":\"WebSite\",\"@id\":\"https:\/\/volcanes.net\/#website\",\"url\":\"https:\/\/volcanes.net\/\",\"name\":\"Volcanes.Net\",\"description\":\"Periodismo Profesional\",\"publisher\":{\"@id\":\"https:\/\/volcanes.net\/#organization\"},\"potentialAction\":[{\"@type\":\"SearchAction\",\"target\":{\"@type\":\"EntryPoint\",\"urlTemplate\":\"https:\/\/volcanes.net\/?s={search_term_string}\"},\"query-input\":{\"@type\":\"PropertyValueSpecification\",\"valueRequired\":true,\"valueName\":\"search_term_string\"}}],\"inLanguage\":\"es\"},{\"@type\":\"Organization\",\"@id\":\"https:\/\/volcanes.net\/#organization\",\"name\":\"Grupo Volcanes\",\"url\":\"https:\/\/volcanes.net\/\",\"logo\":{\"@type\":\"ImageObject\",\"inLanguage\":\"es\",\"@id\":\"https:\/\/volcanes.net\/#\/schema\/logo\/image\/\",\"url\":\"http:\/\/volcanes.net\/wp-content\/uploads\/2017\/12\/Avatar2.jpg\",\"contentUrl\":\"http:\/\/volcanes.net\/wp-content\/uploads\/2017\/12\/Avatar2.jpg\",\"width\":378,\"height\":378,\"caption\":\"Grupo Volcanes\"},\"image\":{\"@id\":\"https:\/\/volcanes.net\/#\/schema\/logo\/image\/\"},\"sameAs\":[\"https:\/\/www.facebook.com\/volcanes.net\/\"]},{\"@type\":\"Person\",\"@id\":\"https:\/\/volcanes.net\/#\/schema\/person\/4bf0f383940966a4abd53f5048c0e6b9\",\"name\":\"admin\",\"image\":{\"@type\":\"ImageObject\",\"inLanguage\":\"es\",\"@id\":\"https:\/\/volcanes.net\/#\/schema\/person\/image\/\",\"url\":\"https:\/\/secure.gravatar.com\/avatar\/ca004e6cba8462b8cb7abc86e382930c?s=96&d=mm&r=g\",\"contentUrl\":\"https:\/\/secure.gravatar.com\/avatar\/ca004e6cba8462b8cb7abc86e382930c?s=96&d=mm&r=g\",\"caption\":\"admin\"}}]}<\/script>\n<!-- \/ Yoast SEO plugin. -->","yoast_head_json":{"title":"UNAM expulsa a 18 alumnos por violencia en Rector\u00eda - Volcanes","robots":{"index":"index","follow":"follow","max-snippet":"max-snippet:-1","max-image-preview":"max-image-preview:large","max-video-preview":"max-video-preview:-1"},"canonical":"https:\/\/volcanes.net\/?p=2424","og_locale":"es_MX","og_type":"article","og_title":"UNAM expulsa a 18 alumnos por violencia en Rector\u00eda - Volcanes","og_description":"El rector de la Universidad Nacional Aut\u00f3noma de M\u00e9xico (UNAM), Enrique Graue Wiechers, firm\u00f3 la","og_url":"https:\/\/volcanes.net\/?p=2424","og_site_name":"Volcanes","article_publisher":"https:\/\/www.facebook.com\/volcanes.net\/","article_published_time":"2018-09-05T05:21:57+00:00","og_image":[{"width":552,"height":368,"url":"https:\/\/volcanes.net\/wp-content\/uploads\/2018\/09\/unam.jpg","type":"image\/jpeg"}],"author":"admin","twitter_card":"summary_large_image","twitter_misc":{"Escrito por":"admin","Tiempo de lectura":"2 minutos"},"schema":{"@context":"https:\/\/schema.org","@graph":[{"@type":"Article","@id":"https:\/\/volcanes.net\/?p=2424#article","isPartOf":{"@id":"https:\/\/volcanes.net\/?p=2424"},"author":{"name":"admin","@id":"https:\/\/volcanes.net\/#\/schema\/person\/4bf0f383940966a4abd53f5048c0e6b9"},"headline":"UNAM expulsa a 18 alumnos por violencia en Rector\u00eda","datePublished":"2018-09-05T05:21:57+00:00","mainEntityOfPage":{"@id":"https:\/\/volcanes.net\/?p=2424"},"wordCount":415,"commentCount":0,"publisher":{"@id":"https:\/\/volcanes.net\/#organization"},"image":{"@id":"https:\/\/volcanes.net\/?p=2424#primaryimage"},"thumbnailUrl":"https:\/\/volcanes.net\/wp-content\/uploads\/2018\/09\/unam.jpg","articleSection":["Municipales"],"inLanguage":"es","potentialAction":[{"@type":"CommentAction","name":"Comment","target":["https:\/\/volcanes.net\/?p=2424#respond"]}]},{"@type":"WebPage","@id":"https:\/\/volcanes.net\/?p=2424","url":"https:\/\/volcanes.net\/?p=2424","name":"UNAM expulsa a 18 alumnos por violencia en Rector\u00eda - Volcanes","isPartOf":{"@id":"https:\/\/volcanes.net\/#website"},"primaryImageOfPage":{"@id":"https:\/\/volcanes.net\/?p=2424#primaryimage"},"image":{"@id":"https:\/\/volcanes.net\/?p=2424#primaryimage"},"thumbnailUrl":"https:\/\/volcanes.net\/wp-content\/uploads\/2018\/09\/unam.jpg","datePublished":"2018-09-05T05:21:57+00:00","breadcrumb":{"@id":"https:\/\/volcanes.net\/?p=2424#breadcrumb"},"inLanguage":"es","potentialAction":[{"@type":"ReadAction","target":["https:\/\/volcanes.net\/?p=2424"]}]},{"@type":"ImageObject","inLanguage":"es","@id":"https:\/\/volcanes.net\/?p=2424#primaryimage","url":"https:\/\/volcanes.net\/wp-content\/uploads\/2018\/09\/unam.jpg","contentUrl":"https:\/\/volcanes.net\/wp-content\/uploads\/2018\/09\/unam.jpg","width":552,"height":368},{"@type":"BreadcrumbList","@id":"https:\/\/volcanes.net\/?p=2424#breadcrumb","itemListElement":[{"@type":"ListItem","position":1,"name":"Portada","item":"https:\/\/volcanes.net\/"},{"@type":"ListItem","position":2,"name":"UNAM expulsa a 18 alumnos por violencia en Rector\u00eda"}]},{"@type":"WebSite","@id":"https:\/\/volcanes.net\/#website","url":"https:\/\/volcanes.net\/","name":"Volcanes.Net","description":"Periodismo Profesional","publisher":{"@id":"https:\/\/volcanes.net\/#organization"},"potentialAction":[{"@type":"SearchAction","target":{"@type":"EntryPoint","urlTemplate":"https:\/\/volcanes.net\/?s={search_term_string}"},"query-input":{"@type":"PropertyValueSpecification","valueRequired":true,"valueName":"search_term_string"}}],"inLanguage":"es"},{"@type":"Organization","@id":"https:\/\/volcanes.net\/#organization","name":"Grupo Volcanes","url":"https:\/\/volcanes.net\/","logo":{"@type":"ImageObject","inLanguage":"es","@id":"https:\/\/volcanes.net\/#\/schema\/logo\/image\/","url":"http:\/\/volcanes.net\/wp-content\/uploads\/2017\/12\/Avatar2.jpg","contentUrl":"http:\/\/volcanes.net\/wp-content\/uploads\/2017\/12\/Avatar2.jpg","width":378,"height":378,"caption":"Grupo Volcanes"},"image":{"@id":"https:\/\/volcanes.net\/#\/schema\/logo\/image\/"},"sameAs":["https:\/\/www.facebook.com\/volcanes.net\/"]},{"@type":"Person","@id":"https:\/\/volcanes.net\/#\/schema\/person\/4bf0f383940966a4abd53f5048c0e6b9","name":"admin","image":{"@type":"ImageObject","inLanguage":"es","@id":"https:\/\/volcanes.net\/#\/schema\/person\/image\/","url":"https:\/\/secure.gravatar.com\/avatar\/ca004e6cba8462b8cb7abc86e382930c?s=96&d=mm&r=g","contentUrl":"https:\/\/secure.gravatar.com\/avatar\/ca004e6cba8462b8cb7abc86e382930c?s=96&d=mm&r=g","caption":"admin"}}]}},"_links":{"self":[{"href":"https:\/\/volcanes.net\/index.php?rest_route=\/wp\/v2\/posts\/2424"}],"collection":[{"href":"https:\/\/volcanes.net\/index.php?rest_route=\/wp\/v2\/posts"}],"about":[{"href":"https:\/\/volcanes.net\/index.php?rest_route=\/wp\/v2\/types\/post"}],"author":[{"embeddable":true,"href":"https:\/\/volcanes.net\/index.php?rest_route=\/wp\/v2\/users\/1"}],"replies":[{"embeddable":true,"href":"https:\/\/volcanes.net\/index.php?rest_route=%2Fwp%2Fv2%2Fcomments&post=2424"}],"version-history":[{"count":1,"href":"https:\/\/volcanes.net\/index.php?rest_route=\/wp\/v2\/posts\/2424\/revisions"}],"predecessor-version":[{"id":2426,"href":"https:\/\/volcanes.net\/index.php?rest_route=\/wp\/v2\/posts\/2424\/revisions\/2426"}],"wp:featuredmedia":[{"embeddable":true,"href":"https:\/\/volcanes.net\/index.php?rest_route=\/wp\/v2\/media\/2425"}],"wp:attachment":[{"href":"https:\/\/volcanes.net\/index.php?rest_route=%2Fwp%2Fv2%2Fmedia&parent=2424"}],"wp:term":[{"taxonomy":"category","embeddable":true,"href":"https:\/\/volcanes.net\/index.php?rest_route=%2Fwp%2Fv2%2Fcategories&post=2424"},{"taxonomy":"post_tag","embeddable":true,"href":"https:\/\/volcanes.net\/index.php?rest_route=%2Fwp%2Fv2%2Ftags&post=2424"}],"curies":[{"name":"wp","href":"https:\/\/api.w.org\/{rel}","templated":true}]}}