{"id":2437,"date":"2018-09-05T05:32:13","date_gmt":"2018-09-05T05:32:13","guid":{"rendered":"http:\/\/volcanes.net\/?p=2437"},"modified":"2018-09-05T05:32:13","modified_gmt":"2018-09-05T05:32:13","slug":"fernandez-norona-confronta-a-munoz-ledo-en-san-lazaro","status":"publish","type":"post","link":"https:\/\/volcanes.net\/?p=2437","title":{"rendered":"Fern\u00e1ndez Noro\u00f1a confronta a Mu\u00f1oz Ledo en San L\u00e1zaro"},"content":{"rendered":"<div style=\"margin-top: 0px; margin-bottom: 0px;\" class=\"sharethis-inline-share-buttons\" ><\/div><p>Con mano alzada, la mayor\u00eda de la C\u00e1mara de Diputados ataj\u00f3 la intenci\u00f3n del diputado petista Gerardo Fern\u00e1ndez Noro\u00f1a de utilizar la tribuna para reclamar al presidente de la Mesa Directiva, Porfirio Mu\u00f1oz Ledo, su asistencia al mensaje del presidente Enrique Pe\u00f1a Nieto con motivo del sexto Informe de Gobierno.<\/p>\n<p>En la primera sesi\u00f3n de la C\u00e1mara de Diputados, Fern\u00e1ndez Noro\u00f1a reclam\u00f3 y exigi\u00f3 el uso de la palabra, a lo que Mu\u00f1oz Ledo aclar\u00f3 que no se la dar\u00eda para evitar desorden. \u201cUsted fue el agresor. No le voy a conceder el uso de la palabra. No permitiremos que usted ponga desorden en este Congreso\u201d.<\/p>\n<p>Previamente, desde su curul, el legislador Santiago Gonz\u00e1lez Soto, del Partido del Trabajo (PT), cuestion\u00f3 a Mu\u00f1oz Ledo sobre su asistencia al evento del presidente Pe\u00f1a Nieto. A esto, el legislador de Morena respondi\u00f3 que no acepta ninguna censura, porque los actos p\u00fablicos de las diputadas y diputados \u201cson nuestra exclusiva responsabilidad ciudadana y pol\u00edtica\u201d.<\/p>\n<p>Sin embargo, Mu\u00f1oz Ledo aclar\u00f3 que lo hizo en su calidad de diputado y de presidente de la C\u00e1mara de Diputados, cargo que expresa la unidad de la propia c\u00e1mara, \u201cy no est\u00e1 roto el orden constitucional. Eso dice la ley, yo acat\u00e9 la ley\u201d, y adem\u00e1s junto con el diputado Marco Antonio Adame, vicepresidente de la Mesa Directiva, \u201cfuimos agredidos f\u00edsicamente por otro miembro de este Congreso, lo que es inaceptable\u201d.<\/p>\n<p>Ante la insistencia de Gerardo Fern\u00e1ndez Noro\u00f1a para hablar, Mu\u00f1oz Ledo cuestion\u00f3 los motivos del petista. Adem\u00e1s, aclar\u00f3 que no aceptaba la moci\u00f3n de orden porque no hubo desorden. \u201cA no ser que usted quiera provocarlo, lo que no permitir\u00e9\u201d, recalc\u00f3.<\/p>\n<p>Porfirio Mu\u00f1oz Ledo acus\u00f3 a Fern\u00e1ndez Noro\u00f1a de haberle faltado el respeto en el evento de la v\u00edspera y de agredirlo f\u00edsicamente, pero este \u00faltimo dijo que el se\u00f1alamiento era una mentira y exigi\u00f3 de nuevo el uso de la palabra, ignorando los llamados a que se mantuviera en su curul.<\/p>\n<p>En dos ocasiones, Fern\u00e1ndez Noro\u00f1a utiliz\u00f3 el micr\u00f3fono de la tribuna para hacer uso de la palabra, que ten\u00eda la secretaria de la Mesa Directiva, Ana Gabriela Guevara Espinoza, por lo que Mu\u00f1oz Ledo orden\u00f3 que se le quitara el sonido y le record\u00f3 que el presidente de la Mesa Directiva no puede ser invocado por alusiones personales. \u201cNo permitir\u00e9 que usted ponga desorden en esta C\u00e1mara\u201d.<\/p>\n<p>Fern\u00e1ndez Noro\u00f1a reclam\u00f3 la falta de respeto e insolencia al presidente de la Mesa Directiva, quien a su vez le aclar\u00f3 que no era insolente y lo acus\u00f3 de ser un golpeador.<\/p>\n<p>Finalmente, Mu\u00f1oz Ledo pidi\u00f3 al pleno decidir a trav\u00e9s de votaci\u00f3n con mano alzada si le daban la palabra al diputado Gerardo Fern\u00e1ndez Noro\u00f1a, lo que fue rechazado con una mayor\u00eda abrumadora.<\/p>\n","protected":false},"excerpt":{"rendered":"<p>Con mano alzada, la mayor\u00eda de la C\u00e1mara de Diputados ataj\u00f3 la intenci\u00f3n del diputado<\/p>\n","protected":false},"author":1,"featured_media":2438,"comment_status":"open","ping_status":"open","sticky":false,"template":"","format":"standard","meta":{"footnotes":""},"categories":[1],"tags":[106],"class_list":["post-2437","post","type-post","status-publish","format-standard","has-post-thumbnail","hentry","category-municipales","tag-camara-de-diputados"],"yoast_head":"<!-- This site is optimized with the Yoast SEO plugin v25.3 - https:\/\/yoast.com\/wordpress\/plugins\/seo\/ -->\n<title>Fern\u00e1ndez Noro\u00f1a confronta a Mu\u00f1oz Ledo en San L\u00e1zaro - Volcanes<\/title>\n<meta name=\"robots\" content=\"index, follow, max-snippet:-1, max-image-preview:large, max-video-preview:-1\" \/>\n<link rel=\"canonical\" href=\"https:\/\/volcanes.net\/?p=2437\" \/>\n<meta property=\"og:locale\" content=\"es_MX\" \/>\n<meta property=\"og:type\" content=\"article\" \/>\n<meta property=\"og:title\" content=\"Fern\u00e1ndez Noro\u00f1a confronta a Mu\u00f1oz Ledo en San L\u00e1zaro - Volcanes\" \/>\n<meta property=\"og:description\" content=\"Con mano alzada, la mayor\u00eda de la C\u00e1mara de Diputados ataj\u00f3 la intenci\u00f3n del diputado\" \/>\n<meta property=\"og:url\" content=\"https:\/\/volcanes.net\/?p=2437\" \/>\n<meta property=\"og:site_name\" content=\"Volcanes\" \/>\n<meta property=\"article:publisher\" content=\"https:\/\/www.facebook.com\/volcanes.net\/\" \/>\n<meta property=\"article:published_time\" content=\"2018-09-05T05:32:13+00:00\" \/>\n<meta property=\"og:image\" content=\"https:\/\/volcanes.net\/wp-content\/uploads\/2018\/09\/muc3b1oz-ledo-noroc3b1a.jpg\" \/>\n\t<meta property=\"og:image:width\" content=\"549\" \/>\n\t<meta property=\"og:image:height\" content=\"368\" \/>\n\t<meta property=\"og:image:type\" content=\"image\/jpeg\" \/>\n<meta name=\"author\" content=\"admin\" \/>\n<meta name=\"twitter:card\" content=\"summary_large_image\" \/>\n<meta name=\"twitter:label1\" content=\"Escrito por\" \/>\n\t<meta name=\"twitter:data1\" content=\"admin\" \/>\n\t<meta name=\"twitter:label2\" content=\"Tiempo de lectura\" \/>\n\t<meta name=\"twitter:data2\" content=\"3 minutos\" \/>\n<script type=\"application\/ld+json\" class=\"yoast-schema-graph\">{\"@context\":\"https:\/\/schema.org\",\"@graph\":[{\"@type\":\"Article\",\"@id\":\"https:\/\/volcanes.net\/?p=2437#article\",\"isPartOf\":{\"@id\":\"https:\/\/volcanes.net\/?p=2437\"},\"author\":{\"name\":\"admin\",\"@id\":\"https:\/\/volcanes.net\/#\/schema\/person\/4bf0f383940966a4abd53f5048c0e6b9\"},\"headline\":\"Fern\u00e1ndez Noro\u00f1a confronta a Mu\u00f1oz Ledo en San L\u00e1zaro\",\"datePublished\":\"2018-09-05T05:32:13+00:00\",\"mainEntityOfPage\":{\"@id\":\"https:\/\/volcanes.net\/?p=2437\"},\"wordCount\":517,\"commentCount\":0,\"publisher\":{\"@id\":\"https:\/\/volcanes.net\/#organization\"},\"image\":{\"@id\":\"https:\/\/volcanes.net\/?p=2437#primaryimage\"},\"thumbnailUrl\":\"https:\/\/volcanes.net\/wp-content\/uploads\/2018\/09\/muc3b1oz-ledo-noroc3b1a.jpg\",\"keywords\":[\"C\u00e1mara de Diputados\"],\"articleSection\":[\"Municipales\"],\"inLanguage\":\"es\",\"potentialAction\":[{\"@type\":\"CommentAction\",\"name\":\"Comment\",\"target\":[\"https:\/\/volcanes.net\/?p=2437#respond\"]}]},{\"@type\":\"WebPage\",\"@id\":\"https:\/\/volcanes.net\/?p=2437\",\"url\":\"https:\/\/volcanes.net\/?p=2437\",\"name\":\"Fern\u00e1ndez Noro\u00f1a confronta a Mu\u00f1oz Ledo en San L\u00e1zaro - Volcanes\",\"isPartOf\":{\"@id\":\"https:\/\/volcanes.net\/#website\"},\"primaryImageOfPage\":{\"@id\":\"https:\/\/volcanes.net\/?p=2437#primaryimage\"},\"image\":{\"@id\":\"https:\/\/volcanes.net\/?p=2437#primaryimage\"},\"thumbnailUrl\":\"https:\/\/volcanes.net\/wp-content\/uploads\/2018\/09\/muc3b1oz-ledo-noroc3b1a.jpg\",\"datePublished\":\"2018-09-05T05:32:13+00:00\",\"breadcrumb\":{\"@id\":\"https:\/\/volcanes.net\/?p=2437#breadcrumb\"},\"inLanguage\":\"es\",\"potentialAction\":[{\"@type\":\"ReadAction\",\"target\":[\"https:\/\/volcanes.net\/?p=2437\"]}]},{\"@type\":\"ImageObject\",\"inLanguage\":\"es\",\"@id\":\"https:\/\/volcanes.net\/?p=2437#primaryimage\",\"url\":\"https:\/\/volcanes.net\/wp-content\/uploads\/2018\/09\/muc3b1oz-ledo-noroc3b1a.jpg\",\"contentUrl\":\"https:\/\/volcanes.net\/wp-content\/uploads\/2018\/09\/muc3b1oz-ledo-noroc3b1a.jpg\",\"width\":549,\"height\":368},{\"@type\":\"BreadcrumbList\",\"@id\":\"https:\/\/volcanes.net\/?p=2437#breadcrumb\",\"itemListElement\":[{\"@type\":\"ListItem\",\"position\":1,\"name\":\"Portada\",\"item\":\"https:\/\/volcanes.net\/\"},{\"@type\":\"ListItem\",\"position\":2,\"name\":\"Fern\u00e1ndez Noro\u00f1a confronta a Mu\u00f1oz Ledo en San L\u00e1zaro\"}]},{\"@type\":\"WebSite\",\"@id\":\"https:\/\/volcanes.net\/#website\",\"url\":\"https:\/\/volcanes.net\/\",\"name\":\"Volcanes.Net\",\"description\":\"Periodismo Profesional\",\"publisher\":{\"@id\":\"https:\/\/volcanes.net\/#organization\"},\"potentialAction\":[{\"@type\":\"SearchAction\",\"target\":{\"@type\":\"EntryPoint\",\"urlTemplate\":\"https:\/\/volcanes.net\/?s={search_term_string}\"},\"query-input\":{\"@type\":\"PropertyValueSpecification\",\"valueRequired\":true,\"valueName\":\"search_term_string\"}}],\"inLanguage\":\"es\"},{\"@type\":\"Organization\",\"@id\":\"https:\/\/volcanes.net\/#organization\",\"name\":\"Grupo Volcanes\",\"url\":\"https:\/\/volcanes.net\/\",\"logo\":{\"@type\":\"ImageObject\",\"inLanguage\":\"es\",\"@id\":\"https:\/\/volcanes.net\/#\/schema\/logo\/image\/\",\"url\":\"http:\/\/volcanes.net\/wp-content\/uploads\/2017\/12\/Avatar2.jpg\",\"contentUrl\":\"http:\/\/volcanes.net\/wp-content\/uploads\/2017\/12\/Avatar2.jpg\",\"width\":378,\"height\":378,\"caption\":\"Grupo Volcanes\"},\"image\":{\"@id\":\"https:\/\/volcanes.net\/#\/schema\/logo\/image\/\"},\"sameAs\":[\"https:\/\/www.facebook.com\/volcanes.net\/\"]},{\"@type\":\"Person\",\"@id\":\"https:\/\/volcanes.net\/#\/schema\/person\/4bf0f383940966a4abd53f5048c0e6b9\",\"name\":\"admin\",\"image\":{\"@type\":\"ImageObject\",\"inLanguage\":\"es\",\"@id\":\"https:\/\/volcanes.net\/#\/schema\/person\/image\/\",\"url\":\"https:\/\/secure.gravatar.com\/avatar\/ca004e6cba8462b8cb7abc86e382930c?s=96&d=mm&r=g\",\"contentUrl\":\"https:\/\/secure.gravatar.com\/avatar\/ca004e6cba8462b8cb7abc86e382930c?s=96&d=mm&r=g\",\"caption\":\"admin\"}}]}<\/script>\n<!-- \/ Yoast SEO plugin. -->","yoast_head_json":{"title":"Fern\u00e1ndez Noro\u00f1a confronta a Mu\u00f1oz Ledo en San L\u00e1zaro - Volcanes","robots":{"index":"index","follow":"follow","max-snippet":"max-snippet:-1","max-image-preview":"max-image-preview:large","max-video-preview":"max-video-preview:-1"},"canonical":"https:\/\/volcanes.net\/?p=2437","og_locale":"es_MX","og_type":"article","og_title":"Fern\u00e1ndez Noro\u00f1a confronta a Mu\u00f1oz Ledo en San L\u00e1zaro - Volcanes","og_description":"Con mano alzada, la mayor\u00eda de la C\u00e1mara de Diputados ataj\u00f3 la intenci\u00f3n del diputado","og_url":"https:\/\/volcanes.net\/?p=2437","og_site_name":"Volcanes","article_publisher":"https:\/\/www.facebook.com\/volcanes.net\/","article_published_time":"2018-09-05T05:32:13+00:00","og_image":[{"width":549,"height":368,"url":"https:\/\/volcanes.net\/wp-content\/uploads\/2018\/09\/muc3b1oz-ledo-noroc3b1a.jpg","type":"image\/jpeg"}],"author":"admin","twitter_card":"summary_large_image","twitter_misc":{"Escrito por":"admin","Tiempo de lectura":"3 minutos"},"schema":{"@context":"https:\/\/schema.org","@graph":[{"@type":"Article","@id":"https:\/\/volcanes.net\/?p=2437#article","isPartOf":{"@id":"https:\/\/volcanes.net\/?p=2437"},"author":{"name":"admin","@id":"https:\/\/volcanes.net\/#\/schema\/person\/4bf0f383940966a4abd53f5048c0e6b9"},"headline":"Fern\u00e1ndez Noro\u00f1a confronta a Mu\u00f1oz Ledo en San L\u00e1zaro","datePublished":"2018-09-05T05:32:13+00:00","mainEntityOfPage":{"@id":"https:\/\/volcanes.net\/?p=2437"},"wordCount":517,"commentCount":0,"publisher":{"@id":"https:\/\/volcanes.net\/#organization"},"image":{"@id":"https:\/\/volcanes.net\/?p=2437#primaryimage"},"thumbnailUrl":"https:\/\/volcanes.net\/wp-content\/uploads\/2018\/09\/muc3b1oz-ledo-noroc3b1a.jpg","keywords":["C\u00e1mara de Diputados"],"articleSection":["Municipales"],"inLanguage":"es","potentialAction":[{"@type":"CommentAction","name":"Comment","target":["https:\/\/volcanes.net\/?p=2437#respond"]}]},{"@type":"WebPage","@id":"https:\/\/volcanes.net\/?p=2437","url":"https:\/\/volcanes.net\/?p=2437","name":"Fern\u00e1ndez Noro\u00f1a confronta a Mu\u00f1oz Ledo en San L\u00e1zaro - Volcanes","isPartOf":{"@id":"https:\/\/volcanes.net\/#website"},"primaryImageOfPage":{"@id":"https:\/\/volcanes.net\/?p=2437#primaryimage"},"image":{"@id":"https:\/\/volcanes.net\/?p=2437#primaryimage"},"thumbnailUrl":"https:\/\/volcanes.net\/wp-content\/uploads\/2018\/09\/muc3b1oz-ledo-noroc3b1a.jpg","datePublished":"2018-09-05T05:32:13+00:00","breadcrumb":{"@id":"https:\/\/volcanes.net\/?p=2437#breadcrumb"},"inLanguage":"es","potentialAction":[{"@type":"ReadAction","target":["https:\/\/volcanes.net\/?p=2437"]}]},{"@type":"ImageObject","inLanguage":"es","@id":"https:\/\/volcanes.net\/?p=2437#primaryimage","url":"https:\/\/volcanes.net\/wp-content\/uploads\/2018\/09\/muc3b1oz-ledo-noroc3b1a.jpg","contentUrl":"https:\/\/volcanes.net\/wp-content\/uploads\/2018\/09\/muc3b1oz-ledo-noroc3b1a.jpg","width":549,"height":368},{"@type":"BreadcrumbList","@id":"https:\/\/volcanes.net\/?p=2437#breadcrumb","itemListElement":[{"@type":"ListItem","position":1,"name":"Portada","item":"https:\/\/volcanes.net\/"},{"@type":"ListItem","position":2,"name":"Fern\u00e1ndez Noro\u00f1a confronta a Mu\u00f1oz Ledo en San L\u00e1zaro"}]},{"@type":"WebSite","@id":"https:\/\/volcanes.net\/#website","url":"https:\/\/volcanes.net\/","name":"Volcanes.Net","description":"Periodismo Profesional","publisher":{"@id":"https:\/\/volcanes.net\/#organization"},"potentialAction":[{"@type":"SearchAction","target":{"@type":"EntryPoint","urlTemplate":"https:\/\/volcanes.net\/?s={search_term_string}"},"query-input":{"@type":"PropertyValueSpecification","valueRequired":true,"valueName":"search_term_string"}}],"inLanguage":"es"},{"@type":"Organization","@id":"https:\/\/volcanes.net\/#organization","name":"Grupo Volcanes","url":"https:\/\/volcanes.net\/","logo":{"@type":"ImageObject","inLanguage":"es","@id":"https:\/\/volcanes.net\/#\/schema\/logo\/image\/","url":"http:\/\/volcanes.net\/wp-content\/uploads\/2017\/12\/Avatar2.jpg","contentUrl":"http:\/\/volcanes.net\/wp-content\/uploads\/2017\/12\/Avatar2.jpg","width":378,"height":378,"caption":"Grupo Volcanes"},"image":{"@id":"https:\/\/volcanes.net\/#\/schema\/logo\/image\/"},"sameAs":["https:\/\/www.facebook.com\/volcanes.net\/"]},{"@type":"Person","@id":"https:\/\/volcanes.net\/#\/schema\/person\/4bf0f383940966a4abd53f5048c0e6b9","name":"admin","image":{"@type":"ImageObject","inLanguage":"es","@id":"https:\/\/volcanes.net\/#\/schema\/person\/image\/","url":"https:\/\/secure.gravatar.com\/avatar\/ca004e6cba8462b8cb7abc86e382930c?s=96&d=mm&r=g","contentUrl":"https:\/\/secure.gravatar.com\/avatar\/ca004e6cba8462b8cb7abc86e382930c?s=96&d=mm&r=g","caption":"admin"}}]}},"_links":{"self":[{"href":"https:\/\/volcanes.net\/index.php?rest_route=\/wp\/v2\/posts\/2437"}],"collection":[{"href":"https:\/\/volcanes.net\/index.php?rest_route=\/wp\/v2\/posts"}],"about":[{"href":"https:\/\/volcanes.net\/index.php?rest_route=\/wp\/v2\/types\/post"}],"author":[{"embeddable":true,"href":"https:\/\/volcanes.net\/index.php?rest_route=\/wp\/v2\/users\/1"}],"replies":[{"embeddable":true,"href":"https:\/\/volcanes.net\/index.php?rest_route=%2Fwp%2Fv2%2Fcomments&post=2437"}],"version-history":[{"count":1,"href":"https:\/\/volcanes.net\/index.php?rest_route=\/wp\/v2\/posts\/2437\/revisions"}],"predecessor-version":[{"id":2439,"href":"https:\/\/volcanes.net\/index.php?rest_route=\/wp\/v2\/posts\/2437\/revisions\/2439"}],"wp:featuredmedia":[{"embeddable":true,"href":"https:\/\/volcanes.net\/index.php?rest_route=\/wp\/v2\/media\/2438"}],"wp:attachment":[{"href":"https:\/\/volcanes.net\/index.php?rest_route=%2Fwp%2Fv2%2Fmedia&parent=2437"}],"wp:term":[{"taxonomy":"category","embeddable":true,"href":"https:\/\/volcanes.net\/index.php?rest_route=%2Fwp%2Fv2%2Fcategories&post=2437"},{"taxonomy":"post_tag","embeddable":true,"href":"https:\/\/volcanes.net\/index.php?rest_route=%2Fwp%2Fv2%2Ftags&post=2437"}],"curies":[{"name":"wp","href":"https:\/\/api.w.org\/{rel}","templated":true}]}}