{"id":2444,"date":"2018-09-10T03:59:58","date_gmt":"2018-09-10T03:59:58","guid":{"rendered":"http:\/\/volcanes.net\/?p=2444"},"modified":"2018-09-10T03:59:58","modified_gmt":"2018-09-10T03:59:58","slug":"la-leyissemym-es-una-decision-responsable-del-gem-ignacio-rubi","status":"publish","type":"post","link":"https:\/\/volcanes.net\/?p=2444","title":{"rendered":"La #LeyISSEMyM es una decisi\u00f3n responsable del GEM: Ignacio Rub\u00ed"},"content":{"rendered":"<div style=\"margin-top: 0px; margin-bottom: 0px;\" class=\"sharethis-inline-share-buttons\" ><\/div><div>El ajuste de cuotas realizado a los trabajadores afiliados al Instituto de Seguridad Social del Estado de M\u00e9xico y Municipios (ISSEMyM) fue una decisi\u00f3n responsable por parte del Gobierno del Estado de M\u00e9xico, para darle longevidad y viabilidad financiera a este sistema de seguridad social, expres\u00f3 el Secretario del Trabajo, Ignacio Rub\u00ed Salazar.Lo anterior, durante la Sesi\u00f3n del Comit\u00e9 de Seguridad Social y Cultura Laboral del Estado de M\u00e9xico, donde se cont\u00f3 con la presencia del Director General del ISSEMyM, Alberto Peredo Jim\u00e9nez, adem\u00e1s de representantes del sector patronal y sindical.<\/p>\n<p>Rub\u00ed Salazar indic\u00f3 que el incremento de la esperanza de vida y los altos costos de enfermedades cr\u00f3nico degenerativas son las principales causas que amenazan la estabilidad econ\u00f3mica de las corporaciones de seguridad social, como el IMSS, ISSSTE e ISSEMyM, mismos que han dado pauta a reformas financieras, que se empezaron a gestar en el pa\u00eds a partir de la d\u00e9cada de 1990.<\/p>\n<p>\u201cEl problema de la seguridad social en nuestro pa\u00eds es delicado, tiene un car\u00e1cter estructural que obliga a su atenci\u00f3n cuidadosa e inmediata, debido a factores como el incremento de los costos de atenci\u00f3n a la salud, as\u00ed como del pago de jubilaciones y pensiones de los extrabajadores, mismos que han provocado la inviabilidad de los cientos de instituciones\u201d, indic\u00f3.<\/p>\n<p>El titular de la Secretar\u00eda del Trabajo agreg\u00f3 que a este problema se ha sumado la falta de esquemas de prevenci\u00f3n de la salud y el desarrollo de funciones ajenas a la seguridad social.<\/p>\n<p>\u201cSeguimos siendo reactivos, en lugar de privilegiar la prevenci\u00f3n de enfermedades, ligado a otros problemas que se han venido presentando, particularmente dentro del IMSS, como la operaci\u00f3n de unidades deportivas, centros de espect\u00e1culos, teatros, farmacias, tiendas, entre otros, provocan que se inviertan recursos significativos que no aportan a la seguridad de los trabajadores\u201d, dijo el funcionario.<\/p>\n<p>A su vez, Alberto Peredo Jim\u00e9nez calific\u00f3 la reforma a la Ley del ISSEMyM como inteligente, sana, congruente y, sobre todo, que fue pensada para cuidar las finanzas p\u00fablicas.<\/p>\n<p>\u201cEl ISSEMyM, como todos los institutos de seguridad del mundo tiene desaf\u00edos qu\u00e9 afrontar, los m\u00e1s importantes son que la gente vive m\u00e1s a\u00f1os y la salud sale m\u00e1s cara, entonces el instituto tiene que hacer un ajuste de las cuotas, para lograr sobrevivir y mantener la calidad que ha venido brindando hasta el d\u00eda de hoy\u201d, indic\u00f3.<\/p>\n<\/div>\n","protected":false},"excerpt":{"rendered":"<p>El ajuste de cuotas realizado a los trabajadores afiliados al Instituto de Seguridad Social del<\/p>\n","protected":false},"author":1,"featured_media":2445,"comment_status":"open","ping_status":"open","sticky":false,"template":"","format":"standard","meta":{"footnotes":""},"categories":[3],"tags":[7,89,9,73,77,63,4,91,6,85,90,75,21,76,71,22,92,41,43],"class_list":["post-2444","post","type-post","status-publish","format-standard","has-post-thumbnail","hentry","category-estatales","tag-amecameca","tag-atizapan","tag-chalco","tag-chimalhuacan","tag-coacalco","tag-ecatepec","tag-gobierno-del-estado-de-mexico","tag-huixquilucan","tag-ixtapaluca","tag-izcalli","tag-la-paz","tag-naucalpan","tag-nezahualcoyotl","tag-nicolas-romero","tag-tecamac","tag-texcoco","tag-tlalnepantla","tag-toluca","tag-tultitlan"],"yoast_head":"<!-- This site is optimized with the Yoast SEO plugin v25.3 - https:\/\/yoast.com\/wordpress\/plugins\/seo\/ -->\n<title>La #LeyISSEMyM es una decisi\u00f3n responsable del GEM: Ignacio Rub\u00ed - Volcanes<\/title>\n<meta name=\"robots\" content=\"index, follow, max-snippet:-1, max-image-preview:large, max-video-preview:-1\" \/>\n<link rel=\"canonical\" href=\"https:\/\/volcanes.net\/?p=2444\" \/>\n<meta property=\"og:locale\" content=\"es_MX\" \/>\n<meta property=\"og:type\" content=\"article\" \/>\n<meta property=\"og:title\" content=\"La #LeyISSEMyM es una decisi\u00f3n responsable del GEM: Ignacio Rub\u00ed - Volcanes\" \/>\n<meta property=\"og:description\" content=\"El ajuste de cuotas realizado a los trabajadores afiliados al Instituto de Seguridad Social del\" \/>\n<meta property=\"og:url\" content=\"https:\/\/volcanes.net\/?p=2444\" \/>\n<meta property=\"og:site_name\" content=\"Volcanes\" \/>\n<meta property=\"article:publisher\" content=\"https:\/\/www.facebook.com\/volcanes.net\/\" \/>\n<meta property=\"article:published_time\" content=\"2018-09-10T03:59:58+00:00\" \/>\n<meta property=\"og:image\" content=\"https:\/\/volcanes.net\/wp-content\/uploads\/2018\/09\/ley-issemym-500x333.jpg\" \/>\n\t<meta property=\"og:image:width\" content=\"500\" \/>\n\t<meta property=\"og:image:height\" content=\"333\" \/>\n\t<meta property=\"og:image:type\" content=\"image\/jpeg\" \/>\n<meta name=\"author\" content=\"admin\" \/>\n<meta name=\"twitter:card\" content=\"summary_large_image\" \/>\n<meta name=\"twitter:label1\" content=\"Escrito por\" \/>\n\t<meta name=\"twitter:data1\" content=\"admin\" \/>\n\t<meta name=\"twitter:label2\" content=\"Tiempo de lectura\" \/>\n\t<meta name=\"twitter:data2\" content=\"2 minutos\" \/>\n<script type=\"application\/ld+json\" class=\"yoast-schema-graph\">{\"@context\":\"https:\/\/schema.org\",\"@graph\":[{\"@type\":\"Article\",\"@id\":\"https:\/\/volcanes.net\/?p=2444#article\",\"isPartOf\":{\"@id\":\"https:\/\/volcanes.net\/?p=2444\"},\"author\":{\"name\":\"admin\",\"@id\":\"https:\/\/volcanes.net\/#\/schema\/person\/4bf0f383940966a4abd53f5048c0e6b9\"},\"headline\":\"La #LeyISSEMyM es una decisi\u00f3n responsable del GEM: Ignacio Rub\u00ed\",\"datePublished\":\"2018-09-10T03:59:58+00:00\",\"mainEntityOfPage\":{\"@id\":\"https:\/\/volcanes.net\/?p=2444\"},\"wordCount\":430,\"commentCount\":0,\"publisher\":{\"@id\":\"https:\/\/volcanes.net\/#organization\"},\"image\":{\"@id\":\"https:\/\/volcanes.net\/?p=2444#primaryimage\"},\"thumbnailUrl\":\"https:\/\/volcanes.net\/wp-content\/uploads\/2018\/09\/ley-issemym-500x333.jpg\",\"keywords\":[\"Amecameca\",\"Atizap\u00e1n\",\"Chalco\",\"Chimalhuac\u00e1n\",\"Coacalco\",\"Ecatepec\",\"Gobierno del Estado de M\u00e9xico\",\"Huixquilucan\",\"Ixtapaluca\",\"Izcalli\",\"La Paz\",\"Naucalpan\",\"Nezahualc\u00f3yotl\",\"Nicol\u00e1s Romero\",\"Tec\u00e1mac\",\"Texcoco\",\"Tlalnepantla\",\"Toluca\",\"Tultitl\u00e1n\"],\"articleSection\":[\"Estatales\"],\"inLanguage\":\"es\",\"potentialAction\":[{\"@type\":\"CommentAction\",\"name\":\"Comment\",\"target\":[\"https:\/\/volcanes.net\/?p=2444#respond\"]}]},{\"@type\":\"WebPage\",\"@id\":\"https:\/\/volcanes.net\/?p=2444\",\"url\":\"https:\/\/volcanes.net\/?p=2444\",\"name\":\"La #LeyISSEMyM es una decisi\u00f3n responsable del GEM: Ignacio Rub\u00ed - Volcanes\",\"isPartOf\":{\"@id\":\"https:\/\/volcanes.net\/#website\"},\"primaryImageOfPage\":{\"@id\":\"https:\/\/volcanes.net\/?p=2444#primaryimage\"},\"image\":{\"@id\":\"https:\/\/volcanes.net\/?p=2444#primaryimage\"},\"thumbnailUrl\":\"https:\/\/volcanes.net\/wp-content\/uploads\/2018\/09\/ley-issemym-500x333.jpg\",\"datePublished\":\"2018-09-10T03:59:58+00:00\",\"breadcrumb\":{\"@id\":\"https:\/\/volcanes.net\/?p=2444#breadcrumb\"},\"inLanguage\":\"es\",\"potentialAction\":[{\"@type\":\"ReadAction\",\"target\":[\"https:\/\/volcanes.net\/?p=2444\"]}]},{\"@type\":\"ImageObject\",\"inLanguage\":\"es\",\"@id\":\"https:\/\/volcanes.net\/?p=2444#primaryimage\",\"url\":\"https:\/\/volcanes.net\/wp-content\/uploads\/2018\/09\/ley-issemym-500x333.jpg\",\"contentUrl\":\"https:\/\/volcanes.net\/wp-content\/uploads\/2018\/09\/ley-issemym-500x333.jpg\",\"width\":500,\"height\":333},{\"@type\":\"BreadcrumbList\",\"@id\":\"https:\/\/volcanes.net\/?p=2444#breadcrumb\",\"itemListElement\":[{\"@type\":\"ListItem\",\"position\":1,\"name\":\"Portada\",\"item\":\"https:\/\/volcanes.net\/\"},{\"@type\":\"ListItem\",\"position\":2,\"name\":\"La #LeyISSEMyM es una decisi\u00f3n responsable del GEM: Ignacio Rub\u00ed\"}]},{\"@type\":\"WebSite\",\"@id\":\"https:\/\/volcanes.net\/#website\",\"url\":\"https:\/\/volcanes.net\/\",\"name\":\"Volcanes.Net\",\"description\":\"Periodismo Profesional\",\"publisher\":{\"@id\":\"https:\/\/volcanes.net\/#organization\"},\"potentialAction\":[{\"@type\":\"SearchAction\",\"target\":{\"@type\":\"EntryPoint\",\"urlTemplate\":\"https:\/\/volcanes.net\/?s={search_term_string}\"},\"query-input\":{\"@type\":\"PropertyValueSpecification\",\"valueRequired\":true,\"valueName\":\"search_term_string\"}}],\"inLanguage\":\"es\"},{\"@type\":\"Organization\",\"@id\":\"https:\/\/volcanes.net\/#organization\",\"name\":\"Grupo Volcanes\",\"url\":\"https:\/\/volcanes.net\/\",\"logo\":{\"@type\":\"ImageObject\",\"inLanguage\":\"es\",\"@id\":\"https:\/\/volcanes.net\/#\/schema\/logo\/image\/\",\"url\":\"http:\/\/volcanes.net\/wp-content\/uploads\/2017\/12\/Avatar2.jpg\",\"contentUrl\":\"http:\/\/volcanes.net\/wp-content\/uploads\/2017\/12\/Avatar2.jpg\",\"width\":378,\"height\":378,\"caption\":\"Grupo Volcanes\"},\"image\":{\"@id\":\"https:\/\/volcanes.net\/#\/schema\/logo\/image\/\"},\"sameAs\":[\"https:\/\/www.facebook.com\/volcanes.net\/\"]},{\"@type\":\"Person\",\"@id\":\"https:\/\/volcanes.net\/#\/schema\/person\/4bf0f383940966a4abd53f5048c0e6b9\",\"name\":\"admin\",\"image\":{\"@type\":\"ImageObject\",\"inLanguage\":\"es\",\"@id\":\"https:\/\/volcanes.net\/#\/schema\/person\/image\/\",\"url\":\"https:\/\/secure.gravatar.com\/avatar\/ca004e6cba8462b8cb7abc86e382930c?s=96&d=mm&r=g\",\"contentUrl\":\"https:\/\/secure.gravatar.com\/avatar\/ca004e6cba8462b8cb7abc86e382930c?s=96&d=mm&r=g\",\"caption\":\"admin\"}}]}<\/script>\n<!-- \/ Yoast SEO plugin. -->","yoast_head_json":{"title":"La #LeyISSEMyM es una decisi\u00f3n responsable del GEM: Ignacio Rub\u00ed - Volcanes","robots":{"index":"index","follow":"follow","max-snippet":"max-snippet:-1","max-image-preview":"max-image-preview:large","max-video-preview":"max-video-preview:-1"},"canonical":"https:\/\/volcanes.net\/?p=2444","og_locale":"es_MX","og_type":"article","og_title":"La #LeyISSEMyM es una decisi\u00f3n responsable del GEM: Ignacio Rub\u00ed - Volcanes","og_description":"El ajuste de cuotas realizado a los trabajadores afiliados al Instituto de Seguridad Social del","og_url":"https:\/\/volcanes.net\/?p=2444","og_site_name":"Volcanes","article_publisher":"https:\/\/www.facebook.com\/volcanes.net\/","article_published_time":"2018-09-10T03:59:58+00:00","og_image":[{"width":500,"height":333,"url":"https:\/\/volcanes.net\/wp-content\/uploads\/2018\/09\/ley-issemym-500x333.jpg","type":"image\/jpeg"}],"author":"admin","twitter_card":"summary_large_image","twitter_misc":{"Escrito por":"admin","Tiempo de lectura":"2 minutos"},"schema":{"@context":"https:\/\/schema.org","@graph":[{"@type":"Article","@id":"https:\/\/volcanes.net\/?p=2444#article","isPartOf":{"@id":"https:\/\/volcanes.net\/?p=2444"},"author":{"name":"admin","@id":"https:\/\/volcanes.net\/#\/schema\/person\/4bf0f383940966a4abd53f5048c0e6b9"},"headline":"La #LeyISSEMyM es una decisi\u00f3n responsable del GEM: Ignacio Rub\u00ed","datePublished":"2018-09-10T03:59:58+00:00","mainEntityOfPage":{"@id":"https:\/\/volcanes.net\/?p=2444"},"wordCount":430,"commentCount":0,"publisher":{"@id":"https:\/\/volcanes.net\/#organization"},"image":{"@id":"https:\/\/volcanes.net\/?p=2444#primaryimage"},"thumbnailUrl":"https:\/\/volcanes.net\/wp-content\/uploads\/2018\/09\/ley-issemym-500x333.jpg","keywords":["Amecameca","Atizap\u00e1n","Chalco","Chimalhuac\u00e1n","Coacalco","Ecatepec","Gobierno del Estado de M\u00e9xico","Huixquilucan","Ixtapaluca","Izcalli","La Paz","Naucalpan","Nezahualc\u00f3yotl","Nicol\u00e1s Romero","Tec\u00e1mac","Texcoco","Tlalnepantla","Toluca","Tultitl\u00e1n"],"articleSection":["Estatales"],"inLanguage":"es","potentialAction":[{"@type":"CommentAction","name":"Comment","target":["https:\/\/volcanes.net\/?p=2444#respond"]}]},{"@type":"WebPage","@id":"https:\/\/volcanes.net\/?p=2444","url":"https:\/\/volcanes.net\/?p=2444","name":"La #LeyISSEMyM es una decisi\u00f3n responsable del GEM: Ignacio Rub\u00ed - Volcanes","isPartOf":{"@id":"https:\/\/volcanes.net\/#website"},"primaryImageOfPage":{"@id":"https:\/\/volcanes.net\/?p=2444#primaryimage"},"image":{"@id":"https:\/\/volcanes.net\/?p=2444#primaryimage"},"thumbnailUrl":"https:\/\/volcanes.net\/wp-content\/uploads\/2018\/09\/ley-issemym-500x333.jpg","datePublished":"2018-09-10T03:59:58+00:00","breadcrumb":{"@id":"https:\/\/volcanes.net\/?p=2444#breadcrumb"},"inLanguage":"es","potentialAction":[{"@type":"ReadAction","target":["https:\/\/volcanes.net\/?p=2444"]}]},{"@type":"ImageObject","inLanguage":"es","@id":"https:\/\/volcanes.net\/?p=2444#primaryimage","url":"https:\/\/volcanes.net\/wp-content\/uploads\/2018\/09\/ley-issemym-500x333.jpg","contentUrl":"https:\/\/volcanes.net\/wp-content\/uploads\/2018\/09\/ley-issemym-500x333.jpg","width":500,"height":333},{"@type":"BreadcrumbList","@id":"https:\/\/volcanes.net\/?p=2444#breadcrumb","itemListElement":[{"@type":"ListItem","position":1,"name":"Portada","item":"https:\/\/volcanes.net\/"},{"@type":"ListItem","position":2,"name":"La #LeyISSEMyM es una decisi\u00f3n responsable del GEM: Ignacio Rub\u00ed"}]},{"@type":"WebSite","@id":"https:\/\/volcanes.net\/#website","url":"https:\/\/volcanes.net\/","name":"Volcanes.Net","description":"Periodismo Profesional","publisher":{"@id":"https:\/\/volcanes.net\/#organization"},"potentialAction":[{"@type":"SearchAction","target":{"@type":"EntryPoint","urlTemplate":"https:\/\/volcanes.net\/?s={search_term_string}"},"query-input":{"@type":"PropertyValueSpecification","valueRequired":true,"valueName":"search_term_string"}}],"inLanguage":"es"},{"@type":"Organization","@id":"https:\/\/volcanes.net\/#organization","name":"Grupo Volcanes","url":"https:\/\/volcanes.net\/","logo":{"@type":"ImageObject","inLanguage":"es","@id":"https:\/\/volcanes.net\/#\/schema\/logo\/image\/","url":"http:\/\/volcanes.net\/wp-content\/uploads\/2017\/12\/Avatar2.jpg","contentUrl":"http:\/\/volcanes.net\/wp-content\/uploads\/2017\/12\/Avatar2.jpg","width":378,"height":378,"caption":"Grupo Volcanes"},"image":{"@id":"https:\/\/volcanes.net\/#\/schema\/logo\/image\/"},"sameAs":["https:\/\/www.facebook.com\/volcanes.net\/"]},{"@type":"Person","@id":"https:\/\/volcanes.net\/#\/schema\/person\/4bf0f383940966a4abd53f5048c0e6b9","name":"admin","image":{"@type":"ImageObject","inLanguage":"es","@id":"https:\/\/volcanes.net\/#\/schema\/person\/image\/","url":"https:\/\/secure.gravatar.com\/avatar\/ca004e6cba8462b8cb7abc86e382930c?s=96&d=mm&r=g","contentUrl":"https:\/\/secure.gravatar.com\/avatar\/ca004e6cba8462b8cb7abc86e382930c?s=96&d=mm&r=g","caption":"admin"}}]}},"_links":{"self":[{"href":"https:\/\/volcanes.net\/index.php?rest_route=\/wp\/v2\/posts\/2444"}],"collection":[{"href":"https:\/\/volcanes.net\/index.php?rest_route=\/wp\/v2\/posts"}],"about":[{"href":"https:\/\/volcanes.net\/index.php?rest_route=\/wp\/v2\/types\/post"}],"author":[{"embeddable":true,"href":"https:\/\/volcanes.net\/index.php?rest_route=\/wp\/v2\/users\/1"}],"replies":[{"embeddable":true,"href":"https:\/\/volcanes.net\/index.php?rest_route=%2Fwp%2Fv2%2Fcomments&post=2444"}],"version-history":[{"count":1,"href":"https:\/\/volcanes.net\/index.php?rest_route=\/wp\/v2\/posts\/2444\/revisions"}],"predecessor-version":[{"id":2446,"href":"https:\/\/volcanes.net\/index.php?rest_route=\/wp\/v2\/posts\/2444\/revisions\/2446"}],"wp:featuredmedia":[{"embeddable":true,"href":"https:\/\/volcanes.net\/index.php?rest_route=\/wp\/v2\/media\/2445"}],"wp:attachment":[{"href":"https:\/\/volcanes.net\/index.php?rest_route=%2Fwp%2Fv2%2Fmedia&parent=2444"}],"wp:term":[{"taxonomy":"category","embeddable":true,"href":"https:\/\/volcanes.net\/index.php?rest_route=%2Fwp%2Fv2%2Fcategories&post=2444"},{"taxonomy":"post_tag","embeddable":true,"href":"https:\/\/volcanes.net\/index.php?rest_route=%2Fwp%2Fv2%2Ftags&post=2444"}],"curies":[{"name":"wp","href":"https:\/\/api.w.org\/{rel}","templated":true}]}}