{"id":2447,"date":"2018-09-10T04:05:02","date_gmt":"2018-09-10T04:05:02","guid":{"rendered":"http:\/\/volcanes.net\/?p=2447"},"modified":"2018-09-10T04:05:02","modified_gmt":"2018-09-10T04:05:02","slug":"identificar-factores-de-riesgo-ayuda-a-prevenir-el-suicidio-secretaria-de-salud","status":"publish","type":"post","link":"https:\/\/volcanes.net\/?p=2447","title":{"rendered":"Identificar factores de riesgo ayuda a prevenir el suicidio: Secretar\u00eda de Salud"},"content":{"rendered":"<div style=\"margin-top: 0px; margin-bottom: 0px;\" class=\"sharethis-inline-share-buttons\" ><\/div><div><em>\u2022 Son los adolescentes y j\u00f3venes los m\u00e1s propensos al suicidio.<\/em><br \/>\n<em>\u2022 Indican que por cada persona que logra quitarse la vida hay 20 que lo intentan.<\/em><\/p>\n<p><strong>Toluca, Estado de M\u00e9xico, 9 de septiembre de 2018.<\/strong>\u00a0En el marco del D\u00eda Mundial de la Prevenci\u00f3n del Suicidio, la Secretar\u00eda de Salud del Estado de M\u00e9xico hace un llamado a la poblaci\u00f3n para crear conciencia y luchar contra este problema de salud p\u00fablica, que actualmente se ha constituido en una de las primeras causas de mortalidad en personas de 15 a 29 a\u00f1os.<\/p>\n<p>La dependencia inform\u00f3 que, a nivel nacional y estatal, la tasa de muertes autoinfligidas, en un rango de 100 mil habitantes, es de alrededor de 4 por ciento, y aunque tradicionalmente el mayor n\u00famero de casos se registraba entre hombres de edad avanzada, la incidencia en j\u00f3venes ha ido en aumento y actualmente son el grupo de mayor riesgo.<\/p>\n<p>Las causas de este problema de salud son m\u00faltiples y complejas, tales como la pobreza, el desempleo, la p\u00e9rdida de seres queridos, la ruptura de relaciones personales y familiares, problemas jur\u00eddicos o laborales, antecedentes familiares de suicidio, abuso de alcohol y estupefacientes.<\/p>\n<p>Otros factores que tambi\u00e9n inciden son el maltrato en la infancia, aislamiento social y determinados trastornos mentales, como la depresi\u00f3n y la esquizofrenia. Las enfermedades org\u00e1nicas y el dolor discapacitante tambi\u00e9n pueden incrementar el riesgo de suicidio.<\/p>\n<p>De acuerdo con la Organizaci\u00f3n Mundial de la Salud (OMS), cada d\u00eda, en promedio, casi 3 mil personas ponen fin a su vida, y al menos 60 mil lo intentan.<\/p>\n<p>En cuanto a la incidencia, se da cuatro veces m\u00e1s en hombres que en mujeres; sin embargo, los intentos son mayores entre la poblaci\u00f3n femenina.<\/p>\n<p>Finalmente, la Secretar\u00eda de Salud mexiquense reiter\u00f3 el llamado a la poblaci\u00f3n a realizar un trabajo activo en la lucha contra el suicidio, ya que en el 100 por ciento de los casos hubo un aviso previo.<\/p><\/div>\n","protected":false},"excerpt":{"rendered":"<p>\u2022 Son los adolescentes y j\u00f3venes los m\u00e1s propensos al suicidio. \u2022 Indican que por<\/p>\n","protected":false},"author":1,"featured_media":2448,"comment_status":"open","ping_status":"open","sticky":false,"template":"","format":"standard","meta":{"footnotes":""},"categories":[1],"tags":[7,89,9,73,77,63,91,6,85,90,75,21,76,71,22,92,41,43],"class_list":["post-2447","post","type-post","status-publish","format-standard","has-post-thumbnail","hentry","category-municipales","tag-amecameca","tag-atizapan","tag-chalco","tag-chimalhuacan","tag-coacalco","tag-ecatepec","tag-huixquilucan","tag-ixtapaluca","tag-izcalli","tag-la-paz","tag-naucalpan","tag-nezahualcoyotl","tag-nicolas-romero","tag-tecamac","tag-texcoco","tag-tlalnepantla","tag-toluca","tag-tultitlan"],"yoast_head":"<!-- This site is optimized with the Yoast SEO plugin v25.3 - https:\/\/yoast.com\/wordpress\/plugins\/seo\/ -->\n<title>Identificar factores de riesgo ayuda a prevenir el suicidio: Secretar\u00eda de Salud - Volcanes<\/title>\n<meta name=\"robots\" content=\"index, follow, max-snippet:-1, max-image-preview:large, max-video-preview:-1\" \/>\n<link rel=\"canonical\" href=\"https:\/\/volcanes.net\/?p=2447\" \/>\n<meta property=\"og:locale\" content=\"es_MX\" \/>\n<meta property=\"og:type\" content=\"article\" \/>\n<meta property=\"og:title\" content=\"Identificar factores de riesgo ayuda a prevenir el suicidio: Secretar\u00eda de Salud - Volcanes\" \/>\n<meta property=\"og:description\" content=\"\u2022 Son los adolescentes y j\u00f3venes los m\u00e1s propensos al suicidio. \u2022 Indican que por\" \/>\n<meta property=\"og:url\" content=\"https:\/\/volcanes.net\/?p=2447\" \/>\n<meta property=\"og:site_name\" content=\"Volcanes\" \/>\n<meta property=\"article:publisher\" content=\"https:\/\/www.facebook.com\/volcanes.net\/\" \/>\n<meta property=\"article:published_time\" content=\"2018-09-10T04:05:02+00:00\" \/>\n<meta property=\"og:image\" content=\"https:\/\/volcanes.net\/wp-content\/uploads\/2018\/09\/unnamed-1.jpg\" \/>\n\t<meta property=\"og:image:width\" content=\"400\" \/>\n\t<meta property=\"og:image:height\" content=\"266\" \/>\n\t<meta property=\"og:image:type\" content=\"image\/jpeg\" \/>\n<meta name=\"author\" content=\"admin\" \/>\n<meta name=\"twitter:card\" content=\"summary_large_image\" \/>\n<meta name=\"twitter:label1\" content=\"Escrito por\" \/>\n\t<meta name=\"twitter:data1\" content=\"admin\" \/>\n\t<meta name=\"twitter:label2\" content=\"Tiempo de lectura\" \/>\n\t<meta name=\"twitter:data2\" content=\"2 minutos\" \/>\n<script type=\"application\/ld+json\" class=\"yoast-schema-graph\">{\"@context\":\"https:\/\/schema.org\",\"@graph\":[{\"@type\":\"Article\",\"@id\":\"https:\/\/volcanes.net\/?p=2447#article\",\"isPartOf\":{\"@id\":\"https:\/\/volcanes.net\/?p=2447\"},\"author\":{\"name\":\"admin\",\"@id\":\"https:\/\/volcanes.net\/#\/schema\/person\/4bf0f383940966a4abd53f5048c0e6b9\"},\"headline\":\"Identificar factores de riesgo ayuda a prevenir el suicidio: Secretar\u00eda de Salud\",\"datePublished\":\"2018-09-10T04:05:02+00:00\",\"mainEntityOfPage\":{\"@id\":\"https:\/\/volcanes.net\/?p=2447\"},\"wordCount\":348,\"commentCount\":0,\"publisher\":{\"@id\":\"https:\/\/volcanes.net\/#organization\"},\"image\":{\"@id\":\"https:\/\/volcanes.net\/?p=2447#primaryimage\"},\"thumbnailUrl\":\"https:\/\/volcanes.net\/wp-content\/uploads\/2018\/09\/unnamed-1.jpg\",\"keywords\":[\"Amecameca\",\"Atizap\u00e1n\",\"Chalco\",\"Chimalhuac\u00e1n\",\"Coacalco\",\"Ecatepec\",\"Huixquilucan\",\"Ixtapaluca\",\"Izcalli\",\"La Paz\",\"Naucalpan\",\"Nezahualc\u00f3yotl\",\"Nicol\u00e1s Romero\",\"Tec\u00e1mac\",\"Texcoco\",\"Tlalnepantla\",\"Toluca\",\"Tultitl\u00e1n\"],\"articleSection\":[\"Municipales\"],\"inLanguage\":\"es\",\"potentialAction\":[{\"@type\":\"CommentAction\",\"name\":\"Comment\",\"target\":[\"https:\/\/volcanes.net\/?p=2447#respond\"]}]},{\"@type\":\"WebPage\",\"@id\":\"https:\/\/volcanes.net\/?p=2447\",\"url\":\"https:\/\/volcanes.net\/?p=2447\",\"name\":\"Identificar factores de riesgo ayuda a prevenir el suicidio: Secretar\u00eda de Salud - Volcanes\",\"isPartOf\":{\"@id\":\"https:\/\/volcanes.net\/#website\"},\"primaryImageOfPage\":{\"@id\":\"https:\/\/volcanes.net\/?p=2447#primaryimage\"},\"image\":{\"@id\":\"https:\/\/volcanes.net\/?p=2447#primaryimage\"},\"thumbnailUrl\":\"https:\/\/volcanes.net\/wp-content\/uploads\/2018\/09\/unnamed-1.jpg\",\"datePublished\":\"2018-09-10T04:05:02+00:00\",\"breadcrumb\":{\"@id\":\"https:\/\/volcanes.net\/?p=2447#breadcrumb\"},\"inLanguage\":\"es\",\"potentialAction\":[{\"@type\":\"ReadAction\",\"target\":[\"https:\/\/volcanes.net\/?p=2447\"]}]},{\"@type\":\"ImageObject\",\"inLanguage\":\"es\",\"@id\":\"https:\/\/volcanes.net\/?p=2447#primaryimage\",\"url\":\"https:\/\/volcanes.net\/wp-content\/uploads\/2018\/09\/unnamed-1.jpg\",\"contentUrl\":\"https:\/\/volcanes.net\/wp-content\/uploads\/2018\/09\/unnamed-1.jpg\",\"width\":400,\"height\":266},{\"@type\":\"BreadcrumbList\",\"@id\":\"https:\/\/volcanes.net\/?p=2447#breadcrumb\",\"itemListElement\":[{\"@type\":\"ListItem\",\"position\":1,\"name\":\"Portada\",\"item\":\"https:\/\/volcanes.net\/\"},{\"@type\":\"ListItem\",\"position\":2,\"name\":\"Identificar factores de riesgo ayuda a prevenir el suicidio: Secretar\u00eda de Salud\"}]},{\"@type\":\"WebSite\",\"@id\":\"https:\/\/volcanes.net\/#website\",\"url\":\"https:\/\/volcanes.net\/\",\"name\":\"Volcanes.Net\",\"description\":\"Periodismo Profesional\",\"publisher\":{\"@id\":\"https:\/\/volcanes.net\/#organization\"},\"potentialAction\":[{\"@type\":\"SearchAction\",\"target\":{\"@type\":\"EntryPoint\",\"urlTemplate\":\"https:\/\/volcanes.net\/?s={search_term_string}\"},\"query-input\":{\"@type\":\"PropertyValueSpecification\",\"valueRequired\":true,\"valueName\":\"search_term_string\"}}],\"inLanguage\":\"es\"},{\"@type\":\"Organization\",\"@id\":\"https:\/\/volcanes.net\/#organization\",\"name\":\"Grupo Volcanes\",\"url\":\"https:\/\/volcanes.net\/\",\"logo\":{\"@type\":\"ImageObject\",\"inLanguage\":\"es\",\"@id\":\"https:\/\/volcanes.net\/#\/schema\/logo\/image\/\",\"url\":\"http:\/\/volcanes.net\/wp-content\/uploads\/2017\/12\/Avatar2.jpg\",\"contentUrl\":\"http:\/\/volcanes.net\/wp-content\/uploads\/2017\/12\/Avatar2.jpg\",\"width\":378,\"height\":378,\"caption\":\"Grupo Volcanes\"},\"image\":{\"@id\":\"https:\/\/volcanes.net\/#\/schema\/logo\/image\/\"},\"sameAs\":[\"https:\/\/www.facebook.com\/volcanes.net\/\"]},{\"@type\":\"Person\",\"@id\":\"https:\/\/volcanes.net\/#\/schema\/person\/4bf0f383940966a4abd53f5048c0e6b9\",\"name\":\"admin\",\"image\":{\"@type\":\"ImageObject\",\"inLanguage\":\"es\",\"@id\":\"https:\/\/volcanes.net\/#\/schema\/person\/image\/\",\"url\":\"https:\/\/secure.gravatar.com\/avatar\/ca004e6cba8462b8cb7abc86e382930c?s=96&d=mm&r=g\",\"contentUrl\":\"https:\/\/secure.gravatar.com\/avatar\/ca004e6cba8462b8cb7abc86e382930c?s=96&d=mm&r=g\",\"caption\":\"admin\"}}]}<\/script>\n<!-- \/ Yoast SEO plugin. -->","yoast_head_json":{"title":"Identificar factores de riesgo ayuda a prevenir el suicidio: Secretar\u00eda de Salud - Volcanes","robots":{"index":"index","follow":"follow","max-snippet":"max-snippet:-1","max-image-preview":"max-image-preview:large","max-video-preview":"max-video-preview:-1"},"canonical":"https:\/\/volcanes.net\/?p=2447","og_locale":"es_MX","og_type":"article","og_title":"Identificar factores de riesgo ayuda a prevenir el suicidio: Secretar\u00eda de Salud - Volcanes","og_description":"\u2022 Son los adolescentes y j\u00f3venes los m\u00e1s propensos al suicidio. \u2022 Indican que por","og_url":"https:\/\/volcanes.net\/?p=2447","og_site_name":"Volcanes","article_publisher":"https:\/\/www.facebook.com\/volcanes.net\/","article_published_time":"2018-09-10T04:05:02+00:00","og_image":[{"width":400,"height":266,"url":"https:\/\/volcanes.net\/wp-content\/uploads\/2018\/09\/unnamed-1.jpg","type":"image\/jpeg"}],"author":"admin","twitter_card":"summary_large_image","twitter_misc":{"Escrito por":"admin","Tiempo de lectura":"2 minutos"},"schema":{"@context":"https:\/\/schema.org","@graph":[{"@type":"Article","@id":"https:\/\/volcanes.net\/?p=2447#article","isPartOf":{"@id":"https:\/\/volcanes.net\/?p=2447"},"author":{"name":"admin","@id":"https:\/\/volcanes.net\/#\/schema\/person\/4bf0f383940966a4abd53f5048c0e6b9"},"headline":"Identificar factores de riesgo ayuda a prevenir el suicidio: Secretar\u00eda de Salud","datePublished":"2018-09-10T04:05:02+00:00","mainEntityOfPage":{"@id":"https:\/\/volcanes.net\/?p=2447"},"wordCount":348,"commentCount":0,"publisher":{"@id":"https:\/\/volcanes.net\/#organization"},"image":{"@id":"https:\/\/volcanes.net\/?p=2447#primaryimage"},"thumbnailUrl":"https:\/\/volcanes.net\/wp-content\/uploads\/2018\/09\/unnamed-1.jpg","keywords":["Amecameca","Atizap\u00e1n","Chalco","Chimalhuac\u00e1n","Coacalco","Ecatepec","Huixquilucan","Ixtapaluca","Izcalli","La Paz","Naucalpan","Nezahualc\u00f3yotl","Nicol\u00e1s Romero","Tec\u00e1mac","Texcoco","Tlalnepantla","Toluca","Tultitl\u00e1n"],"articleSection":["Municipales"],"inLanguage":"es","potentialAction":[{"@type":"CommentAction","name":"Comment","target":["https:\/\/volcanes.net\/?p=2447#respond"]}]},{"@type":"WebPage","@id":"https:\/\/volcanes.net\/?p=2447","url":"https:\/\/volcanes.net\/?p=2447","name":"Identificar factores de riesgo ayuda a prevenir el suicidio: Secretar\u00eda de Salud - Volcanes","isPartOf":{"@id":"https:\/\/volcanes.net\/#website"},"primaryImageOfPage":{"@id":"https:\/\/volcanes.net\/?p=2447#primaryimage"},"image":{"@id":"https:\/\/volcanes.net\/?p=2447#primaryimage"},"thumbnailUrl":"https:\/\/volcanes.net\/wp-content\/uploads\/2018\/09\/unnamed-1.jpg","datePublished":"2018-09-10T04:05:02+00:00","breadcrumb":{"@id":"https:\/\/volcanes.net\/?p=2447#breadcrumb"},"inLanguage":"es","potentialAction":[{"@type":"ReadAction","target":["https:\/\/volcanes.net\/?p=2447"]}]},{"@type":"ImageObject","inLanguage":"es","@id":"https:\/\/volcanes.net\/?p=2447#primaryimage","url":"https:\/\/volcanes.net\/wp-content\/uploads\/2018\/09\/unnamed-1.jpg","contentUrl":"https:\/\/volcanes.net\/wp-content\/uploads\/2018\/09\/unnamed-1.jpg","width":400,"height":266},{"@type":"BreadcrumbList","@id":"https:\/\/volcanes.net\/?p=2447#breadcrumb","itemListElement":[{"@type":"ListItem","position":1,"name":"Portada","item":"https:\/\/volcanes.net\/"},{"@type":"ListItem","position":2,"name":"Identificar factores de riesgo ayuda a prevenir el suicidio: Secretar\u00eda de Salud"}]},{"@type":"WebSite","@id":"https:\/\/volcanes.net\/#website","url":"https:\/\/volcanes.net\/","name":"Volcanes.Net","description":"Periodismo Profesional","publisher":{"@id":"https:\/\/volcanes.net\/#organization"},"potentialAction":[{"@type":"SearchAction","target":{"@type":"EntryPoint","urlTemplate":"https:\/\/volcanes.net\/?s={search_term_string}"},"query-input":{"@type":"PropertyValueSpecification","valueRequired":true,"valueName":"search_term_string"}}],"inLanguage":"es"},{"@type":"Organization","@id":"https:\/\/volcanes.net\/#organization","name":"Grupo Volcanes","url":"https:\/\/volcanes.net\/","logo":{"@type":"ImageObject","inLanguage":"es","@id":"https:\/\/volcanes.net\/#\/schema\/logo\/image\/","url":"http:\/\/volcanes.net\/wp-content\/uploads\/2017\/12\/Avatar2.jpg","contentUrl":"http:\/\/volcanes.net\/wp-content\/uploads\/2017\/12\/Avatar2.jpg","width":378,"height":378,"caption":"Grupo Volcanes"},"image":{"@id":"https:\/\/volcanes.net\/#\/schema\/logo\/image\/"},"sameAs":["https:\/\/www.facebook.com\/volcanes.net\/"]},{"@type":"Person","@id":"https:\/\/volcanes.net\/#\/schema\/person\/4bf0f383940966a4abd53f5048c0e6b9","name":"admin","image":{"@type":"ImageObject","inLanguage":"es","@id":"https:\/\/volcanes.net\/#\/schema\/person\/image\/","url":"https:\/\/secure.gravatar.com\/avatar\/ca004e6cba8462b8cb7abc86e382930c?s=96&d=mm&r=g","contentUrl":"https:\/\/secure.gravatar.com\/avatar\/ca004e6cba8462b8cb7abc86e382930c?s=96&d=mm&r=g","caption":"admin"}}]}},"_links":{"self":[{"href":"https:\/\/volcanes.net\/index.php?rest_route=\/wp\/v2\/posts\/2447"}],"collection":[{"href":"https:\/\/volcanes.net\/index.php?rest_route=\/wp\/v2\/posts"}],"about":[{"href":"https:\/\/volcanes.net\/index.php?rest_route=\/wp\/v2\/types\/post"}],"author":[{"embeddable":true,"href":"https:\/\/volcanes.net\/index.php?rest_route=\/wp\/v2\/users\/1"}],"replies":[{"embeddable":true,"href":"https:\/\/volcanes.net\/index.php?rest_route=%2Fwp%2Fv2%2Fcomments&post=2447"}],"version-history":[{"count":1,"href":"https:\/\/volcanes.net\/index.php?rest_route=\/wp\/v2\/posts\/2447\/revisions"}],"predecessor-version":[{"id":2449,"href":"https:\/\/volcanes.net\/index.php?rest_route=\/wp\/v2\/posts\/2447\/revisions\/2449"}],"wp:featuredmedia":[{"embeddable":true,"href":"https:\/\/volcanes.net\/index.php?rest_route=\/wp\/v2\/media\/2448"}],"wp:attachment":[{"href":"https:\/\/volcanes.net\/index.php?rest_route=%2Fwp%2Fv2%2Fmedia&parent=2447"}],"wp:term":[{"taxonomy":"category","embeddable":true,"href":"https:\/\/volcanes.net\/index.php?rest_route=%2Fwp%2Fv2%2Fcategories&post=2447"},{"taxonomy":"post_tag","embeddable":true,"href":"https:\/\/volcanes.net\/index.php?rest_route=%2Fwp%2Fv2%2Ftags&post=2447"}],"curies":[{"name":"wp","href":"https:\/\/api.w.org\/{rel}","templated":true}]}}