{"id":2506,"date":"2018-09-13T01:18:15","date_gmt":"2018-09-13T01:18:15","guid":{"rendered":"http:\/\/volcanes.net\/?p=2506"},"modified":"2018-09-13T01:18:15","modified_gmt":"2018-09-13T01:18:15","slug":"recuperan-policias-estatales-vehiculo-con-reporte-de-robo-y-detienen-a-sujeto-que-lo-conducia","status":"publish","type":"post","link":"https:\/\/volcanes.net\/?p=2506","title":{"rendered":"Recuperan polic\u00edas estatales veh\u00edculo con reporte de robo y detienen a sujeto que lo conduc\u00eda"},"content":{"rendered":"<div style=\"margin-top: 0px; margin-bottom: 0px;\" class=\"sharethis-inline-share-buttons\" ><\/div><p><strong>Tlalnepantla de Baz, Estado de M\u00e9xico, 12 de septiembre de 2018<\/strong>.- Elementos de la Secretar\u00eda de Seguridad (SS) localizaron un veh\u00edculo reportado como robado y aprehendieron al probable responsable.<\/p>\n<p>&nbsp;<\/p>\n<p>Con la implementaci\u00f3n del sistema de telemetr\u00eda con el cual cuentan las patrullas, los efectivos de la SS detectaron\u00a0 sobre avenida de los Barrios, en la Colonia Los Reyes Ixtacala, un veh\u00edculo Volkswagen, tipo Vento, con matr\u00edcula del Estado de M\u00e9xico, que contaba con reporte de robo.<\/p>\n<p>&nbsp;<\/p>\n<p>Tras aproximarse al veh\u00edculo, los uniformados le marcaron el alto al conductor por medio de comandos de voz. Pablo \u201cN\u201d, de 50 a\u00f1os de edad, despu\u00e9s de la revisi\u00f3n de rutina, no pudo acreditar la legal posesi\u00f3n del automotor.<\/p>\n<p>&nbsp;<\/p>\n<p>Luego de informarle al detenido los derechos que le amparan, \u00e9ste fue trasladado junto con la unidad recuperada a las oficinas del Ministerio P\u00fablico OCRA Atizap\u00e1n, para determinar su situaci\u00f3n jur\u00eddica.<\/p>\n<p>&nbsp;<\/p>\n<p>La Secretar\u00eda de Seguridad le recuerda que los tel\u00e9fonos de Denuncia An\u00f3nima 0-8-9 y de emergencia 9-1-1 trabajan las 24 horas del d\u00eda; tambi\u00e9n puede contactarnos a trav\u00e9s de nuestras redes sociales: en Facebook @SS.Edomex, y en Twitter @SS_Edomex<\/p>\n","protected":false},"excerpt":{"rendered":"<p>Tlalnepantla de Baz, Estado de M\u00e9xico, 12 de septiembre de 2018.- Elementos de la Secretar\u00eda<\/p>\n","protected":false},"author":1,"featured_media":2507,"comment_status":"open","ping_status":"open","sticky":false,"template":"","format":"standard","meta":{"footnotes":""},"categories":[1],"tags":[92],"class_list":["post-2506","post","type-post","status-publish","format-standard","has-post-thumbnail","hentry","category-municipales","tag-tlalnepantla"],"yoast_head":"<!-- This site is optimized with the Yoast SEO plugin v25.3 - https:\/\/yoast.com\/wordpress\/plugins\/seo\/ -->\n<title>Recuperan polic\u00edas estatales veh\u00edculo con reporte de robo y detienen a sujeto que lo conduc\u00eda - Volcanes<\/title>\n<meta name=\"robots\" content=\"index, follow, max-snippet:-1, max-image-preview:large, max-video-preview:-1\" \/>\n<link rel=\"canonical\" href=\"https:\/\/volcanes.net\/?p=2506\" \/>\n<meta property=\"og:locale\" content=\"es_MX\" \/>\n<meta property=\"og:type\" content=\"article\" \/>\n<meta property=\"og:title\" content=\"Recuperan polic\u00edas estatales veh\u00edculo con reporte de robo y detienen a sujeto que lo conduc\u00eda - Volcanes\" \/>\n<meta property=\"og:description\" content=\"Tlalnepantla de Baz, Estado de M\u00e9xico, 12 de septiembre de 2018.- Elementos de la Secretar\u00eda\" \/>\n<meta property=\"og:url\" content=\"https:\/\/volcanes.net\/?p=2506\" \/>\n<meta property=\"og:site_name\" content=\"Volcanes\" \/>\n<meta property=\"article:publisher\" content=\"https:\/\/www.facebook.com\/volcanes.net\/\" \/>\n<meta property=\"article:published_time\" content=\"2018-09-13T01:18:15+00:00\" \/>\n<meta property=\"og:image\" content=\"https:\/\/volcanes.net\/wp-content\/uploads\/2018\/09\/WhatsApp-Image-2018-09-12-at-15.16.24.jpeg\" \/>\n\t<meta property=\"og:image:width\" content=\"400\" \/>\n\t<meta property=\"og:image:height\" content=\"300\" \/>\n\t<meta property=\"og:image:type\" content=\"image\/jpeg\" \/>\n<meta name=\"author\" content=\"admin\" \/>\n<meta name=\"twitter:card\" content=\"summary_large_image\" \/>\n<meta name=\"twitter:label1\" content=\"Escrito por\" \/>\n\t<meta name=\"twitter:data1\" content=\"admin\" \/>\n\t<meta name=\"twitter:label2\" content=\"Tiempo de lectura\" \/>\n\t<meta name=\"twitter:data2\" content=\"1 minuto\" \/>\n<script type=\"application\/ld+json\" class=\"yoast-schema-graph\">{\"@context\":\"https:\/\/schema.org\",\"@graph\":[{\"@type\":\"Article\",\"@id\":\"https:\/\/volcanes.net\/?p=2506#article\",\"isPartOf\":{\"@id\":\"https:\/\/volcanes.net\/?p=2506\"},\"author\":{\"name\":\"admin\",\"@id\":\"https:\/\/volcanes.net\/#\/schema\/person\/4bf0f383940966a4abd53f5048c0e6b9\"},\"headline\":\"Recuperan polic\u00edas estatales veh\u00edculo con reporte de robo y detienen a sujeto que lo conduc\u00eda\",\"datePublished\":\"2018-09-13T01:18:15+00:00\",\"mainEntityOfPage\":{\"@id\":\"https:\/\/volcanes.net\/?p=2506\"},\"wordCount\":231,\"commentCount\":0,\"publisher\":{\"@id\":\"https:\/\/volcanes.net\/#organization\"},\"image\":{\"@id\":\"https:\/\/volcanes.net\/?p=2506#primaryimage\"},\"thumbnailUrl\":\"https:\/\/volcanes.net\/wp-content\/uploads\/2018\/09\/WhatsApp-Image-2018-09-12-at-15.16.24.jpeg\",\"keywords\":[\"Tlalnepantla\"],\"articleSection\":[\"Municipales\"],\"inLanguage\":\"es\",\"potentialAction\":[{\"@type\":\"CommentAction\",\"name\":\"Comment\",\"target\":[\"https:\/\/volcanes.net\/?p=2506#respond\"]}]},{\"@type\":\"WebPage\",\"@id\":\"https:\/\/volcanes.net\/?p=2506\",\"url\":\"https:\/\/volcanes.net\/?p=2506\",\"name\":\"Recuperan polic\u00edas estatales veh\u00edculo con reporte de robo y detienen a sujeto que lo conduc\u00eda - Volcanes\",\"isPartOf\":{\"@id\":\"https:\/\/volcanes.net\/#website\"},\"primaryImageOfPage\":{\"@id\":\"https:\/\/volcanes.net\/?p=2506#primaryimage\"},\"image\":{\"@id\":\"https:\/\/volcanes.net\/?p=2506#primaryimage\"},\"thumbnailUrl\":\"https:\/\/volcanes.net\/wp-content\/uploads\/2018\/09\/WhatsApp-Image-2018-09-12-at-15.16.24.jpeg\",\"datePublished\":\"2018-09-13T01:18:15+00:00\",\"breadcrumb\":{\"@id\":\"https:\/\/volcanes.net\/?p=2506#breadcrumb\"},\"inLanguage\":\"es\",\"potentialAction\":[{\"@type\":\"ReadAction\",\"target\":[\"https:\/\/volcanes.net\/?p=2506\"]}]},{\"@type\":\"ImageObject\",\"inLanguage\":\"es\",\"@id\":\"https:\/\/volcanes.net\/?p=2506#primaryimage\",\"url\":\"https:\/\/volcanes.net\/wp-content\/uploads\/2018\/09\/WhatsApp-Image-2018-09-12-at-15.16.24.jpeg\",\"contentUrl\":\"https:\/\/volcanes.net\/wp-content\/uploads\/2018\/09\/WhatsApp-Image-2018-09-12-at-15.16.24.jpeg\",\"width\":400,\"height\":300},{\"@type\":\"BreadcrumbList\",\"@id\":\"https:\/\/volcanes.net\/?p=2506#breadcrumb\",\"itemListElement\":[{\"@type\":\"ListItem\",\"position\":1,\"name\":\"Portada\",\"item\":\"https:\/\/volcanes.net\/\"},{\"@type\":\"ListItem\",\"position\":2,\"name\":\"Recuperan polic\u00edas estatales veh\u00edculo con reporte de robo y detienen a sujeto que lo conduc\u00eda\"}]},{\"@type\":\"WebSite\",\"@id\":\"https:\/\/volcanes.net\/#website\",\"url\":\"https:\/\/volcanes.net\/\",\"name\":\"Volcanes.Net\",\"description\":\"Periodismo Profesional\",\"publisher\":{\"@id\":\"https:\/\/volcanes.net\/#organization\"},\"potentialAction\":[{\"@type\":\"SearchAction\",\"target\":{\"@type\":\"EntryPoint\",\"urlTemplate\":\"https:\/\/volcanes.net\/?s={search_term_string}\"},\"query-input\":{\"@type\":\"PropertyValueSpecification\",\"valueRequired\":true,\"valueName\":\"search_term_string\"}}],\"inLanguage\":\"es\"},{\"@type\":\"Organization\",\"@id\":\"https:\/\/volcanes.net\/#organization\",\"name\":\"Grupo Volcanes\",\"url\":\"https:\/\/volcanes.net\/\",\"logo\":{\"@type\":\"ImageObject\",\"inLanguage\":\"es\",\"@id\":\"https:\/\/volcanes.net\/#\/schema\/logo\/image\/\",\"url\":\"http:\/\/volcanes.net\/wp-content\/uploads\/2017\/12\/Avatar2.jpg\",\"contentUrl\":\"http:\/\/volcanes.net\/wp-content\/uploads\/2017\/12\/Avatar2.jpg\",\"width\":378,\"height\":378,\"caption\":\"Grupo Volcanes\"},\"image\":{\"@id\":\"https:\/\/volcanes.net\/#\/schema\/logo\/image\/\"},\"sameAs\":[\"https:\/\/www.facebook.com\/volcanes.net\/\"]},{\"@type\":\"Person\",\"@id\":\"https:\/\/volcanes.net\/#\/schema\/person\/4bf0f383940966a4abd53f5048c0e6b9\",\"name\":\"admin\",\"image\":{\"@type\":\"ImageObject\",\"inLanguage\":\"es\",\"@id\":\"https:\/\/volcanes.net\/#\/schema\/person\/image\/\",\"url\":\"https:\/\/secure.gravatar.com\/avatar\/ca004e6cba8462b8cb7abc86e382930c?s=96&d=mm&r=g\",\"contentUrl\":\"https:\/\/secure.gravatar.com\/avatar\/ca004e6cba8462b8cb7abc86e382930c?s=96&d=mm&r=g\",\"caption\":\"admin\"}}]}<\/script>\n<!-- \/ Yoast SEO plugin. -->","yoast_head_json":{"title":"Recuperan polic\u00edas estatales veh\u00edculo con reporte de robo y detienen a sujeto que lo conduc\u00eda - Volcanes","robots":{"index":"index","follow":"follow","max-snippet":"max-snippet:-1","max-image-preview":"max-image-preview:large","max-video-preview":"max-video-preview:-1"},"canonical":"https:\/\/volcanes.net\/?p=2506","og_locale":"es_MX","og_type":"article","og_title":"Recuperan polic\u00edas estatales veh\u00edculo con reporte de robo y detienen a sujeto que lo conduc\u00eda - Volcanes","og_description":"Tlalnepantla de Baz, Estado de M\u00e9xico, 12 de septiembre de 2018.- Elementos de la Secretar\u00eda","og_url":"https:\/\/volcanes.net\/?p=2506","og_site_name":"Volcanes","article_publisher":"https:\/\/www.facebook.com\/volcanes.net\/","article_published_time":"2018-09-13T01:18:15+00:00","og_image":[{"width":400,"height":300,"url":"https:\/\/volcanes.net\/wp-content\/uploads\/2018\/09\/WhatsApp-Image-2018-09-12-at-15.16.24.jpeg","type":"image\/jpeg"}],"author":"admin","twitter_card":"summary_large_image","twitter_misc":{"Escrito por":"admin","Tiempo de lectura":"1 minuto"},"schema":{"@context":"https:\/\/schema.org","@graph":[{"@type":"Article","@id":"https:\/\/volcanes.net\/?p=2506#article","isPartOf":{"@id":"https:\/\/volcanes.net\/?p=2506"},"author":{"name":"admin","@id":"https:\/\/volcanes.net\/#\/schema\/person\/4bf0f383940966a4abd53f5048c0e6b9"},"headline":"Recuperan polic\u00edas estatales veh\u00edculo con reporte de robo y detienen a sujeto que lo conduc\u00eda","datePublished":"2018-09-13T01:18:15+00:00","mainEntityOfPage":{"@id":"https:\/\/volcanes.net\/?p=2506"},"wordCount":231,"commentCount":0,"publisher":{"@id":"https:\/\/volcanes.net\/#organization"},"image":{"@id":"https:\/\/volcanes.net\/?p=2506#primaryimage"},"thumbnailUrl":"https:\/\/volcanes.net\/wp-content\/uploads\/2018\/09\/WhatsApp-Image-2018-09-12-at-15.16.24.jpeg","keywords":["Tlalnepantla"],"articleSection":["Municipales"],"inLanguage":"es","potentialAction":[{"@type":"CommentAction","name":"Comment","target":["https:\/\/volcanes.net\/?p=2506#respond"]}]},{"@type":"WebPage","@id":"https:\/\/volcanes.net\/?p=2506","url":"https:\/\/volcanes.net\/?p=2506","name":"Recuperan polic\u00edas estatales veh\u00edculo con reporte de robo y detienen a sujeto que lo conduc\u00eda - Volcanes","isPartOf":{"@id":"https:\/\/volcanes.net\/#website"},"primaryImageOfPage":{"@id":"https:\/\/volcanes.net\/?p=2506#primaryimage"},"image":{"@id":"https:\/\/volcanes.net\/?p=2506#primaryimage"},"thumbnailUrl":"https:\/\/volcanes.net\/wp-content\/uploads\/2018\/09\/WhatsApp-Image-2018-09-12-at-15.16.24.jpeg","datePublished":"2018-09-13T01:18:15+00:00","breadcrumb":{"@id":"https:\/\/volcanes.net\/?p=2506#breadcrumb"},"inLanguage":"es","potentialAction":[{"@type":"ReadAction","target":["https:\/\/volcanes.net\/?p=2506"]}]},{"@type":"ImageObject","inLanguage":"es","@id":"https:\/\/volcanes.net\/?p=2506#primaryimage","url":"https:\/\/volcanes.net\/wp-content\/uploads\/2018\/09\/WhatsApp-Image-2018-09-12-at-15.16.24.jpeg","contentUrl":"https:\/\/volcanes.net\/wp-content\/uploads\/2018\/09\/WhatsApp-Image-2018-09-12-at-15.16.24.jpeg","width":400,"height":300},{"@type":"BreadcrumbList","@id":"https:\/\/volcanes.net\/?p=2506#breadcrumb","itemListElement":[{"@type":"ListItem","position":1,"name":"Portada","item":"https:\/\/volcanes.net\/"},{"@type":"ListItem","position":2,"name":"Recuperan polic\u00edas estatales veh\u00edculo con reporte de robo y detienen a sujeto que lo conduc\u00eda"}]},{"@type":"WebSite","@id":"https:\/\/volcanes.net\/#website","url":"https:\/\/volcanes.net\/","name":"Volcanes.Net","description":"Periodismo Profesional","publisher":{"@id":"https:\/\/volcanes.net\/#organization"},"potentialAction":[{"@type":"SearchAction","target":{"@type":"EntryPoint","urlTemplate":"https:\/\/volcanes.net\/?s={search_term_string}"},"query-input":{"@type":"PropertyValueSpecification","valueRequired":true,"valueName":"search_term_string"}}],"inLanguage":"es"},{"@type":"Organization","@id":"https:\/\/volcanes.net\/#organization","name":"Grupo Volcanes","url":"https:\/\/volcanes.net\/","logo":{"@type":"ImageObject","inLanguage":"es","@id":"https:\/\/volcanes.net\/#\/schema\/logo\/image\/","url":"http:\/\/volcanes.net\/wp-content\/uploads\/2017\/12\/Avatar2.jpg","contentUrl":"http:\/\/volcanes.net\/wp-content\/uploads\/2017\/12\/Avatar2.jpg","width":378,"height":378,"caption":"Grupo Volcanes"},"image":{"@id":"https:\/\/volcanes.net\/#\/schema\/logo\/image\/"},"sameAs":["https:\/\/www.facebook.com\/volcanes.net\/"]},{"@type":"Person","@id":"https:\/\/volcanes.net\/#\/schema\/person\/4bf0f383940966a4abd53f5048c0e6b9","name":"admin","image":{"@type":"ImageObject","inLanguage":"es","@id":"https:\/\/volcanes.net\/#\/schema\/person\/image\/","url":"https:\/\/secure.gravatar.com\/avatar\/ca004e6cba8462b8cb7abc86e382930c?s=96&d=mm&r=g","contentUrl":"https:\/\/secure.gravatar.com\/avatar\/ca004e6cba8462b8cb7abc86e382930c?s=96&d=mm&r=g","caption":"admin"}}]}},"_links":{"self":[{"href":"https:\/\/volcanes.net\/index.php?rest_route=\/wp\/v2\/posts\/2506"}],"collection":[{"href":"https:\/\/volcanes.net\/index.php?rest_route=\/wp\/v2\/posts"}],"about":[{"href":"https:\/\/volcanes.net\/index.php?rest_route=\/wp\/v2\/types\/post"}],"author":[{"embeddable":true,"href":"https:\/\/volcanes.net\/index.php?rest_route=\/wp\/v2\/users\/1"}],"replies":[{"embeddable":true,"href":"https:\/\/volcanes.net\/index.php?rest_route=%2Fwp%2Fv2%2Fcomments&post=2506"}],"version-history":[{"count":1,"href":"https:\/\/volcanes.net\/index.php?rest_route=\/wp\/v2\/posts\/2506\/revisions"}],"predecessor-version":[{"id":2508,"href":"https:\/\/volcanes.net\/index.php?rest_route=\/wp\/v2\/posts\/2506\/revisions\/2508"}],"wp:featuredmedia":[{"embeddable":true,"href":"https:\/\/volcanes.net\/index.php?rest_route=\/wp\/v2\/media\/2507"}],"wp:attachment":[{"href":"https:\/\/volcanes.net\/index.php?rest_route=%2Fwp%2Fv2%2Fmedia&parent=2506"}],"wp:term":[{"taxonomy":"category","embeddable":true,"href":"https:\/\/volcanes.net\/index.php?rest_route=%2Fwp%2Fv2%2Fcategories&post=2506"},{"taxonomy":"post_tag","embeddable":true,"href":"https:\/\/volcanes.net\/index.php?rest_route=%2Fwp%2Fv2%2Ftags&post=2506"}],"curies":[{"name":"wp","href":"https:\/\/api.w.org\/{rel}","templated":true}]}}