{"id":2512,"date":"2018-09-13T01:26:54","date_gmt":"2018-09-13T01:26:54","guid":{"rendered":"http:\/\/volcanes.net\/?p=2512"},"modified":"2018-09-13T01:26:54","modified_gmt":"2018-09-13T01:26:54","slug":"empresa-de-circuito-exterior-niega-el-retiro-de-caseta-de-san-buenaventura","status":"publish","type":"post","link":"https:\/\/volcanes.net\/?p=2512","title":{"rendered":"Empresa de circuito exterior niega el retiro de caseta de San Buenaventura"},"content":{"rendered":"<div style=\"margin-top: 0px; margin-bottom: 0px;\" class=\"sharethis-inline-share-buttons\" ><\/div><p><strong>*Antorcha anuncia movilizaci\u00f3n\u00a0 estatal por negativa de Aleatica<\/strong><\/p>\n<p><strong>\u00a0<\/strong><\/p>\n<p><strong>Ixtapaluca, Estado de M\u00e9xico, a 12 de septiembre de 2018.-<\/strong> Debido a que no se recibi\u00f3 una respuesta favorable por parte de la empresa concesionaria del Circuito Exterior Mexiquense, para retirar\u00a0 la caseta de cobro de acceso a la unidad habitacional San Buenaventura, el Movimiento Antorchista anunci\u00f3 realizar\u00e1n una movilizaci\u00f3n con m\u00e1s de miles de personas no sol\u00f3 de Ixtapaluca, sino tambi\u00e9n de Chimalhuac\u00e1n y de todo el Estado de M\u00e9xico.<\/p>\n<p>&nbsp;<\/p>\n<p>El pasado 5 de septiembre una comisi\u00f3n de vecinos de la unidad habitacional San Buenaventura, encabezados por Maricela Serrano, dirigente del Movimiento Antorchista en Ixtapaluca se reunieron en la caseta T-4 que da acceso al complejo habitacional, con la empresa concesionaria Aleatica<\/p>\n<p>&nbsp;<\/p>\n<p>En dicha reuni\u00f3n se le pidi\u00f3 a los representantes de la empresa el retiro de la caseta de cobro, toda vez, que es un pago injusto para todos los habitantes de San Buenaventura, \u201cEs un pago totalmente injusto, es decir, pagar por entrar al lugar a donde vivo es un absurdo\u201d, afirm\u00f3 Elena L\u00f3pez Galindo .<\/p>\n<p>&nbsp;<\/p>\n<p>Tras una semana de haberse reunido los representantes de la empresa con los representantes del Movimiento Antorchista, afirmaron que piden ellos sea el gobierno municipal quien solicite al gobierno estatal la remoci\u00f3n de la caseta, sin embargo, la l\u00edder antorchista Maricela Serrano exhort\u00f3 a los vecinos ah\u00ed presentes a movilizarse el pr\u00f3ximo 20 de septiembre a las oficinas del gobierno del estado.<\/p>\n<p>&nbsp;<\/p>\n","protected":false},"excerpt":{"rendered":"<p>*Antorcha anuncia movilizaci\u00f3n\u00a0 estatal por negativa de Aleatica \u00a0 Ixtapaluca, Estado de M\u00e9xico, a 12<\/p>\n","protected":false},"author":1,"featured_media":2513,"comment_status":"open","ping_status":"open","sticky":false,"template":"","format":"standard","meta":{"footnotes":""},"categories":[1],"tags":[7,80,57,9,15,6,179,14,17,16,81,46],"class_list":["post-2512","post","type-post","status-publish","format-standard","has-post-thumbnail","hentry","category-municipales","tag-amecameca","tag-atlautla","tag-ayapango","tag-chalco","tag-ecatzingo","tag-ixtapaluca","tag-juchitepec","tag-ozumba","tag-tenango-del-aire","tag-tepetlixpa","tag-tlalmanalco","tag-volcanes"],"yoast_head":"<!-- This site is optimized with the Yoast SEO plugin v25.3 - https:\/\/yoast.com\/wordpress\/plugins\/seo\/ -->\n<title>Empresa de circuito exterior niega el retiro de caseta de San Buenaventura - Volcanes<\/title>\n<meta name=\"robots\" content=\"index, follow, max-snippet:-1, max-image-preview:large, max-video-preview:-1\" \/>\n<link rel=\"canonical\" href=\"https:\/\/volcanes.net\/?p=2512\" \/>\n<meta property=\"og:locale\" content=\"es_MX\" \/>\n<meta property=\"og:type\" content=\"article\" \/>\n<meta property=\"og:title\" content=\"Empresa de circuito exterior niega el retiro de caseta de San Buenaventura - Volcanes\" \/>\n<meta property=\"og:description\" content=\"*Antorcha anuncia movilizaci\u00f3n\u00a0 estatal por negativa de Aleatica \u00a0 Ixtapaluca, Estado de M\u00e9xico, a 12\" \/>\n<meta property=\"og:url\" content=\"https:\/\/volcanes.net\/?p=2512\" \/>\n<meta property=\"og:site_name\" content=\"Volcanes\" \/>\n<meta property=\"article:publisher\" content=\"https:\/\/www.facebook.com\/volcanes.net\/\" \/>\n<meta property=\"article:published_time\" content=\"2018-09-13T01:26:54+00:00\" \/>\n<meta property=\"og:image\" content=\"https:\/\/volcanes.net\/wp-content\/uploads\/2018\/09\/41598643_266024604248875_8247799374101348352_n.jpg\" \/>\n\t<meta property=\"og:image:width\" content=\"400\" \/>\n\t<meta property=\"og:image:height\" content=\"300\" \/>\n\t<meta property=\"og:image:type\" content=\"image\/jpeg\" \/>\n<meta name=\"author\" content=\"admin\" \/>\n<meta name=\"twitter:card\" content=\"summary_large_image\" \/>\n<meta name=\"twitter:label1\" content=\"Escrito por\" \/>\n\t<meta name=\"twitter:data1\" content=\"admin\" \/>\n\t<meta name=\"twitter:label2\" content=\"Tiempo de lectura\" \/>\n\t<meta name=\"twitter:data2\" content=\"1 minuto\" \/>\n<script type=\"application\/ld+json\" class=\"yoast-schema-graph\">{\"@context\":\"https:\/\/schema.org\",\"@graph\":[{\"@type\":\"Article\",\"@id\":\"https:\/\/volcanes.net\/?p=2512#article\",\"isPartOf\":{\"@id\":\"https:\/\/volcanes.net\/?p=2512\"},\"author\":{\"name\":\"admin\",\"@id\":\"https:\/\/volcanes.net\/#\/schema\/person\/4bf0f383940966a4abd53f5048c0e6b9\"},\"headline\":\"Empresa de circuito exterior niega el retiro de caseta de San Buenaventura\",\"datePublished\":\"2018-09-13T01:26:54+00:00\",\"mainEntityOfPage\":{\"@id\":\"https:\/\/volcanes.net\/?p=2512\"},\"wordCount\":265,\"commentCount\":0,\"publisher\":{\"@id\":\"https:\/\/volcanes.net\/#organization\"},\"image\":{\"@id\":\"https:\/\/volcanes.net\/?p=2512#primaryimage\"},\"thumbnailUrl\":\"https:\/\/volcanes.net\/wp-content\/uploads\/2018\/09\/41598643_266024604248875_8247799374101348352_n.jpg\",\"keywords\":[\"Amecameca\",\"Atlautla\",\"Ayapango\",\"Chalco\",\"Ecatzingo\",\"Ixtapaluca\",\"Juchitepec\",\"Ozumba\",\"Tenango del Aire\",\"Tepetlixpa\",\"Tlalmanalco\",\"Volcanes\"],\"articleSection\":[\"Municipales\"],\"inLanguage\":\"es\",\"potentialAction\":[{\"@type\":\"CommentAction\",\"name\":\"Comment\",\"target\":[\"https:\/\/volcanes.net\/?p=2512#respond\"]}]},{\"@type\":\"WebPage\",\"@id\":\"https:\/\/volcanes.net\/?p=2512\",\"url\":\"https:\/\/volcanes.net\/?p=2512\",\"name\":\"Empresa de circuito exterior niega el retiro de caseta de San Buenaventura - Volcanes\",\"isPartOf\":{\"@id\":\"https:\/\/volcanes.net\/#website\"},\"primaryImageOfPage\":{\"@id\":\"https:\/\/volcanes.net\/?p=2512#primaryimage\"},\"image\":{\"@id\":\"https:\/\/volcanes.net\/?p=2512#primaryimage\"},\"thumbnailUrl\":\"https:\/\/volcanes.net\/wp-content\/uploads\/2018\/09\/41598643_266024604248875_8247799374101348352_n.jpg\",\"datePublished\":\"2018-09-13T01:26:54+00:00\",\"breadcrumb\":{\"@id\":\"https:\/\/volcanes.net\/?p=2512#breadcrumb\"},\"inLanguage\":\"es\",\"potentialAction\":[{\"@type\":\"ReadAction\",\"target\":[\"https:\/\/volcanes.net\/?p=2512\"]}]},{\"@type\":\"ImageObject\",\"inLanguage\":\"es\",\"@id\":\"https:\/\/volcanes.net\/?p=2512#primaryimage\",\"url\":\"https:\/\/volcanes.net\/wp-content\/uploads\/2018\/09\/41598643_266024604248875_8247799374101348352_n.jpg\",\"contentUrl\":\"https:\/\/volcanes.net\/wp-content\/uploads\/2018\/09\/41598643_266024604248875_8247799374101348352_n.jpg\",\"width\":400,\"height\":300},{\"@type\":\"BreadcrumbList\",\"@id\":\"https:\/\/volcanes.net\/?p=2512#breadcrumb\",\"itemListElement\":[{\"@type\":\"ListItem\",\"position\":1,\"name\":\"Portada\",\"item\":\"https:\/\/volcanes.net\/\"},{\"@type\":\"ListItem\",\"position\":2,\"name\":\"Empresa de circuito exterior niega el retiro de caseta de San Buenaventura\"}]},{\"@type\":\"WebSite\",\"@id\":\"https:\/\/volcanes.net\/#website\",\"url\":\"https:\/\/volcanes.net\/\",\"name\":\"Volcanes.Net\",\"description\":\"Periodismo Profesional\",\"publisher\":{\"@id\":\"https:\/\/volcanes.net\/#organization\"},\"potentialAction\":[{\"@type\":\"SearchAction\",\"target\":{\"@type\":\"EntryPoint\",\"urlTemplate\":\"https:\/\/volcanes.net\/?s={search_term_string}\"},\"query-input\":{\"@type\":\"PropertyValueSpecification\",\"valueRequired\":true,\"valueName\":\"search_term_string\"}}],\"inLanguage\":\"es\"},{\"@type\":\"Organization\",\"@id\":\"https:\/\/volcanes.net\/#organization\",\"name\":\"Grupo Volcanes\",\"url\":\"https:\/\/volcanes.net\/\",\"logo\":{\"@type\":\"ImageObject\",\"inLanguage\":\"es\",\"@id\":\"https:\/\/volcanes.net\/#\/schema\/logo\/image\/\",\"url\":\"http:\/\/volcanes.net\/wp-content\/uploads\/2017\/12\/Avatar2.jpg\",\"contentUrl\":\"http:\/\/volcanes.net\/wp-content\/uploads\/2017\/12\/Avatar2.jpg\",\"width\":378,\"height\":378,\"caption\":\"Grupo Volcanes\"},\"image\":{\"@id\":\"https:\/\/volcanes.net\/#\/schema\/logo\/image\/\"},\"sameAs\":[\"https:\/\/www.facebook.com\/volcanes.net\/\"]},{\"@type\":\"Person\",\"@id\":\"https:\/\/volcanes.net\/#\/schema\/person\/4bf0f383940966a4abd53f5048c0e6b9\",\"name\":\"admin\",\"image\":{\"@type\":\"ImageObject\",\"inLanguage\":\"es\",\"@id\":\"https:\/\/volcanes.net\/#\/schema\/person\/image\/\",\"url\":\"https:\/\/secure.gravatar.com\/avatar\/ca004e6cba8462b8cb7abc86e382930c?s=96&d=mm&r=g\",\"contentUrl\":\"https:\/\/secure.gravatar.com\/avatar\/ca004e6cba8462b8cb7abc86e382930c?s=96&d=mm&r=g\",\"caption\":\"admin\"}}]}<\/script>\n<!-- \/ Yoast SEO plugin. -->","yoast_head_json":{"title":"Empresa de circuito exterior niega el retiro de caseta de San Buenaventura - Volcanes","robots":{"index":"index","follow":"follow","max-snippet":"max-snippet:-1","max-image-preview":"max-image-preview:large","max-video-preview":"max-video-preview:-1"},"canonical":"https:\/\/volcanes.net\/?p=2512","og_locale":"es_MX","og_type":"article","og_title":"Empresa de circuito exterior niega el retiro de caseta de San Buenaventura - Volcanes","og_description":"*Antorcha anuncia movilizaci\u00f3n\u00a0 estatal por negativa de Aleatica \u00a0 Ixtapaluca, Estado de M\u00e9xico, a 12","og_url":"https:\/\/volcanes.net\/?p=2512","og_site_name":"Volcanes","article_publisher":"https:\/\/www.facebook.com\/volcanes.net\/","article_published_time":"2018-09-13T01:26:54+00:00","og_image":[{"width":400,"height":300,"url":"https:\/\/volcanes.net\/wp-content\/uploads\/2018\/09\/41598643_266024604248875_8247799374101348352_n.jpg","type":"image\/jpeg"}],"author":"admin","twitter_card":"summary_large_image","twitter_misc":{"Escrito por":"admin","Tiempo de lectura":"1 minuto"},"schema":{"@context":"https:\/\/schema.org","@graph":[{"@type":"Article","@id":"https:\/\/volcanes.net\/?p=2512#article","isPartOf":{"@id":"https:\/\/volcanes.net\/?p=2512"},"author":{"name":"admin","@id":"https:\/\/volcanes.net\/#\/schema\/person\/4bf0f383940966a4abd53f5048c0e6b9"},"headline":"Empresa de circuito exterior niega el retiro de caseta de San Buenaventura","datePublished":"2018-09-13T01:26:54+00:00","mainEntityOfPage":{"@id":"https:\/\/volcanes.net\/?p=2512"},"wordCount":265,"commentCount":0,"publisher":{"@id":"https:\/\/volcanes.net\/#organization"},"image":{"@id":"https:\/\/volcanes.net\/?p=2512#primaryimage"},"thumbnailUrl":"https:\/\/volcanes.net\/wp-content\/uploads\/2018\/09\/41598643_266024604248875_8247799374101348352_n.jpg","keywords":["Amecameca","Atlautla","Ayapango","Chalco","Ecatzingo","Ixtapaluca","Juchitepec","Ozumba","Tenango del Aire","Tepetlixpa","Tlalmanalco","Volcanes"],"articleSection":["Municipales"],"inLanguage":"es","potentialAction":[{"@type":"CommentAction","name":"Comment","target":["https:\/\/volcanes.net\/?p=2512#respond"]}]},{"@type":"WebPage","@id":"https:\/\/volcanes.net\/?p=2512","url":"https:\/\/volcanes.net\/?p=2512","name":"Empresa de circuito exterior niega el retiro de caseta de San Buenaventura - Volcanes","isPartOf":{"@id":"https:\/\/volcanes.net\/#website"},"primaryImageOfPage":{"@id":"https:\/\/volcanes.net\/?p=2512#primaryimage"},"image":{"@id":"https:\/\/volcanes.net\/?p=2512#primaryimage"},"thumbnailUrl":"https:\/\/volcanes.net\/wp-content\/uploads\/2018\/09\/41598643_266024604248875_8247799374101348352_n.jpg","datePublished":"2018-09-13T01:26:54+00:00","breadcrumb":{"@id":"https:\/\/volcanes.net\/?p=2512#breadcrumb"},"inLanguage":"es","potentialAction":[{"@type":"ReadAction","target":["https:\/\/volcanes.net\/?p=2512"]}]},{"@type":"ImageObject","inLanguage":"es","@id":"https:\/\/volcanes.net\/?p=2512#primaryimage","url":"https:\/\/volcanes.net\/wp-content\/uploads\/2018\/09\/41598643_266024604248875_8247799374101348352_n.jpg","contentUrl":"https:\/\/volcanes.net\/wp-content\/uploads\/2018\/09\/41598643_266024604248875_8247799374101348352_n.jpg","width":400,"height":300},{"@type":"BreadcrumbList","@id":"https:\/\/volcanes.net\/?p=2512#breadcrumb","itemListElement":[{"@type":"ListItem","position":1,"name":"Portada","item":"https:\/\/volcanes.net\/"},{"@type":"ListItem","position":2,"name":"Empresa de circuito exterior niega el retiro de caseta de San Buenaventura"}]},{"@type":"WebSite","@id":"https:\/\/volcanes.net\/#website","url":"https:\/\/volcanes.net\/","name":"Volcanes.Net","description":"Periodismo Profesional","publisher":{"@id":"https:\/\/volcanes.net\/#organization"},"potentialAction":[{"@type":"SearchAction","target":{"@type":"EntryPoint","urlTemplate":"https:\/\/volcanes.net\/?s={search_term_string}"},"query-input":{"@type":"PropertyValueSpecification","valueRequired":true,"valueName":"search_term_string"}}],"inLanguage":"es"},{"@type":"Organization","@id":"https:\/\/volcanes.net\/#organization","name":"Grupo Volcanes","url":"https:\/\/volcanes.net\/","logo":{"@type":"ImageObject","inLanguage":"es","@id":"https:\/\/volcanes.net\/#\/schema\/logo\/image\/","url":"http:\/\/volcanes.net\/wp-content\/uploads\/2017\/12\/Avatar2.jpg","contentUrl":"http:\/\/volcanes.net\/wp-content\/uploads\/2017\/12\/Avatar2.jpg","width":378,"height":378,"caption":"Grupo Volcanes"},"image":{"@id":"https:\/\/volcanes.net\/#\/schema\/logo\/image\/"},"sameAs":["https:\/\/www.facebook.com\/volcanes.net\/"]},{"@type":"Person","@id":"https:\/\/volcanes.net\/#\/schema\/person\/4bf0f383940966a4abd53f5048c0e6b9","name":"admin","image":{"@type":"ImageObject","inLanguage":"es","@id":"https:\/\/volcanes.net\/#\/schema\/person\/image\/","url":"https:\/\/secure.gravatar.com\/avatar\/ca004e6cba8462b8cb7abc86e382930c?s=96&d=mm&r=g","contentUrl":"https:\/\/secure.gravatar.com\/avatar\/ca004e6cba8462b8cb7abc86e382930c?s=96&d=mm&r=g","caption":"admin"}}]}},"_links":{"self":[{"href":"https:\/\/volcanes.net\/index.php?rest_route=\/wp\/v2\/posts\/2512"}],"collection":[{"href":"https:\/\/volcanes.net\/index.php?rest_route=\/wp\/v2\/posts"}],"about":[{"href":"https:\/\/volcanes.net\/index.php?rest_route=\/wp\/v2\/types\/post"}],"author":[{"embeddable":true,"href":"https:\/\/volcanes.net\/index.php?rest_route=\/wp\/v2\/users\/1"}],"replies":[{"embeddable":true,"href":"https:\/\/volcanes.net\/index.php?rest_route=%2Fwp%2Fv2%2Fcomments&post=2512"}],"version-history":[{"count":1,"href":"https:\/\/volcanes.net\/index.php?rest_route=\/wp\/v2\/posts\/2512\/revisions"}],"predecessor-version":[{"id":2514,"href":"https:\/\/volcanes.net\/index.php?rest_route=\/wp\/v2\/posts\/2512\/revisions\/2514"}],"wp:featuredmedia":[{"embeddable":true,"href":"https:\/\/volcanes.net\/index.php?rest_route=\/wp\/v2\/media\/2513"}],"wp:attachment":[{"href":"https:\/\/volcanes.net\/index.php?rest_route=%2Fwp%2Fv2%2Fmedia&parent=2512"}],"wp:term":[{"taxonomy":"category","embeddable":true,"href":"https:\/\/volcanes.net\/index.php?rest_route=%2Fwp%2Fv2%2Fcategories&post=2512"},{"taxonomy":"post_tag","embeddable":true,"href":"https:\/\/volcanes.net\/index.php?rest_route=%2Fwp%2Fv2%2Ftags&post=2512"}],"curies":[{"name":"wp","href":"https:\/\/api.w.org\/{rel}","templated":true}]}}