{"id":2518,"date":"2018-09-13T01:33:06","date_gmt":"2018-09-13T01:33:06","guid":{"rendered":"http:\/\/volcanes.net\/?p=2518"},"modified":"2018-09-13T01:33:06","modified_gmt":"2018-09-13T01:33:06","slug":"anuncia-maricela-serrano-manifestacion-para-retirar-caseta-de-cobro","status":"publish","type":"post","link":"https:\/\/volcanes.net\/?p=2518","title":{"rendered":"Anuncia Maricela Serrano manifestaci\u00f3n para retirar caseta de cobro"},"content":{"rendered":"<div style=\"margin-top: 0px; margin-bottom: 0px;\" class=\"sharethis-inline-share-buttons\" ><\/div><p>El pr\u00f3ximo 20 de septiembre se realizar\u00e1 una manifestaci\u00f3n multitudinaria para exigir al gobierno del estado de M\u00e9xico el retiro de la caseta de peaje que se encuentra en el circuito exterior mexiquense, y que da acceso a la unidad habitacional San Buenaventura, en el municipio de Ixtapaluca, por no justificar su cobro, y representar un golpe al bolsillo de los automovilistas.<\/p>\n<p>As\u00ed lo dio a conocer la presidenta municipal electa, Maricela Serrano Hern\u00e1ndez, tras la reuni\u00f3n que sostuvo con representantes de la empresa Aleatica, en el sitio donde se ubica dicha caseta, adem\u00e1s de aclarar que esta decisi\u00f3n se toma despu\u00e9s de que se han realizado los procedimientos para solicitar su retiro.<\/p>\n<p>Cabe destacar que tan s\u00f3lo en la unidad San Buenaventura hay 20 mil 342 viviendas y quienes diariamente salen a trabajar a la Ciudad de M\u00e9xico, al volver no s\u00f3lo pagan la caseta de Chalco que cuesta 19 pesos, sino tambi\u00e9n la del circuito exterior mexiquense que es de 9 pesos, a pesar de que \u00e9ste no se utiliza. De ah\u00ed su injustificado pago.<\/p>\n<p>El argumento que ofrecieron los representantes de esa empresa es que\u00a0 ellos \u00fanicamente tienen la concesi\u00f3n que otorga el gobierno del estado de M\u00e9xico, y es \u00e9ste el que debe autorizar su retiro, para lo cual tiene que existir un antecedente de demanda por parte de los afectados.<\/p>\n<p>Maricela Serrano Hern\u00e1ndez dijo: \u201cesta respuesta no nos deja opci\u00f3n. Nos amparamos en nuestro derecho constitucional de manifestarnos. Previendo esta negativa no s\u00f3lo se sumar\u00e1n a esta demanda los vecinos de San Buenaventura, sino tambi\u00e9n de Ixtapaluca y Chimalhuac\u00e1n\u201d.<\/p>\n<p>La alcaldesa electa expres\u00f3 que \u201ces obvia la postura de la empresa porque quieren defender sus ingresos, pese\u00a0 a que es una vil injusticia social\u201d.<\/p>\n<p>Acompa\u00f1ada por la actual presidenta municipal, Jessica Gonz\u00e1lez Figueroa, reiter\u00f3 que al tener la representaci\u00f3n que le ha dado la poblaci\u00f3n va a ejercer esa facultad para gestionar y resolver la demanda que, en primera instancia, afecta a los vecinos de San Buenaventura, pero tambi\u00e9n al resto del municipio.<\/p>\n<p>Serrano Hern\u00e1ndez pidi\u00f3 a la poblaci\u00f3n seguir sum\u00e1ndose a esta petici\u00f3n y expresar su inconformidad a trav\u00e9s de las redes sociales. Por esta misma v\u00eda tambi\u00e9n informar\u00e1 sobre las acciones que se realizar\u00e1n.<\/p>\n<p>A\u00f1adi\u00f3 que la empresa concesionaria el Circuito Exterior Mexiquense debe considerar no s\u00f3lo el hecho de retirar esta caseta, sino darle mantenimiento y ofrecer mayor seguridad al automovilista, toda vez que pese a que se paga, el servicio no es del todo eficiente.<\/p>\n","protected":false},"excerpt":{"rendered":"<p>El pr\u00f3ximo 20 de septiembre se realizar\u00e1 una manifestaci\u00f3n multitudinaria para exigir al gobierno del<\/p>\n","protected":false},"author":1,"featured_media":2519,"comment_status":"open","ping_status":"open","sticky":false,"template":"","format":"standard","meta":{"footnotes":""},"categories":[1],"tags":[6],"class_list":["post-2518","post","type-post","status-publish","format-standard","has-post-thumbnail","hentry","category-municipales","tag-ixtapaluca"],"yoast_head":"<!-- This site is optimized with the Yoast SEO plugin v25.3 - https:\/\/yoast.com\/wordpress\/plugins\/seo\/ -->\n<title>Anuncia Maricela Serrano manifestaci\u00f3n para retirar caseta de cobro - Volcanes<\/title>\n<meta name=\"robots\" content=\"index, follow, max-snippet:-1, max-image-preview:large, max-video-preview:-1\" \/>\n<link rel=\"canonical\" href=\"https:\/\/volcanes.net\/?p=2518\" \/>\n<meta property=\"og:locale\" content=\"es_MX\" \/>\n<meta property=\"og:type\" content=\"article\" \/>\n<meta property=\"og:title\" content=\"Anuncia Maricela Serrano manifestaci\u00f3n para retirar caseta de cobro - Volcanes\" \/>\n<meta property=\"og:description\" content=\"El pr\u00f3ximo 20 de septiembre se realizar\u00e1 una manifestaci\u00f3n multitudinaria para exigir al gobierno del\" \/>\n<meta property=\"og:url\" content=\"https:\/\/volcanes.net\/?p=2518\" \/>\n<meta property=\"og:site_name\" content=\"Volcanes\" \/>\n<meta property=\"article:publisher\" content=\"https:\/\/www.facebook.com\/volcanes.net\/\" \/>\n<meta property=\"article:published_time\" content=\"2018-09-13T01:33:06+00:00\" \/>\n<meta property=\"og:image\" content=\"https:\/\/volcanes.net\/wp-content\/uploads\/2018\/09\/CASETA-MSH-.jpg\" \/>\n\t<meta property=\"og:image:width\" content=\"400\" \/>\n\t<meta property=\"og:image:height\" content=\"220\" \/>\n\t<meta property=\"og:image:type\" content=\"image\/jpeg\" \/>\n<meta name=\"author\" content=\"admin\" \/>\n<meta name=\"twitter:card\" content=\"summary_large_image\" \/>\n<meta name=\"twitter:label1\" content=\"Escrito por\" \/>\n\t<meta name=\"twitter:data1\" content=\"admin\" \/>\n\t<meta name=\"twitter:label2\" content=\"Tiempo de lectura\" \/>\n\t<meta name=\"twitter:data2\" content=\"2 minutos\" \/>\n<script type=\"application\/ld+json\" class=\"yoast-schema-graph\">{\"@context\":\"https:\/\/schema.org\",\"@graph\":[{\"@type\":\"Article\",\"@id\":\"https:\/\/volcanes.net\/?p=2518#article\",\"isPartOf\":{\"@id\":\"https:\/\/volcanes.net\/?p=2518\"},\"author\":{\"name\":\"admin\",\"@id\":\"https:\/\/volcanes.net\/#\/schema\/person\/4bf0f383940966a4abd53f5048c0e6b9\"},\"headline\":\"Anuncia Maricela Serrano manifestaci\u00f3n para retirar caseta de cobro\",\"datePublished\":\"2018-09-13T01:33:06+00:00\",\"mainEntityOfPage\":{\"@id\":\"https:\/\/volcanes.net\/?p=2518\"},\"wordCount\":454,\"commentCount\":0,\"publisher\":{\"@id\":\"https:\/\/volcanes.net\/#organization\"},\"image\":{\"@id\":\"https:\/\/volcanes.net\/?p=2518#primaryimage\"},\"thumbnailUrl\":\"https:\/\/volcanes.net\/wp-content\/uploads\/2018\/09\/CASETA-MSH-.jpg\",\"keywords\":[\"Ixtapaluca\"],\"articleSection\":[\"Municipales\"],\"inLanguage\":\"es\",\"potentialAction\":[{\"@type\":\"CommentAction\",\"name\":\"Comment\",\"target\":[\"https:\/\/volcanes.net\/?p=2518#respond\"]}]},{\"@type\":\"WebPage\",\"@id\":\"https:\/\/volcanes.net\/?p=2518\",\"url\":\"https:\/\/volcanes.net\/?p=2518\",\"name\":\"Anuncia Maricela Serrano manifestaci\u00f3n para retirar caseta de cobro - Volcanes\",\"isPartOf\":{\"@id\":\"https:\/\/volcanes.net\/#website\"},\"primaryImageOfPage\":{\"@id\":\"https:\/\/volcanes.net\/?p=2518#primaryimage\"},\"image\":{\"@id\":\"https:\/\/volcanes.net\/?p=2518#primaryimage\"},\"thumbnailUrl\":\"https:\/\/volcanes.net\/wp-content\/uploads\/2018\/09\/CASETA-MSH-.jpg\",\"datePublished\":\"2018-09-13T01:33:06+00:00\",\"breadcrumb\":{\"@id\":\"https:\/\/volcanes.net\/?p=2518#breadcrumb\"},\"inLanguage\":\"es\",\"potentialAction\":[{\"@type\":\"ReadAction\",\"target\":[\"https:\/\/volcanes.net\/?p=2518\"]}]},{\"@type\":\"ImageObject\",\"inLanguage\":\"es\",\"@id\":\"https:\/\/volcanes.net\/?p=2518#primaryimage\",\"url\":\"https:\/\/volcanes.net\/wp-content\/uploads\/2018\/09\/CASETA-MSH-.jpg\",\"contentUrl\":\"https:\/\/volcanes.net\/wp-content\/uploads\/2018\/09\/CASETA-MSH-.jpg\",\"width\":400,\"height\":220},{\"@type\":\"BreadcrumbList\",\"@id\":\"https:\/\/volcanes.net\/?p=2518#breadcrumb\",\"itemListElement\":[{\"@type\":\"ListItem\",\"position\":1,\"name\":\"Portada\",\"item\":\"https:\/\/volcanes.net\/\"},{\"@type\":\"ListItem\",\"position\":2,\"name\":\"Anuncia Maricela Serrano manifestaci\u00f3n para retirar caseta de cobro\"}]},{\"@type\":\"WebSite\",\"@id\":\"https:\/\/volcanes.net\/#website\",\"url\":\"https:\/\/volcanes.net\/\",\"name\":\"Volcanes.Net\",\"description\":\"Periodismo Profesional\",\"publisher\":{\"@id\":\"https:\/\/volcanes.net\/#organization\"},\"potentialAction\":[{\"@type\":\"SearchAction\",\"target\":{\"@type\":\"EntryPoint\",\"urlTemplate\":\"https:\/\/volcanes.net\/?s={search_term_string}\"},\"query-input\":{\"@type\":\"PropertyValueSpecification\",\"valueRequired\":true,\"valueName\":\"search_term_string\"}}],\"inLanguage\":\"es\"},{\"@type\":\"Organization\",\"@id\":\"https:\/\/volcanes.net\/#organization\",\"name\":\"Grupo Volcanes\",\"url\":\"https:\/\/volcanes.net\/\",\"logo\":{\"@type\":\"ImageObject\",\"inLanguage\":\"es\",\"@id\":\"https:\/\/volcanes.net\/#\/schema\/logo\/image\/\",\"url\":\"http:\/\/volcanes.net\/wp-content\/uploads\/2017\/12\/Avatar2.jpg\",\"contentUrl\":\"http:\/\/volcanes.net\/wp-content\/uploads\/2017\/12\/Avatar2.jpg\",\"width\":378,\"height\":378,\"caption\":\"Grupo Volcanes\"},\"image\":{\"@id\":\"https:\/\/volcanes.net\/#\/schema\/logo\/image\/\"},\"sameAs\":[\"https:\/\/www.facebook.com\/volcanes.net\/\"]},{\"@type\":\"Person\",\"@id\":\"https:\/\/volcanes.net\/#\/schema\/person\/4bf0f383940966a4abd53f5048c0e6b9\",\"name\":\"admin\",\"image\":{\"@type\":\"ImageObject\",\"inLanguage\":\"es\",\"@id\":\"https:\/\/volcanes.net\/#\/schema\/person\/image\/\",\"url\":\"https:\/\/secure.gravatar.com\/avatar\/ca004e6cba8462b8cb7abc86e382930c?s=96&d=mm&r=g\",\"contentUrl\":\"https:\/\/secure.gravatar.com\/avatar\/ca004e6cba8462b8cb7abc86e382930c?s=96&d=mm&r=g\",\"caption\":\"admin\"}}]}<\/script>\n<!-- \/ Yoast SEO plugin. -->","yoast_head_json":{"title":"Anuncia Maricela Serrano manifestaci\u00f3n para retirar caseta de cobro - Volcanes","robots":{"index":"index","follow":"follow","max-snippet":"max-snippet:-1","max-image-preview":"max-image-preview:large","max-video-preview":"max-video-preview:-1"},"canonical":"https:\/\/volcanes.net\/?p=2518","og_locale":"es_MX","og_type":"article","og_title":"Anuncia Maricela Serrano manifestaci\u00f3n para retirar caseta de cobro - Volcanes","og_description":"El pr\u00f3ximo 20 de septiembre se realizar\u00e1 una manifestaci\u00f3n multitudinaria para exigir al gobierno del","og_url":"https:\/\/volcanes.net\/?p=2518","og_site_name":"Volcanes","article_publisher":"https:\/\/www.facebook.com\/volcanes.net\/","article_published_time":"2018-09-13T01:33:06+00:00","og_image":[{"width":400,"height":220,"url":"https:\/\/volcanes.net\/wp-content\/uploads\/2018\/09\/CASETA-MSH-.jpg","type":"image\/jpeg"}],"author":"admin","twitter_card":"summary_large_image","twitter_misc":{"Escrito por":"admin","Tiempo de lectura":"2 minutos"},"schema":{"@context":"https:\/\/schema.org","@graph":[{"@type":"Article","@id":"https:\/\/volcanes.net\/?p=2518#article","isPartOf":{"@id":"https:\/\/volcanes.net\/?p=2518"},"author":{"name":"admin","@id":"https:\/\/volcanes.net\/#\/schema\/person\/4bf0f383940966a4abd53f5048c0e6b9"},"headline":"Anuncia Maricela Serrano manifestaci\u00f3n para retirar caseta de cobro","datePublished":"2018-09-13T01:33:06+00:00","mainEntityOfPage":{"@id":"https:\/\/volcanes.net\/?p=2518"},"wordCount":454,"commentCount":0,"publisher":{"@id":"https:\/\/volcanes.net\/#organization"},"image":{"@id":"https:\/\/volcanes.net\/?p=2518#primaryimage"},"thumbnailUrl":"https:\/\/volcanes.net\/wp-content\/uploads\/2018\/09\/CASETA-MSH-.jpg","keywords":["Ixtapaluca"],"articleSection":["Municipales"],"inLanguage":"es","potentialAction":[{"@type":"CommentAction","name":"Comment","target":["https:\/\/volcanes.net\/?p=2518#respond"]}]},{"@type":"WebPage","@id":"https:\/\/volcanes.net\/?p=2518","url":"https:\/\/volcanes.net\/?p=2518","name":"Anuncia Maricela Serrano manifestaci\u00f3n para retirar caseta de cobro - Volcanes","isPartOf":{"@id":"https:\/\/volcanes.net\/#website"},"primaryImageOfPage":{"@id":"https:\/\/volcanes.net\/?p=2518#primaryimage"},"image":{"@id":"https:\/\/volcanes.net\/?p=2518#primaryimage"},"thumbnailUrl":"https:\/\/volcanes.net\/wp-content\/uploads\/2018\/09\/CASETA-MSH-.jpg","datePublished":"2018-09-13T01:33:06+00:00","breadcrumb":{"@id":"https:\/\/volcanes.net\/?p=2518#breadcrumb"},"inLanguage":"es","potentialAction":[{"@type":"ReadAction","target":["https:\/\/volcanes.net\/?p=2518"]}]},{"@type":"ImageObject","inLanguage":"es","@id":"https:\/\/volcanes.net\/?p=2518#primaryimage","url":"https:\/\/volcanes.net\/wp-content\/uploads\/2018\/09\/CASETA-MSH-.jpg","contentUrl":"https:\/\/volcanes.net\/wp-content\/uploads\/2018\/09\/CASETA-MSH-.jpg","width":400,"height":220},{"@type":"BreadcrumbList","@id":"https:\/\/volcanes.net\/?p=2518#breadcrumb","itemListElement":[{"@type":"ListItem","position":1,"name":"Portada","item":"https:\/\/volcanes.net\/"},{"@type":"ListItem","position":2,"name":"Anuncia Maricela Serrano manifestaci\u00f3n para retirar caseta de cobro"}]},{"@type":"WebSite","@id":"https:\/\/volcanes.net\/#website","url":"https:\/\/volcanes.net\/","name":"Volcanes.Net","description":"Periodismo Profesional","publisher":{"@id":"https:\/\/volcanes.net\/#organization"},"potentialAction":[{"@type":"SearchAction","target":{"@type":"EntryPoint","urlTemplate":"https:\/\/volcanes.net\/?s={search_term_string}"},"query-input":{"@type":"PropertyValueSpecification","valueRequired":true,"valueName":"search_term_string"}}],"inLanguage":"es"},{"@type":"Organization","@id":"https:\/\/volcanes.net\/#organization","name":"Grupo Volcanes","url":"https:\/\/volcanes.net\/","logo":{"@type":"ImageObject","inLanguage":"es","@id":"https:\/\/volcanes.net\/#\/schema\/logo\/image\/","url":"http:\/\/volcanes.net\/wp-content\/uploads\/2017\/12\/Avatar2.jpg","contentUrl":"http:\/\/volcanes.net\/wp-content\/uploads\/2017\/12\/Avatar2.jpg","width":378,"height":378,"caption":"Grupo Volcanes"},"image":{"@id":"https:\/\/volcanes.net\/#\/schema\/logo\/image\/"},"sameAs":["https:\/\/www.facebook.com\/volcanes.net\/"]},{"@type":"Person","@id":"https:\/\/volcanes.net\/#\/schema\/person\/4bf0f383940966a4abd53f5048c0e6b9","name":"admin","image":{"@type":"ImageObject","inLanguage":"es","@id":"https:\/\/volcanes.net\/#\/schema\/person\/image\/","url":"https:\/\/secure.gravatar.com\/avatar\/ca004e6cba8462b8cb7abc86e382930c?s=96&d=mm&r=g","contentUrl":"https:\/\/secure.gravatar.com\/avatar\/ca004e6cba8462b8cb7abc86e382930c?s=96&d=mm&r=g","caption":"admin"}}]}},"_links":{"self":[{"href":"https:\/\/volcanes.net\/index.php?rest_route=\/wp\/v2\/posts\/2518"}],"collection":[{"href":"https:\/\/volcanes.net\/index.php?rest_route=\/wp\/v2\/posts"}],"about":[{"href":"https:\/\/volcanes.net\/index.php?rest_route=\/wp\/v2\/types\/post"}],"author":[{"embeddable":true,"href":"https:\/\/volcanes.net\/index.php?rest_route=\/wp\/v2\/users\/1"}],"replies":[{"embeddable":true,"href":"https:\/\/volcanes.net\/index.php?rest_route=%2Fwp%2Fv2%2Fcomments&post=2518"}],"version-history":[{"count":1,"href":"https:\/\/volcanes.net\/index.php?rest_route=\/wp\/v2\/posts\/2518\/revisions"}],"predecessor-version":[{"id":2520,"href":"https:\/\/volcanes.net\/index.php?rest_route=\/wp\/v2\/posts\/2518\/revisions\/2520"}],"wp:featuredmedia":[{"embeddable":true,"href":"https:\/\/volcanes.net\/index.php?rest_route=\/wp\/v2\/media\/2519"}],"wp:attachment":[{"href":"https:\/\/volcanes.net\/index.php?rest_route=%2Fwp%2Fv2%2Fmedia&parent=2518"}],"wp:term":[{"taxonomy":"category","embeddable":true,"href":"https:\/\/volcanes.net\/index.php?rest_route=%2Fwp%2Fv2%2Fcategories&post=2518"},{"taxonomy":"post_tag","embeddable":true,"href":"https:\/\/volcanes.net\/index.php?rest_route=%2Fwp%2Fv2%2Ftags&post=2518"}],"curies":[{"name":"wp","href":"https:\/\/api.w.org\/{rel}","templated":true}]}}