{"id":2524,"date":"2018-09-13T01:38:58","date_gmt":"2018-09-13T01:38:58","guid":{"rendered":"http:\/\/volcanes.net\/?p=2524"},"modified":"2018-09-13T01:38:58","modified_gmt":"2018-09-13T01:38:58","slug":"universidades-estatales-precisan-de-un-mejor-trato-presupuestal-alfredo-barrera","status":"publish","type":"post","link":"https:\/\/volcanes.net\/?p=2524","title":{"rendered":"Universidades estatales precisan de un mejor  trato presupuestal: Alfredo Barrera"},"content":{"rendered":"<div style=\"margin-top: 0px; margin-bottom: 0px;\" class=\"sharethis-inline-share-buttons\" ><\/div><p style=\"font-weight: 400\">\n<ul>\n<li style=\"font-weight: 400\"><em>Durante el Foro de Consulta Estatal Participativa Estado de M\u00e9xico por un Acuerdo Nacional sobre la Educaci\u00f3n, que tuvo como sede la UAEM, el rector asever\u00f3 que \u201cla ciencia en las universidades p\u00fablicas debe prosperar bajo un modelo nacional desconcentrado y equitativo en la distribuci\u00f3n de los recursos financieros\u201d.<\/em><\/li>\n<li style=\"font-weight: 400\"><em>El pr\u00f3ximo secretario de Educaci\u00f3n P\u00fablica, Esteban Moctezuma Barrag\u00e1n, subray\u00f3 la importancia de revalorizar a los docentes como agente de cambio que, en una escuela abierta a la sociedad, a la comunidad y al aprendizaje, sean apreciados como actores esforzados y participativos.<\/em><\/li>\n<\/ul>\n<p style=\"font-weight: 400\"><em>\u00a0<\/em><\/p>\n<p style=\"font-weight: 400\"><strong>Toluca<\/strong><strong>, M\u00e9x. \u2013 12 de septiembre de 2018.<\/strong>\u00a0Por sus aportaciones al desarrollo sostenible nacional, las universidades estatales precisan de un mejor trato presupuestal, sostuvo el rector de la Universidad Aut\u00f3noma del Estado de M\u00e9xico, Alfredo Barrera Baca, durante el Foro de Consulta Estatal Participativa Estado de M\u00e9xico por un Acuerdo Nacional sobre la Educaci\u00f3n, que tuvo como sede esta casa de estudios y presidi\u00f3 el pr\u00f3ximo secretario de Educaci\u00f3n P\u00fablica, Esteban Moctezuma Barrag\u00e1n.<\/p>\n<p style=\"font-weight: 400\">\u00a0\u00a0\u00a0\u00a0\u00a0\u00a0\u00a0\u00a0\u00a0\u00a0\u00a0 En la Unidad Deportiva \u201cLic. Adolfo L\u00f3pez Mateos\u201d, donde se llev\u00f3 a cabo este ejercicio, organizado por la UAEM, el Gobierno del Estado de M\u00e9xico y en conjunto con el equipo de transici\u00f3n en materia educativa del presidente electo, Andr\u00e9s Manuel L\u00f3pez Obrador, Barrera Baca asever\u00f3 que \u201cla ciencia en las universidades p\u00fablicas debe prosperar bajo un modelo nacional desconcentrado y equitativo en la distribuci\u00f3n de los recursos financieros\u201d.<\/p>\n<p style=\"font-weight: 400\">Ante el secretario de Educaci\u00f3n mexiquense, Alejandro Fern\u00e1ndez Campillo, y la delegada federal de Programas de Desarrollo de la entidad, Delfina G\u00f3mez \u00c1lvarez, manifest\u00f3 que en la UAEM se halla el potencial cient\u00edfico para consumar la autosuficiencia econ\u00f3mica y concebir el conocimiento necesario para abatir toda forma de inequidad social.<\/p>\n<p style=\"font-weight: 400\">\u00a0\u00a0\u00a0\u00a0\u00a0\u00a0\u00a0\u00a0\u00a0\u00a0\u00a0 Alfredo Barrera Baca destac\u00f3 que el acuerdo nacional de educaci\u00f3n es la oportunidad de encauzar los problemas presupuestales que confinan las posibilidades de mayor cobertura y calidad en todos los niveles educativos.<\/p>\n<p style=\"font-weight: 400\">Luego de reconocer la anfitrion\u00eda de la Aut\u00f3noma mexiquense para el desarrollo de este evento, que congreg\u00f3 a seis mil 350 participantes, Esteban Moctezuma Barrag\u00e1n subray\u00f3 la importancia de revalorizar a los docentes como agentes de cambio que, en una escuela abierta a la sociedad, a la comunidad y al aprendizaje, sean apreciados como actores esforzados y participativos.<\/p>\n<p style=\"font-weight: 400\">Ante el secretario general ejecutivo de la Asociaci\u00f3n Nacional de Universidades e Instituciones de Educaci\u00f3n Superior (ANUIES), Jaime Valls Esponda, Moctezuma Barrag\u00e1n indic\u00f3 que el Foro de Consulta Estatal Participativa Estado de M\u00e9xico por un Acuerdo Nacional sobre la Educaci\u00f3n inaugura una era en la educaci\u00f3n mexicana tendiente al fortalecimiento del aprendizaje de ni\u00f1os y j\u00f3venes.<\/p>\n<p style=\"font-weight: 400\">Al reconocer las aportaciones de las m\u00e1s de mil 700 ponencias registradas, detall\u00f3 que la principal motivaci\u00f3n de este este ejercicio participativo es el poder de escuchar y entablar un di\u00e1logo para construir un futuro donde todos los mexicanos participen convencidos del valor que representa cada regi\u00f3n y contexto del pa\u00eds.<\/p>\n<p style=\"font-weight: 400\">Durante este proceso, que tiene por objeto consolidar una agenda nacional consultada con el pa\u00eds, se estableci\u00f3, mediante sorteo, el orden de participaci\u00f3n de los ponentes, que abordaron temas en los rubros de educaci\u00f3n b\u00e1sica, media superior y superior, as\u00ed como temas afines.<\/p>\n<p style=\"font-weight: 400\">Destaca la participaci\u00f3n de docentes de la UAEM, del magisterio mexiquense y representantes de los subsistemas educativos estatales, quienes coincidieron en la necesidad de mejorar la calidad educativa, ampliar la infraestructura f\u00edsica y tecnol\u00f3gica, incrementar el presupuesto federal y estatal, mejorar las condiciones salariales de los docentes, profesionalizarlos y apoyar la labor de los investigadores.<\/p>\n<p style=\"font-weight: 400\">Este foro es uno de los 32 que se llevan a cabo en las universidades p\u00fablicas estatales como parte de la Consulta para un Acuerdo Nacional sobre la Educaci\u00f3n, que inici\u00f3 el pasado 27 de agosto y concluir\u00e1 el 29 de octubre y que hasta la fecha ha tenido como sedes las universidades estatales de Chiapas, Durango, Puebla, Nuevo Le\u00f3n, Veracruz y Estado de M\u00e9xico.<\/p>\n","protected":false},"excerpt":{"rendered":"<p>Durante el Foro de Consulta Estatal Participativa Estado de M\u00e9xico por un Acuerdo Nacional sobre<\/p>\n","protected":false},"author":1,"featured_media":2525,"comment_status":"open","ping_status":"open","sticky":false,"template":"","format":"standard","meta":{"footnotes":""},"categories":[3],"tags":[7,89,9,73,77,63,91,6,85,90,75,21,76,71,22,92,41,43,25,24],"class_list":["post-2524","post","type-post","status-publish","format-standard","has-post-thumbnail","hentry","category-estatales","tag-amecameca","tag-atizapan","tag-chalco","tag-chimalhuacan","tag-coacalco","tag-ecatepec","tag-huixquilucan","tag-ixtapaluca","tag-izcalli","tag-la-paz","tag-naucalpan","tag-nezahualcoyotl","tag-nicolas-romero","tag-tecamac","tag-texcoco","tag-tlalnepantla","tag-toluca","tag-tultitlan","tag-uaem","tag-uaemex"],"yoast_head":"<!-- This site is optimized with the Yoast SEO plugin v25.3 - https:\/\/yoast.com\/wordpress\/plugins\/seo\/ -->\n<title>Universidades estatales precisan de un mejor trato presupuestal: Alfredo Barrera - Volcanes<\/title>\n<meta name=\"robots\" content=\"index, follow, max-snippet:-1, max-image-preview:large, max-video-preview:-1\" \/>\n<link rel=\"canonical\" href=\"https:\/\/volcanes.net\/?p=2524\" \/>\n<meta property=\"og:locale\" content=\"es_MX\" \/>\n<meta property=\"og:type\" content=\"article\" \/>\n<meta property=\"og:title\" content=\"Universidades estatales precisan de un mejor trato presupuestal: Alfredo Barrera - Volcanes\" \/>\n<meta property=\"og:description\" content=\"Durante el Foro de Consulta Estatal Participativa Estado de M\u00e9xico por un Acuerdo Nacional sobre\" \/>\n<meta property=\"og:url\" content=\"https:\/\/volcanes.net\/?p=2524\" \/>\n<meta property=\"og:site_name\" content=\"Volcanes\" \/>\n<meta property=\"article:publisher\" content=\"https:\/\/www.facebook.com\/volcanes.net\/\" \/>\n<meta property=\"article:published_time\" content=\"2018-09-13T01:38:58+00:00\" \/>\n<meta property=\"og:image\" content=\"https:\/\/volcanes.net\/wp-content\/uploads\/2018\/09\/Comun-764-12.jpg\" \/>\n\t<meta property=\"og:image:width\" content=\"400\" \/>\n\t<meta property=\"og:image:height\" content=\"266\" \/>\n\t<meta property=\"og:image:type\" content=\"image\/jpeg\" \/>\n<meta name=\"author\" content=\"admin\" \/>\n<meta name=\"twitter:card\" content=\"summary_large_image\" \/>\n<meta name=\"twitter:label1\" content=\"Escrito por\" \/>\n\t<meta name=\"twitter:data1\" content=\"admin\" \/>\n\t<meta name=\"twitter:label2\" content=\"Tiempo de lectura\" \/>\n\t<meta name=\"twitter:data2\" content=\"3 minutos\" \/>\n<script type=\"application\/ld+json\" class=\"yoast-schema-graph\">{\"@context\":\"https:\/\/schema.org\",\"@graph\":[{\"@type\":\"Article\",\"@id\":\"https:\/\/volcanes.net\/?p=2524#article\",\"isPartOf\":{\"@id\":\"https:\/\/volcanes.net\/?p=2524\"},\"author\":{\"name\":\"admin\",\"@id\":\"https:\/\/volcanes.net\/#\/schema\/person\/4bf0f383940966a4abd53f5048c0e6b9\"},\"headline\":\"Universidades estatales precisan de un mejor trato presupuestal: Alfredo Barrera\",\"datePublished\":\"2018-09-13T01:38:58+00:00\",\"mainEntityOfPage\":{\"@id\":\"https:\/\/volcanes.net\/?p=2524\"},\"wordCount\":703,\"commentCount\":0,\"publisher\":{\"@id\":\"https:\/\/volcanes.net\/#organization\"},\"image\":{\"@id\":\"https:\/\/volcanes.net\/?p=2524#primaryimage\"},\"thumbnailUrl\":\"https:\/\/volcanes.net\/wp-content\/uploads\/2018\/09\/Comun-764-12.jpg\",\"keywords\":[\"Amecameca\",\"Atizap\u00e1n\",\"Chalco\",\"Chimalhuac\u00e1n\",\"Coacalco\",\"Ecatepec\",\"Huixquilucan\",\"Ixtapaluca\",\"Izcalli\",\"La Paz\",\"Naucalpan\",\"Nezahualc\u00f3yotl\",\"Nicol\u00e1s Romero\",\"Tec\u00e1mac\",\"Texcoco\",\"Tlalnepantla\",\"Toluca\",\"Tultitl\u00e1n\",\"UAEM\",\"UAEMEX\"],\"articleSection\":[\"Estatales\"],\"inLanguage\":\"es\",\"potentialAction\":[{\"@type\":\"CommentAction\",\"name\":\"Comment\",\"target\":[\"https:\/\/volcanes.net\/?p=2524#respond\"]}]},{\"@type\":\"WebPage\",\"@id\":\"https:\/\/volcanes.net\/?p=2524\",\"url\":\"https:\/\/volcanes.net\/?p=2524\",\"name\":\"Universidades estatales precisan de un mejor trato presupuestal: Alfredo Barrera - Volcanes\",\"isPartOf\":{\"@id\":\"https:\/\/volcanes.net\/#website\"},\"primaryImageOfPage\":{\"@id\":\"https:\/\/volcanes.net\/?p=2524#primaryimage\"},\"image\":{\"@id\":\"https:\/\/volcanes.net\/?p=2524#primaryimage\"},\"thumbnailUrl\":\"https:\/\/volcanes.net\/wp-content\/uploads\/2018\/09\/Comun-764-12.jpg\",\"datePublished\":\"2018-09-13T01:38:58+00:00\",\"breadcrumb\":{\"@id\":\"https:\/\/volcanes.net\/?p=2524#breadcrumb\"},\"inLanguage\":\"es\",\"potentialAction\":[{\"@type\":\"ReadAction\",\"target\":[\"https:\/\/volcanes.net\/?p=2524\"]}]},{\"@type\":\"ImageObject\",\"inLanguage\":\"es\",\"@id\":\"https:\/\/volcanes.net\/?p=2524#primaryimage\",\"url\":\"https:\/\/volcanes.net\/wp-content\/uploads\/2018\/09\/Comun-764-12.jpg\",\"contentUrl\":\"https:\/\/volcanes.net\/wp-content\/uploads\/2018\/09\/Comun-764-12.jpg\",\"width\":400,\"height\":266},{\"@type\":\"BreadcrumbList\",\"@id\":\"https:\/\/volcanes.net\/?p=2524#breadcrumb\",\"itemListElement\":[{\"@type\":\"ListItem\",\"position\":1,\"name\":\"Portada\",\"item\":\"https:\/\/volcanes.net\/\"},{\"@type\":\"ListItem\",\"position\":2,\"name\":\"Universidades estatales precisan de un mejor trato presupuestal: Alfredo Barrera\"}]},{\"@type\":\"WebSite\",\"@id\":\"https:\/\/volcanes.net\/#website\",\"url\":\"https:\/\/volcanes.net\/\",\"name\":\"Volcanes.Net\",\"description\":\"Periodismo Profesional\",\"publisher\":{\"@id\":\"https:\/\/volcanes.net\/#organization\"},\"potentialAction\":[{\"@type\":\"SearchAction\",\"target\":{\"@type\":\"EntryPoint\",\"urlTemplate\":\"https:\/\/volcanes.net\/?s={search_term_string}\"},\"query-input\":{\"@type\":\"PropertyValueSpecification\",\"valueRequired\":true,\"valueName\":\"search_term_string\"}}],\"inLanguage\":\"es\"},{\"@type\":\"Organization\",\"@id\":\"https:\/\/volcanes.net\/#organization\",\"name\":\"Grupo Volcanes\",\"url\":\"https:\/\/volcanes.net\/\",\"logo\":{\"@type\":\"ImageObject\",\"inLanguage\":\"es\",\"@id\":\"https:\/\/volcanes.net\/#\/schema\/logo\/image\/\",\"url\":\"http:\/\/volcanes.net\/wp-content\/uploads\/2017\/12\/Avatar2.jpg\",\"contentUrl\":\"http:\/\/volcanes.net\/wp-content\/uploads\/2017\/12\/Avatar2.jpg\",\"width\":378,\"height\":378,\"caption\":\"Grupo Volcanes\"},\"image\":{\"@id\":\"https:\/\/volcanes.net\/#\/schema\/logo\/image\/\"},\"sameAs\":[\"https:\/\/www.facebook.com\/volcanes.net\/\"]},{\"@type\":\"Person\",\"@id\":\"https:\/\/volcanes.net\/#\/schema\/person\/4bf0f383940966a4abd53f5048c0e6b9\",\"name\":\"admin\",\"image\":{\"@type\":\"ImageObject\",\"inLanguage\":\"es\",\"@id\":\"https:\/\/volcanes.net\/#\/schema\/person\/image\/\",\"url\":\"https:\/\/secure.gravatar.com\/avatar\/ca004e6cba8462b8cb7abc86e382930c?s=96&d=mm&r=g\",\"contentUrl\":\"https:\/\/secure.gravatar.com\/avatar\/ca004e6cba8462b8cb7abc86e382930c?s=96&d=mm&r=g\",\"caption\":\"admin\"}}]}<\/script>\n<!-- \/ Yoast SEO plugin. -->","yoast_head_json":{"title":"Universidades estatales precisan de un mejor trato presupuestal: Alfredo Barrera - Volcanes","robots":{"index":"index","follow":"follow","max-snippet":"max-snippet:-1","max-image-preview":"max-image-preview:large","max-video-preview":"max-video-preview:-1"},"canonical":"https:\/\/volcanes.net\/?p=2524","og_locale":"es_MX","og_type":"article","og_title":"Universidades estatales precisan de un mejor trato presupuestal: Alfredo Barrera - Volcanes","og_description":"Durante el Foro de Consulta Estatal Participativa Estado de M\u00e9xico por un Acuerdo Nacional sobre","og_url":"https:\/\/volcanes.net\/?p=2524","og_site_name":"Volcanes","article_publisher":"https:\/\/www.facebook.com\/volcanes.net\/","article_published_time":"2018-09-13T01:38:58+00:00","og_image":[{"width":400,"height":266,"url":"https:\/\/volcanes.net\/wp-content\/uploads\/2018\/09\/Comun-764-12.jpg","type":"image\/jpeg"}],"author":"admin","twitter_card":"summary_large_image","twitter_misc":{"Escrito por":"admin","Tiempo de lectura":"3 minutos"},"schema":{"@context":"https:\/\/schema.org","@graph":[{"@type":"Article","@id":"https:\/\/volcanes.net\/?p=2524#article","isPartOf":{"@id":"https:\/\/volcanes.net\/?p=2524"},"author":{"name":"admin","@id":"https:\/\/volcanes.net\/#\/schema\/person\/4bf0f383940966a4abd53f5048c0e6b9"},"headline":"Universidades estatales precisan de un mejor trato presupuestal: Alfredo Barrera","datePublished":"2018-09-13T01:38:58+00:00","mainEntityOfPage":{"@id":"https:\/\/volcanes.net\/?p=2524"},"wordCount":703,"commentCount":0,"publisher":{"@id":"https:\/\/volcanes.net\/#organization"},"image":{"@id":"https:\/\/volcanes.net\/?p=2524#primaryimage"},"thumbnailUrl":"https:\/\/volcanes.net\/wp-content\/uploads\/2018\/09\/Comun-764-12.jpg","keywords":["Amecameca","Atizap\u00e1n","Chalco","Chimalhuac\u00e1n","Coacalco","Ecatepec","Huixquilucan","Ixtapaluca","Izcalli","La Paz","Naucalpan","Nezahualc\u00f3yotl","Nicol\u00e1s Romero","Tec\u00e1mac","Texcoco","Tlalnepantla","Toluca","Tultitl\u00e1n","UAEM","UAEMEX"],"articleSection":["Estatales"],"inLanguage":"es","potentialAction":[{"@type":"CommentAction","name":"Comment","target":["https:\/\/volcanes.net\/?p=2524#respond"]}]},{"@type":"WebPage","@id":"https:\/\/volcanes.net\/?p=2524","url":"https:\/\/volcanes.net\/?p=2524","name":"Universidades estatales precisan de un mejor trato presupuestal: Alfredo Barrera - Volcanes","isPartOf":{"@id":"https:\/\/volcanes.net\/#website"},"primaryImageOfPage":{"@id":"https:\/\/volcanes.net\/?p=2524#primaryimage"},"image":{"@id":"https:\/\/volcanes.net\/?p=2524#primaryimage"},"thumbnailUrl":"https:\/\/volcanes.net\/wp-content\/uploads\/2018\/09\/Comun-764-12.jpg","datePublished":"2018-09-13T01:38:58+00:00","breadcrumb":{"@id":"https:\/\/volcanes.net\/?p=2524#breadcrumb"},"inLanguage":"es","potentialAction":[{"@type":"ReadAction","target":["https:\/\/volcanes.net\/?p=2524"]}]},{"@type":"ImageObject","inLanguage":"es","@id":"https:\/\/volcanes.net\/?p=2524#primaryimage","url":"https:\/\/volcanes.net\/wp-content\/uploads\/2018\/09\/Comun-764-12.jpg","contentUrl":"https:\/\/volcanes.net\/wp-content\/uploads\/2018\/09\/Comun-764-12.jpg","width":400,"height":266},{"@type":"BreadcrumbList","@id":"https:\/\/volcanes.net\/?p=2524#breadcrumb","itemListElement":[{"@type":"ListItem","position":1,"name":"Portada","item":"https:\/\/volcanes.net\/"},{"@type":"ListItem","position":2,"name":"Universidades estatales precisan de un mejor trato presupuestal: Alfredo Barrera"}]},{"@type":"WebSite","@id":"https:\/\/volcanes.net\/#website","url":"https:\/\/volcanes.net\/","name":"Volcanes.Net","description":"Periodismo Profesional","publisher":{"@id":"https:\/\/volcanes.net\/#organization"},"potentialAction":[{"@type":"SearchAction","target":{"@type":"EntryPoint","urlTemplate":"https:\/\/volcanes.net\/?s={search_term_string}"},"query-input":{"@type":"PropertyValueSpecification","valueRequired":true,"valueName":"search_term_string"}}],"inLanguage":"es"},{"@type":"Organization","@id":"https:\/\/volcanes.net\/#organization","name":"Grupo Volcanes","url":"https:\/\/volcanes.net\/","logo":{"@type":"ImageObject","inLanguage":"es","@id":"https:\/\/volcanes.net\/#\/schema\/logo\/image\/","url":"http:\/\/volcanes.net\/wp-content\/uploads\/2017\/12\/Avatar2.jpg","contentUrl":"http:\/\/volcanes.net\/wp-content\/uploads\/2017\/12\/Avatar2.jpg","width":378,"height":378,"caption":"Grupo Volcanes"},"image":{"@id":"https:\/\/volcanes.net\/#\/schema\/logo\/image\/"},"sameAs":["https:\/\/www.facebook.com\/volcanes.net\/"]},{"@type":"Person","@id":"https:\/\/volcanes.net\/#\/schema\/person\/4bf0f383940966a4abd53f5048c0e6b9","name":"admin","image":{"@type":"ImageObject","inLanguage":"es","@id":"https:\/\/volcanes.net\/#\/schema\/person\/image\/","url":"https:\/\/secure.gravatar.com\/avatar\/ca004e6cba8462b8cb7abc86e382930c?s=96&d=mm&r=g","contentUrl":"https:\/\/secure.gravatar.com\/avatar\/ca004e6cba8462b8cb7abc86e382930c?s=96&d=mm&r=g","caption":"admin"}}]}},"_links":{"self":[{"href":"https:\/\/volcanes.net\/index.php?rest_route=\/wp\/v2\/posts\/2524"}],"collection":[{"href":"https:\/\/volcanes.net\/index.php?rest_route=\/wp\/v2\/posts"}],"about":[{"href":"https:\/\/volcanes.net\/index.php?rest_route=\/wp\/v2\/types\/post"}],"author":[{"embeddable":true,"href":"https:\/\/volcanes.net\/index.php?rest_route=\/wp\/v2\/users\/1"}],"replies":[{"embeddable":true,"href":"https:\/\/volcanes.net\/index.php?rest_route=%2Fwp%2Fv2%2Fcomments&post=2524"}],"version-history":[{"count":1,"href":"https:\/\/volcanes.net\/index.php?rest_route=\/wp\/v2\/posts\/2524\/revisions"}],"predecessor-version":[{"id":2526,"href":"https:\/\/volcanes.net\/index.php?rest_route=\/wp\/v2\/posts\/2524\/revisions\/2526"}],"wp:featuredmedia":[{"embeddable":true,"href":"https:\/\/volcanes.net\/index.php?rest_route=\/wp\/v2\/media\/2525"}],"wp:attachment":[{"href":"https:\/\/volcanes.net\/index.php?rest_route=%2Fwp%2Fv2%2Fmedia&parent=2524"}],"wp:term":[{"taxonomy":"category","embeddable":true,"href":"https:\/\/volcanes.net\/index.php?rest_route=%2Fwp%2Fv2%2Fcategories&post=2524"},{"taxonomy":"post_tag","embeddable":true,"href":"https:\/\/volcanes.net\/index.php?rest_route=%2Fwp%2Fv2%2Ftags&post=2524"}],"curies":[{"name":"wp","href":"https:\/\/api.w.org\/{rel}","templated":true}]}}