{"id":2532,"date":"2018-09-13T02:12:35","date_gmt":"2018-09-13T02:12:35","guid":{"rendered":"http:\/\/volcanes.net\/?p=2532"},"modified":"2018-09-13T02:12:35","modified_gmt":"2018-09-13T02:12:35","slug":"pierden-registro-encuentro-social-y-nueva-alianza-confirma-el-ine","status":"publish","type":"post","link":"https:\/\/volcanes.net\/?p=2532","title":{"rendered":"Pierden registro Encuentro Social y Nueva Alianza, confirma el INE"},"content":{"rendered":"<div style=\"margin-top: 0px; margin-bottom: 0px;\" class=\"sharethis-inline-share-buttons\" ><\/div><p class=\"paragraph\">El Consejo General del\u00a0Instituto Nacional Electoral\u00a0(INE) aprob\u00f3 los dict\u00e1menes de la p\u00e9rdida del registro de\u00a0Encuentro Social\u00a0y\u00a0Nueva Alianza\u00a0como partidos pol\u00edticos nacionales, al no haber alcanzado el 3 por ciento de la votaci\u00f3n en los pasados comicios federales.<\/p>\n<p class=\"paragraph\">Por unanimidad, los consejeros electorales avalaron los acuerdos establecidos previamente por la Junta Genera Ejecutiva, los cuales, advirtieron, impugnar\u00e1n ante el\u00a0Tribunal Electoral del Poder Judicial de la Federaci\u00f3n\u00a0(TEPJF).<\/p>\n<p class=\"paragraph\">Durante la sesi\u00f3n del Consejo General, el consejero presidente\u00a0Lorenzo C\u00f3rdovapuntualiz\u00f3 que fue la evaluaci\u00f3n de los ciudadanos, expresada a trav\u00e9s de los votos, la que decidi\u00f3 los partidos que conservan su registro y los que lo perdieron.<\/p>\n<p class=\"paragraph\">Indic\u00f3 que, por ejemplo, de los tres partidos que apenas obtuvieron su registro en 2014 \u2013Humanista, Encuentro Social y\u00a0Morena\u2013, los ciudadanos determinaron que uno de ellos tenga la fuerza mayoritaria en el Congreso.<\/p>\n<p class=\"paragraph\">El dirigente de Encuentro Social,\u00a0Hugo Eric Flores, asegur\u00f3 que su partido es una\u00a0v\u00edctima de la injusticia cometida por la autoridad electoral\u00a0administrativa, ya que\u00a0no se contaron adecuadamente sus votos, por lo que dijo que no se puede afirmar que las pasadas elecciones fueron perfectas.<\/p>\n<p class=\"paragraph\">\u201cEstamos siendo v\u00edctimas de una injusticia porque nuestros votos no fueron correctamente contados\u201d, reclam\u00f3, pues dijo que no fueron distribuidos correctamente entre los partidos que conformaron la coalici\u00f3n\u00a0Juntos Haremos Historia.<\/p>\n<p class=\"paragraph\">En ese sentido, anunci\u00f3 que sus bancadas en el Congreso presentar\u00e1n una iniciativa para que se establezca en la Constituci\u00f3n el\u00a0concepto de votaci\u00f3n v\u00e1lida emitida, para que no haya confusiones, as\u00ed como una iniciativa para impulsar\u00a0el voto electr\u00f3nico, que garantizar\u00eda los c\u00f3mputos.<\/p>\n<p class=\"paragraph\">Por otra parte, el dirigente nacional de Nueva Alianza,\u00a0Luis Castro Obreg\u00f3n, se\u00f1al\u00f3 que\u00a0con m\u00e1s de 700 mil miembros, con presencia en 2 mil cargos de elecci\u00f3n y registro en 18 entidades,\u00a0su partido har\u00e1 valer su derecho de asociaci\u00f3n ante el TEPJF\u00a0y tambi\u00e9n\u00a0se preparar\u00e1 para obtener un nuevo registro.<\/p>\n<p class=\"paragraph\">\u201cNueva Alianza vive, somos audaces e ind\u00f3mitos para defender nuestras causas. Regresaremos para estar en la boleta en la elecci\u00f3n federal intermedia y seguir siendo la fuerza liberal que el M\u00e9xico del siglo XXI requiere\u201d, manifest\u00f3.<\/p>\n<p class=\"paragraph\">El representante de Morena ante el INE,\u00a0Horacio Duarte, afirm\u00f3 que a pesar de la p\u00e9rdida del registro, Encuentro Social forma parte de la coalici\u00f3n que gobernar\u00e1 el pa\u00eds a partir del 1 diciembre, as\u00ed como en el Poder Legislativo.<\/p>\n<p class=\"paragraph\">Indic\u00f3 que a partir de este caso, su partido promover\u00e1 en el Congreso la revisi\u00f3n del porcentaje para que los partidos conserven su registro, tema que se sumar\u00e1 a otros rubros en materia pol\u00edtico-electoral, como la reducci\u00f3n del financiamiento p\u00fablico para los partidos, la integraci\u00f3n de las autoridades electorales, la austeridad y los delitos electorales.<\/p>\n<p>Fuente: El Financiero<\/p>\n","protected":false},"excerpt":{"rendered":"<p>El Consejo General del\u00a0Instituto Nacional Electoral\u00a0(INE) aprob\u00f3 los dict\u00e1menes de la p\u00e9rdida del registro de\u00a0Encuentro<\/p>\n","protected":false},"author":1,"featured_media":2533,"comment_status":"open","ping_status":"open","sticky":false,"template":"","format":"standard","meta":{"footnotes":""},"categories":[1],"tags":[62],"class_list":["post-2532","post","type-post","status-publish","format-standard","has-post-thumbnail","hentry","category-municipales","tag-tepjf"],"yoast_head":"<!-- This site is optimized with the Yoast SEO plugin v25.3 - https:\/\/yoast.com\/wordpress\/plugins\/seo\/ -->\n<title>Pierden registro Encuentro Social y Nueva Alianza, confirma el INE - Volcanes<\/title>\n<meta name=\"robots\" content=\"index, follow, max-snippet:-1, max-image-preview:large, max-video-preview:-1\" \/>\n<link rel=\"canonical\" href=\"https:\/\/volcanes.net\/?p=2532\" \/>\n<meta property=\"og:locale\" content=\"es_MX\" \/>\n<meta property=\"og:type\" content=\"article\" \/>\n<meta property=\"og:title\" content=\"Pierden registro Encuentro Social y Nueva Alianza, confirma el INE - Volcanes\" \/>\n<meta property=\"og:description\" content=\"El Consejo General del\u00a0Instituto Nacional Electoral\u00a0(INE) aprob\u00f3 los dict\u00e1menes de la p\u00e9rdida del registro de\u00a0Encuentro\" \/>\n<meta property=\"og:url\" content=\"https:\/\/volcanes.net\/?p=2532\" \/>\n<meta property=\"og:site_name\" content=\"Volcanes\" \/>\n<meta property=\"article:publisher\" content=\"https:\/\/www.facebook.com\/volcanes.net\/\" \/>\n<meta property=\"article:published_time\" content=\"2018-09-13T02:12:35+00:00\" \/>\n<meta property=\"og:image\" content=\"https:\/\/volcanes.net\/wp-content\/uploads\/2018\/09\/na-es.jpeg\" \/>\n\t<meta property=\"og:image:width\" content=\"550\" \/>\n\t<meta property=\"og:image:height\" content=\"368\" \/>\n\t<meta property=\"og:image:type\" content=\"image\/jpeg\" \/>\n<meta name=\"author\" content=\"admin\" \/>\n<meta name=\"twitter:card\" content=\"summary_large_image\" \/>\n<meta name=\"twitter:label1\" content=\"Escrito por\" \/>\n\t<meta name=\"twitter:data1\" content=\"admin\" \/>\n\t<meta name=\"twitter:label2\" content=\"Tiempo de lectura\" \/>\n\t<meta name=\"twitter:data2\" content=\"2 minutos\" \/>\n<script type=\"application\/ld+json\" class=\"yoast-schema-graph\">{\"@context\":\"https:\/\/schema.org\",\"@graph\":[{\"@type\":\"Article\",\"@id\":\"https:\/\/volcanes.net\/?p=2532#article\",\"isPartOf\":{\"@id\":\"https:\/\/volcanes.net\/?p=2532\"},\"author\":{\"name\":\"admin\",\"@id\":\"https:\/\/volcanes.net\/#\/schema\/person\/4bf0f383940966a4abd53f5048c0e6b9\"},\"headline\":\"Pierden registro Encuentro Social y Nueva Alianza, confirma el INE\",\"datePublished\":\"2018-09-13T02:12:35+00:00\",\"mainEntityOfPage\":{\"@id\":\"https:\/\/volcanes.net\/?p=2532\"},\"wordCount\":494,\"commentCount\":0,\"publisher\":{\"@id\":\"https:\/\/volcanes.net\/#organization\"},\"image\":{\"@id\":\"https:\/\/volcanes.net\/?p=2532#primaryimage\"},\"thumbnailUrl\":\"https:\/\/volcanes.net\/wp-content\/uploads\/2018\/09\/na-es.jpeg\",\"keywords\":[\"TEPJF\"],\"articleSection\":[\"Municipales\"],\"inLanguage\":\"es\",\"potentialAction\":[{\"@type\":\"CommentAction\",\"name\":\"Comment\",\"target\":[\"https:\/\/volcanes.net\/?p=2532#respond\"]}]},{\"@type\":\"WebPage\",\"@id\":\"https:\/\/volcanes.net\/?p=2532\",\"url\":\"https:\/\/volcanes.net\/?p=2532\",\"name\":\"Pierden registro Encuentro Social y Nueva Alianza, confirma el INE - Volcanes\",\"isPartOf\":{\"@id\":\"https:\/\/volcanes.net\/#website\"},\"primaryImageOfPage\":{\"@id\":\"https:\/\/volcanes.net\/?p=2532#primaryimage\"},\"image\":{\"@id\":\"https:\/\/volcanes.net\/?p=2532#primaryimage\"},\"thumbnailUrl\":\"https:\/\/volcanes.net\/wp-content\/uploads\/2018\/09\/na-es.jpeg\",\"datePublished\":\"2018-09-13T02:12:35+00:00\",\"breadcrumb\":{\"@id\":\"https:\/\/volcanes.net\/?p=2532#breadcrumb\"},\"inLanguage\":\"es\",\"potentialAction\":[{\"@type\":\"ReadAction\",\"target\":[\"https:\/\/volcanes.net\/?p=2532\"]}]},{\"@type\":\"ImageObject\",\"inLanguage\":\"es\",\"@id\":\"https:\/\/volcanes.net\/?p=2532#primaryimage\",\"url\":\"https:\/\/volcanes.net\/wp-content\/uploads\/2018\/09\/na-es.jpeg\",\"contentUrl\":\"https:\/\/volcanes.net\/wp-content\/uploads\/2018\/09\/na-es.jpeg\",\"width\":550,\"height\":368},{\"@type\":\"BreadcrumbList\",\"@id\":\"https:\/\/volcanes.net\/?p=2532#breadcrumb\",\"itemListElement\":[{\"@type\":\"ListItem\",\"position\":1,\"name\":\"Portada\",\"item\":\"https:\/\/volcanes.net\/\"},{\"@type\":\"ListItem\",\"position\":2,\"name\":\"Pierden registro Encuentro Social y Nueva Alianza, confirma el INE\"}]},{\"@type\":\"WebSite\",\"@id\":\"https:\/\/volcanes.net\/#website\",\"url\":\"https:\/\/volcanes.net\/\",\"name\":\"Volcanes.Net\",\"description\":\"Periodismo Profesional\",\"publisher\":{\"@id\":\"https:\/\/volcanes.net\/#organization\"},\"potentialAction\":[{\"@type\":\"SearchAction\",\"target\":{\"@type\":\"EntryPoint\",\"urlTemplate\":\"https:\/\/volcanes.net\/?s={search_term_string}\"},\"query-input\":{\"@type\":\"PropertyValueSpecification\",\"valueRequired\":true,\"valueName\":\"search_term_string\"}}],\"inLanguage\":\"es\"},{\"@type\":\"Organization\",\"@id\":\"https:\/\/volcanes.net\/#organization\",\"name\":\"Grupo Volcanes\",\"url\":\"https:\/\/volcanes.net\/\",\"logo\":{\"@type\":\"ImageObject\",\"inLanguage\":\"es\",\"@id\":\"https:\/\/volcanes.net\/#\/schema\/logo\/image\/\",\"url\":\"http:\/\/volcanes.net\/wp-content\/uploads\/2017\/12\/Avatar2.jpg\",\"contentUrl\":\"http:\/\/volcanes.net\/wp-content\/uploads\/2017\/12\/Avatar2.jpg\",\"width\":378,\"height\":378,\"caption\":\"Grupo Volcanes\"},\"image\":{\"@id\":\"https:\/\/volcanes.net\/#\/schema\/logo\/image\/\"},\"sameAs\":[\"https:\/\/www.facebook.com\/volcanes.net\/\"]},{\"@type\":\"Person\",\"@id\":\"https:\/\/volcanes.net\/#\/schema\/person\/4bf0f383940966a4abd53f5048c0e6b9\",\"name\":\"admin\",\"image\":{\"@type\":\"ImageObject\",\"inLanguage\":\"es\",\"@id\":\"https:\/\/volcanes.net\/#\/schema\/person\/image\/\",\"url\":\"https:\/\/secure.gravatar.com\/avatar\/ca004e6cba8462b8cb7abc86e382930c?s=96&d=mm&r=g\",\"contentUrl\":\"https:\/\/secure.gravatar.com\/avatar\/ca004e6cba8462b8cb7abc86e382930c?s=96&d=mm&r=g\",\"caption\":\"admin\"}}]}<\/script>\n<!-- \/ Yoast SEO plugin. -->","yoast_head_json":{"title":"Pierden registro Encuentro Social y Nueva Alianza, confirma el INE - Volcanes","robots":{"index":"index","follow":"follow","max-snippet":"max-snippet:-1","max-image-preview":"max-image-preview:large","max-video-preview":"max-video-preview:-1"},"canonical":"https:\/\/volcanes.net\/?p=2532","og_locale":"es_MX","og_type":"article","og_title":"Pierden registro Encuentro Social y Nueva Alianza, confirma el INE - Volcanes","og_description":"El Consejo General del\u00a0Instituto Nacional Electoral\u00a0(INE) aprob\u00f3 los dict\u00e1menes de la p\u00e9rdida del registro de\u00a0Encuentro","og_url":"https:\/\/volcanes.net\/?p=2532","og_site_name":"Volcanes","article_publisher":"https:\/\/www.facebook.com\/volcanes.net\/","article_published_time":"2018-09-13T02:12:35+00:00","og_image":[{"width":550,"height":368,"url":"https:\/\/volcanes.net\/wp-content\/uploads\/2018\/09\/na-es.jpeg","type":"image\/jpeg"}],"author":"admin","twitter_card":"summary_large_image","twitter_misc":{"Escrito por":"admin","Tiempo de lectura":"2 minutos"},"schema":{"@context":"https:\/\/schema.org","@graph":[{"@type":"Article","@id":"https:\/\/volcanes.net\/?p=2532#article","isPartOf":{"@id":"https:\/\/volcanes.net\/?p=2532"},"author":{"name":"admin","@id":"https:\/\/volcanes.net\/#\/schema\/person\/4bf0f383940966a4abd53f5048c0e6b9"},"headline":"Pierden registro Encuentro Social y Nueva Alianza, confirma el INE","datePublished":"2018-09-13T02:12:35+00:00","mainEntityOfPage":{"@id":"https:\/\/volcanes.net\/?p=2532"},"wordCount":494,"commentCount":0,"publisher":{"@id":"https:\/\/volcanes.net\/#organization"},"image":{"@id":"https:\/\/volcanes.net\/?p=2532#primaryimage"},"thumbnailUrl":"https:\/\/volcanes.net\/wp-content\/uploads\/2018\/09\/na-es.jpeg","keywords":["TEPJF"],"articleSection":["Municipales"],"inLanguage":"es","potentialAction":[{"@type":"CommentAction","name":"Comment","target":["https:\/\/volcanes.net\/?p=2532#respond"]}]},{"@type":"WebPage","@id":"https:\/\/volcanes.net\/?p=2532","url":"https:\/\/volcanes.net\/?p=2532","name":"Pierden registro Encuentro Social y Nueva Alianza, confirma el INE - Volcanes","isPartOf":{"@id":"https:\/\/volcanes.net\/#website"},"primaryImageOfPage":{"@id":"https:\/\/volcanes.net\/?p=2532#primaryimage"},"image":{"@id":"https:\/\/volcanes.net\/?p=2532#primaryimage"},"thumbnailUrl":"https:\/\/volcanes.net\/wp-content\/uploads\/2018\/09\/na-es.jpeg","datePublished":"2018-09-13T02:12:35+00:00","breadcrumb":{"@id":"https:\/\/volcanes.net\/?p=2532#breadcrumb"},"inLanguage":"es","potentialAction":[{"@type":"ReadAction","target":["https:\/\/volcanes.net\/?p=2532"]}]},{"@type":"ImageObject","inLanguage":"es","@id":"https:\/\/volcanes.net\/?p=2532#primaryimage","url":"https:\/\/volcanes.net\/wp-content\/uploads\/2018\/09\/na-es.jpeg","contentUrl":"https:\/\/volcanes.net\/wp-content\/uploads\/2018\/09\/na-es.jpeg","width":550,"height":368},{"@type":"BreadcrumbList","@id":"https:\/\/volcanes.net\/?p=2532#breadcrumb","itemListElement":[{"@type":"ListItem","position":1,"name":"Portada","item":"https:\/\/volcanes.net\/"},{"@type":"ListItem","position":2,"name":"Pierden registro Encuentro Social y Nueva Alianza, confirma el INE"}]},{"@type":"WebSite","@id":"https:\/\/volcanes.net\/#website","url":"https:\/\/volcanes.net\/","name":"Volcanes.Net","description":"Periodismo Profesional","publisher":{"@id":"https:\/\/volcanes.net\/#organization"},"potentialAction":[{"@type":"SearchAction","target":{"@type":"EntryPoint","urlTemplate":"https:\/\/volcanes.net\/?s={search_term_string}"},"query-input":{"@type":"PropertyValueSpecification","valueRequired":true,"valueName":"search_term_string"}}],"inLanguage":"es"},{"@type":"Organization","@id":"https:\/\/volcanes.net\/#organization","name":"Grupo Volcanes","url":"https:\/\/volcanes.net\/","logo":{"@type":"ImageObject","inLanguage":"es","@id":"https:\/\/volcanes.net\/#\/schema\/logo\/image\/","url":"http:\/\/volcanes.net\/wp-content\/uploads\/2017\/12\/Avatar2.jpg","contentUrl":"http:\/\/volcanes.net\/wp-content\/uploads\/2017\/12\/Avatar2.jpg","width":378,"height":378,"caption":"Grupo Volcanes"},"image":{"@id":"https:\/\/volcanes.net\/#\/schema\/logo\/image\/"},"sameAs":["https:\/\/www.facebook.com\/volcanes.net\/"]},{"@type":"Person","@id":"https:\/\/volcanes.net\/#\/schema\/person\/4bf0f383940966a4abd53f5048c0e6b9","name":"admin","image":{"@type":"ImageObject","inLanguage":"es","@id":"https:\/\/volcanes.net\/#\/schema\/person\/image\/","url":"https:\/\/secure.gravatar.com\/avatar\/ca004e6cba8462b8cb7abc86e382930c?s=96&d=mm&r=g","contentUrl":"https:\/\/secure.gravatar.com\/avatar\/ca004e6cba8462b8cb7abc86e382930c?s=96&d=mm&r=g","caption":"admin"}}]}},"_links":{"self":[{"href":"https:\/\/volcanes.net\/index.php?rest_route=\/wp\/v2\/posts\/2532"}],"collection":[{"href":"https:\/\/volcanes.net\/index.php?rest_route=\/wp\/v2\/posts"}],"about":[{"href":"https:\/\/volcanes.net\/index.php?rest_route=\/wp\/v2\/types\/post"}],"author":[{"embeddable":true,"href":"https:\/\/volcanes.net\/index.php?rest_route=\/wp\/v2\/users\/1"}],"replies":[{"embeddable":true,"href":"https:\/\/volcanes.net\/index.php?rest_route=%2Fwp%2Fv2%2Fcomments&post=2532"}],"version-history":[{"count":1,"href":"https:\/\/volcanes.net\/index.php?rest_route=\/wp\/v2\/posts\/2532\/revisions"}],"predecessor-version":[{"id":2534,"href":"https:\/\/volcanes.net\/index.php?rest_route=\/wp\/v2\/posts\/2532\/revisions\/2534"}],"wp:featuredmedia":[{"embeddable":true,"href":"https:\/\/volcanes.net\/index.php?rest_route=\/wp\/v2\/media\/2533"}],"wp:attachment":[{"href":"https:\/\/volcanes.net\/index.php?rest_route=%2Fwp%2Fv2%2Fmedia&parent=2532"}],"wp:term":[{"taxonomy":"category","embeddable":true,"href":"https:\/\/volcanes.net\/index.php?rest_route=%2Fwp%2Fv2%2Fcategories&post=2532"},{"taxonomy":"post_tag","embeddable":true,"href":"https:\/\/volcanes.net\/index.php?rest_route=%2Fwp%2Fv2%2Ftags&post=2532"}],"curies":[{"name":"wp","href":"https:\/\/api.w.org\/{rel}","templated":true}]}}