{"id":2538,"date":"2018-09-13T02:16:43","date_gmt":"2018-09-13T02:16:43","guid":{"rendered":"http:\/\/volcanes.net\/?p=2538"},"modified":"2018-09-13T02:16:43","modified_gmt":"2018-09-13T02:16:43","slug":"de-la-reforma-educativa-no-quedara-ni-una-coma-afirma-mario-delgado","status":"publish","type":"post","link":"https:\/\/volcanes.net\/?p=2538","title":{"rendered":"\u201cDe la reforma educativa no quedar\u00e1 ni una coma\u201d, afirma Mario Delgado"},"content":{"rendered":"<div style=\"margin-top: 0px; margin-bottom: 0px;\" class=\"sharethis-inline-share-buttons\" ><\/div><p>El l\u00edder de los diputados de Morena, Mario Delgado Carrillo, reiter\u00f3 que \u201cde la reforma educativa no va a quedar ni una coma\u201d.<\/p>\n<p>\u201cSe va a cumplir el compromiso de campa\u00f1a y se va a abrogar, no va a quedar ni una coma de la reforma educativa\u201d, subray\u00f3 en conferencia de prensa.<\/p>\n<p>El tambi\u00e9n presidente de la Junta de Coordinaci\u00f3n Pol\u00edtica (Jucopo), dijo que los maestros no est\u00e1n en contra de que sean examinados, sino de \u201cuna evaluaci\u00f3n punitiva que se estableci\u00f3 en la Ley de Servicio Profesional Docente, donde es m\u00e1s bien una sanci\u00f3n\u201d.<\/p>\n<p>Dijo que la evaluaci\u00f3n debe ser un impulso para la profesionalizaci\u00f3n y no un instrumento de sanci\u00f3n, como se establece actualmente en dicha ley.<\/p>\n<p>Defendi\u00f3 la postura de Morena de abrogar totalmente la reforma educativa, puesto que es un compromiso del presidente electo, Andr\u00e9s Manuel L\u00f3pez Obrador.<\/p>\n<p>Explic\u00f3 que adem\u00e1s se est\u00e1 trabajando en unos foros que son organizados por el futuro secretario de Educaci\u00f3n, Esteban Moctezuma, para escuchar a los profesores y padres de familia, situaci\u00f3n que no se hab\u00eda hecho, a fin de que se pueda construir una propuesta en conjunta de la mano de los docentes.<\/p>\n<p>Ello, agreg\u00f3, para lograr una verdadera reforma educativa y no laboral. Se va a plantear una reforma educativa nueva y distinta a partir del consenso con maestros y padres de familias, adem\u00e1s de expertos, detall\u00f3.<\/p>\n<p>Insisti\u00f3 que el compromiso de campa\u00f1a de abrogar va y asegur\u00f3 que el futuro secretario de Educaci\u00f3n est\u00e1 de acuerdo, se est\u00e1 trabajando en los foros para construir una verdadera reforma educativa.<\/p>\n","protected":false},"excerpt":{"rendered":"<p>El l\u00edder de los diputados de Morena, Mario Delgado Carrillo, reiter\u00f3 que \u201cde la reforma<\/p>\n","protected":false},"author":1,"featured_media":2539,"comment_status":"open","ping_status":"open","sticky":false,"template":"","format":"standard","meta":{"footnotes":""},"categories":[1],"tags":[7,89,106,9,73,77,63,91,6,85,90,75,21,76,71,22,92,41,43],"class_list":["post-2538","post","type-post","status-publish","format-standard","has-post-thumbnail","hentry","category-municipales","tag-amecameca","tag-atizapan","tag-camara-de-diputados","tag-chalco","tag-chimalhuacan","tag-coacalco","tag-ecatepec","tag-huixquilucan","tag-ixtapaluca","tag-izcalli","tag-la-paz","tag-naucalpan","tag-nezahualcoyotl","tag-nicolas-romero","tag-tecamac","tag-texcoco","tag-tlalnepantla","tag-toluca","tag-tultitlan"],"yoast_head":"<!-- This site is optimized with the Yoast SEO plugin v25.3 - https:\/\/yoast.com\/wordpress\/plugins\/seo\/ -->\n<title>\u201cDe la reforma educativa no quedar\u00e1 ni una coma\u201d, afirma Mario Delgado - Volcanes<\/title>\n<meta name=\"robots\" content=\"index, follow, max-snippet:-1, max-image-preview:large, max-video-preview:-1\" \/>\n<link rel=\"canonical\" href=\"https:\/\/volcanes.net\/?p=2538\" \/>\n<meta property=\"og:locale\" content=\"es_MX\" \/>\n<meta property=\"og:type\" content=\"article\" \/>\n<meta property=\"og:title\" content=\"\u201cDe la reforma educativa no quedar\u00e1 ni una coma\u201d, afirma Mario Delgado - Volcanes\" \/>\n<meta property=\"og:description\" content=\"El l\u00edder de los diputados de Morena, Mario Delgado Carrillo, reiter\u00f3 que \u201cde la reforma\" \/>\n<meta property=\"og:url\" content=\"https:\/\/volcanes.net\/?p=2538\" \/>\n<meta property=\"og:site_name\" content=\"Volcanes\" \/>\n<meta property=\"article:publisher\" content=\"https:\/\/www.facebook.com\/volcanes.net\/\" \/>\n<meta property=\"article:published_time\" content=\"2018-09-13T02:16:43+00:00\" \/>\n<meta property=\"og:image\" content=\"https:\/\/volcanes.net\/wp-content\/uploads\/2018\/09\/mario-delgado3.jpg\" \/>\n\t<meta property=\"og:image:width\" content=\"554\" \/>\n\t<meta property=\"og:image:height\" content=\"366\" \/>\n\t<meta property=\"og:image:type\" content=\"image\/jpeg\" \/>\n<meta name=\"author\" content=\"admin\" \/>\n<meta name=\"twitter:card\" content=\"summary_large_image\" \/>\n<meta name=\"twitter:label1\" content=\"Escrito por\" \/>\n\t<meta name=\"twitter:data1\" content=\"admin\" \/>\n\t<meta name=\"twitter:label2\" content=\"Tiempo de lectura\" \/>\n\t<meta name=\"twitter:data2\" content=\"1 minuto\" \/>\n<script type=\"application\/ld+json\" class=\"yoast-schema-graph\">{\"@context\":\"https:\/\/schema.org\",\"@graph\":[{\"@type\":\"Article\",\"@id\":\"https:\/\/volcanes.net\/?p=2538#article\",\"isPartOf\":{\"@id\":\"https:\/\/volcanes.net\/?p=2538\"},\"author\":{\"name\":\"admin\",\"@id\":\"https:\/\/volcanes.net\/#\/schema\/person\/4bf0f383940966a4abd53f5048c0e6b9\"},\"headline\":\"\u201cDe la reforma educativa no quedar\u00e1 ni una coma\u201d, afirma Mario Delgado\",\"datePublished\":\"2018-09-13T02:16:43+00:00\",\"mainEntityOfPage\":{\"@id\":\"https:\/\/volcanes.net\/?p=2538\"},\"wordCount\":294,\"commentCount\":0,\"publisher\":{\"@id\":\"https:\/\/volcanes.net\/#organization\"},\"image\":{\"@id\":\"https:\/\/volcanes.net\/?p=2538#primaryimage\"},\"thumbnailUrl\":\"https:\/\/volcanes.net\/wp-content\/uploads\/2018\/09\/mario-delgado3.jpg\",\"keywords\":[\"Amecameca\",\"Atizap\u00e1n\",\"C\u00e1mara de Diputados\",\"Chalco\",\"Chimalhuac\u00e1n\",\"Coacalco\",\"Ecatepec\",\"Huixquilucan\",\"Ixtapaluca\",\"Izcalli\",\"La Paz\",\"Naucalpan\",\"Nezahualc\u00f3yotl\",\"Nicol\u00e1s Romero\",\"Tec\u00e1mac\",\"Texcoco\",\"Tlalnepantla\",\"Toluca\",\"Tultitl\u00e1n\"],\"articleSection\":[\"Municipales\"],\"inLanguage\":\"es\",\"potentialAction\":[{\"@type\":\"CommentAction\",\"name\":\"Comment\",\"target\":[\"https:\/\/volcanes.net\/?p=2538#respond\"]}]},{\"@type\":\"WebPage\",\"@id\":\"https:\/\/volcanes.net\/?p=2538\",\"url\":\"https:\/\/volcanes.net\/?p=2538\",\"name\":\"\u201cDe la reforma educativa no quedar\u00e1 ni una coma\u201d, afirma Mario Delgado - Volcanes\",\"isPartOf\":{\"@id\":\"https:\/\/volcanes.net\/#website\"},\"primaryImageOfPage\":{\"@id\":\"https:\/\/volcanes.net\/?p=2538#primaryimage\"},\"image\":{\"@id\":\"https:\/\/volcanes.net\/?p=2538#primaryimage\"},\"thumbnailUrl\":\"https:\/\/volcanes.net\/wp-content\/uploads\/2018\/09\/mario-delgado3.jpg\",\"datePublished\":\"2018-09-13T02:16:43+00:00\",\"breadcrumb\":{\"@id\":\"https:\/\/volcanes.net\/?p=2538#breadcrumb\"},\"inLanguage\":\"es\",\"potentialAction\":[{\"@type\":\"ReadAction\",\"target\":[\"https:\/\/volcanes.net\/?p=2538\"]}]},{\"@type\":\"ImageObject\",\"inLanguage\":\"es\",\"@id\":\"https:\/\/volcanes.net\/?p=2538#primaryimage\",\"url\":\"https:\/\/volcanes.net\/wp-content\/uploads\/2018\/09\/mario-delgado3.jpg\",\"contentUrl\":\"https:\/\/volcanes.net\/wp-content\/uploads\/2018\/09\/mario-delgado3.jpg\",\"width\":554,\"height\":366},{\"@type\":\"BreadcrumbList\",\"@id\":\"https:\/\/volcanes.net\/?p=2538#breadcrumb\",\"itemListElement\":[{\"@type\":\"ListItem\",\"position\":1,\"name\":\"Portada\",\"item\":\"https:\/\/volcanes.net\/\"},{\"@type\":\"ListItem\",\"position\":2,\"name\":\"\u201cDe la reforma educativa no quedar\u00e1 ni una coma\u201d, afirma Mario Delgado\"}]},{\"@type\":\"WebSite\",\"@id\":\"https:\/\/volcanes.net\/#website\",\"url\":\"https:\/\/volcanes.net\/\",\"name\":\"Volcanes.Net\",\"description\":\"Periodismo Profesional\",\"publisher\":{\"@id\":\"https:\/\/volcanes.net\/#organization\"},\"potentialAction\":[{\"@type\":\"SearchAction\",\"target\":{\"@type\":\"EntryPoint\",\"urlTemplate\":\"https:\/\/volcanes.net\/?s={search_term_string}\"},\"query-input\":{\"@type\":\"PropertyValueSpecification\",\"valueRequired\":true,\"valueName\":\"search_term_string\"}}],\"inLanguage\":\"es\"},{\"@type\":\"Organization\",\"@id\":\"https:\/\/volcanes.net\/#organization\",\"name\":\"Grupo Volcanes\",\"url\":\"https:\/\/volcanes.net\/\",\"logo\":{\"@type\":\"ImageObject\",\"inLanguage\":\"es\",\"@id\":\"https:\/\/volcanes.net\/#\/schema\/logo\/image\/\",\"url\":\"http:\/\/volcanes.net\/wp-content\/uploads\/2017\/12\/Avatar2.jpg\",\"contentUrl\":\"http:\/\/volcanes.net\/wp-content\/uploads\/2017\/12\/Avatar2.jpg\",\"width\":378,\"height\":378,\"caption\":\"Grupo Volcanes\"},\"image\":{\"@id\":\"https:\/\/volcanes.net\/#\/schema\/logo\/image\/\"},\"sameAs\":[\"https:\/\/www.facebook.com\/volcanes.net\/\"]},{\"@type\":\"Person\",\"@id\":\"https:\/\/volcanes.net\/#\/schema\/person\/4bf0f383940966a4abd53f5048c0e6b9\",\"name\":\"admin\",\"image\":{\"@type\":\"ImageObject\",\"inLanguage\":\"es\",\"@id\":\"https:\/\/volcanes.net\/#\/schema\/person\/image\/\",\"url\":\"https:\/\/secure.gravatar.com\/avatar\/ca004e6cba8462b8cb7abc86e382930c?s=96&d=mm&r=g\",\"contentUrl\":\"https:\/\/secure.gravatar.com\/avatar\/ca004e6cba8462b8cb7abc86e382930c?s=96&d=mm&r=g\",\"caption\":\"admin\"}}]}<\/script>\n<!-- \/ Yoast SEO plugin. -->","yoast_head_json":{"title":"\u201cDe la reforma educativa no quedar\u00e1 ni una coma\u201d, afirma Mario Delgado - Volcanes","robots":{"index":"index","follow":"follow","max-snippet":"max-snippet:-1","max-image-preview":"max-image-preview:large","max-video-preview":"max-video-preview:-1"},"canonical":"https:\/\/volcanes.net\/?p=2538","og_locale":"es_MX","og_type":"article","og_title":"\u201cDe la reforma educativa no quedar\u00e1 ni una coma\u201d, afirma Mario Delgado - Volcanes","og_description":"El l\u00edder de los diputados de Morena, Mario Delgado Carrillo, reiter\u00f3 que \u201cde la reforma","og_url":"https:\/\/volcanes.net\/?p=2538","og_site_name":"Volcanes","article_publisher":"https:\/\/www.facebook.com\/volcanes.net\/","article_published_time":"2018-09-13T02:16:43+00:00","og_image":[{"width":554,"height":366,"url":"https:\/\/volcanes.net\/wp-content\/uploads\/2018\/09\/mario-delgado3.jpg","type":"image\/jpeg"}],"author":"admin","twitter_card":"summary_large_image","twitter_misc":{"Escrito por":"admin","Tiempo de lectura":"1 minuto"},"schema":{"@context":"https:\/\/schema.org","@graph":[{"@type":"Article","@id":"https:\/\/volcanes.net\/?p=2538#article","isPartOf":{"@id":"https:\/\/volcanes.net\/?p=2538"},"author":{"name":"admin","@id":"https:\/\/volcanes.net\/#\/schema\/person\/4bf0f383940966a4abd53f5048c0e6b9"},"headline":"\u201cDe la reforma educativa no quedar\u00e1 ni una coma\u201d, afirma Mario Delgado","datePublished":"2018-09-13T02:16:43+00:00","mainEntityOfPage":{"@id":"https:\/\/volcanes.net\/?p=2538"},"wordCount":294,"commentCount":0,"publisher":{"@id":"https:\/\/volcanes.net\/#organization"},"image":{"@id":"https:\/\/volcanes.net\/?p=2538#primaryimage"},"thumbnailUrl":"https:\/\/volcanes.net\/wp-content\/uploads\/2018\/09\/mario-delgado3.jpg","keywords":["Amecameca","Atizap\u00e1n","C\u00e1mara de Diputados","Chalco","Chimalhuac\u00e1n","Coacalco","Ecatepec","Huixquilucan","Ixtapaluca","Izcalli","La Paz","Naucalpan","Nezahualc\u00f3yotl","Nicol\u00e1s Romero","Tec\u00e1mac","Texcoco","Tlalnepantla","Toluca","Tultitl\u00e1n"],"articleSection":["Municipales"],"inLanguage":"es","potentialAction":[{"@type":"CommentAction","name":"Comment","target":["https:\/\/volcanes.net\/?p=2538#respond"]}]},{"@type":"WebPage","@id":"https:\/\/volcanes.net\/?p=2538","url":"https:\/\/volcanes.net\/?p=2538","name":"\u201cDe la reforma educativa no quedar\u00e1 ni una coma\u201d, afirma Mario Delgado - Volcanes","isPartOf":{"@id":"https:\/\/volcanes.net\/#website"},"primaryImageOfPage":{"@id":"https:\/\/volcanes.net\/?p=2538#primaryimage"},"image":{"@id":"https:\/\/volcanes.net\/?p=2538#primaryimage"},"thumbnailUrl":"https:\/\/volcanes.net\/wp-content\/uploads\/2018\/09\/mario-delgado3.jpg","datePublished":"2018-09-13T02:16:43+00:00","breadcrumb":{"@id":"https:\/\/volcanes.net\/?p=2538#breadcrumb"},"inLanguage":"es","potentialAction":[{"@type":"ReadAction","target":["https:\/\/volcanes.net\/?p=2538"]}]},{"@type":"ImageObject","inLanguage":"es","@id":"https:\/\/volcanes.net\/?p=2538#primaryimage","url":"https:\/\/volcanes.net\/wp-content\/uploads\/2018\/09\/mario-delgado3.jpg","contentUrl":"https:\/\/volcanes.net\/wp-content\/uploads\/2018\/09\/mario-delgado3.jpg","width":554,"height":366},{"@type":"BreadcrumbList","@id":"https:\/\/volcanes.net\/?p=2538#breadcrumb","itemListElement":[{"@type":"ListItem","position":1,"name":"Portada","item":"https:\/\/volcanes.net\/"},{"@type":"ListItem","position":2,"name":"\u201cDe la reforma educativa no quedar\u00e1 ni una coma\u201d, afirma Mario Delgado"}]},{"@type":"WebSite","@id":"https:\/\/volcanes.net\/#website","url":"https:\/\/volcanes.net\/","name":"Volcanes.Net","description":"Periodismo Profesional","publisher":{"@id":"https:\/\/volcanes.net\/#organization"},"potentialAction":[{"@type":"SearchAction","target":{"@type":"EntryPoint","urlTemplate":"https:\/\/volcanes.net\/?s={search_term_string}"},"query-input":{"@type":"PropertyValueSpecification","valueRequired":true,"valueName":"search_term_string"}}],"inLanguage":"es"},{"@type":"Organization","@id":"https:\/\/volcanes.net\/#organization","name":"Grupo Volcanes","url":"https:\/\/volcanes.net\/","logo":{"@type":"ImageObject","inLanguage":"es","@id":"https:\/\/volcanes.net\/#\/schema\/logo\/image\/","url":"http:\/\/volcanes.net\/wp-content\/uploads\/2017\/12\/Avatar2.jpg","contentUrl":"http:\/\/volcanes.net\/wp-content\/uploads\/2017\/12\/Avatar2.jpg","width":378,"height":378,"caption":"Grupo Volcanes"},"image":{"@id":"https:\/\/volcanes.net\/#\/schema\/logo\/image\/"},"sameAs":["https:\/\/www.facebook.com\/volcanes.net\/"]},{"@type":"Person","@id":"https:\/\/volcanes.net\/#\/schema\/person\/4bf0f383940966a4abd53f5048c0e6b9","name":"admin","image":{"@type":"ImageObject","inLanguage":"es","@id":"https:\/\/volcanes.net\/#\/schema\/person\/image\/","url":"https:\/\/secure.gravatar.com\/avatar\/ca004e6cba8462b8cb7abc86e382930c?s=96&d=mm&r=g","contentUrl":"https:\/\/secure.gravatar.com\/avatar\/ca004e6cba8462b8cb7abc86e382930c?s=96&d=mm&r=g","caption":"admin"}}]}},"_links":{"self":[{"href":"https:\/\/volcanes.net\/index.php?rest_route=\/wp\/v2\/posts\/2538"}],"collection":[{"href":"https:\/\/volcanes.net\/index.php?rest_route=\/wp\/v2\/posts"}],"about":[{"href":"https:\/\/volcanes.net\/index.php?rest_route=\/wp\/v2\/types\/post"}],"author":[{"embeddable":true,"href":"https:\/\/volcanes.net\/index.php?rest_route=\/wp\/v2\/users\/1"}],"replies":[{"embeddable":true,"href":"https:\/\/volcanes.net\/index.php?rest_route=%2Fwp%2Fv2%2Fcomments&post=2538"}],"version-history":[{"count":1,"href":"https:\/\/volcanes.net\/index.php?rest_route=\/wp\/v2\/posts\/2538\/revisions"}],"predecessor-version":[{"id":2540,"href":"https:\/\/volcanes.net\/index.php?rest_route=\/wp\/v2\/posts\/2538\/revisions\/2540"}],"wp:featuredmedia":[{"embeddable":true,"href":"https:\/\/volcanes.net\/index.php?rest_route=\/wp\/v2\/media\/2539"}],"wp:attachment":[{"href":"https:\/\/volcanes.net\/index.php?rest_route=%2Fwp%2Fv2%2Fmedia&parent=2538"}],"wp:term":[{"taxonomy":"category","embeddable":true,"href":"https:\/\/volcanes.net\/index.php?rest_route=%2Fwp%2Fv2%2Fcategories&post=2538"},{"taxonomy":"post_tag","embeddable":true,"href":"https:\/\/volcanes.net\/index.php?rest_route=%2Fwp%2Fv2%2Ftags&post=2538"}],"curies":[{"name":"wp","href":"https:\/\/api.w.org\/{rel}","templated":true}]}}