{"id":2542,"date":"2018-09-13T22:46:38","date_gmt":"2018-09-13T22:46:38","guid":{"rendered":"http:\/\/volcanes.net\/?p=2542"},"modified":"2018-09-13T22:46:40","modified_gmt":"2018-09-13T22:46:40","slug":"reportero-asume-alcaldia-de-tultepec","status":"publish","type":"post","link":"https:\/\/volcanes.net\/?p=2542","title":{"rendered":"Reportero asume alcald\u00eda de Tultepec"},"content":{"rendered":"<div style=\"margin-top: 0px; margin-bottom: 0px;\" class=\"sharethis-inline-share-buttons\" ><\/div><blockquote><p><img loading=\"lazy\" decoding=\"async\" src=\"http:\/\/volcanes.net\/wp-content\/uploads\/2018\/09\/img-20180913-wa00111685450100.jpg\" class=\"alignnone size-full wp-image-2541\" width=\"1000\" height=\"662\" srcset=\"https:\/\/volcanes.net\/wp-content\/uploads\/2018\/09\/img-20180913-wa00111685450100.jpg 1000w, https:\/\/volcanes.net\/wp-content\/uploads\/2018\/09\/img-20180913-wa00111685450100-300x199.jpg 300w, https:\/\/volcanes.net\/wp-content\/uploads\/2018\/09\/img-20180913-wa00111685450100-768x508.jpg 768w, https:\/\/volcanes.net\/wp-content\/uploads\/2018\/09\/img-20180913-wa00111685450100-550x364.jpg 550w\" sizes=\"(max-width: 1000px) 100vw, 1000px\" \/><\/p><\/blockquote>\n<p>En ceremonia solemne de cabildo, Armando Portuguez Fuentes, solicit\u00f3 licencia definitiva para dejar el cargo de<br \/>\npresidente municipal de Tultepec por lo que resta de la presente administraci\u00f3n 2016-2018, por lo<br \/>\nque a partir del 17 de septiembre asumir\u00e1 el puesto como alcalde, su suplente<br \/>\nArmando Cervantes Punzo, Reportero de profesi\u00f3n quien se ha desempe\u00f1ado como Director de<br \/>\nAdministraci\u00f3n, Planeaci\u00f3n y Evaluaci\u00f3n.<\/p>\n<p>En sesi\u00f3n ordinaria de Cabildo, los integrantes del colegiado aprobaron de manera<br \/>\nun\u00e1nime la solicitud realizada por el alcalde, quien argument\u00f3 motivos personales de<br \/>\nsalud, aunque descart\u00f3 enfermedades graves, pero se dijo consciente de que m\u00e1s<br \/>\nvale prevenir que lamentar.<\/p>\n<p>*\u201cQuiero aclarar que el tiempo que resta del a\u00f1o lo aprovechar\u00e9 para realizarme<br \/>\ntratamientos que me ayuden a prevenir enfermedades y mejorar mi estado de salud, con miras a regresar con mejores br\u00edos y trabajar con mucho mayor \u00edmpetu en el siguiente periodo de gobierno&#8221;.*<\/p>\n<p>Portuguez Fuentes asegur\u00f3 que los recursos econ\u00f3micos para continuar<br \/>\ncon la entrega de apoyos sociales en favor de quienes m\u00e1s lo necesitan, el desarrollo<br \/>\nde obras p\u00fablicas programadas y la prestaci\u00f3n de servicios p\u00fablicos; est\u00e1n<br \/>\ngarantizados, al igual que el pago de trabajadores, prestaciones de Ley y aguinaldo<br \/>\nhasta fin de a\u00f1o.<\/p>\n<p>*\u201cNo hay nada de qu\u00e9 preocuparse, dado que las obras y servicios que presta el gobierno municipal y el ritmo de trabajo que ha caracterizado a la presente administraci\u00f3n, y que nos ha valido el refrendo de la confianza ciudadana, no se ver\u00e1 interrumpida\u201d.*<\/p>\n<p>El Ejecutivo Municipal, quien fue revalidado el pasado 1 de julio para ocupar el cargo por cuarta ocasi\u00f3n para el periodo 2019-2021, pese al fen\u00f3meno que se vivi\u00f3 a nivel<br \/>\nnacional, dijo que estar\u00e1 expectante de las reglas, formas y c\u00f3mo se dar\u00e1 la<br \/>\nasignaci\u00f3n de recursos del nuevo gobierno federal, para dar continuidad a lo que mejor sabe hacer y qu es, trabajar por el bien com\u00fan.<\/p>\n<p>*&#8221;No nos asusta la austeridad porque siempre la hemos ejercido en cada una de las<br \/>\nadministraciones que me ha tocado presidir y aun as\u00ed hemos dado resultados, prueba de ello es el refrendo que nos brind\u00f3 la ciudadan\u00eda el pasado 1 de julio para dar continuidad al proyecto de un mejor Tultepec para todos, amor con amor se paga y<br \/>\nno les vamos a fallar&#8221;.*<\/p>\n<p>En la misma sesi\u00f3n de Cabildo, Armando Cervantes Punzo rindi\u00f3 protesta al cargo de<br \/>\nPresidente Municipal Constitucional suplente, en t\u00e9rminos del art\u00edculo 41 de la Ley Org\u00e1nica Municipal del Estado de M\u00e9xico, mismo que asumir\u00e1 a partir del 17 de septiembre hasta el t\u00e9rmino de la presente administraci\u00f3n, el 31 de diciembre de 2018.<\/p>\n<p>Armando Cervantes Punzo, es egresado de la carrera de Periodismo en la FES Acatl\u00e1n (UNAM) y en su trayectoria profesional se ha desempe\u00f1ado como reportero;<br \/>\ntitular de Comunicaci\u00f3n Social de Tultepec, Secretario del Ayuntamiento y en tres ocasiones ha fungido como Director de Planeaci\u00f3n y Evaluaci\u00f3n.<\/p>\n<p>De igual forma,<br \/>\nha presidido el Comit\u00e9 Municipal del PRD; Consejero Estatal y candidato a diputado federal en el 2012.<\/p>\n","protected":false},"excerpt":{"rendered":"<p>En ceremonia solemne de cabildo, Armando Portuguez Fuentes, solicit\u00f3 licencia definitiva para dejar el cargo<\/p>\n","protected":false},"author":1,"featured_media":0,"comment_status":"open","ping_status":"open","sticky":false,"template":"","format":"standard","meta":{"footnotes":""},"categories":[1],"tags":[],"class_list":["post-2542","post","type-post","status-publish","format-standard","hentry","category-municipales"],"yoast_head":"<!-- This site is optimized with the Yoast SEO plugin v25.3 - https:\/\/yoast.com\/wordpress\/plugins\/seo\/ -->\n<title>Reportero asume alcald\u00eda de Tultepec - Volcanes<\/title>\n<meta name=\"robots\" content=\"index, follow, max-snippet:-1, max-image-preview:large, max-video-preview:-1\" \/>\n<link rel=\"canonical\" href=\"https:\/\/volcanes.net\/?p=2542\" \/>\n<meta property=\"og:locale\" content=\"es_MX\" \/>\n<meta property=\"og:type\" content=\"article\" \/>\n<meta property=\"og:title\" content=\"Reportero asume alcald\u00eda de Tultepec - Volcanes\" \/>\n<meta property=\"og:description\" content=\"En ceremonia solemne de cabildo, Armando Portuguez Fuentes, solicit\u00f3 licencia definitiva para dejar el cargo\" \/>\n<meta property=\"og:url\" content=\"https:\/\/volcanes.net\/?p=2542\" \/>\n<meta property=\"og:site_name\" content=\"Volcanes\" \/>\n<meta property=\"article:publisher\" content=\"https:\/\/www.facebook.com\/volcanes.net\/\" \/>\n<meta property=\"article:published_time\" content=\"2018-09-13T22:46:38+00:00\" \/>\n<meta property=\"article:modified_time\" content=\"2018-09-13T22:46:40+00:00\" \/>\n<meta property=\"og:image\" content=\"http:\/\/volcanes.net\/wp-content\/uploads\/2018\/09\/img-20180913-wa00111685450100.jpg\" \/>\n<meta name=\"author\" content=\"admin\" \/>\n<meta name=\"twitter:card\" content=\"summary_large_image\" \/>\n<meta name=\"twitter:label1\" content=\"Escrito por\" \/>\n\t<meta name=\"twitter:data1\" content=\"admin\" \/>\n\t<meta name=\"twitter:label2\" content=\"Tiempo de lectura\" \/>\n\t<meta name=\"twitter:data2\" content=\"3 minutos\" \/>\n<script type=\"application\/ld+json\" class=\"yoast-schema-graph\">{\"@context\":\"https:\/\/schema.org\",\"@graph\":[{\"@type\":\"Article\",\"@id\":\"https:\/\/volcanes.net\/?p=2542#article\",\"isPartOf\":{\"@id\":\"https:\/\/volcanes.net\/?p=2542\"},\"author\":{\"name\":\"admin\",\"@id\":\"https:\/\/volcanes.net\/#\/schema\/person\/4bf0f383940966a4abd53f5048c0e6b9\"},\"headline\":\"Reportero asume alcald\u00eda de Tultepec\",\"datePublished\":\"2018-09-13T22:46:38+00:00\",\"dateModified\":\"2018-09-13T22:46:40+00:00\",\"mainEntityOfPage\":{\"@id\":\"https:\/\/volcanes.net\/?p=2542\"},\"wordCount\":531,\"commentCount\":0,\"publisher\":{\"@id\":\"https:\/\/volcanes.net\/#organization\"},\"image\":{\"@id\":\"https:\/\/volcanes.net\/?p=2542#primaryimage\"},\"thumbnailUrl\":\"http:\/\/volcanes.net\/wp-content\/uploads\/2018\/09\/img-20180913-wa00111685450100.jpg\",\"articleSection\":[\"Municipales\"],\"inLanguage\":\"es\",\"potentialAction\":[{\"@type\":\"CommentAction\",\"name\":\"Comment\",\"target\":[\"https:\/\/volcanes.net\/?p=2542#respond\"]}]},{\"@type\":\"WebPage\",\"@id\":\"https:\/\/volcanes.net\/?p=2542\",\"url\":\"https:\/\/volcanes.net\/?p=2542\",\"name\":\"Reportero asume alcald\u00eda de Tultepec - Volcanes\",\"isPartOf\":{\"@id\":\"https:\/\/volcanes.net\/#website\"},\"primaryImageOfPage\":{\"@id\":\"https:\/\/volcanes.net\/?p=2542#primaryimage\"},\"image\":{\"@id\":\"https:\/\/volcanes.net\/?p=2542#primaryimage\"},\"thumbnailUrl\":\"http:\/\/volcanes.net\/wp-content\/uploads\/2018\/09\/img-20180913-wa00111685450100.jpg\",\"datePublished\":\"2018-09-13T22:46:38+00:00\",\"dateModified\":\"2018-09-13T22:46:40+00:00\",\"breadcrumb\":{\"@id\":\"https:\/\/volcanes.net\/?p=2542#breadcrumb\"},\"inLanguage\":\"es\",\"potentialAction\":[{\"@type\":\"ReadAction\",\"target\":[\"https:\/\/volcanes.net\/?p=2542\"]}]},{\"@type\":\"ImageObject\",\"inLanguage\":\"es\",\"@id\":\"https:\/\/volcanes.net\/?p=2542#primaryimage\",\"url\":\"https:\/\/volcanes.net\/wp-content\/uploads\/2018\/09\/img-20180913-wa00111685450100.jpg\",\"contentUrl\":\"https:\/\/volcanes.net\/wp-content\/uploads\/2018\/09\/img-20180913-wa00111685450100.jpg\",\"width\":1000,\"height\":662},{\"@type\":\"BreadcrumbList\",\"@id\":\"https:\/\/volcanes.net\/?p=2542#breadcrumb\",\"itemListElement\":[{\"@type\":\"ListItem\",\"position\":1,\"name\":\"Portada\",\"item\":\"https:\/\/volcanes.net\/\"},{\"@type\":\"ListItem\",\"position\":2,\"name\":\"Reportero asume alcald\u00eda de Tultepec\"}]},{\"@type\":\"WebSite\",\"@id\":\"https:\/\/volcanes.net\/#website\",\"url\":\"https:\/\/volcanes.net\/\",\"name\":\"Volcanes.Net\",\"description\":\"Periodismo Profesional\",\"publisher\":{\"@id\":\"https:\/\/volcanes.net\/#organization\"},\"potentialAction\":[{\"@type\":\"SearchAction\",\"target\":{\"@type\":\"EntryPoint\",\"urlTemplate\":\"https:\/\/volcanes.net\/?s={search_term_string}\"},\"query-input\":{\"@type\":\"PropertyValueSpecification\",\"valueRequired\":true,\"valueName\":\"search_term_string\"}}],\"inLanguage\":\"es\"},{\"@type\":\"Organization\",\"@id\":\"https:\/\/volcanes.net\/#organization\",\"name\":\"Grupo Volcanes\",\"url\":\"https:\/\/volcanes.net\/\",\"logo\":{\"@type\":\"ImageObject\",\"inLanguage\":\"es\",\"@id\":\"https:\/\/volcanes.net\/#\/schema\/logo\/image\/\",\"url\":\"http:\/\/volcanes.net\/wp-content\/uploads\/2017\/12\/Avatar2.jpg\",\"contentUrl\":\"http:\/\/volcanes.net\/wp-content\/uploads\/2017\/12\/Avatar2.jpg\",\"width\":378,\"height\":378,\"caption\":\"Grupo Volcanes\"},\"image\":{\"@id\":\"https:\/\/volcanes.net\/#\/schema\/logo\/image\/\"},\"sameAs\":[\"https:\/\/www.facebook.com\/volcanes.net\/\"]},{\"@type\":\"Person\",\"@id\":\"https:\/\/volcanes.net\/#\/schema\/person\/4bf0f383940966a4abd53f5048c0e6b9\",\"name\":\"admin\",\"image\":{\"@type\":\"ImageObject\",\"inLanguage\":\"es\",\"@id\":\"https:\/\/volcanes.net\/#\/schema\/person\/image\/\",\"url\":\"https:\/\/secure.gravatar.com\/avatar\/ca004e6cba8462b8cb7abc86e382930c?s=96&d=mm&r=g\",\"contentUrl\":\"https:\/\/secure.gravatar.com\/avatar\/ca004e6cba8462b8cb7abc86e382930c?s=96&d=mm&r=g\",\"caption\":\"admin\"}}]}<\/script>\n<!-- \/ Yoast SEO plugin. -->","yoast_head_json":{"title":"Reportero asume alcald\u00eda de Tultepec - Volcanes","robots":{"index":"index","follow":"follow","max-snippet":"max-snippet:-1","max-image-preview":"max-image-preview:large","max-video-preview":"max-video-preview:-1"},"canonical":"https:\/\/volcanes.net\/?p=2542","og_locale":"es_MX","og_type":"article","og_title":"Reportero asume alcald\u00eda de Tultepec - Volcanes","og_description":"En ceremonia solemne de cabildo, Armando Portuguez Fuentes, solicit\u00f3 licencia definitiva para dejar el cargo","og_url":"https:\/\/volcanes.net\/?p=2542","og_site_name":"Volcanes","article_publisher":"https:\/\/www.facebook.com\/volcanes.net\/","article_published_time":"2018-09-13T22:46:38+00:00","article_modified_time":"2018-09-13T22:46:40+00:00","og_image":[{"url":"http:\/\/volcanes.net\/wp-content\/uploads\/2018\/09\/img-20180913-wa00111685450100.jpg","type":"","width":"","height":""}],"author":"admin","twitter_card":"summary_large_image","twitter_misc":{"Escrito por":"admin","Tiempo de lectura":"3 minutos"},"schema":{"@context":"https:\/\/schema.org","@graph":[{"@type":"Article","@id":"https:\/\/volcanes.net\/?p=2542#article","isPartOf":{"@id":"https:\/\/volcanes.net\/?p=2542"},"author":{"name":"admin","@id":"https:\/\/volcanes.net\/#\/schema\/person\/4bf0f383940966a4abd53f5048c0e6b9"},"headline":"Reportero asume alcald\u00eda de Tultepec","datePublished":"2018-09-13T22:46:38+00:00","dateModified":"2018-09-13T22:46:40+00:00","mainEntityOfPage":{"@id":"https:\/\/volcanes.net\/?p=2542"},"wordCount":531,"commentCount":0,"publisher":{"@id":"https:\/\/volcanes.net\/#organization"},"image":{"@id":"https:\/\/volcanes.net\/?p=2542#primaryimage"},"thumbnailUrl":"http:\/\/volcanes.net\/wp-content\/uploads\/2018\/09\/img-20180913-wa00111685450100.jpg","articleSection":["Municipales"],"inLanguage":"es","potentialAction":[{"@type":"CommentAction","name":"Comment","target":["https:\/\/volcanes.net\/?p=2542#respond"]}]},{"@type":"WebPage","@id":"https:\/\/volcanes.net\/?p=2542","url":"https:\/\/volcanes.net\/?p=2542","name":"Reportero asume alcald\u00eda de Tultepec - Volcanes","isPartOf":{"@id":"https:\/\/volcanes.net\/#website"},"primaryImageOfPage":{"@id":"https:\/\/volcanes.net\/?p=2542#primaryimage"},"image":{"@id":"https:\/\/volcanes.net\/?p=2542#primaryimage"},"thumbnailUrl":"http:\/\/volcanes.net\/wp-content\/uploads\/2018\/09\/img-20180913-wa00111685450100.jpg","datePublished":"2018-09-13T22:46:38+00:00","dateModified":"2018-09-13T22:46:40+00:00","breadcrumb":{"@id":"https:\/\/volcanes.net\/?p=2542#breadcrumb"},"inLanguage":"es","potentialAction":[{"@type":"ReadAction","target":["https:\/\/volcanes.net\/?p=2542"]}]},{"@type":"ImageObject","inLanguage":"es","@id":"https:\/\/volcanes.net\/?p=2542#primaryimage","url":"https:\/\/volcanes.net\/wp-content\/uploads\/2018\/09\/img-20180913-wa00111685450100.jpg","contentUrl":"https:\/\/volcanes.net\/wp-content\/uploads\/2018\/09\/img-20180913-wa00111685450100.jpg","width":1000,"height":662},{"@type":"BreadcrumbList","@id":"https:\/\/volcanes.net\/?p=2542#breadcrumb","itemListElement":[{"@type":"ListItem","position":1,"name":"Portada","item":"https:\/\/volcanes.net\/"},{"@type":"ListItem","position":2,"name":"Reportero asume alcald\u00eda de Tultepec"}]},{"@type":"WebSite","@id":"https:\/\/volcanes.net\/#website","url":"https:\/\/volcanes.net\/","name":"Volcanes.Net","description":"Periodismo Profesional","publisher":{"@id":"https:\/\/volcanes.net\/#organization"},"potentialAction":[{"@type":"SearchAction","target":{"@type":"EntryPoint","urlTemplate":"https:\/\/volcanes.net\/?s={search_term_string}"},"query-input":{"@type":"PropertyValueSpecification","valueRequired":true,"valueName":"search_term_string"}}],"inLanguage":"es"},{"@type":"Organization","@id":"https:\/\/volcanes.net\/#organization","name":"Grupo Volcanes","url":"https:\/\/volcanes.net\/","logo":{"@type":"ImageObject","inLanguage":"es","@id":"https:\/\/volcanes.net\/#\/schema\/logo\/image\/","url":"http:\/\/volcanes.net\/wp-content\/uploads\/2017\/12\/Avatar2.jpg","contentUrl":"http:\/\/volcanes.net\/wp-content\/uploads\/2017\/12\/Avatar2.jpg","width":378,"height":378,"caption":"Grupo Volcanes"},"image":{"@id":"https:\/\/volcanes.net\/#\/schema\/logo\/image\/"},"sameAs":["https:\/\/www.facebook.com\/volcanes.net\/"]},{"@type":"Person","@id":"https:\/\/volcanes.net\/#\/schema\/person\/4bf0f383940966a4abd53f5048c0e6b9","name":"admin","image":{"@type":"ImageObject","inLanguage":"es","@id":"https:\/\/volcanes.net\/#\/schema\/person\/image\/","url":"https:\/\/secure.gravatar.com\/avatar\/ca004e6cba8462b8cb7abc86e382930c?s=96&d=mm&r=g","contentUrl":"https:\/\/secure.gravatar.com\/avatar\/ca004e6cba8462b8cb7abc86e382930c?s=96&d=mm&r=g","caption":"admin"}}]}},"_links":{"self":[{"href":"https:\/\/volcanes.net\/index.php?rest_route=\/wp\/v2\/posts\/2542"}],"collection":[{"href":"https:\/\/volcanes.net\/index.php?rest_route=\/wp\/v2\/posts"}],"about":[{"href":"https:\/\/volcanes.net\/index.php?rest_route=\/wp\/v2\/types\/post"}],"author":[{"embeddable":true,"href":"https:\/\/volcanes.net\/index.php?rest_route=\/wp\/v2\/users\/1"}],"replies":[{"embeddable":true,"href":"https:\/\/volcanes.net\/index.php?rest_route=%2Fwp%2Fv2%2Fcomments&post=2542"}],"version-history":[{"count":1,"href":"https:\/\/volcanes.net\/index.php?rest_route=\/wp\/v2\/posts\/2542\/revisions"}],"predecessor-version":[{"id":2543,"href":"https:\/\/volcanes.net\/index.php?rest_route=\/wp\/v2\/posts\/2542\/revisions\/2543"}],"wp:attachment":[{"href":"https:\/\/volcanes.net\/index.php?rest_route=%2Fwp%2Fv2%2Fmedia&parent=2542"}],"wp:term":[{"taxonomy":"category","embeddable":true,"href":"https:\/\/volcanes.net\/index.php?rest_route=%2Fwp%2Fv2%2Fcategories&post=2542"},{"taxonomy":"post_tag","embeddable":true,"href":"https:\/\/volcanes.net\/index.php?rest_route=%2Fwp%2Fv2%2Ftags&post=2542"}],"curies":[{"name":"wp","href":"https:\/\/api.w.org\/{rel}","templated":true}]}}