{"id":2546,"date":"2018-09-14T03:48:46","date_gmt":"2018-09-14T03:48:46","guid":{"rendered":"http:\/\/volcanes.net\/?p=2546"},"modified":"2018-09-14T03:49:22","modified_gmt":"2018-09-14T03:49:22","slug":"detinen-elementos-de-gto-a-sujeto-investigado-por-robos-de-vehiculos-en-naucalpan","status":"publish","type":"post","link":"https:\/\/volcanes.net\/?p=2546","title":{"rendered":"Detienen elementos de GTO a sujeto investigado por robos de veh\u00edculos en Naucalpan"},"content":{"rendered":"<div style=\"margin-top: 0px; margin-bottom: 0px;\" class=\"sharethis-inline-share-buttons\" ><\/div><p style=\"font-weight: 400\">\n<ul>\n<li style=\"font-weight: 400\"><em>Este individuo era un objetivo prioritario para esta Instituci\u00f3n ya que al parecer est\u00e1 relacionado con varios robos de veh\u00edculo.<\/em><\/li>\n<li style=\"font-weight: 400\"><em>Tiene dos \u00f3rdenes de aprehensi\u00f3n vigentes por este delito, las cuales ser\u00e1n cumplimentadas por esta Instituci\u00f3n.<\/em><\/li>\n<\/ul>\n<p style=\"font-weight: 400\"><strong>Naucalpan, M\u00e9xico, 13 de septiembre de 2018.-<\/strong>\u00a0Como resultado de un operativo realizado en el municipio de Naucalpan, elementos del Grupo T\u00e1ctico Operativo (GTO) integrado por autoridades de los tres \u00f3rdenes de gobierno y coordinado por la Fiscal\u00eda General de Justicia del Estado de M\u00e9xico (FGJEM), fue detenido un sujeto, quien era un objetivo prioritario de esta Instituci\u00f3n, ya que es investigado por diversos delitos entre estos el robo de veh\u00edculo con violencia.<\/p>\n<p style=\"font-weight: 400\">\u00a0\u00a0\u00a0\u00a0\u00a0\u00a0\u00a0\u00a0\u00a0\u00a0\u00a0\u00a0La detenci\u00f3n de Andr\u00e9s Jordan \u201cN\u201d, alias \u201cEl Jordan\u201d,\u00a0\u00a0se llev\u00f3 a cabo en la colonia Bulevares, en el municipio de Naucalpan. Al momento de la movilizaci\u00f3n llevaba consigo envoltorios con coca\u00edna en piedra y una navaja plegable.<\/p>\n<p style=\"font-weight: 400\">\u00a0\u00a0\u00a0\u00a0\u00a0\u00a0\u00a0\u00a0\u00a0\u00a0\u00a0\u00a0Las investigaciones realizadas por elementos del GTO Naucalpan han permitido establecer que este individuo al parecer es integrante de una banda delictiva dedicada al robo de veh\u00edculos con violencia en varias colonias del mencionado municipio.<\/p>\n<p style=\"font-weight: 400\">\u00a0\u00a0\u00a0\u00a0\u00a0\u00a0\u00a0\u00a0\u00a0\u00a0\u00a0\u00a0Para llevar a cabo esta actividad delictiva utilizaba un arma de fuego para amenazar a las v\u00edctimas y lo acompa\u00f1an dos sujetos, mismos que fueron detenidos anteriormente por elementos de esta Instituci\u00f3n y se encuentran internos en el Centro Penitenciario y de Reinserci\u00f3n Social de Tlalnepantla, en donde un Juez los vincul\u00f3 a proceso por el delito de robo de veh\u00edculo con violencia.<\/p>\n<p style=\"font-weight: 400\">\u00a0\u00a0\u00a0\u00a0\u00a0\u00a0\u00a0\u00a0\u00a0\u00a0\u00a0\u00a0De acuerdo con las indagatorias, los veh\u00edculos que robaba este individuo luego los trasladaba a la Ciudad de M\u00e9xico, en donde eran entregados a otros sujetos, para su comercializaci\u00f3n.<\/p>\n<p style=\"font-weight: 400\">\u00a0\u00a0\u00a0\u00a0\u00a0\u00a0\u00a0\u00a0\u00a0\u00a0\u00a0\u00a0Cabe mencionar que la FGJEM investiga la probable participaci\u00f3n de este individuo en otros hechos delictivos entre estos un secuestro registrado el pasado 2 de junio, por el cual fue girada una orden de aprehensi\u00f3n en su contra.<\/p>\n<p style=\"font-weight: 400\">\u00a0\u00a0\u00a0\u00a0\u00a0\u00a0\u00a0\u00a0\u00a0\u00a0\u00a0\u00a0Adem\u00e1s cuenta con dos \u00f3rdenes de aprehensi\u00f3n m\u00e1s por el delito de robo de veh\u00edculo con violencia, las cuales ser\u00e1n cumplimentas por personal de esta Instituci\u00f3n.<\/p>\n<p style=\"font-weight: 400\">\u00a0\u00a0\u00a0\u00a0\u00a0\u00a0\u00a0\u00a0\u00a0\u00a0\u00a0\u00a0A este sujeto se le debe considerar inocente hasta que sea dictada una sentencia condenatoria en su contra.<\/p>\n<p style=\"font-weight: 400\">\u00a0\u00a0\u00a0\u00a0\u00a0\u00a0\u00a0\u00a0\u00a0\u00a0\u00a0\u00a0La Fiscal\u00eda General de Justicia estatal hace un llamado a la ciudadan\u00eda para que en caso de que reconozca a este individuo como probable part\u00edcipe de alg\u00fan otro il\u00edcito, sea denunciado a trav\u00e9s del correo electr\u00f3nico\u00a0<a href=\"mailto:cerotolerancia@edomex.gob.mx\">cerotolerancia@edomex.gob.mx<\/a>, al n\u00famero telef\u00f3nico 01 800 7028770, o bien, por medio de la aplicaci\u00f3n FGJEdomex, la cual est\u00e1 disponible de manera gratuita para todos los tel\u00e9fonos inteligentes de los sistemas iOS y Android.<\/p>\n","protected":false},"excerpt":{"rendered":"<p>Este individuo era un objetivo prioritario para esta Instituci\u00f3n ya que al parecer est\u00e1 relacionado<\/p>\n","protected":false},"author":1,"featured_media":2547,"comment_status":"open","ping_status":"open","sticky":false,"template":"","format":"standard","meta":{"footnotes":""},"categories":[1],"tags":[75],"class_list":["post-2546","post","type-post","status-publish","format-standard","has-post-thumbnail","hentry","category-municipales","tag-naucalpan"],"yoast_head":"<!-- This site is optimized with the Yoast SEO plugin v25.3 - https:\/\/yoast.com\/wordpress\/plugins\/seo\/ -->\n<title>Detienen elementos de GTO a sujeto investigado por robos de veh\u00edculos en Naucalpan - Volcanes<\/title>\n<meta name=\"robots\" content=\"index, follow, max-snippet:-1, max-image-preview:large, max-video-preview:-1\" \/>\n<link rel=\"canonical\" href=\"https:\/\/volcanes.net\/?p=2546\" \/>\n<meta property=\"og:locale\" content=\"es_MX\" \/>\n<meta property=\"og:type\" content=\"article\" \/>\n<meta property=\"og:title\" content=\"Detienen elementos de GTO a sujeto investigado por robos de veh\u00edculos en Naucalpan - Volcanes\" \/>\n<meta property=\"og:description\" content=\"Este individuo era un objetivo prioritario para esta Instituci\u00f3n ya que al parecer est\u00e1 relacionado\" \/>\n<meta property=\"og:url\" content=\"https:\/\/volcanes.net\/?p=2546\" \/>\n<meta property=\"og:site_name\" content=\"Volcanes\" \/>\n<meta property=\"article:publisher\" content=\"https:\/\/www.facebook.com\/volcanes.net\/\" \/>\n<meta property=\"article:published_time\" content=\"2018-09-14T03:48:46+00:00\" \/>\n<meta property=\"article:modified_time\" content=\"2018-09-14T03:49:22+00:00\" \/>\n<meta property=\"og:image\" content=\"https:\/\/volcanes.net\/wp-content\/uploads\/2018\/09\/FOTO-C879.jpg\" \/>\n\t<meta property=\"og:image:width\" content=\"300\" \/>\n\t<meta property=\"og:image:height\" content=\"411\" \/>\n\t<meta property=\"og:image:type\" content=\"image\/jpeg\" \/>\n<meta name=\"author\" content=\"admin\" \/>\n<meta name=\"twitter:card\" content=\"summary_large_image\" \/>\n<meta name=\"twitter:label1\" content=\"Escrito por\" \/>\n\t<meta name=\"twitter:data1\" content=\"admin\" \/>\n\t<meta name=\"twitter:label2\" content=\"Tiempo de lectura\" \/>\n\t<meta name=\"twitter:data2\" content=\"2 minutos\" \/>\n<script type=\"application\/ld+json\" class=\"yoast-schema-graph\">{\"@context\":\"https:\/\/schema.org\",\"@graph\":[{\"@type\":\"Article\",\"@id\":\"https:\/\/volcanes.net\/?p=2546#article\",\"isPartOf\":{\"@id\":\"https:\/\/volcanes.net\/?p=2546\"},\"author\":{\"name\":\"admin\",\"@id\":\"https:\/\/volcanes.net\/#\/schema\/person\/4bf0f383940966a4abd53f5048c0e6b9\"},\"headline\":\"Detienen elementos de GTO a sujeto investigado por robos de veh\u00edculos en Naucalpan\",\"datePublished\":\"2018-09-14T03:48:46+00:00\",\"dateModified\":\"2018-09-14T03:49:22+00:00\",\"mainEntityOfPage\":{\"@id\":\"https:\/\/volcanes.net\/?p=2546\"},\"wordCount\":480,\"commentCount\":0,\"publisher\":{\"@id\":\"https:\/\/volcanes.net\/#organization\"},\"image\":{\"@id\":\"https:\/\/volcanes.net\/?p=2546#primaryimage\"},\"thumbnailUrl\":\"https:\/\/volcanes.net\/wp-content\/uploads\/2018\/09\/FOTO-C879.jpg\",\"keywords\":[\"Naucalpan\"],\"articleSection\":[\"Municipales\"],\"inLanguage\":\"es\",\"potentialAction\":[{\"@type\":\"CommentAction\",\"name\":\"Comment\",\"target\":[\"https:\/\/volcanes.net\/?p=2546#respond\"]}]},{\"@type\":\"WebPage\",\"@id\":\"https:\/\/volcanes.net\/?p=2546\",\"url\":\"https:\/\/volcanes.net\/?p=2546\",\"name\":\"Detienen elementos de GTO a sujeto investigado por robos de veh\u00edculos en Naucalpan - Volcanes\",\"isPartOf\":{\"@id\":\"https:\/\/volcanes.net\/#website\"},\"primaryImageOfPage\":{\"@id\":\"https:\/\/volcanes.net\/?p=2546#primaryimage\"},\"image\":{\"@id\":\"https:\/\/volcanes.net\/?p=2546#primaryimage\"},\"thumbnailUrl\":\"https:\/\/volcanes.net\/wp-content\/uploads\/2018\/09\/FOTO-C879.jpg\",\"datePublished\":\"2018-09-14T03:48:46+00:00\",\"dateModified\":\"2018-09-14T03:49:22+00:00\",\"breadcrumb\":{\"@id\":\"https:\/\/volcanes.net\/?p=2546#breadcrumb\"},\"inLanguage\":\"es\",\"potentialAction\":[{\"@type\":\"ReadAction\",\"target\":[\"https:\/\/volcanes.net\/?p=2546\"]}]},{\"@type\":\"ImageObject\",\"inLanguage\":\"es\",\"@id\":\"https:\/\/volcanes.net\/?p=2546#primaryimage\",\"url\":\"https:\/\/volcanes.net\/wp-content\/uploads\/2018\/09\/FOTO-C879.jpg\",\"contentUrl\":\"https:\/\/volcanes.net\/wp-content\/uploads\/2018\/09\/FOTO-C879.jpg\",\"width\":300,\"height\":411},{\"@type\":\"BreadcrumbList\",\"@id\":\"https:\/\/volcanes.net\/?p=2546#breadcrumb\",\"itemListElement\":[{\"@type\":\"ListItem\",\"position\":1,\"name\":\"Portada\",\"item\":\"https:\/\/volcanes.net\/\"},{\"@type\":\"ListItem\",\"position\":2,\"name\":\"Detienen elementos de GTO a sujeto investigado por robos de veh\u00edculos en Naucalpan\"}]},{\"@type\":\"WebSite\",\"@id\":\"https:\/\/volcanes.net\/#website\",\"url\":\"https:\/\/volcanes.net\/\",\"name\":\"Volcanes.Net\",\"description\":\"Periodismo Profesional\",\"publisher\":{\"@id\":\"https:\/\/volcanes.net\/#organization\"},\"potentialAction\":[{\"@type\":\"SearchAction\",\"target\":{\"@type\":\"EntryPoint\",\"urlTemplate\":\"https:\/\/volcanes.net\/?s={search_term_string}\"},\"query-input\":{\"@type\":\"PropertyValueSpecification\",\"valueRequired\":true,\"valueName\":\"search_term_string\"}}],\"inLanguage\":\"es\"},{\"@type\":\"Organization\",\"@id\":\"https:\/\/volcanes.net\/#organization\",\"name\":\"Grupo Volcanes\",\"url\":\"https:\/\/volcanes.net\/\",\"logo\":{\"@type\":\"ImageObject\",\"inLanguage\":\"es\",\"@id\":\"https:\/\/volcanes.net\/#\/schema\/logo\/image\/\",\"url\":\"http:\/\/volcanes.net\/wp-content\/uploads\/2017\/12\/Avatar2.jpg\",\"contentUrl\":\"http:\/\/volcanes.net\/wp-content\/uploads\/2017\/12\/Avatar2.jpg\",\"width\":378,\"height\":378,\"caption\":\"Grupo Volcanes\"},\"image\":{\"@id\":\"https:\/\/volcanes.net\/#\/schema\/logo\/image\/\"},\"sameAs\":[\"https:\/\/www.facebook.com\/volcanes.net\/\"]},{\"@type\":\"Person\",\"@id\":\"https:\/\/volcanes.net\/#\/schema\/person\/4bf0f383940966a4abd53f5048c0e6b9\",\"name\":\"admin\",\"image\":{\"@type\":\"ImageObject\",\"inLanguage\":\"es\",\"@id\":\"https:\/\/volcanes.net\/#\/schema\/person\/image\/\",\"url\":\"https:\/\/secure.gravatar.com\/avatar\/ca004e6cba8462b8cb7abc86e382930c?s=96&d=mm&r=g\",\"contentUrl\":\"https:\/\/secure.gravatar.com\/avatar\/ca004e6cba8462b8cb7abc86e382930c?s=96&d=mm&r=g\",\"caption\":\"admin\"}}]}<\/script>\n<!-- \/ Yoast SEO plugin. -->","yoast_head_json":{"title":"Detienen elementos de GTO a sujeto investigado por robos de veh\u00edculos en Naucalpan - Volcanes","robots":{"index":"index","follow":"follow","max-snippet":"max-snippet:-1","max-image-preview":"max-image-preview:large","max-video-preview":"max-video-preview:-1"},"canonical":"https:\/\/volcanes.net\/?p=2546","og_locale":"es_MX","og_type":"article","og_title":"Detienen elementos de GTO a sujeto investigado por robos de veh\u00edculos en Naucalpan - Volcanes","og_description":"Este individuo era un objetivo prioritario para esta Instituci\u00f3n ya que al parecer est\u00e1 relacionado","og_url":"https:\/\/volcanes.net\/?p=2546","og_site_name":"Volcanes","article_publisher":"https:\/\/www.facebook.com\/volcanes.net\/","article_published_time":"2018-09-14T03:48:46+00:00","article_modified_time":"2018-09-14T03:49:22+00:00","og_image":[{"width":300,"height":411,"url":"https:\/\/volcanes.net\/wp-content\/uploads\/2018\/09\/FOTO-C879.jpg","type":"image\/jpeg"}],"author":"admin","twitter_card":"summary_large_image","twitter_misc":{"Escrito por":"admin","Tiempo de lectura":"2 minutos"},"schema":{"@context":"https:\/\/schema.org","@graph":[{"@type":"Article","@id":"https:\/\/volcanes.net\/?p=2546#article","isPartOf":{"@id":"https:\/\/volcanes.net\/?p=2546"},"author":{"name":"admin","@id":"https:\/\/volcanes.net\/#\/schema\/person\/4bf0f383940966a4abd53f5048c0e6b9"},"headline":"Detienen elementos de GTO a sujeto investigado por robos de veh\u00edculos en Naucalpan","datePublished":"2018-09-14T03:48:46+00:00","dateModified":"2018-09-14T03:49:22+00:00","mainEntityOfPage":{"@id":"https:\/\/volcanes.net\/?p=2546"},"wordCount":480,"commentCount":0,"publisher":{"@id":"https:\/\/volcanes.net\/#organization"},"image":{"@id":"https:\/\/volcanes.net\/?p=2546#primaryimage"},"thumbnailUrl":"https:\/\/volcanes.net\/wp-content\/uploads\/2018\/09\/FOTO-C879.jpg","keywords":["Naucalpan"],"articleSection":["Municipales"],"inLanguage":"es","potentialAction":[{"@type":"CommentAction","name":"Comment","target":["https:\/\/volcanes.net\/?p=2546#respond"]}]},{"@type":"WebPage","@id":"https:\/\/volcanes.net\/?p=2546","url":"https:\/\/volcanes.net\/?p=2546","name":"Detienen elementos de GTO a sujeto investigado por robos de veh\u00edculos en Naucalpan - Volcanes","isPartOf":{"@id":"https:\/\/volcanes.net\/#website"},"primaryImageOfPage":{"@id":"https:\/\/volcanes.net\/?p=2546#primaryimage"},"image":{"@id":"https:\/\/volcanes.net\/?p=2546#primaryimage"},"thumbnailUrl":"https:\/\/volcanes.net\/wp-content\/uploads\/2018\/09\/FOTO-C879.jpg","datePublished":"2018-09-14T03:48:46+00:00","dateModified":"2018-09-14T03:49:22+00:00","breadcrumb":{"@id":"https:\/\/volcanes.net\/?p=2546#breadcrumb"},"inLanguage":"es","potentialAction":[{"@type":"ReadAction","target":["https:\/\/volcanes.net\/?p=2546"]}]},{"@type":"ImageObject","inLanguage":"es","@id":"https:\/\/volcanes.net\/?p=2546#primaryimage","url":"https:\/\/volcanes.net\/wp-content\/uploads\/2018\/09\/FOTO-C879.jpg","contentUrl":"https:\/\/volcanes.net\/wp-content\/uploads\/2018\/09\/FOTO-C879.jpg","width":300,"height":411},{"@type":"BreadcrumbList","@id":"https:\/\/volcanes.net\/?p=2546#breadcrumb","itemListElement":[{"@type":"ListItem","position":1,"name":"Portada","item":"https:\/\/volcanes.net\/"},{"@type":"ListItem","position":2,"name":"Detienen elementos de GTO a sujeto investigado por robos de veh\u00edculos en Naucalpan"}]},{"@type":"WebSite","@id":"https:\/\/volcanes.net\/#website","url":"https:\/\/volcanes.net\/","name":"Volcanes.Net","description":"Periodismo Profesional","publisher":{"@id":"https:\/\/volcanes.net\/#organization"},"potentialAction":[{"@type":"SearchAction","target":{"@type":"EntryPoint","urlTemplate":"https:\/\/volcanes.net\/?s={search_term_string}"},"query-input":{"@type":"PropertyValueSpecification","valueRequired":true,"valueName":"search_term_string"}}],"inLanguage":"es"},{"@type":"Organization","@id":"https:\/\/volcanes.net\/#organization","name":"Grupo Volcanes","url":"https:\/\/volcanes.net\/","logo":{"@type":"ImageObject","inLanguage":"es","@id":"https:\/\/volcanes.net\/#\/schema\/logo\/image\/","url":"http:\/\/volcanes.net\/wp-content\/uploads\/2017\/12\/Avatar2.jpg","contentUrl":"http:\/\/volcanes.net\/wp-content\/uploads\/2017\/12\/Avatar2.jpg","width":378,"height":378,"caption":"Grupo Volcanes"},"image":{"@id":"https:\/\/volcanes.net\/#\/schema\/logo\/image\/"},"sameAs":["https:\/\/www.facebook.com\/volcanes.net\/"]},{"@type":"Person","@id":"https:\/\/volcanes.net\/#\/schema\/person\/4bf0f383940966a4abd53f5048c0e6b9","name":"admin","image":{"@type":"ImageObject","inLanguage":"es","@id":"https:\/\/volcanes.net\/#\/schema\/person\/image\/","url":"https:\/\/secure.gravatar.com\/avatar\/ca004e6cba8462b8cb7abc86e382930c?s=96&d=mm&r=g","contentUrl":"https:\/\/secure.gravatar.com\/avatar\/ca004e6cba8462b8cb7abc86e382930c?s=96&d=mm&r=g","caption":"admin"}}]}},"_links":{"self":[{"href":"https:\/\/volcanes.net\/index.php?rest_route=\/wp\/v2\/posts\/2546"}],"collection":[{"href":"https:\/\/volcanes.net\/index.php?rest_route=\/wp\/v2\/posts"}],"about":[{"href":"https:\/\/volcanes.net\/index.php?rest_route=\/wp\/v2\/types\/post"}],"author":[{"embeddable":true,"href":"https:\/\/volcanes.net\/index.php?rest_route=\/wp\/v2\/users\/1"}],"replies":[{"embeddable":true,"href":"https:\/\/volcanes.net\/index.php?rest_route=%2Fwp%2Fv2%2Fcomments&post=2546"}],"version-history":[{"count":3,"href":"https:\/\/volcanes.net\/index.php?rest_route=\/wp\/v2\/posts\/2546\/revisions"}],"predecessor-version":[{"id":2550,"href":"https:\/\/volcanes.net\/index.php?rest_route=\/wp\/v2\/posts\/2546\/revisions\/2550"}],"wp:featuredmedia":[{"embeddable":true,"href":"https:\/\/volcanes.net\/index.php?rest_route=\/wp\/v2\/media\/2547"}],"wp:attachment":[{"href":"https:\/\/volcanes.net\/index.php?rest_route=%2Fwp%2Fv2%2Fmedia&parent=2546"}],"wp:term":[{"taxonomy":"category","embeddable":true,"href":"https:\/\/volcanes.net\/index.php?rest_route=%2Fwp%2Fv2%2Fcategories&post=2546"},{"taxonomy":"post_tag","embeddable":true,"href":"https:\/\/volcanes.net\/index.php?rest_route=%2Fwp%2Fv2%2Ftags&post=2546"}],"curies":[{"name":"wp","href":"https:\/\/api.w.org\/{rel}","templated":true}]}}