{"id":259,"date":"2018-01-09T03:23:55","date_gmt":"2018-01-09T03:23:55","guid":{"rendered":"http:\/\/volcanes.net\/?p=259"},"modified":"2018-01-09T03:23:55","modified_gmt":"2018-01-09T03:23:55","slug":"inicio-uaem-negociacion-salarial-con-sindicatos-universitarios","status":"publish","type":"post","link":"https:\/\/volcanes.net\/?p=259","title":{"rendered":"Inici\u00f3 UAEM negociaci\u00f3n salarial con sindicatos universitarios"},"content":{"rendered":"<div style=\"margin-top: 0px; margin-bottom: 0px;\" class=\"sharethis-inline-share-buttons\" ><\/div><p class=\"m_-6173152048308684882gmail-MsoNormal\" align=\"center\"><b>\u00a0<\/b>\u00b7\u00a0\u00a0\u00a0\u00a0\u00a0\u00a0\u00a0\u00a0\u00a0<i><span lang=\"ES-TRAD\">El rector Alfredo Barrera encabez\u00f3 la instalaci\u00f3n de las mesas de negociaci\u00f3n salarial con l<\/span><\/i><i><span lang=\"ES-TRAD\">a Federaci\u00f3n de Asociaciones Aut\u00f3nomas de Personal Acad\u00e9mico de la instituci\u00f3n y el Sindicato \u00danico de Trabajadores y Empleados al Servicio de esta casa de estudios.<\/span><\/i><\/p>\n<p class=\"m_-6173152048308684882gmail-MsoListParagraphCxSpLast\"><b><span lang=\"ES-TRAD\">\u00a0<\/span><\/b><\/p>\n<p class=\"m_-6173152048308684882gmail-MsoNormal\"><b>Toluca, M\u00e9x. \u2013 08 de enero de 2018.<\/b>\u00a0Para alcanzar un acuerdo prudente, solidario y mesurado, en el cual prevalezca el proyecto institucional, la negociaci\u00f3n salarial entre la Universidad Aut\u00f3noma del Estado de M\u00e9xico y la Federaci\u00f3n de Asociaciones Aut\u00f3nomas de Personal Acad\u00e9mico de la instituci\u00f3n (FAAPAUAEM) y el Sindicato \u00danico de Trabajadores y Empleados al Servicio de esta casa de estudios (SUTESUAEM) se conducir\u00e1 bajo principios universitarios.<\/p>\n<p class=\"m_-6173152048308684882gmail-MsoNormal\">Durante la instalaci\u00f3n, por separado, de ambas mesas, el rector de la m\u00e1xima casa de estudios mexiquense, Alfredo Barrera Baca, sostuvo que las gestiones realizadas ante instancias federales y estatales permitieron obtener un mayor presupuesto y recursos extraordinarios para la instituci\u00f3n, posibilitan un 2018 promisorio para esta casa de estudios.<\/p>\n<p class=\"m_-6173152048308684882gmail-MsoNormal\">\u201cNo vivimos tiempos de abundancia y por ello, es pertinente actuar con responsabilidad para evitar que las buenas intenciones pongan en riesgo la viabilidad financiera de la UAEM\u201d.<\/p>\n<p class=\"m_-6173152048308684882gmail-MsoNormal\">En la Sala \u201cDr. Gustavo Baz Prada\u201d del Edificio de Rector\u00eda, donde se dieron cita representantes de profesores y trabajadores administrativos, subray\u00f3 que no participar\u00e1 en las negociaciones de las mesas y se reserva la posibilidad de intervenir como patr\u00f3n, en caso de que los acuerdos se estanquen.<\/p>\n<p class=\"m_-6173152048308684882gmail-MsoNormal\">\u201cEn estas mesas dialogar\u00e1n las representaciones patronales y los l\u00edderes gremiales\u201d, afirm\u00f3, al tiempo que reconoci\u00f3 la digna representaci\u00f3n de la instituci\u00f3n por parte del secretario de Administraci\u00f3n, Javier Gonz\u00e1lez Mart\u00ednez; la abogada general, Luz Mar\u00eda Zarza Delgado, y la directora de Recursos Humanos, Mar\u00eda de los \u00c1ngeles Araujo Gonz\u00e1lez, \u201ctres prestigiados universitarios, conocedores de la UAEM y con una probada vocaci\u00f3n de servicio\u201d.<\/p>\n<p class=\"m_-6173152048308684882gmail-MsoNormal\">Por su parte, los secretarios generales de la FAAPAUAEM, V\u00edctor Manuel Pineda Guti\u00e9rrez, y del SUTESUAEM, Pedro Rodr\u00edguez Magallanes, coincidieron que la calidad de la m\u00e1xima casa de estudios mexiquense es producto del trabajo colaborativo de los tres sectores que la conforman: alumnos, personal docente y trabajadores administrativos.<\/p>\n<p class=\"m_-6173152048308684882gmail-MsoNormal\">Manifestaron que en estas mesas de negociaci\u00f3n buscar\u00e1n que haya mejores condiciones para los integrantes de ambas organizaciones y a favor de la consolidaci\u00f3n educativa la Universidad Aut\u00f3noma del Estado de M\u00e9xico.<\/p>\n","protected":false},"excerpt":{"rendered":"<p>\u00a0\u00b7\u00a0\u00a0\u00a0\u00a0\u00a0\u00a0\u00a0\u00a0\u00a0El rector Alfredo Barrera encabez\u00f3 la instalaci\u00f3n de las mesas de negociaci\u00f3n salarial con la<\/p>\n","protected":false},"author":1,"featured_media":260,"comment_status":"open","ping_status":"open","sticky":false,"template":"","format":"standard","meta":{"footnotes":""},"categories":[3],"tags":[25,24],"class_list":["post-259","post","type-post","status-publish","format-standard","has-post-thumbnail","hentry","category-estatales","tag-uaem","tag-uaemex"],"yoast_head":"<!-- This site is optimized with the Yoast SEO plugin v25.3 - https:\/\/yoast.com\/wordpress\/plugins\/seo\/ -->\n<title>Inici\u00f3 UAEM negociaci\u00f3n salarial con sindicatos universitarios - Volcanes<\/title>\n<meta name=\"robots\" content=\"index, follow, max-snippet:-1, max-image-preview:large, max-video-preview:-1\" \/>\n<link rel=\"canonical\" href=\"https:\/\/volcanes.net\/?p=259\" \/>\n<meta property=\"og:locale\" content=\"es_MX\" \/>\n<meta property=\"og:type\" content=\"article\" \/>\n<meta property=\"og:title\" content=\"Inici\u00f3 UAEM negociaci\u00f3n salarial con sindicatos universitarios - Volcanes\" \/>\n<meta property=\"og:description\" content=\"\u00a0\u00b7\u00a0\u00a0\u00a0\u00a0\u00a0\u00a0\u00a0\u00a0\u00a0El rector Alfredo Barrera encabez\u00f3 la instalaci\u00f3n de las mesas de negociaci\u00f3n salarial con la\" \/>\n<meta property=\"og:url\" content=\"https:\/\/volcanes.net\/?p=259\" \/>\n<meta property=\"og:site_name\" content=\"Volcanes\" \/>\n<meta property=\"article:publisher\" content=\"https:\/\/www.facebook.com\/volcanes.net\/\" \/>\n<meta property=\"article:published_time\" content=\"2018-01-09T03:23:55+00:00\" \/>\n<meta property=\"og:image\" content=\"https:\/\/volcanes.net\/wp-content\/uploads\/2018\/01\/comun-022-12.jpg\" \/>\n\t<meta property=\"og:image:width\" content=\"448\" \/>\n\t<meta property=\"og:image:height\" content=\"299\" \/>\n\t<meta property=\"og:image:type\" content=\"image\/jpeg\" \/>\n<meta name=\"author\" content=\"admin\" \/>\n<meta name=\"twitter:card\" content=\"summary_large_image\" \/>\n<meta name=\"twitter:label1\" content=\"Escrito por\" \/>\n\t<meta name=\"twitter:data1\" content=\"admin\" \/>\n\t<meta name=\"twitter:label2\" content=\"Tiempo de lectura\" \/>\n\t<meta name=\"twitter:data2\" content=\"2 minutos\" \/>\n<script type=\"application\/ld+json\" class=\"yoast-schema-graph\">{\"@context\":\"https:\/\/schema.org\",\"@graph\":[{\"@type\":\"Article\",\"@id\":\"https:\/\/volcanes.net\/?p=259#article\",\"isPartOf\":{\"@id\":\"https:\/\/volcanes.net\/?p=259\"},\"author\":{\"name\":\"admin\",\"@id\":\"https:\/\/volcanes.net\/#\/schema\/person\/4bf0f383940966a4abd53f5048c0e6b9\"},\"headline\":\"Inici\u00f3 UAEM negociaci\u00f3n salarial con sindicatos universitarios\",\"datePublished\":\"2018-01-09T03:23:55+00:00\",\"mainEntityOfPage\":{\"@id\":\"https:\/\/volcanes.net\/?p=259\"},\"wordCount\":422,\"commentCount\":0,\"publisher\":{\"@id\":\"https:\/\/volcanes.net\/#organization\"},\"image\":{\"@id\":\"https:\/\/volcanes.net\/?p=259#primaryimage\"},\"thumbnailUrl\":\"https:\/\/volcanes.net\/wp-content\/uploads\/2018\/01\/comun-022-12.jpg\",\"keywords\":[\"UAEM\",\"UAEMEX\"],\"articleSection\":[\"Estatales\"],\"inLanguage\":\"es\",\"potentialAction\":[{\"@type\":\"CommentAction\",\"name\":\"Comment\",\"target\":[\"https:\/\/volcanes.net\/?p=259#respond\"]}]},{\"@type\":\"WebPage\",\"@id\":\"https:\/\/volcanes.net\/?p=259\",\"url\":\"https:\/\/volcanes.net\/?p=259\",\"name\":\"Inici\u00f3 UAEM negociaci\u00f3n salarial con sindicatos universitarios - Volcanes\",\"isPartOf\":{\"@id\":\"https:\/\/volcanes.net\/#website\"},\"primaryImageOfPage\":{\"@id\":\"https:\/\/volcanes.net\/?p=259#primaryimage\"},\"image\":{\"@id\":\"https:\/\/volcanes.net\/?p=259#primaryimage\"},\"thumbnailUrl\":\"https:\/\/volcanes.net\/wp-content\/uploads\/2018\/01\/comun-022-12.jpg\",\"datePublished\":\"2018-01-09T03:23:55+00:00\",\"breadcrumb\":{\"@id\":\"https:\/\/volcanes.net\/?p=259#breadcrumb\"},\"inLanguage\":\"es\",\"potentialAction\":[{\"@type\":\"ReadAction\",\"target\":[\"https:\/\/volcanes.net\/?p=259\"]}]},{\"@type\":\"ImageObject\",\"inLanguage\":\"es\",\"@id\":\"https:\/\/volcanes.net\/?p=259#primaryimage\",\"url\":\"https:\/\/volcanes.net\/wp-content\/uploads\/2018\/01\/comun-022-12.jpg\",\"contentUrl\":\"https:\/\/volcanes.net\/wp-content\/uploads\/2018\/01\/comun-022-12.jpg\",\"width\":448,\"height\":299},{\"@type\":\"BreadcrumbList\",\"@id\":\"https:\/\/volcanes.net\/?p=259#breadcrumb\",\"itemListElement\":[{\"@type\":\"ListItem\",\"position\":1,\"name\":\"Portada\",\"item\":\"https:\/\/volcanes.net\/\"},{\"@type\":\"ListItem\",\"position\":2,\"name\":\"Inici\u00f3 UAEM negociaci\u00f3n salarial con sindicatos universitarios\"}]},{\"@type\":\"WebSite\",\"@id\":\"https:\/\/volcanes.net\/#website\",\"url\":\"https:\/\/volcanes.net\/\",\"name\":\"Volcanes.Net\",\"description\":\"Periodismo Profesional\",\"publisher\":{\"@id\":\"https:\/\/volcanes.net\/#organization\"},\"potentialAction\":[{\"@type\":\"SearchAction\",\"target\":{\"@type\":\"EntryPoint\",\"urlTemplate\":\"https:\/\/volcanes.net\/?s={search_term_string}\"},\"query-input\":{\"@type\":\"PropertyValueSpecification\",\"valueRequired\":true,\"valueName\":\"search_term_string\"}}],\"inLanguage\":\"es\"},{\"@type\":\"Organization\",\"@id\":\"https:\/\/volcanes.net\/#organization\",\"name\":\"Grupo Volcanes\",\"url\":\"https:\/\/volcanes.net\/\",\"logo\":{\"@type\":\"ImageObject\",\"inLanguage\":\"es\",\"@id\":\"https:\/\/volcanes.net\/#\/schema\/logo\/image\/\",\"url\":\"http:\/\/volcanes.net\/wp-content\/uploads\/2017\/12\/Avatar2.jpg\",\"contentUrl\":\"http:\/\/volcanes.net\/wp-content\/uploads\/2017\/12\/Avatar2.jpg\",\"width\":378,\"height\":378,\"caption\":\"Grupo Volcanes\"},\"image\":{\"@id\":\"https:\/\/volcanes.net\/#\/schema\/logo\/image\/\"},\"sameAs\":[\"https:\/\/www.facebook.com\/volcanes.net\/\"]},{\"@type\":\"Person\",\"@id\":\"https:\/\/volcanes.net\/#\/schema\/person\/4bf0f383940966a4abd53f5048c0e6b9\",\"name\":\"admin\",\"image\":{\"@type\":\"ImageObject\",\"inLanguage\":\"es\",\"@id\":\"https:\/\/volcanes.net\/#\/schema\/person\/image\/\",\"url\":\"https:\/\/secure.gravatar.com\/avatar\/ca004e6cba8462b8cb7abc86e382930c?s=96&d=mm&r=g\",\"contentUrl\":\"https:\/\/secure.gravatar.com\/avatar\/ca004e6cba8462b8cb7abc86e382930c?s=96&d=mm&r=g\",\"caption\":\"admin\"}}]}<\/script>\n<!-- \/ Yoast SEO plugin. -->","yoast_head_json":{"title":"Inici\u00f3 UAEM negociaci\u00f3n salarial con sindicatos universitarios - Volcanes","robots":{"index":"index","follow":"follow","max-snippet":"max-snippet:-1","max-image-preview":"max-image-preview:large","max-video-preview":"max-video-preview:-1"},"canonical":"https:\/\/volcanes.net\/?p=259","og_locale":"es_MX","og_type":"article","og_title":"Inici\u00f3 UAEM negociaci\u00f3n salarial con sindicatos universitarios - Volcanes","og_description":"\u00a0\u00b7\u00a0\u00a0\u00a0\u00a0\u00a0\u00a0\u00a0\u00a0\u00a0El rector Alfredo Barrera encabez\u00f3 la instalaci\u00f3n de las mesas de negociaci\u00f3n salarial con la","og_url":"https:\/\/volcanes.net\/?p=259","og_site_name":"Volcanes","article_publisher":"https:\/\/www.facebook.com\/volcanes.net\/","article_published_time":"2018-01-09T03:23:55+00:00","og_image":[{"width":448,"height":299,"url":"https:\/\/volcanes.net\/wp-content\/uploads\/2018\/01\/comun-022-12.jpg","type":"image\/jpeg"}],"author":"admin","twitter_card":"summary_large_image","twitter_misc":{"Escrito por":"admin","Tiempo de lectura":"2 minutos"},"schema":{"@context":"https:\/\/schema.org","@graph":[{"@type":"Article","@id":"https:\/\/volcanes.net\/?p=259#article","isPartOf":{"@id":"https:\/\/volcanes.net\/?p=259"},"author":{"name":"admin","@id":"https:\/\/volcanes.net\/#\/schema\/person\/4bf0f383940966a4abd53f5048c0e6b9"},"headline":"Inici\u00f3 UAEM negociaci\u00f3n salarial con sindicatos universitarios","datePublished":"2018-01-09T03:23:55+00:00","mainEntityOfPage":{"@id":"https:\/\/volcanes.net\/?p=259"},"wordCount":422,"commentCount":0,"publisher":{"@id":"https:\/\/volcanes.net\/#organization"},"image":{"@id":"https:\/\/volcanes.net\/?p=259#primaryimage"},"thumbnailUrl":"https:\/\/volcanes.net\/wp-content\/uploads\/2018\/01\/comun-022-12.jpg","keywords":["UAEM","UAEMEX"],"articleSection":["Estatales"],"inLanguage":"es","potentialAction":[{"@type":"CommentAction","name":"Comment","target":["https:\/\/volcanes.net\/?p=259#respond"]}]},{"@type":"WebPage","@id":"https:\/\/volcanes.net\/?p=259","url":"https:\/\/volcanes.net\/?p=259","name":"Inici\u00f3 UAEM negociaci\u00f3n salarial con sindicatos universitarios - Volcanes","isPartOf":{"@id":"https:\/\/volcanes.net\/#website"},"primaryImageOfPage":{"@id":"https:\/\/volcanes.net\/?p=259#primaryimage"},"image":{"@id":"https:\/\/volcanes.net\/?p=259#primaryimage"},"thumbnailUrl":"https:\/\/volcanes.net\/wp-content\/uploads\/2018\/01\/comun-022-12.jpg","datePublished":"2018-01-09T03:23:55+00:00","breadcrumb":{"@id":"https:\/\/volcanes.net\/?p=259#breadcrumb"},"inLanguage":"es","potentialAction":[{"@type":"ReadAction","target":["https:\/\/volcanes.net\/?p=259"]}]},{"@type":"ImageObject","inLanguage":"es","@id":"https:\/\/volcanes.net\/?p=259#primaryimage","url":"https:\/\/volcanes.net\/wp-content\/uploads\/2018\/01\/comun-022-12.jpg","contentUrl":"https:\/\/volcanes.net\/wp-content\/uploads\/2018\/01\/comun-022-12.jpg","width":448,"height":299},{"@type":"BreadcrumbList","@id":"https:\/\/volcanes.net\/?p=259#breadcrumb","itemListElement":[{"@type":"ListItem","position":1,"name":"Portada","item":"https:\/\/volcanes.net\/"},{"@type":"ListItem","position":2,"name":"Inici\u00f3 UAEM negociaci\u00f3n salarial con sindicatos universitarios"}]},{"@type":"WebSite","@id":"https:\/\/volcanes.net\/#website","url":"https:\/\/volcanes.net\/","name":"Volcanes.Net","description":"Periodismo Profesional","publisher":{"@id":"https:\/\/volcanes.net\/#organization"},"potentialAction":[{"@type":"SearchAction","target":{"@type":"EntryPoint","urlTemplate":"https:\/\/volcanes.net\/?s={search_term_string}"},"query-input":{"@type":"PropertyValueSpecification","valueRequired":true,"valueName":"search_term_string"}}],"inLanguage":"es"},{"@type":"Organization","@id":"https:\/\/volcanes.net\/#organization","name":"Grupo Volcanes","url":"https:\/\/volcanes.net\/","logo":{"@type":"ImageObject","inLanguage":"es","@id":"https:\/\/volcanes.net\/#\/schema\/logo\/image\/","url":"http:\/\/volcanes.net\/wp-content\/uploads\/2017\/12\/Avatar2.jpg","contentUrl":"http:\/\/volcanes.net\/wp-content\/uploads\/2017\/12\/Avatar2.jpg","width":378,"height":378,"caption":"Grupo Volcanes"},"image":{"@id":"https:\/\/volcanes.net\/#\/schema\/logo\/image\/"},"sameAs":["https:\/\/www.facebook.com\/volcanes.net\/"]},{"@type":"Person","@id":"https:\/\/volcanes.net\/#\/schema\/person\/4bf0f383940966a4abd53f5048c0e6b9","name":"admin","image":{"@type":"ImageObject","inLanguage":"es","@id":"https:\/\/volcanes.net\/#\/schema\/person\/image\/","url":"https:\/\/secure.gravatar.com\/avatar\/ca004e6cba8462b8cb7abc86e382930c?s=96&d=mm&r=g","contentUrl":"https:\/\/secure.gravatar.com\/avatar\/ca004e6cba8462b8cb7abc86e382930c?s=96&d=mm&r=g","caption":"admin"}}]}},"_links":{"self":[{"href":"https:\/\/volcanes.net\/index.php?rest_route=\/wp\/v2\/posts\/259"}],"collection":[{"href":"https:\/\/volcanes.net\/index.php?rest_route=\/wp\/v2\/posts"}],"about":[{"href":"https:\/\/volcanes.net\/index.php?rest_route=\/wp\/v2\/types\/post"}],"author":[{"embeddable":true,"href":"https:\/\/volcanes.net\/index.php?rest_route=\/wp\/v2\/users\/1"}],"replies":[{"embeddable":true,"href":"https:\/\/volcanes.net\/index.php?rest_route=%2Fwp%2Fv2%2Fcomments&post=259"}],"version-history":[{"count":1,"href":"https:\/\/volcanes.net\/index.php?rest_route=\/wp\/v2\/posts\/259\/revisions"}],"predecessor-version":[{"id":261,"href":"https:\/\/volcanes.net\/index.php?rest_route=\/wp\/v2\/posts\/259\/revisions\/261"}],"wp:featuredmedia":[{"embeddable":true,"href":"https:\/\/volcanes.net\/index.php?rest_route=\/wp\/v2\/media\/260"}],"wp:attachment":[{"href":"https:\/\/volcanes.net\/index.php?rest_route=%2Fwp%2Fv2%2Fmedia&parent=259"}],"wp:term":[{"taxonomy":"category","embeddable":true,"href":"https:\/\/volcanes.net\/index.php?rest_route=%2Fwp%2Fv2%2Fcategories&post=259"},{"taxonomy":"post_tag","embeddable":true,"href":"https:\/\/volcanes.net\/index.php?rest_route=%2Fwp%2Fv2%2Ftags&post=259"}],"curies":[{"name":"wp","href":"https:\/\/api.w.org\/{rel}","templated":true}]}}