{"id":2602,"date":"2018-09-19T03:28:30","date_gmt":"2018-09-19T03:28:30","guid":{"rendered":"http:\/\/volcanes.net\/?p=2602"},"modified":"2018-09-19T03:28:30","modified_gmt":"2018-09-19T03:28:30","slug":"capacitan-a-servidores-publicos-de-la-sjydh-en-atencion-con-perspectiva-de-genero","status":"publish","type":"post","link":"https:\/\/volcanes.net\/?p=2602","title":{"rendered":"Capacitan a servidores p\u00fablicos de la SJYDH en atenci\u00f3n con perspectiva de g\u00e9nero"},"content":{"rendered":"<div style=\"margin-top: 0px; margin-bottom: 0px;\" class=\"sharethis-inline-share-buttons\" ><\/div><div>\n<em>\u2022 Imparte CODHEM curso con el fin de lograr mayor empat\u00eda con usuarias de servicios p\u00fablicos y compa\u00f1eras de trabajo.<\/em><br \/>\n<em>\u2022 Comprenden actividades de ense\u00f1anza aprendizaje que integra el enfoque de derechos humanos y de igualdad entre mujeres y hombres.<\/em><\/p>\n<p><strong>Toluca, Estado de M\u00e9xico, 18 de septiembre de 2018.\u00a0<\/strong>Con el fin de brindar mejores servicios p\u00fablicos a las y los mexiquenses, y generar mejores ambientes laborales, personal de la Secretar\u00eda de Justicia y Derechos Humanos (SJyDH) recibi\u00f3 capacitaci\u00f3n en materia de g\u00e9nero.<\/p>\n<p>La Comisi\u00f3n de Derechos Humanos del Estado de M\u00e9xico imparti\u00f3 un curso taller con el prop\u00f3sito de sensibilizar a los servidores p\u00fablicos a trav\u00e9s de diferentes din\u00e1micas para generar empat\u00eda e implementar pol\u00edticas p\u00fablicas que promuevan la igualdad entre hombres y mujeres.<\/p>\n<p>Con estos ejercicios, el personal de la Secretar\u00eda fortalece sus capacidades para comprender e identificar la perspectiva de g\u00e9nero y as\u00ed fomentar un ambiente de respeto dentro de sus \u00e1reas de trabajo y hacia las y los ciudadanos.<\/p>\n<p>Ana Karen Vargas Esquivel, Capacitadora de la Comisi\u00f3n de Derechos Humanos del Estado de M\u00e9xico (CODHEM) indic\u00f3 que la perspectiva de g\u00e9nero se vincula directamente con el \u00e1mbito de la justicia social, ya que hablar de este tema implica lograr una coincidencia efectiva de oportunidades, partiendo del reconocimiento de las diferencias naturales entre mujeres y hombres.<\/p>\n<p>Resalt\u00f3 la importancia de la formaci\u00f3n y crecimiento constante de quienes laboran d\u00eda a d\u00eda en la SJDH, ya que son quienes trabajan directamente en la prevenci\u00f3n, atenci\u00f3n, y erradicaci\u00f3n de la violencia contra las mujeres.<\/p>\n<p>La capacitaci\u00f3n que se replicar\u00e1 a m\u00e1s servidores p\u00fablicos, comprende actividades de ense\u00f1anza aprendizaje que integra el enfoque de derechos humanos y de igualdad entre mujeres y hombres y se promueve la comprensi\u00f3n de los factores que reproducen la discriminaci\u00f3n directa, indirecta o estructural, as\u00ed como los alcances del derecho a la igualdad de g\u00e9nero en distintos \u00e1mbitos sociales e institucionales.<\/p>\n<p>Se impartieron los m\u00f3dulos Perspectiva de G\u00e9nero, Uso No Sexista del Lenguaje,\u00a0 Derecho a una Vida Libre de Violencia, Discriminaci\u00f3n por Razones de G\u00e9nero y Uso de Roles al Interior de Casa y Trabajo.<\/p>\n<p>Durante la pl\u00e1tica servidores p\u00fablicos coincidieron en que para alcanzar el ideal de la equidad, es necesario mantener los valores dentro del n\u00facleo familiar, lo que fortalece los derechos universales de los ciudadanos.<\/p>\n<p>A trav\u00e9s de la capacitaci\u00f3n constante, la SJyDH reafirma su compromiso de profesionalizaci\u00f3n de los servidores p\u00fablicos as\u00ed como con la ciudadan\u00eda, lo que se traduce en el acceso de todas las personas a la igualdad real de oportunidades sin exclusi\u00f3n social.<\/p><\/div>\n","protected":false},"excerpt":{"rendered":"<p>\u2022 Imparte CODHEM curso con el fin de lograr mayor empat\u00eda con usuarias de servicios<\/p>\n","protected":false},"author":1,"featured_media":2603,"comment_status":"open","ping_status":"open","sticky":false,"template":"","format":"standard","meta":{"footnotes":""},"categories":[3],"tags":[4],"class_list":["post-2602","post","type-post","status-publish","format-standard","has-post-thumbnail","hentry","category-estatales","tag-gobierno-del-estado-de-mexico"],"yoast_head":"<!-- This site is optimized with the Yoast SEO plugin v25.3 - https:\/\/yoast.com\/wordpress\/plugins\/seo\/ -->\n<title>Capacitan a servidores p\u00fablicos de la SJYDH en atenci\u00f3n con perspectiva de g\u00e9nero - Volcanes<\/title>\n<meta name=\"robots\" content=\"index, follow, max-snippet:-1, max-image-preview:large, max-video-preview:-1\" \/>\n<link rel=\"canonical\" href=\"https:\/\/volcanes.net\/?p=2602\" \/>\n<meta property=\"og:locale\" content=\"es_MX\" \/>\n<meta property=\"og:type\" content=\"article\" \/>\n<meta property=\"og:title\" content=\"Capacitan a servidores p\u00fablicos de la SJYDH en atenci\u00f3n con perspectiva de g\u00e9nero - Volcanes\" \/>\n<meta property=\"og:description\" content=\"\u2022 Imparte CODHEM curso con el fin de lograr mayor empat\u00eda con usuarias de servicios\" \/>\n<meta property=\"og:url\" content=\"https:\/\/volcanes.net\/?p=2602\" \/>\n<meta property=\"og:site_name\" content=\"Volcanes\" \/>\n<meta property=\"article:publisher\" content=\"https:\/\/www.facebook.com\/volcanes.net\/\" \/>\n<meta property=\"article:published_time\" content=\"2018-09-19T03:28:30+00:00\" \/>\n<meta property=\"og:image\" content=\"https:\/\/volcanes.net\/wp-content\/uploads\/2018\/09\/unnamed-5.jpg\" \/>\n\t<meta property=\"og:image:width\" content=\"400\" \/>\n\t<meta property=\"og:image:height\" content=\"209\" \/>\n\t<meta property=\"og:image:type\" content=\"image\/jpeg\" \/>\n<meta name=\"author\" content=\"admin\" \/>\n<meta name=\"twitter:card\" content=\"summary_large_image\" \/>\n<meta name=\"twitter:label1\" content=\"Escrito por\" \/>\n\t<meta name=\"twitter:data1\" content=\"admin\" \/>\n\t<meta name=\"twitter:label2\" content=\"Tiempo de lectura\" \/>\n\t<meta name=\"twitter:data2\" content=\"2 minutos\" \/>\n<script type=\"application\/ld+json\" class=\"yoast-schema-graph\">{\"@context\":\"https:\/\/schema.org\",\"@graph\":[{\"@type\":\"Article\",\"@id\":\"https:\/\/volcanes.net\/?p=2602#article\",\"isPartOf\":{\"@id\":\"https:\/\/volcanes.net\/?p=2602\"},\"author\":{\"name\":\"admin\",\"@id\":\"https:\/\/volcanes.net\/#\/schema\/person\/4bf0f383940966a4abd53f5048c0e6b9\"},\"headline\":\"Capacitan a servidores p\u00fablicos de la SJYDH en atenci\u00f3n con perspectiva de g\u00e9nero\",\"datePublished\":\"2018-09-19T03:28:30+00:00\",\"mainEntityOfPage\":{\"@id\":\"https:\/\/volcanes.net\/?p=2602\"},\"wordCount\":486,\"commentCount\":0,\"publisher\":{\"@id\":\"https:\/\/volcanes.net\/#organization\"},\"image\":{\"@id\":\"https:\/\/volcanes.net\/?p=2602#primaryimage\"},\"thumbnailUrl\":\"https:\/\/volcanes.net\/wp-content\/uploads\/2018\/09\/unnamed-5.jpg\",\"keywords\":[\"Gobierno del Estado de M\u00e9xico\"],\"articleSection\":[\"Estatales\"],\"inLanguage\":\"es\",\"potentialAction\":[{\"@type\":\"CommentAction\",\"name\":\"Comment\",\"target\":[\"https:\/\/volcanes.net\/?p=2602#respond\"]}]},{\"@type\":\"WebPage\",\"@id\":\"https:\/\/volcanes.net\/?p=2602\",\"url\":\"https:\/\/volcanes.net\/?p=2602\",\"name\":\"Capacitan a servidores p\u00fablicos de la SJYDH en atenci\u00f3n con perspectiva de g\u00e9nero - Volcanes\",\"isPartOf\":{\"@id\":\"https:\/\/volcanes.net\/#website\"},\"primaryImageOfPage\":{\"@id\":\"https:\/\/volcanes.net\/?p=2602#primaryimage\"},\"image\":{\"@id\":\"https:\/\/volcanes.net\/?p=2602#primaryimage\"},\"thumbnailUrl\":\"https:\/\/volcanes.net\/wp-content\/uploads\/2018\/09\/unnamed-5.jpg\",\"datePublished\":\"2018-09-19T03:28:30+00:00\",\"breadcrumb\":{\"@id\":\"https:\/\/volcanes.net\/?p=2602#breadcrumb\"},\"inLanguage\":\"es\",\"potentialAction\":[{\"@type\":\"ReadAction\",\"target\":[\"https:\/\/volcanes.net\/?p=2602\"]}]},{\"@type\":\"ImageObject\",\"inLanguage\":\"es\",\"@id\":\"https:\/\/volcanes.net\/?p=2602#primaryimage\",\"url\":\"https:\/\/volcanes.net\/wp-content\/uploads\/2018\/09\/unnamed-5.jpg\",\"contentUrl\":\"https:\/\/volcanes.net\/wp-content\/uploads\/2018\/09\/unnamed-5.jpg\",\"width\":400,\"height\":209},{\"@type\":\"BreadcrumbList\",\"@id\":\"https:\/\/volcanes.net\/?p=2602#breadcrumb\",\"itemListElement\":[{\"@type\":\"ListItem\",\"position\":1,\"name\":\"Portada\",\"item\":\"https:\/\/volcanes.net\/\"},{\"@type\":\"ListItem\",\"position\":2,\"name\":\"Capacitan a servidores p\u00fablicos de la SJYDH en atenci\u00f3n con perspectiva de g\u00e9nero\"}]},{\"@type\":\"WebSite\",\"@id\":\"https:\/\/volcanes.net\/#website\",\"url\":\"https:\/\/volcanes.net\/\",\"name\":\"Volcanes.Net\",\"description\":\"Periodismo Profesional\",\"publisher\":{\"@id\":\"https:\/\/volcanes.net\/#organization\"},\"potentialAction\":[{\"@type\":\"SearchAction\",\"target\":{\"@type\":\"EntryPoint\",\"urlTemplate\":\"https:\/\/volcanes.net\/?s={search_term_string}\"},\"query-input\":{\"@type\":\"PropertyValueSpecification\",\"valueRequired\":true,\"valueName\":\"search_term_string\"}}],\"inLanguage\":\"es\"},{\"@type\":\"Organization\",\"@id\":\"https:\/\/volcanes.net\/#organization\",\"name\":\"Grupo Volcanes\",\"url\":\"https:\/\/volcanes.net\/\",\"logo\":{\"@type\":\"ImageObject\",\"inLanguage\":\"es\",\"@id\":\"https:\/\/volcanes.net\/#\/schema\/logo\/image\/\",\"url\":\"http:\/\/volcanes.net\/wp-content\/uploads\/2017\/12\/Avatar2.jpg\",\"contentUrl\":\"http:\/\/volcanes.net\/wp-content\/uploads\/2017\/12\/Avatar2.jpg\",\"width\":378,\"height\":378,\"caption\":\"Grupo Volcanes\"},\"image\":{\"@id\":\"https:\/\/volcanes.net\/#\/schema\/logo\/image\/\"},\"sameAs\":[\"https:\/\/www.facebook.com\/volcanes.net\/\"]},{\"@type\":\"Person\",\"@id\":\"https:\/\/volcanes.net\/#\/schema\/person\/4bf0f383940966a4abd53f5048c0e6b9\",\"name\":\"admin\",\"image\":{\"@type\":\"ImageObject\",\"inLanguage\":\"es\",\"@id\":\"https:\/\/volcanes.net\/#\/schema\/person\/image\/\",\"url\":\"https:\/\/secure.gravatar.com\/avatar\/ca004e6cba8462b8cb7abc86e382930c?s=96&d=mm&r=g\",\"contentUrl\":\"https:\/\/secure.gravatar.com\/avatar\/ca004e6cba8462b8cb7abc86e382930c?s=96&d=mm&r=g\",\"caption\":\"admin\"}}]}<\/script>\n<!-- \/ Yoast SEO plugin. -->","yoast_head_json":{"title":"Capacitan a servidores p\u00fablicos de la SJYDH en atenci\u00f3n con perspectiva de g\u00e9nero - Volcanes","robots":{"index":"index","follow":"follow","max-snippet":"max-snippet:-1","max-image-preview":"max-image-preview:large","max-video-preview":"max-video-preview:-1"},"canonical":"https:\/\/volcanes.net\/?p=2602","og_locale":"es_MX","og_type":"article","og_title":"Capacitan a servidores p\u00fablicos de la SJYDH en atenci\u00f3n con perspectiva de g\u00e9nero - Volcanes","og_description":"\u2022 Imparte CODHEM curso con el fin de lograr mayor empat\u00eda con usuarias de servicios","og_url":"https:\/\/volcanes.net\/?p=2602","og_site_name":"Volcanes","article_publisher":"https:\/\/www.facebook.com\/volcanes.net\/","article_published_time":"2018-09-19T03:28:30+00:00","og_image":[{"width":400,"height":209,"url":"https:\/\/volcanes.net\/wp-content\/uploads\/2018\/09\/unnamed-5.jpg","type":"image\/jpeg"}],"author":"admin","twitter_card":"summary_large_image","twitter_misc":{"Escrito por":"admin","Tiempo de lectura":"2 minutos"},"schema":{"@context":"https:\/\/schema.org","@graph":[{"@type":"Article","@id":"https:\/\/volcanes.net\/?p=2602#article","isPartOf":{"@id":"https:\/\/volcanes.net\/?p=2602"},"author":{"name":"admin","@id":"https:\/\/volcanes.net\/#\/schema\/person\/4bf0f383940966a4abd53f5048c0e6b9"},"headline":"Capacitan a servidores p\u00fablicos de la SJYDH en atenci\u00f3n con perspectiva de g\u00e9nero","datePublished":"2018-09-19T03:28:30+00:00","mainEntityOfPage":{"@id":"https:\/\/volcanes.net\/?p=2602"},"wordCount":486,"commentCount":0,"publisher":{"@id":"https:\/\/volcanes.net\/#organization"},"image":{"@id":"https:\/\/volcanes.net\/?p=2602#primaryimage"},"thumbnailUrl":"https:\/\/volcanes.net\/wp-content\/uploads\/2018\/09\/unnamed-5.jpg","keywords":["Gobierno del Estado de M\u00e9xico"],"articleSection":["Estatales"],"inLanguage":"es","potentialAction":[{"@type":"CommentAction","name":"Comment","target":["https:\/\/volcanes.net\/?p=2602#respond"]}]},{"@type":"WebPage","@id":"https:\/\/volcanes.net\/?p=2602","url":"https:\/\/volcanes.net\/?p=2602","name":"Capacitan a servidores p\u00fablicos de la SJYDH en atenci\u00f3n con perspectiva de g\u00e9nero - Volcanes","isPartOf":{"@id":"https:\/\/volcanes.net\/#website"},"primaryImageOfPage":{"@id":"https:\/\/volcanes.net\/?p=2602#primaryimage"},"image":{"@id":"https:\/\/volcanes.net\/?p=2602#primaryimage"},"thumbnailUrl":"https:\/\/volcanes.net\/wp-content\/uploads\/2018\/09\/unnamed-5.jpg","datePublished":"2018-09-19T03:28:30+00:00","breadcrumb":{"@id":"https:\/\/volcanes.net\/?p=2602#breadcrumb"},"inLanguage":"es","potentialAction":[{"@type":"ReadAction","target":["https:\/\/volcanes.net\/?p=2602"]}]},{"@type":"ImageObject","inLanguage":"es","@id":"https:\/\/volcanes.net\/?p=2602#primaryimage","url":"https:\/\/volcanes.net\/wp-content\/uploads\/2018\/09\/unnamed-5.jpg","contentUrl":"https:\/\/volcanes.net\/wp-content\/uploads\/2018\/09\/unnamed-5.jpg","width":400,"height":209},{"@type":"BreadcrumbList","@id":"https:\/\/volcanes.net\/?p=2602#breadcrumb","itemListElement":[{"@type":"ListItem","position":1,"name":"Portada","item":"https:\/\/volcanes.net\/"},{"@type":"ListItem","position":2,"name":"Capacitan a servidores p\u00fablicos de la SJYDH en atenci\u00f3n con perspectiva de g\u00e9nero"}]},{"@type":"WebSite","@id":"https:\/\/volcanes.net\/#website","url":"https:\/\/volcanes.net\/","name":"Volcanes.Net","description":"Periodismo Profesional","publisher":{"@id":"https:\/\/volcanes.net\/#organization"},"potentialAction":[{"@type":"SearchAction","target":{"@type":"EntryPoint","urlTemplate":"https:\/\/volcanes.net\/?s={search_term_string}"},"query-input":{"@type":"PropertyValueSpecification","valueRequired":true,"valueName":"search_term_string"}}],"inLanguage":"es"},{"@type":"Organization","@id":"https:\/\/volcanes.net\/#organization","name":"Grupo Volcanes","url":"https:\/\/volcanes.net\/","logo":{"@type":"ImageObject","inLanguage":"es","@id":"https:\/\/volcanes.net\/#\/schema\/logo\/image\/","url":"http:\/\/volcanes.net\/wp-content\/uploads\/2017\/12\/Avatar2.jpg","contentUrl":"http:\/\/volcanes.net\/wp-content\/uploads\/2017\/12\/Avatar2.jpg","width":378,"height":378,"caption":"Grupo Volcanes"},"image":{"@id":"https:\/\/volcanes.net\/#\/schema\/logo\/image\/"},"sameAs":["https:\/\/www.facebook.com\/volcanes.net\/"]},{"@type":"Person","@id":"https:\/\/volcanes.net\/#\/schema\/person\/4bf0f383940966a4abd53f5048c0e6b9","name":"admin","image":{"@type":"ImageObject","inLanguage":"es","@id":"https:\/\/volcanes.net\/#\/schema\/person\/image\/","url":"https:\/\/secure.gravatar.com\/avatar\/ca004e6cba8462b8cb7abc86e382930c?s=96&d=mm&r=g","contentUrl":"https:\/\/secure.gravatar.com\/avatar\/ca004e6cba8462b8cb7abc86e382930c?s=96&d=mm&r=g","caption":"admin"}}]}},"_links":{"self":[{"href":"https:\/\/volcanes.net\/index.php?rest_route=\/wp\/v2\/posts\/2602"}],"collection":[{"href":"https:\/\/volcanes.net\/index.php?rest_route=\/wp\/v2\/posts"}],"about":[{"href":"https:\/\/volcanes.net\/index.php?rest_route=\/wp\/v2\/types\/post"}],"author":[{"embeddable":true,"href":"https:\/\/volcanes.net\/index.php?rest_route=\/wp\/v2\/users\/1"}],"replies":[{"embeddable":true,"href":"https:\/\/volcanes.net\/index.php?rest_route=%2Fwp%2Fv2%2Fcomments&post=2602"}],"version-history":[{"count":1,"href":"https:\/\/volcanes.net\/index.php?rest_route=\/wp\/v2\/posts\/2602\/revisions"}],"predecessor-version":[{"id":2604,"href":"https:\/\/volcanes.net\/index.php?rest_route=\/wp\/v2\/posts\/2602\/revisions\/2604"}],"wp:featuredmedia":[{"embeddable":true,"href":"https:\/\/volcanes.net\/index.php?rest_route=\/wp\/v2\/media\/2603"}],"wp:attachment":[{"href":"https:\/\/volcanes.net\/index.php?rest_route=%2Fwp%2Fv2%2Fmedia&parent=2602"}],"wp:term":[{"taxonomy":"category","embeddable":true,"href":"https:\/\/volcanes.net\/index.php?rest_route=%2Fwp%2Fv2%2Fcategories&post=2602"},{"taxonomy":"post_tag","embeddable":true,"href":"https:\/\/volcanes.net\/index.php?rest_route=%2Fwp%2Fv2%2Ftags&post=2602"}],"curies":[{"name":"wp","href":"https:\/\/api.w.org\/{rel}","templated":true}]}}