{"id":2608,"date":"2018-09-19T04:35:39","date_gmt":"2018-09-19T04:35:39","guid":{"rendered":"http:\/\/volcanes.net\/?p=2608"},"modified":"2018-09-19T04:35:39","modified_gmt":"2018-09-19T04:35:39","slug":"vinculan-a-proceso-a-probable-lider-delincuencial-dedicado-a-la-venta-y-distribucion-de-droga-en-municipios-del-valle-de-mexico","status":"publish","type":"post","link":"https:\/\/volcanes.net\/?p=2608","title":{"rendered":"Vinculan a proceso a probable l\u00edder delincuencial dedicado a la venta y distribuci\u00f3n de droga en municipios del Valle de M\u00e9xico"},"content":{"rendered":"<div style=\"margin-top: 0px; margin-bottom: 0px;\" class=\"sharethis-inline-share-buttons\" ><\/div><ul>\n<li style=\"font-weight: 400\"><em>Este sujeto lleg\u00f3 a controlar hasta 30 puntos de venta y distribuci\u00f3n de narc\u00f3ticos en los municipios de Naucalpan, Tlalnepantla y Huixquilucan<\/em>.<\/li>\n<\/ul>\n<p style=\"font-weight: 400\"><strong>Toluca, M\u00e9xico, 18 de septiembre de 2018.-<\/strong>\u00a0Un sujeto identificado como Orlando \u201cN\u201d, detenido en un operativo conjunto entre la Fiscal\u00eda General de Justicia del Estado de M\u00e9xico (FGJEM) y elementos de la Secretar\u00eda de Marina Armada de M\u00e9xico (SEMAR), fue vinculado a proceso, luego de que el Representante Social acredit\u00f3 su probable participaci\u00f3n en delitos contra la salud con fines de comercio.<\/p>\n<p style=\"font-weight: 400\">\u00a0\u00a0\u00a0\u00a0\u00a0\u00a0\u00a0\u00a0\u00a0\u00a0\u00a0\u00a0Los elementos de prueba recabados y aportados por el Agente del Ministerio P\u00fablico fueron determinantes para que un Juez del Distrito Judicial de Tlalnepantla, determinara iniciar un proceso legal en contra de este individuo, quien al parecer era el l\u00edder de un grupo delincuencial dedicado a la venta y distribuci\u00f3n de drogas en los municipios de Naucalpan, Tlalnepantla y Huixquilucan, en los que lleg\u00f3 a controlar hasta 30 puntos de venta y distribuci\u00f3n de narc\u00f3ticos.<\/p>\n<p style=\"font-weight: 400\">\u00a0\u00a0\u00a0\u00a0\u00a0\u00a0\u00a0\u00a0\u00a0\u00a0\u00a0\u00a0Cabe mencionar que este sujeto fue detenido hace unos d\u00edas, y durante este operativo le fueron aseguradas 20 bolsas de pl\u00e1stico transparente con hierba verde y seca con las caracter\u00edsticas de la marihuana, tres armas de fuego, seis cargadores desabastecidos, m\u00e1s de 100 cartuchos \u00fatiles de diversos calibres y dinero en efectivo.<\/p>\n<p style=\"font-weight: 400\">\u00a0\u00a0\u00a0\u00a0\u00a0\u00a0\u00a0\u00a0\u00a0\u00a0\u00a0\u00a0Luego de ser detenido fue presentado ante el Agente del Ministerio P\u00fablico, quien lo remiti\u00f3 ante un Juez en el Centro Penitenciario y de Reinserci\u00f3n Social de Tlalnepantla, quien lo vincul\u00f3 a proceso por delitos contra la salud, y le fij\u00f3 un plazo de un mes para el cierre de investigaci\u00f3n, sin embargo, se le debe considerar inocente hasta que sea dictada una sentencia condenatoria en su contra.<\/p>\n<p style=\"font-weight: 400\">\u00a0\u00a0\u00a0\u00a0\u00a0\u00a0\u00a0\u00a0\u00a0\u00a0\u00a0\u00a0Orlando \u201cN\u201d tiene adem\u00e1s una orden de aprehensi\u00f3n por el delito de homicidio calificado, ya que es investigado por el homicidio dos personas, registrado el 13 de enero del 2013, en el municipio de Naucalpan.<\/p>\n<p style=\"font-weight: 400\">\u00a0\u00a0\u00a0\u00a0\u00a0\u00a0\u00a0\u00a0\u00a0\u00a0\u00a0\u00a0La Fiscal\u00eda General de Justicia estatal hace un llamado a la ciudadan\u00eda para que en caso de que reconozca a este sujeto como probable part\u00edcipe de alg\u00fan otro il\u00edcito, sea denunciado a trav\u00e9s del correo electr\u00f3nico\u00a0<a href=\"mailto:cerotolerancia@edomex.gob.mx\">cerotolerancia@edomex.gob.mx<\/a>, al n\u00famero telef\u00f3nico 01 800 7028770, o bien, por medio de la aplicaci\u00f3n FGJEdomex, la cual est\u00e1 disponible de manera gratuita para todos los tel\u00e9fonos inteligentes de los sistemas iOS y Android.<\/p>\n","protected":false},"excerpt":{"rendered":"<p>Este sujeto lleg\u00f3 a controlar hasta 30 puntos de venta y distribuci\u00f3n de narc\u00f3ticos en<\/p>\n","protected":false},"author":1,"featured_media":2609,"comment_status":"open","ping_status":"open","sticky":false,"template":"","format":"standard","meta":{"footnotes":""},"categories":[1],"tags":[75,92],"class_list":["post-2608","post","type-post","status-publish","format-standard","has-post-thumbnail","hentry","category-municipales","tag-naucalpan","tag-tlalnepantla"],"yoast_head":"<!-- This site is optimized with the Yoast SEO plugin v25.3 - https:\/\/yoast.com\/wordpress\/plugins\/seo\/ -->\n<title>Vinculan a proceso a probable l\u00edder delincuencial dedicado a la venta y distribuci\u00f3n de droga en municipios del Valle de M\u00e9xico - Volcanes<\/title>\n<meta name=\"robots\" content=\"index, follow, max-snippet:-1, max-image-preview:large, max-video-preview:-1\" \/>\n<link rel=\"canonical\" href=\"https:\/\/volcanes.net\/?p=2608\" \/>\n<meta property=\"og:locale\" content=\"es_MX\" \/>\n<meta property=\"og:type\" content=\"article\" \/>\n<meta property=\"og:title\" content=\"Vinculan a proceso a probable l\u00edder delincuencial dedicado a la venta y distribuci\u00f3n de droga en municipios del Valle de M\u00e9xico - Volcanes\" \/>\n<meta property=\"og:description\" content=\"Este sujeto lleg\u00f3 a controlar hasta 30 puntos de venta y distribuci\u00f3n de narc\u00f3ticos en\" \/>\n<meta property=\"og:url\" content=\"https:\/\/volcanes.net\/?p=2608\" \/>\n<meta property=\"og:site_name\" content=\"Volcanes\" \/>\n<meta property=\"article:publisher\" content=\"https:\/\/www.facebook.com\/volcanes.net\/\" \/>\n<meta property=\"article:published_time\" content=\"2018-09-19T04:35:39+00:00\" \/>\n<meta property=\"og:image\" content=\"https:\/\/volcanes.net\/wp-content\/uploads\/2018\/09\/FOTO-C897.jpg\" \/>\n\t<meta property=\"og:image:width\" content=\"400\" \/>\n\t<meta property=\"og:image:height\" content=\"300\" \/>\n\t<meta property=\"og:image:type\" content=\"image\/jpeg\" \/>\n<meta name=\"author\" content=\"admin\" \/>\n<meta name=\"twitter:card\" content=\"summary_large_image\" \/>\n<meta name=\"twitter:label1\" content=\"Escrito por\" \/>\n\t<meta name=\"twitter:data1\" content=\"admin\" \/>\n\t<meta name=\"twitter:label2\" content=\"Tiempo de lectura\" \/>\n\t<meta name=\"twitter:data2\" content=\"2 minutos\" \/>\n<script type=\"application\/ld+json\" class=\"yoast-schema-graph\">{\"@context\":\"https:\/\/schema.org\",\"@graph\":[{\"@type\":\"Article\",\"@id\":\"https:\/\/volcanes.net\/?p=2608#article\",\"isPartOf\":{\"@id\":\"https:\/\/volcanes.net\/?p=2608\"},\"author\":{\"name\":\"admin\",\"@id\":\"https:\/\/volcanes.net\/#\/schema\/person\/4bf0f383940966a4abd53f5048c0e6b9\"},\"headline\":\"Vinculan a proceso a probable l\u00edder delincuencial dedicado a la venta y distribuci\u00f3n de droga en municipios del Valle de M\u00e9xico\",\"datePublished\":\"2018-09-19T04:35:39+00:00\",\"mainEntityOfPage\":{\"@id\":\"https:\/\/volcanes.net\/?p=2608\"},\"wordCount\":434,\"commentCount\":0,\"publisher\":{\"@id\":\"https:\/\/volcanes.net\/#organization\"},\"image\":{\"@id\":\"https:\/\/volcanes.net\/?p=2608#primaryimage\"},\"thumbnailUrl\":\"https:\/\/volcanes.net\/wp-content\/uploads\/2018\/09\/FOTO-C897.jpg\",\"keywords\":[\"Naucalpan\",\"Tlalnepantla\"],\"articleSection\":[\"Municipales\"],\"inLanguage\":\"es\",\"potentialAction\":[{\"@type\":\"CommentAction\",\"name\":\"Comment\",\"target\":[\"https:\/\/volcanes.net\/?p=2608#respond\"]}]},{\"@type\":\"WebPage\",\"@id\":\"https:\/\/volcanes.net\/?p=2608\",\"url\":\"https:\/\/volcanes.net\/?p=2608\",\"name\":\"Vinculan a proceso a probable l\u00edder delincuencial dedicado a la venta y distribuci\u00f3n de droga en municipios del Valle de M\u00e9xico - Volcanes\",\"isPartOf\":{\"@id\":\"https:\/\/volcanes.net\/#website\"},\"primaryImageOfPage\":{\"@id\":\"https:\/\/volcanes.net\/?p=2608#primaryimage\"},\"image\":{\"@id\":\"https:\/\/volcanes.net\/?p=2608#primaryimage\"},\"thumbnailUrl\":\"https:\/\/volcanes.net\/wp-content\/uploads\/2018\/09\/FOTO-C897.jpg\",\"datePublished\":\"2018-09-19T04:35:39+00:00\",\"breadcrumb\":{\"@id\":\"https:\/\/volcanes.net\/?p=2608#breadcrumb\"},\"inLanguage\":\"es\",\"potentialAction\":[{\"@type\":\"ReadAction\",\"target\":[\"https:\/\/volcanes.net\/?p=2608\"]}]},{\"@type\":\"ImageObject\",\"inLanguage\":\"es\",\"@id\":\"https:\/\/volcanes.net\/?p=2608#primaryimage\",\"url\":\"https:\/\/volcanes.net\/wp-content\/uploads\/2018\/09\/FOTO-C897.jpg\",\"contentUrl\":\"https:\/\/volcanes.net\/wp-content\/uploads\/2018\/09\/FOTO-C897.jpg\",\"width\":400,\"height\":300},{\"@type\":\"BreadcrumbList\",\"@id\":\"https:\/\/volcanes.net\/?p=2608#breadcrumb\",\"itemListElement\":[{\"@type\":\"ListItem\",\"position\":1,\"name\":\"Portada\",\"item\":\"https:\/\/volcanes.net\/\"},{\"@type\":\"ListItem\",\"position\":2,\"name\":\"Vinculan a proceso a probable l\u00edder delincuencial dedicado a la venta y distribuci\u00f3n de droga en municipios del Valle de M\u00e9xico\"}]},{\"@type\":\"WebSite\",\"@id\":\"https:\/\/volcanes.net\/#website\",\"url\":\"https:\/\/volcanes.net\/\",\"name\":\"Volcanes.Net\",\"description\":\"Periodismo Profesional\",\"publisher\":{\"@id\":\"https:\/\/volcanes.net\/#organization\"},\"potentialAction\":[{\"@type\":\"SearchAction\",\"target\":{\"@type\":\"EntryPoint\",\"urlTemplate\":\"https:\/\/volcanes.net\/?s={search_term_string}\"},\"query-input\":{\"@type\":\"PropertyValueSpecification\",\"valueRequired\":true,\"valueName\":\"search_term_string\"}}],\"inLanguage\":\"es\"},{\"@type\":\"Organization\",\"@id\":\"https:\/\/volcanes.net\/#organization\",\"name\":\"Grupo Volcanes\",\"url\":\"https:\/\/volcanes.net\/\",\"logo\":{\"@type\":\"ImageObject\",\"inLanguage\":\"es\",\"@id\":\"https:\/\/volcanes.net\/#\/schema\/logo\/image\/\",\"url\":\"http:\/\/volcanes.net\/wp-content\/uploads\/2017\/12\/Avatar2.jpg\",\"contentUrl\":\"http:\/\/volcanes.net\/wp-content\/uploads\/2017\/12\/Avatar2.jpg\",\"width\":378,\"height\":378,\"caption\":\"Grupo Volcanes\"},\"image\":{\"@id\":\"https:\/\/volcanes.net\/#\/schema\/logo\/image\/\"},\"sameAs\":[\"https:\/\/www.facebook.com\/volcanes.net\/\"]},{\"@type\":\"Person\",\"@id\":\"https:\/\/volcanes.net\/#\/schema\/person\/4bf0f383940966a4abd53f5048c0e6b9\",\"name\":\"admin\",\"image\":{\"@type\":\"ImageObject\",\"inLanguage\":\"es\",\"@id\":\"https:\/\/volcanes.net\/#\/schema\/person\/image\/\",\"url\":\"https:\/\/secure.gravatar.com\/avatar\/ca004e6cba8462b8cb7abc86e382930c?s=96&d=mm&r=g\",\"contentUrl\":\"https:\/\/secure.gravatar.com\/avatar\/ca004e6cba8462b8cb7abc86e382930c?s=96&d=mm&r=g\",\"caption\":\"admin\"}}]}<\/script>\n<!-- \/ Yoast SEO plugin. -->","yoast_head_json":{"title":"Vinculan a proceso a probable l\u00edder delincuencial dedicado a la venta y distribuci\u00f3n de droga en municipios del Valle de M\u00e9xico - Volcanes","robots":{"index":"index","follow":"follow","max-snippet":"max-snippet:-1","max-image-preview":"max-image-preview:large","max-video-preview":"max-video-preview:-1"},"canonical":"https:\/\/volcanes.net\/?p=2608","og_locale":"es_MX","og_type":"article","og_title":"Vinculan a proceso a probable l\u00edder delincuencial dedicado a la venta y distribuci\u00f3n de droga en municipios del Valle de M\u00e9xico - Volcanes","og_description":"Este sujeto lleg\u00f3 a controlar hasta 30 puntos de venta y distribuci\u00f3n de narc\u00f3ticos en","og_url":"https:\/\/volcanes.net\/?p=2608","og_site_name":"Volcanes","article_publisher":"https:\/\/www.facebook.com\/volcanes.net\/","article_published_time":"2018-09-19T04:35:39+00:00","og_image":[{"width":400,"height":300,"url":"https:\/\/volcanes.net\/wp-content\/uploads\/2018\/09\/FOTO-C897.jpg","type":"image\/jpeg"}],"author":"admin","twitter_card":"summary_large_image","twitter_misc":{"Escrito por":"admin","Tiempo de lectura":"2 minutos"},"schema":{"@context":"https:\/\/schema.org","@graph":[{"@type":"Article","@id":"https:\/\/volcanes.net\/?p=2608#article","isPartOf":{"@id":"https:\/\/volcanes.net\/?p=2608"},"author":{"name":"admin","@id":"https:\/\/volcanes.net\/#\/schema\/person\/4bf0f383940966a4abd53f5048c0e6b9"},"headline":"Vinculan a proceso a probable l\u00edder delincuencial dedicado a la venta y distribuci\u00f3n de droga en municipios del Valle de M\u00e9xico","datePublished":"2018-09-19T04:35:39+00:00","mainEntityOfPage":{"@id":"https:\/\/volcanes.net\/?p=2608"},"wordCount":434,"commentCount":0,"publisher":{"@id":"https:\/\/volcanes.net\/#organization"},"image":{"@id":"https:\/\/volcanes.net\/?p=2608#primaryimage"},"thumbnailUrl":"https:\/\/volcanes.net\/wp-content\/uploads\/2018\/09\/FOTO-C897.jpg","keywords":["Naucalpan","Tlalnepantla"],"articleSection":["Municipales"],"inLanguage":"es","potentialAction":[{"@type":"CommentAction","name":"Comment","target":["https:\/\/volcanes.net\/?p=2608#respond"]}]},{"@type":"WebPage","@id":"https:\/\/volcanes.net\/?p=2608","url":"https:\/\/volcanes.net\/?p=2608","name":"Vinculan a proceso a probable l\u00edder delincuencial dedicado a la venta y distribuci\u00f3n de droga en municipios del Valle de M\u00e9xico - Volcanes","isPartOf":{"@id":"https:\/\/volcanes.net\/#website"},"primaryImageOfPage":{"@id":"https:\/\/volcanes.net\/?p=2608#primaryimage"},"image":{"@id":"https:\/\/volcanes.net\/?p=2608#primaryimage"},"thumbnailUrl":"https:\/\/volcanes.net\/wp-content\/uploads\/2018\/09\/FOTO-C897.jpg","datePublished":"2018-09-19T04:35:39+00:00","breadcrumb":{"@id":"https:\/\/volcanes.net\/?p=2608#breadcrumb"},"inLanguage":"es","potentialAction":[{"@type":"ReadAction","target":["https:\/\/volcanes.net\/?p=2608"]}]},{"@type":"ImageObject","inLanguage":"es","@id":"https:\/\/volcanes.net\/?p=2608#primaryimage","url":"https:\/\/volcanes.net\/wp-content\/uploads\/2018\/09\/FOTO-C897.jpg","contentUrl":"https:\/\/volcanes.net\/wp-content\/uploads\/2018\/09\/FOTO-C897.jpg","width":400,"height":300},{"@type":"BreadcrumbList","@id":"https:\/\/volcanes.net\/?p=2608#breadcrumb","itemListElement":[{"@type":"ListItem","position":1,"name":"Portada","item":"https:\/\/volcanes.net\/"},{"@type":"ListItem","position":2,"name":"Vinculan a proceso a probable l\u00edder delincuencial dedicado a la venta y distribuci\u00f3n de droga en municipios del Valle de M\u00e9xico"}]},{"@type":"WebSite","@id":"https:\/\/volcanes.net\/#website","url":"https:\/\/volcanes.net\/","name":"Volcanes.Net","description":"Periodismo Profesional","publisher":{"@id":"https:\/\/volcanes.net\/#organization"},"potentialAction":[{"@type":"SearchAction","target":{"@type":"EntryPoint","urlTemplate":"https:\/\/volcanes.net\/?s={search_term_string}"},"query-input":{"@type":"PropertyValueSpecification","valueRequired":true,"valueName":"search_term_string"}}],"inLanguage":"es"},{"@type":"Organization","@id":"https:\/\/volcanes.net\/#organization","name":"Grupo Volcanes","url":"https:\/\/volcanes.net\/","logo":{"@type":"ImageObject","inLanguage":"es","@id":"https:\/\/volcanes.net\/#\/schema\/logo\/image\/","url":"http:\/\/volcanes.net\/wp-content\/uploads\/2017\/12\/Avatar2.jpg","contentUrl":"http:\/\/volcanes.net\/wp-content\/uploads\/2017\/12\/Avatar2.jpg","width":378,"height":378,"caption":"Grupo Volcanes"},"image":{"@id":"https:\/\/volcanes.net\/#\/schema\/logo\/image\/"},"sameAs":["https:\/\/www.facebook.com\/volcanes.net\/"]},{"@type":"Person","@id":"https:\/\/volcanes.net\/#\/schema\/person\/4bf0f383940966a4abd53f5048c0e6b9","name":"admin","image":{"@type":"ImageObject","inLanguage":"es","@id":"https:\/\/volcanes.net\/#\/schema\/person\/image\/","url":"https:\/\/secure.gravatar.com\/avatar\/ca004e6cba8462b8cb7abc86e382930c?s=96&d=mm&r=g","contentUrl":"https:\/\/secure.gravatar.com\/avatar\/ca004e6cba8462b8cb7abc86e382930c?s=96&d=mm&r=g","caption":"admin"}}]}},"_links":{"self":[{"href":"https:\/\/volcanes.net\/index.php?rest_route=\/wp\/v2\/posts\/2608"}],"collection":[{"href":"https:\/\/volcanes.net\/index.php?rest_route=\/wp\/v2\/posts"}],"about":[{"href":"https:\/\/volcanes.net\/index.php?rest_route=\/wp\/v2\/types\/post"}],"author":[{"embeddable":true,"href":"https:\/\/volcanes.net\/index.php?rest_route=\/wp\/v2\/users\/1"}],"replies":[{"embeddable":true,"href":"https:\/\/volcanes.net\/index.php?rest_route=%2Fwp%2Fv2%2Fcomments&post=2608"}],"version-history":[{"count":1,"href":"https:\/\/volcanes.net\/index.php?rest_route=\/wp\/v2\/posts\/2608\/revisions"}],"predecessor-version":[{"id":2610,"href":"https:\/\/volcanes.net\/index.php?rest_route=\/wp\/v2\/posts\/2608\/revisions\/2610"}],"wp:featuredmedia":[{"embeddable":true,"href":"https:\/\/volcanes.net\/index.php?rest_route=\/wp\/v2\/media\/2609"}],"wp:attachment":[{"href":"https:\/\/volcanes.net\/index.php?rest_route=%2Fwp%2Fv2%2Fmedia&parent=2608"}],"wp:term":[{"taxonomy":"category","embeddable":true,"href":"https:\/\/volcanes.net\/index.php?rest_route=%2Fwp%2Fv2%2Fcategories&post=2608"},{"taxonomy":"post_tag","embeddable":true,"href":"https:\/\/volcanes.net\/index.php?rest_route=%2Fwp%2Fv2%2Ftags&post=2608"}],"curies":[{"name":"wp","href":"https:\/\/api.w.org\/{rel}","templated":true}]}}