{"id":262,"date":"2018-01-09T03:27:07","date_gmt":"2018-01-09T03:27:07","guid":{"rendered":"http:\/\/volcanes.net\/?p=262"},"modified":"2018-01-09T03:27:07","modified_gmt":"2018-01-09T03:27:07","slug":"turismo-politico-no-significa-compromiso-con-mexico-jose-antonio-meade","status":"publish","type":"post","link":"https:\/\/volcanes.net\/?p=262","title":{"rendered":"Turismo pol\u00edtico no significa compromiso con M\u00e9xico: Jos\u00e9 Antonio Meade"},"content":{"rendered":"<div style=\"margin-top: 0px; margin-bottom: 0px;\" class=\"sharethis-inline-share-buttons\" ><\/div><ul>\n<li style=\"font-weight: 400;\"><strong><em>Que en M\u00e9xico no le tengamos tolerancia al que le falte al respeto a una mujer, pidi\u00f3 el precandidato<\/em><\/strong><\/li>\n<\/ul>\n<p style=\"font-weight: 400;\">El precandidato del PRI a la Presidencia de la Rep\u00fablica Mexicana, Jos\u00e9 Antonio Meade Kuribre\u00f1a, alert\u00f3 esta tarde sobre los riegos del turismo pol\u00edtico y de aquellos que no toman enserio la educaci\u00f3n, ni los proyectos que permitan que los j\u00f3venes mexicanos est\u00e9n mejor preparados para enfrentar los retos del siglo XXI.<\/p>\n<p style=\"font-weight: 400;\">\nMeade Kuribre\u00f1a destac\u00f3 las virtudes e importancia del Modelo Dual en la formaci\u00f3n de estudiantes. Dijo que este proyecto permite que los j\u00f3venes acudan a la escuela y lleven lo que aprenden en las aulas a los sectores productivos y contrasten sus conocimientos con lo que la realidad le exige.<\/p>\n<p style=\"font-weight: 400;\">\n\u201cY es muy importante que lo entendamos bien, porque hay un estudiante por ah\u00ed de candidato que se tard\u00f3 10 a\u00f1os, poco m\u00e1s en terminar sus estudios y que lleva 10 a\u00f1os sin trabajar, eso no es el modelo Dual, hacer turismo pol\u00edtico no es trabajo, hacer turismo pol\u00edtico no es compromiso\u201d, expres\u00f3 en el auditorio Luis Donaldo Colosio del Comit\u00e9 Directivo del PRI del estado.<\/p>\n<p style=\"font-weight: 400;\">\nEl precandidato asegur\u00f3 que las nuevas generaciones requieren de ejemplos de diligencia y rigor. \u201cTardarse diez a\u00f1os en terminar los estudios no es ejemplo, aqu\u00ed en San Luis los estudiantes saben que con el modelo dual encontraran alternativa, que podr\u00e1n estudiar y trabajar y as\u00ed salir adelante\u201d, afirm\u00f3.<\/p>\n<p style=\"font-weight: 400;\">\nDijo que es importante complementar la preparaci\u00f3n acad\u00e9mica de los j\u00f3venes con el cuidado de la econom\u00eda familiar, asegurar que todas las ni\u00f1as y los ni\u00f1os de las comunidades ind\u00edgenas tengan alimento en sus mesas y que todos los mexicanos gocen de buena salud.<\/p>\n<p style=\"font-weight: 400;\">\nEl precandidato presidencial reiter\u00f3 la relevancia de promover la equidad de g\u00e9nero y el respeto de la mujer, para que no se violen sus derechos humanos en ning\u00fan rinc\u00f3n del pa\u00eds.<\/p>\n<p>\u201cQue en M\u00e9xico se respete a la mujer, que se respete a la mujer en casa, en la escuela, en la ciudad y en el trabajo. Que en M\u00e9xico no le tengamos tolerancia al que le falte al respeto a una mujer\u201d, aclam\u00f3 Meade Kuribre\u00f1a.<\/p>\n<p style=\"font-weight: 400;\">\nAnte militantes, sectores y estructuras del Revolucionario Institucional, expres\u00f3 su comprmiso para impulsar la productividad del campo mexicano con cr\u00e9ditos, tecnolog\u00eda y capacitaci\u00f3n, as\u00ed como para apoyar a todos aquellos que trabajan las tierras mexicanas<\/p>\n<p>Por la tarde, Meade Kuribre\u00f1a pondr\u00e1 en marcha el primero de ocho foros tem\u00e1ticos que se celebrar\u00e1n en diferentes puntos de pa\u00eds.<\/p>\n","protected":false},"excerpt":{"rendered":"<p>Que en M\u00e9xico no le tengamos tolerancia al que le falte al respeto a una<\/p>\n","protected":false},"author":1,"featured_media":263,"comment_status":"open","ping_status":"open","sticky":false,"template":"","format":"standard","meta":{"footnotes":""},"categories":[1],"tags":[36,41],"class_list":["post-262","post","type-post","status-publish","format-standard","has-post-thumbnail","hentry","category-municipales","tag-meade","tag-toluca"],"yoast_head":"<!-- This site is optimized with the Yoast SEO plugin v25.3 - https:\/\/yoast.com\/wordpress\/plugins\/seo\/ -->\n<title>Turismo pol\u00edtico no significa compromiso con M\u00e9xico: Jos\u00e9 Antonio Meade - Volcanes<\/title>\n<meta name=\"robots\" content=\"index, follow, max-snippet:-1, max-image-preview:large, max-video-preview:-1\" \/>\n<link rel=\"canonical\" href=\"https:\/\/volcanes.net\/?p=262\" \/>\n<meta property=\"og:locale\" content=\"es_MX\" \/>\n<meta property=\"og:type\" content=\"article\" \/>\n<meta property=\"og:title\" content=\"Turismo pol\u00edtico no significa compromiso con M\u00e9xico: Jos\u00e9 Antonio Meade - Volcanes\" \/>\n<meta property=\"og:description\" content=\"Que en M\u00e9xico no le tengamos tolerancia al que le falte al respeto a una\" \/>\n<meta property=\"og:url\" content=\"https:\/\/volcanes.net\/?p=262\" \/>\n<meta property=\"og:site_name\" content=\"Volcanes\" \/>\n<meta property=\"article:publisher\" content=\"https:\/\/www.facebook.com\/volcanes.net\/\" \/>\n<meta property=\"article:published_time\" content=\"2018-01-09T03:27:07+00:00\" \/>\n<meta property=\"og:image\" content=\"https:\/\/volcanes.net\/wp-content\/uploads\/2018\/01\/IMG-20180108-WA0007.jpg\" \/>\n\t<meta property=\"og:image:width\" content=\"448\" \/>\n\t<meta property=\"og:image:height\" content=\"305\" \/>\n\t<meta property=\"og:image:type\" content=\"image\/jpeg\" \/>\n<meta name=\"author\" content=\"admin\" \/>\n<meta name=\"twitter:card\" content=\"summary_large_image\" \/>\n<meta name=\"twitter:label1\" content=\"Escrito por\" \/>\n\t<meta name=\"twitter:data1\" content=\"admin\" \/>\n\t<meta name=\"twitter:label2\" content=\"Tiempo de lectura\" \/>\n\t<meta name=\"twitter:data2\" content=\"2 minutos\" \/>\n<script type=\"application\/ld+json\" class=\"yoast-schema-graph\">{\"@context\":\"https:\/\/schema.org\",\"@graph\":[{\"@type\":\"Article\",\"@id\":\"https:\/\/volcanes.net\/?p=262#article\",\"isPartOf\":{\"@id\":\"https:\/\/volcanes.net\/?p=262\"},\"author\":{\"name\":\"admin\",\"@id\":\"https:\/\/volcanes.net\/#\/schema\/person\/4bf0f383940966a4abd53f5048c0e6b9\"},\"headline\":\"Turismo pol\u00edtico no significa compromiso con M\u00e9xico: Jos\u00e9 Antonio Meade\",\"datePublished\":\"2018-01-09T03:27:07+00:00\",\"mainEntityOfPage\":{\"@id\":\"https:\/\/volcanes.net\/?p=262\"},\"wordCount\":460,\"commentCount\":0,\"publisher\":{\"@id\":\"https:\/\/volcanes.net\/#organization\"},\"image\":{\"@id\":\"https:\/\/volcanes.net\/?p=262#primaryimage\"},\"thumbnailUrl\":\"https:\/\/volcanes.net\/wp-content\/uploads\/2018\/01\/IMG-20180108-WA0007.jpg\",\"keywords\":[\"Meade\",\"Toluca\"],\"articleSection\":[\"Municipales\"],\"inLanguage\":\"es\",\"potentialAction\":[{\"@type\":\"CommentAction\",\"name\":\"Comment\",\"target\":[\"https:\/\/volcanes.net\/?p=262#respond\"]}]},{\"@type\":\"WebPage\",\"@id\":\"https:\/\/volcanes.net\/?p=262\",\"url\":\"https:\/\/volcanes.net\/?p=262\",\"name\":\"Turismo pol\u00edtico no significa compromiso con M\u00e9xico: Jos\u00e9 Antonio Meade - Volcanes\",\"isPartOf\":{\"@id\":\"https:\/\/volcanes.net\/#website\"},\"primaryImageOfPage\":{\"@id\":\"https:\/\/volcanes.net\/?p=262#primaryimage\"},\"image\":{\"@id\":\"https:\/\/volcanes.net\/?p=262#primaryimage\"},\"thumbnailUrl\":\"https:\/\/volcanes.net\/wp-content\/uploads\/2018\/01\/IMG-20180108-WA0007.jpg\",\"datePublished\":\"2018-01-09T03:27:07+00:00\",\"breadcrumb\":{\"@id\":\"https:\/\/volcanes.net\/?p=262#breadcrumb\"},\"inLanguage\":\"es\",\"potentialAction\":[{\"@type\":\"ReadAction\",\"target\":[\"https:\/\/volcanes.net\/?p=262\"]}]},{\"@type\":\"ImageObject\",\"inLanguage\":\"es\",\"@id\":\"https:\/\/volcanes.net\/?p=262#primaryimage\",\"url\":\"https:\/\/volcanes.net\/wp-content\/uploads\/2018\/01\/IMG-20180108-WA0007.jpg\",\"contentUrl\":\"https:\/\/volcanes.net\/wp-content\/uploads\/2018\/01\/IMG-20180108-WA0007.jpg\",\"width\":448,\"height\":305},{\"@type\":\"BreadcrumbList\",\"@id\":\"https:\/\/volcanes.net\/?p=262#breadcrumb\",\"itemListElement\":[{\"@type\":\"ListItem\",\"position\":1,\"name\":\"Portada\",\"item\":\"https:\/\/volcanes.net\/\"},{\"@type\":\"ListItem\",\"position\":2,\"name\":\"Turismo pol\u00edtico no significa compromiso con M\u00e9xico: Jos\u00e9 Antonio Meade\"}]},{\"@type\":\"WebSite\",\"@id\":\"https:\/\/volcanes.net\/#website\",\"url\":\"https:\/\/volcanes.net\/\",\"name\":\"Volcanes.Net\",\"description\":\"Periodismo Profesional\",\"publisher\":{\"@id\":\"https:\/\/volcanes.net\/#organization\"},\"potentialAction\":[{\"@type\":\"SearchAction\",\"target\":{\"@type\":\"EntryPoint\",\"urlTemplate\":\"https:\/\/volcanes.net\/?s={search_term_string}\"},\"query-input\":{\"@type\":\"PropertyValueSpecification\",\"valueRequired\":true,\"valueName\":\"search_term_string\"}}],\"inLanguage\":\"es\"},{\"@type\":\"Organization\",\"@id\":\"https:\/\/volcanes.net\/#organization\",\"name\":\"Grupo Volcanes\",\"url\":\"https:\/\/volcanes.net\/\",\"logo\":{\"@type\":\"ImageObject\",\"inLanguage\":\"es\",\"@id\":\"https:\/\/volcanes.net\/#\/schema\/logo\/image\/\",\"url\":\"http:\/\/volcanes.net\/wp-content\/uploads\/2017\/12\/Avatar2.jpg\",\"contentUrl\":\"http:\/\/volcanes.net\/wp-content\/uploads\/2017\/12\/Avatar2.jpg\",\"width\":378,\"height\":378,\"caption\":\"Grupo Volcanes\"},\"image\":{\"@id\":\"https:\/\/volcanes.net\/#\/schema\/logo\/image\/\"},\"sameAs\":[\"https:\/\/www.facebook.com\/volcanes.net\/\"]},{\"@type\":\"Person\",\"@id\":\"https:\/\/volcanes.net\/#\/schema\/person\/4bf0f383940966a4abd53f5048c0e6b9\",\"name\":\"admin\",\"image\":{\"@type\":\"ImageObject\",\"inLanguage\":\"es\",\"@id\":\"https:\/\/volcanes.net\/#\/schema\/person\/image\/\",\"url\":\"https:\/\/secure.gravatar.com\/avatar\/ca004e6cba8462b8cb7abc86e382930c?s=96&d=mm&r=g\",\"contentUrl\":\"https:\/\/secure.gravatar.com\/avatar\/ca004e6cba8462b8cb7abc86e382930c?s=96&d=mm&r=g\",\"caption\":\"admin\"}}]}<\/script>\n<!-- \/ Yoast SEO plugin. -->","yoast_head_json":{"title":"Turismo pol\u00edtico no significa compromiso con M\u00e9xico: Jos\u00e9 Antonio Meade - Volcanes","robots":{"index":"index","follow":"follow","max-snippet":"max-snippet:-1","max-image-preview":"max-image-preview:large","max-video-preview":"max-video-preview:-1"},"canonical":"https:\/\/volcanes.net\/?p=262","og_locale":"es_MX","og_type":"article","og_title":"Turismo pol\u00edtico no significa compromiso con M\u00e9xico: Jos\u00e9 Antonio Meade - Volcanes","og_description":"Que en M\u00e9xico no le tengamos tolerancia al que le falte al respeto a una","og_url":"https:\/\/volcanes.net\/?p=262","og_site_name":"Volcanes","article_publisher":"https:\/\/www.facebook.com\/volcanes.net\/","article_published_time":"2018-01-09T03:27:07+00:00","og_image":[{"width":448,"height":305,"url":"https:\/\/volcanes.net\/wp-content\/uploads\/2018\/01\/IMG-20180108-WA0007.jpg","type":"image\/jpeg"}],"author":"admin","twitter_card":"summary_large_image","twitter_misc":{"Escrito por":"admin","Tiempo de lectura":"2 minutos"},"schema":{"@context":"https:\/\/schema.org","@graph":[{"@type":"Article","@id":"https:\/\/volcanes.net\/?p=262#article","isPartOf":{"@id":"https:\/\/volcanes.net\/?p=262"},"author":{"name":"admin","@id":"https:\/\/volcanes.net\/#\/schema\/person\/4bf0f383940966a4abd53f5048c0e6b9"},"headline":"Turismo pol\u00edtico no significa compromiso con M\u00e9xico: Jos\u00e9 Antonio Meade","datePublished":"2018-01-09T03:27:07+00:00","mainEntityOfPage":{"@id":"https:\/\/volcanes.net\/?p=262"},"wordCount":460,"commentCount":0,"publisher":{"@id":"https:\/\/volcanes.net\/#organization"},"image":{"@id":"https:\/\/volcanes.net\/?p=262#primaryimage"},"thumbnailUrl":"https:\/\/volcanes.net\/wp-content\/uploads\/2018\/01\/IMG-20180108-WA0007.jpg","keywords":["Meade","Toluca"],"articleSection":["Municipales"],"inLanguage":"es","potentialAction":[{"@type":"CommentAction","name":"Comment","target":["https:\/\/volcanes.net\/?p=262#respond"]}]},{"@type":"WebPage","@id":"https:\/\/volcanes.net\/?p=262","url":"https:\/\/volcanes.net\/?p=262","name":"Turismo pol\u00edtico no significa compromiso con M\u00e9xico: Jos\u00e9 Antonio Meade - Volcanes","isPartOf":{"@id":"https:\/\/volcanes.net\/#website"},"primaryImageOfPage":{"@id":"https:\/\/volcanes.net\/?p=262#primaryimage"},"image":{"@id":"https:\/\/volcanes.net\/?p=262#primaryimage"},"thumbnailUrl":"https:\/\/volcanes.net\/wp-content\/uploads\/2018\/01\/IMG-20180108-WA0007.jpg","datePublished":"2018-01-09T03:27:07+00:00","breadcrumb":{"@id":"https:\/\/volcanes.net\/?p=262#breadcrumb"},"inLanguage":"es","potentialAction":[{"@type":"ReadAction","target":["https:\/\/volcanes.net\/?p=262"]}]},{"@type":"ImageObject","inLanguage":"es","@id":"https:\/\/volcanes.net\/?p=262#primaryimage","url":"https:\/\/volcanes.net\/wp-content\/uploads\/2018\/01\/IMG-20180108-WA0007.jpg","contentUrl":"https:\/\/volcanes.net\/wp-content\/uploads\/2018\/01\/IMG-20180108-WA0007.jpg","width":448,"height":305},{"@type":"BreadcrumbList","@id":"https:\/\/volcanes.net\/?p=262#breadcrumb","itemListElement":[{"@type":"ListItem","position":1,"name":"Portada","item":"https:\/\/volcanes.net\/"},{"@type":"ListItem","position":2,"name":"Turismo pol\u00edtico no significa compromiso con M\u00e9xico: Jos\u00e9 Antonio Meade"}]},{"@type":"WebSite","@id":"https:\/\/volcanes.net\/#website","url":"https:\/\/volcanes.net\/","name":"Volcanes.Net","description":"Periodismo Profesional","publisher":{"@id":"https:\/\/volcanes.net\/#organization"},"potentialAction":[{"@type":"SearchAction","target":{"@type":"EntryPoint","urlTemplate":"https:\/\/volcanes.net\/?s={search_term_string}"},"query-input":{"@type":"PropertyValueSpecification","valueRequired":true,"valueName":"search_term_string"}}],"inLanguage":"es"},{"@type":"Organization","@id":"https:\/\/volcanes.net\/#organization","name":"Grupo Volcanes","url":"https:\/\/volcanes.net\/","logo":{"@type":"ImageObject","inLanguage":"es","@id":"https:\/\/volcanes.net\/#\/schema\/logo\/image\/","url":"http:\/\/volcanes.net\/wp-content\/uploads\/2017\/12\/Avatar2.jpg","contentUrl":"http:\/\/volcanes.net\/wp-content\/uploads\/2017\/12\/Avatar2.jpg","width":378,"height":378,"caption":"Grupo Volcanes"},"image":{"@id":"https:\/\/volcanes.net\/#\/schema\/logo\/image\/"},"sameAs":["https:\/\/www.facebook.com\/volcanes.net\/"]},{"@type":"Person","@id":"https:\/\/volcanes.net\/#\/schema\/person\/4bf0f383940966a4abd53f5048c0e6b9","name":"admin","image":{"@type":"ImageObject","inLanguage":"es","@id":"https:\/\/volcanes.net\/#\/schema\/person\/image\/","url":"https:\/\/secure.gravatar.com\/avatar\/ca004e6cba8462b8cb7abc86e382930c?s=96&d=mm&r=g","contentUrl":"https:\/\/secure.gravatar.com\/avatar\/ca004e6cba8462b8cb7abc86e382930c?s=96&d=mm&r=g","caption":"admin"}}]}},"_links":{"self":[{"href":"https:\/\/volcanes.net\/index.php?rest_route=\/wp\/v2\/posts\/262"}],"collection":[{"href":"https:\/\/volcanes.net\/index.php?rest_route=\/wp\/v2\/posts"}],"about":[{"href":"https:\/\/volcanes.net\/index.php?rest_route=\/wp\/v2\/types\/post"}],"author":[{"embeddable":true,"href":"https:\/\/volcanes.net\/index.php?rest_route=\/wp\/v2\/users\/1"}],"replies":[{"embeddable":true,"href":"https:\/\/volcanes.net\/index.php?rest_route=%2Fwp%2Fv2%2Fcomments&post=262"}],"version-history":[{"count":1,"href":"https:\/\/volcanes.net\/index.php?rest_route=\/wp\/v2\/posts\/262\/revisions"}],"predecessor-version":[{"id":264,"href":"https:\/\/volcanes.net\/index.php?rest_route=\/wp\/v2\/posts\/262\/revisions\/264"}],"wp:featuredmedia":[{"embeddable":true,"href":"https:\/\/volcanes.net\/index.php?rest_route=\/wp\/v2\/media\/263"}],"wp:attachment":[{"href":"https:\/\/volcanes.net\/index.php?rest_route=%2Fwp%2Fv2%2Fmedia&parent=262"}],"wp:term":[{"taxonomy":"category","embeddable":true,"href":"https:\/\/volcanes.net\/index.php?rest_route=%2Fwp%2Fv2%2Fcategories&post=262"},{"taxonomy":"post_tag","embeddable":true,"href":"https:\/\/volcanes.net\/index.php?rest_route=%2Fwp%2Fv2%2Ftags&post=262"}],"curies":[{"name":"wp","href":"https:\/\/api.w.org\/{rel}","templated":true}]}}